{"id":1816,"date":"2009-10-01T09:30:57","date_gmt":"2009-10-01T06:30:57","guid":{"rendered":"http:\/\/www.gocmeniz.biz\/?p=1816"},"modified":"2026-04-03T12:25:38","modified_gmt":"2026-04-03T09:25:38","slug":"bursadan-bulgaristana-kardeslik-koprusu","status":"publish","type":"post","link":"https:\/\/www.gocmeniz.biz\/?p=1816","title":{"rendered":"Bursa`dan Bulgaristan`a karde\u015flik k\u00f6pr\u00fcs\u00fc"},"content":{"rendered":"<p><b><img data-recalc-dims=\"1\"  title=\"\"  alt=\"kardes Bursa`dan Bulgaristan`a karde\u015flik k\u00f6pr\u00fcs\u00fc\" decoding=\"async\" style=\"max-width: 800px; float: left; margin-top: 10px; margin-bottom: 10px; margin-right: 10px;\" src=\"https:\/\/i0.wp.com\/medya.zaman.com.tr\/2009\/10\/01\/kardes.jpg?w=640\" \/>Bursa B\u00fcy\u00fck\u015fehir Belediyesi`nin 13 ile 15 ya\u015f aras\u0131 gen\u00e7ler i\u00e7in d\u00fczenledi\u011fi Kent G\u00f6n\u00fcll\u00fcleri Gen\u00e7lik Kamp\u0131`n\u0131n ba\u015far\u0131l\u0131 30 gen\u00e7 \u00f6\u011frencisi, \u00f6d\u00fcl olarak gittikleri Bulgaristan gezisinde karde\u015flik k\u00f6pr\u00fcleri kurdu.<\/b><\/p>\n<p>Sofya, Filibe, K\u0131rcaali \u015fehirleri ile T\u00fcrklerin yo\u011funlukta oldu\u011fu Mestanl\u0131, Cebel, Ko\u015fukavak gibi beldeleri gezen Kent G\u00f6n\u00fcll\u00fcs\u00fc gen\u00e7ler, g\u00f6rd\u00fckleri misafirperverlikten dolay\u0131 \u00e7ok memnun olduklar\u0131n\u0131 s\u00f6yledi. Bulgaristan`da gezilen \u015fehirlerin tarihi ve k\u00fclt\u00fcr\u00fcn\u00fc yak\u0131ndan tan\u0131ma f\u0131rsat\u0131 bulan gen\u00e7ler, ziyaret ettikleri okullarda \u00f6\u011frencilerle yeni dostluklar kurdu. Dostluklar\u0131n\u0131 birbirlerine \u00e7i\u00e7ek vererek peki\u015ftiren gen\u00e7ler, Kent G\u00f6n\u00fcll\u00fcleri Gen\u00e7lik Kamp\u0131 t-shirtlerinden arma\u011fan ettikleri \u00f6\u011frencilerle birlikte hat\u0131ra foto\u011fraf\u0131 \u00e7ektirdi. K\u0131rcaali`de bulunan ve g\u00fcn\u00fcm\u00fczde `Tarih M\u00fczesi` olarak kullan\u0131lan Osmanl\u0131 Medresesi`ni de gezen gen\u00e7ler, kendi k\u00f6klerinin uzant\u0131lar\u0131n\u0131 Bulgaristan`da bulman\u0131n heyecan\u0131n\u0131 ya\u015fad\u0131.<!--more--><\/p>\n<p>Mestan`da d\u00fczenlenen geleneksek panay\u0131r g\u00fcn\u00fcne kat\u0131lan gen\u00e7ler, farkl\u0131 k\u00fclt\u00fcrlerin m\u00fczik ve e\u011flence anlay\u0131\u015f\u0131n\u0131 da yak\u0131ndan tan\u0131d\u0131. Kent g\u00f6n\u00fcll\u00fcs\u00fc gen\u00e7ler, `m\u00fcze \u015fehir` olarak an\u0131lan Filibe`de \u015fehir merkezinde bulunan Antik Tiyatro`nun mimari yap\u0131s\u0131na ve akusti\u011fine de hayran kald\u0131. Filibe`de `erkek` ve `g\u00fc\u00e7` anlamlar\u0131na gelen g\u00fcne\u015f sembol\u00fc de gen\u00e7lerin dikkatini \u00e7ekti. Bulgaristan`da gezilen beldelerde, belediye ba\u015fkanl\u0131klar\u0131n\u0131 da ziyaret eden heyet, yap\u0131lan \u00e7al\u0131\u015fmalar hakk\u0131nda bilgi sahibi oldu. K\u0131rcaali Belediye Ba\u015fkan\u0131 Hasan Aziz \u0130smail, K\u0131rcaali i\u00e7in yapm\u0131\u015f olduklar\u0131 \u00e7al\u0131\u015fmalar\u0131n Avrupa Birli\u011fi(AB) deste\u011fi ile daha h\u0131zl\u0131 ilerledi\u011fini belirterek, \u00f6n\u00fcm\u00fczdeki y\u0131llarda \u00e7ok \u00f6nemli i\u015flere imza atacaklar\u0131n\u0131 anlatt\u0131. Bursa`n\u0131n kendileri i\u00e7in \u00e7ok \u00f6nemli oldu\u011funu vurgulayan \u0130smail, \u00e7ok sevdikleri Bursa`dan gelen heyetin ziyaretinden dolay\u0131 \u00e7ok memnun olduklar\u0131n\u0131 da ifade etti.<\/p>\n<div class=\"zemanta-pixie\"><img data-recalc-dims=\"1\"  title=\"\" decoding=\"async\" class=\"zemanta-pixie-img\"  alt=\"pixy Bursa`dan Bulgaristan`a karde\u015flik k\u00f6pr\u00fcs\u00fc\"  src=\"https:\/\/i0.wp.com\/img.zemanta.com\/pixy.gif?w=640\" \/><\/div>\n","protected":false},"excerpt":{"rendered":"<p>Bursa B\u00fcy\u00fck\u015fehir Belediyesi`nin 13 ile 15 ya\u015f aras\u0131 gen\u00e7ler i\u00e7in d\u00fczenledi\u011fi Kent G\u00f6n\u00fcll\u00fcleri Gen\u00e7lik Kamp\u0131`n\u0131n ba\u015far\u0131l\u0131 30 gen\u00e7 \u00f6\u011frencisi, \u00f6d\u00fcl olarak gittikleri Bulgaristan gezisinde karde\u015flik k\u00f6pr\u00fcleri kurdu. Sofya, Filibe, K\u0131rcaali \u015fehirleri ile T\u00fcrklerin yo\u011funlukta oldu\u011fu Mestanl\u0131, Cebel, Ko\u015fukavak gibi beldeleri gezen Kent G\u00f6n\u00fcll\u00fcs\u00fc gen\u00e7ler, g\u00f6rd\u00fckleri misafirperverlikten dolay\u0131 \u00e7ok memnun olduklar\u0131n\u0131 s\u00f6yledi. Bulgaristan`da gezilen \u015fehirlerin tarihi [&hellip;]<\/p>\n","protected":false},"author":331,"featured_media":0,"comment_status":"open","ping_status":"open","sticky":false,"template":"","format":"standard","meta":{"advanced_seo_description":"","jetpack_seo_html_title":"","jetpack_seo_noindex":false,"ngg_post_thumbnail":0,"jetpack_post_was_ever_published":false,"_jetpack_newsletter_access":"","_jetpack_dont_email_post_to_subs":false,"_jetpack_newsletter_tier_id":0,"_jetpack_memberships_contains_paywalled_content":false,"_jetpack_memberships_contains_paid_content":false,"footnotes":""},"categories":[5],"tags":[],"class_list":["post-1816","post","type-post","status-publish","format-standard","hentry","category-haberler"],"jetpack_featured_media_url":"","jetpack_shortlink":"https:\/\/wp.me\/paHHlZ-ti","jetpack-related-posts":[{"id":1812,"url":"https:\/\/www.gocmeniz.biz\/?p=1812","url_meta":{"origin":1816,"position":0},"title":"Bursal\u0131 gen\u00e7ler Sofya`y\u0131 fethetti","author":"Haberci","date":"29 Eyl\u00fcl 2009","format":false,"excerpt":"Bursa B\u00fcy\u00fck\u015fehir Belediyesi`nin en \u00f6nemli sosyal projelerinden olan Kent G\u00f6n\u00fcll\u00fcleri Gen\u00e7lik Kamp\u0131`nda g\u00f6sterdikleri ba\u015far\u0131lardan dolay\u0131 yurtd\u0131\u015f\u0131 gezisine kat\u0131lan 30 gen\u00e7, Bulgaristan`\u0131n ba\u015fkenti Sofya`y\u0131 fethetti. BURFA\u015e Genel M\u00fcd\u00fcr\u00fc Zeynel Abidin Turan ba\u015fkanl\u0131\u011f\u0131ndaki heyet, Sofya`da demokrasi ile se\u00e7ilen ilk cumhurba\u015fkan\u0131 olma unvan\u0131n\u0131 ta\u015f\u0131yan Jeliou Jelev`i de ziyaret etti. Bulgaristan`daki soyda\u015flar\u0131n yan\u0131 s\u0131ra\u2026","rel":"","context":"&quot;Haberler&quot; i\u00e7inde","block_context":{"text":"Haberler","link":"https:\/\/www.gocmeniz.biz\/?cat=5"},"img":{"alt_text":"","src":"","width":0,"height":0},"classes":[]},{"id":440,"url":"https:\/\/www.gocmeniz.biz\/?p=440","url_meta":{"origin":1816,"position":1},"title":"D\u0130YARBAKIRLI KICK BOKS\u00c7ULAR BULGAR\u0130STAN YOLUNDA","author":"Haberci","date":"19 Haziran 2008","format":false,"excerpt":"Tokat'ta yap\u0131lan Gen\u00e7ler Kick Boks \u015eampiyonas\u0131'nda 60 kilogramda bayanlarda T\u00fcrkiye ikincisi olan Diyarbak\u0131rl\u0131 Berivan Ay, Eyl\u00fcl ay\u0131nda Bulgaristan'da yap\u0131lacak olan Avrupa \u015eampiyonas\u0131'nda T\u00fcrkiye'yi temsil edecek.Sur Belediyesi Spor Kul\u00fcb\u00fc Antren\u00f6r\u00fc Ufuk Erta\u015f ile birlikte Belediye Ba\u015fkan\u0131 Ahmet Ayd\u0131n'\u0131 ziyaret eden milli sporcu Berivan Ay, Ba\u015fkan Ayd\u0131n taraf\u0131ndan \u00e7eyrek alt\u0131nla \u00f6d\u00fcllendirildi. Yeni\u2026","rel":"","context":"Benzer yaz\u0131","block_context":{"text":"Benzer yaz\u0131","link":""},"img":{"alt_text":"","src":"","width":0,"height":0},"classes":[]},{"id":194,"url":"https:\/\/www.gocmeniz.biz\/?p=194","url_meta":{"origin":1816,"position":2},"title":"HALUK LEVENT\u2019ten KIRCAAL\u0130\u2019LERE SAYGISIZLIK","author":"Admin","date":"14 Ekim 2007","format":false,"excerpt":"Bayrampa\u015fa Belediyesinin organize etti\u011fi \u201cBalkanlarda Ramazan\u201d program\u0131n\u0131n Kircaali aya\u011f\u0131nda, \u00f6nceden ilan edilen pop \u015fark\u0131c\u0131s\u0131 Hal\u00fck Levent\u2019in konseri ger\u00e7ekle\u015fmedi. 4 Saat boyunca binlerce Bulgaristan T\u00fcrk\u00fc, Levent\u2019i Drujba Stad\u0131 \u00f6n\u00fcnde ayakta bekledi. Hal\u00fck Levent\u2019in K\u0131rcaali\u2019ye neden gelmedi\u011fi hen\u00fcz a\u00e7\u0131klanm\u0131\u015f de\u011fil. Konserin ger\u00e7ekle\u015fmemesinin mutlaka nedenleri vard\u0131r diyen K\u0131rcaali\u2019li gen\u00e7ler, ancak bo\u015funa bekletildiklerini ve\u2026","rel":"","context":"&quot;Haberler&quot; i\u00e7inde","block_context":{"text":"Haberler","link":"https:\/\/www.gocmeniz.biz\/?cat=5"},"img":{"alt_text":"","src":"","width":0,"height":0},"classes":[]},{"id":541,"url":"https:\/\/www.gocmeniz.biz\/?p=541","url_meta":{"origin":1816,"position":3},"title":"OSMANGAZ\u0130 BELED\u0130YES\u0130, KIRCAAL\u0130&#8217;YE DE YATIRIM YAPIYOR","author":"Haberci","date":"21 Ekim 2008","format":false,"excerpt":"Osmangazi Belediyesi'nin \u00f6nc\u00fcl\u00fck etti\u011fi yat\u0131r\u0131mlar\u0131n a\u00e7\u0131l\u0131\u015f\u0131na kat\u0131lmak \u00fczere meclis \u00fcyeleri, i\u015fadamlar\u0131, sivil tolum \u00f6rg\u00fct\u00fc temsilcilerinden olu\u015fan kalabal\u0131k bir heyetle Bulgaristan'\u0131n K\u0131rcaali \u015fehrine \u00e7\u0131karma yapt\u0131. Osmangazi Belediyesi'nce Dedeler k\u00f6y\u00fc okulunun yenilenmesi, \u00e7ocuk park\u0131 ve Ko\u015fukavak K\u00f6y\u00fc Camii'nin minaresinin yapt\u0131r\u0131lmas\u0131 nedeniyle d\u00fczenlenen t\u00f6renler b\u00fcy\u00fck ilgi g\u00f6rd\u00fc. T\u00f6renlere Bulgaristan'\u0131n Milli E\u011fitim Bakan Yard\u0131mc\u0131s\u0131,\u2026","rel":"","context":"&quot;Haberler&quot; i\u00e7inde","block_context":{"text":"Haberler","link":"https:\/\/www.gocmeniz.biz\/?cat=5"},"img":{"alt_text":"","src":"","width":0,"height":0},"classes":[]},{"id":932,"url":"https:\/\/www.gocmeniz.biz\/?p=932","url_meta":{"origin":1816,"position":4},"title":"BULGAR M\u00dcHEND\u0130SLER T\u00dcRK MESLEKTA\u015eLARINI \u00d6RNEK ALACAK","author":"Haberci","date":"23 Mart 2009","format":false,"excerpt":"Harita ve Kadastro M\u00fchendisleri Odas\u0131 Bursa \u015eubesi (HKMO)'nin Yap\u0131 ve Ya\u015fam Fuar\u0131'ndaki stand\u0131n\u0131 Bulgaristan Harita ve Kadastro M\u00fchendisleri Odas\u0131 ve Haritac\u0131lar Derne\u011fi ad\u0131na ziyaret eden Saffet Karao\u011flan, HKMO ile ortak projelerde yer almak istediklerini s\u00f6yledi.HKMO'nun \u00e7al\u0131\u015fmalar\u0131n\u0131 \u00f6rnek ald\u0131klar\u0131n\u0131 ve \u00e7ok yak\u0131ndan takip ettiklerini kaydeden Karao\u011flan, bunun i\u00e7in HKMO Bursa \u015eubesi'ne\u2026","rel":"","context":"&quot;Haberler&quot; i\u00e7inde","block_context":{"text":"Haberler","link":"https:\/\/www.gocmeniz.biz\/?cat=5"},"img":{"alt_text":"","src":"","width":0,"height":0},"classes":[]},{"id":386,"url":"https:\/\/www.gocmeniz.biz\/?p=386","url_meta":{"origin":1816,"position":5},"title":"Gen\u00e7ler hedefsiz ya\u015f\u0131yor (Bulgaristan)","author":"Haberci","date":"17 May\u0131s 2008","format":false,"excerpt":"Yap\u0131lan bir ara\u015ft\u0131rmada gen\u00e7lerin d\u00f6rtte \u00fc\u00e7\u00fcn\u00fcn hedefsiz ya\u015fad\u0131\u011f\u0131 tespit edildi. 16 \u2013 20 ya\u015flar\u0131 aras\u0131ndaki gen\u00e7ler aras\u0131nda yap\u0131lan bir ara\u015ft\u0131rmaya g\u00f6re, gen\u00e7lerin y\u00fczde 76\u2019s\u0131, hayattan ne istedi\u011fini bilmedi\u011fi, ideallerinin ve hedeflerinin olmad\u0131\u011f\u0131 tespit edildi. Bulgaristan Bilimler Akademisi\u2019ne ba\u011fl\u0131 Psikoloji Enstit\u00fcs\u00fc\u2019nce yap\u0131lan ara\u015ft\u0131rmada, \u00fclkedeki ekonomik ge\u00e7i\u015f s\u00fcrcinin tamamland\u0131\u011f\u0131 tezinin tart\u0131\u015f\u0131labilece\u011fi, ancak\u2026","rel":"","context":"Benzer yaz\u0131","block_context":{"text":"Benzer yaz\u0131","link":""},"img":{"alt_text":"","src":"","width":0,"height":0},"classes":[]}],"jetpack_sharing_enabled":true,"jetpack_likes_enabled":true,"_links":{"self":[{"href":"https:\/\/www.gocmeniz.biz\/index.php?rest_route=\/wp\/v2\/posts\/1816","targetHints":{"allow":["GET"]}}],"collection":[{"href":"https:\/\/www.gocmeniz.biz\/index.php?rest_route=\/wp\/v2\/posts"}],"about":[{"href":"https:\/\/www.gocmeniz.biz\/index.php?rest_route=\/wp\/v2\/types\/post"}],"author":[{"embeddable":true,"href":"https:\/\/www.gocmeniz.biz\/index.php?rest_route=\/wp\/v2\/users\/331"}],"replies":[{"embeddable":true,"href":"https:\/\/www.gocmeniz.biz\/index.php?rest_route=%2Fwp%2Fv2%2Fcomments&post=1816"}],"version-history":[{"count":1,"href":"https:\/\/www.gocmeniz.biz\/index.php?rest_route=\/wp\/v2\/posts\/1816\/revisions"}],"predecessor-version":[{"id":8993,"href":"https:\/\/www.gocmeniz.biz\/index.php?rest_route=\/wp\/v2\/posts\/1816\/revisions\/8993"}],"wp:attachment":[{"href":"https:\/\/www.gocmeniz.biz\/index.php?rest_route=%2Fwp%2Fv2%2Fmedia&parent=1816"}],"wp:term":[{"taxonomy":"category","embeddable":true,"href":"https:\/\/www.gocmeniz.biz\/index.php?rest_route=%2Fwp%2Fv2%2Fcategories&post=1816"},{"taxonomy":"post_tag","embeddable":true,"href":"https:\/\/www.gocmeniz.biz\/index.php?rest_route=%2Fwp%2Fv2%2Ftags&post=1816"}],"curies":[{"name":"wp","href":"https:\/\/api.w.org\/{rel}","templated":true}]}}