{"id":1820,"date":"2009-10-01T09:33:49","date_gmt":"2009-10-01T06:33:49","guid":{"rendered":"http:\/\/www.gocmeniz.biz\/?p=1820"},"modified":"2026-04-03T12:25:38","modified_gmt":"2026-04-03T09:25:38","slug":"bulgaristanda-yilin-ikinci-uc-ayinda-isszilerin-sayisi-222-6-bin-ya-da-yuzde-6-3tur","status":"publish","type":"post","link":"https:\/\/www.gocmeniz.biz\/?p=1820","title":{"rendered":"Bulgaristan\u2019da y\u0131l\u0131n ikinci \u00fc\u00e7 ay\u0131nda i\u015fszilerin say\u0131s\u0131 222.6 bin ya da y\u00fczde 6.3\u2019t\u00fcr"},"content":{"rendered":"<p><b>2009 y\u0131l\u0131n\u0131n ikinci \u00fc\u00e7 ay\u0131nda, 15 ya\u015f ve 15 ya\u015f \u00fcst\u00fc \u00e7al\u0131\u015fanlar\u0131n say\u0131s\u0131 3.3 miyondur, ayn\u0131 ya\u015f grubunun n\u00fcfus ortalamas\u0131 ise y\u00fczde 50\u2019dir. <\/b><\/p>\n<p>Ulusal \u0130statistik Enstit\u00fcs\u00fc\u2019n\u00fcn Bulgaristan g\u00f6stergeleri, 2008 y\u0131l\u0131n\u0131n ayn\u0131 d\u00f6nemine k\u0131yasla, \u00e7al\u0131\u015fan ki\u015fi say\u0131s\u0131n\u0131n 72 bin azald\u0131\u011f\u0131n\u0131 g\u00f6sterdi. 2009 y\u0131l\u0131n\u0131n ikini \u00fc\u00e7 ay\u0131nda i\u015fszilerin say\u0131s\u0131 222.6 ya da ekonomide etkin n\u00fcfusun y\u00fczde 6\u2019n\u0131n biraz \u00fczerindedir. Bir \u00f6nceki senenin ayn\u0131 \u00fc\u00e7 ay\u0131na nazaran, i\u015fsizlik oran\u0131 y\u00fczde 0.5, i\u015fsizlerin say\u0131s\u0131 ise 15 bin ile art\u0131yor. <\/p>\n<div class=\"zemanta-pixie\"><img data-recalc-dims=\"1\"  title=\"\" decoding=\"async\" class=\"zemanta-pixie-img\"  alt=\"pixy Bulgaristan\u2019da y\u0131l\u0131n ikinci \u00fc\u00e7 ay\u0131nda i\u015fszilerin say\u0131s\u0131 222.6 bin ya da y\u00fczde 6.3\u2019t\u00fcr\"  src=\"https:\/\/i0.wp.com\/img.zemanta.com\/pixy.gif?w=640\" \/><\/div>\n","protected":false},"excerpt":{"rendered":"<p>2009 y\u0131l\u0131n\u0131n ikinci \u00fc\u00e7 ay\u0131nda, 15 ya\u015f ve 15 ya\u015f \u00fcst\u00fc \u00e7al\u0131\u015fanlar\u0131n say\u0131s\u0131 3.3 miyondur, ayn\u0131 ya\u015f grubunun n\u00fcfus ortalamas\u0131 ise y\u00fczde 50\u2019dir. Ulusal \u0130statistik Enstit\u00fcs\u00fc\u2019n\u00fcn Bulgaristan g\u00f6stergeleri, 2008 y\u0131l\u0131n\u0131n ayn\u0131 d\u00f6nemine k\u0131yasla, \u00e7al\u0131\u015fan ki\u015fi say\u0131s\u0131n\u0131n 72 bin azald\u0131\u011f\u0131n\u0131 g\u00f6sterdi. 2009 y\u0131l\u0131n\u0131n ikini \u00fc\u00e7 ay\u0131nda i\u015fszilerin say\u0131s\u0131 222.6 ya da ekonomide etkin n\u00fcfusun y\u00fczde 6\u2019n\u0131n [&hellip;]<\/p>\n","protected":false},"author":331,"featured_media":0,"comment_status":"open","ping_status":"open","sticky":false,"template":"","format":"standard","meta":{"advanced_seo_description":"","jetpack_seo_html_title":"","jetpack_seo_noindex":false,"ngg_post_thumbnail":0,"jetpack_post_was_ever_published":false,"_jetpack_newsletter_access":"","_jetpack_dont_email_post_to_subs":false,"_jetpack_newsletter_tier_id":0,"_jetpack_memberships_contains_paywalled_content":false,"_jetpack_memberships_contains_paid_content":false,"footnotes":""},"categories":[5],"tags":[],"class_list":["post-1820","post","type-post","status-publish","format-standard","hentry","category-haberler"],"jetpack_featured_media_url":"","jetpack_shortlink":"https:\/\/wp.me\/paHHlZ-tm","jetpack-related-posts":[{"id":2178,"url":"https:\/\/www.gocmeniz.biz\/?p=2178","url_meta":{"origin":1820,"position":0},"title":"Bulgaristan`daki al\u0131\u015fveri\u015f merkezleri kriz dinlemedi","author":"Haberci","date":"28 Eyl\u00fcl 2010","format":false,"excerpt":"SOFYA(C\u0130HAN)- Avrupa`n\u0131n bir\u00e7ok \u00fclkesinde ekonomik krizden dolay\u0131 al\u0131\u015fveri\u015f merkezi (Mall) in\u015faatlar\u0131n\u0131n yar\u0131m kalmas\u0131na kar\u015f\u0131n Bulgaristan`da in\u015faatlar artarak devam ediyor. \u00dclkede 2010`un ilk yar\u0131s\u0131nda \u00fclkede yakla\u015f\u0131k 200 bin metrekare ticari alan hizmete girdi. Bulgaristan, 2010 y\u0131l\u0131n\u0131n ilk yar\u0131s\u0131nda tamamlanan ticari alan miktar\u0131 bak\u0131m\u0131ndan Avrupa Birli\u011fi`nde birinci, Avrupa`da ise Rusya`n\u0131n ard\u0131ndan ikinci\u2026","rel":"","context":"&quot;Haberler&quot; i\u00e7inde","block_context":{"text":"Haberler","link":"https:\/\/www.gocmeniz.biz\/?cat=5"},"img":{"alt_text":"","src":"","width":0,"height":0},"classes":[]},{"id":1084,"url":"https:\/\/www.gocmeniz.biz\/?p=1084","url_meta":{"origin":1820,"position":1},"title":"Bulgaristan&#8217;\u0131n Sliven, Varna ve Sofya \u015fehirlerinde do\u011fum oran\u0131 en y\u00fcksek","author":"Haberci","date":"17 Nisan 2009","format":false,"excerpt":"Ulusal istatistik enstit\u00fcs\u00fcn\u00fcn verilerine g\u00f6re 2008 y\u0131l\u0131n\u0131n sonunda Bulgaristan\u2019\u0131n n\u00fcfusu 7 milyon 600 bin. Yerle\u015fim yerlerin say\u0131s\u0131 5304, bunlardan 253\u2019\u00fc \u015fehir, 5051 de k\u00f6y. Bulgaristan n\u00fcfusunun y\u00fczde 71\u2019i \u015fehirlerde, y\u00fczde 29\u2019u k\u00f6ylerde oturur. Sofya\u2019n\u0131n n\u00fcfusu 1 milyon 300 bin ve \u00fclke n\u00fcfusunun y\u00fczde 16\u2019s\u0131n\u0131 olu\u015fturuyor.144 yerle\u015fim yerde oturan insan yok,\u2026","rel":"","context":"&quot;Haberler&quot; i\u00e7inde","block_context":{"text":"Haberler","link":"https:\/\/www.gocmeniz.biz\/?cat=5"},"img":{"alt_text":"","src":"","width":0,"height":0},"classes":[]},{"id":1114,"url":"https:\/\/www.gocmeniz.biz\/?p=1114","url_meta":{"origin":1820,"position":2},"title":"Yurtd\u0131\u015f\u0131na seyahat eden Bulgaristan vatanda\u015flar\u0131n\u0131n say\u0131s\u0131 azal\u0131yor","author":"Haberci","date":"27 Nisan 2009","format":false,"excerpt":"Ulusal \u0130statistik Enstit\u00fcs\u00fc\u2019n\u00fcn verilerine g\u00f6re, Mart ay\u0131nda yurtd\u0131\u015f\u0131 seyahatinde bulunan Bulgarlar\u0131n say\u0131s\u0131 Mart 2008 y\u0131l\u0131na k\u0131yasla %15 azalm\u0131\u015f durumunda.Farkl\u0131 \u00fclkeler i\u00e7in azalma oran\u0131 %25-%65 aras\u0131nda de\u011fi\u015fiyor. Bu y\u0131l\u0131n Mart ay\u0131nda, Mart 2008\u2019e k\u0131yasla, T\u00fcrkiye\u2019ye yap\u0131lan seyahatlerde %18\u2019lik art\u0131\u015f kaydedildi. Bulgaristan vatanda\u015flar\u0131n\u0131n yurtd\u0131\u015f\u0131na ger\u00e7ekle\u015ftirdikleri toplam gezilerden i\u015f seyahatleri en fazlad\u0131r -\u2026","rel":"","context":"&quot;Haberler&quot; i\u00e7inde","block_context":{"text":"Haberler","link":"https:\/\/www.gocmeniz.biz\/?cat=5"},"img":{"alt_text":"","src":"","width":0,"height":0},"classes":[]},{"id":1593,"url":"https:\/\/www.gocmeniz.biz\/?p=1593","url_meta":{"origin":1820,"position":3},"title":"Bulgaristan \u0130\u00e7 Turizme \u00c7a\u011f\u0131rd\u0131 Bulgar Turist T\u00fcrkiye&#8217;ye Geldi","author":"Haberci","date":"24 Temmuz 2009","format":false,"excerpt":"BULGAR\u0130STAN\u2019da bakanl\u0131k stat\u00fcs\u00fcne sahip Devlet Turizm Ajans\u0131n\u0131n (DTA) Ba\u015fkan\u0131 Aneliya Kru\u015fkova, ajans\u0131n t\u00fcm \u00e7abalar\u0131na ra\u011fmen, yerli turistin yaz tatili i\u00e7in yurt d\u0131\u015f\u0131na gitmesinin \u00f6n\u00fcne\u00a0 ge\u00e7emediklerini s\u00f6yledi. Kru\u015fkova, DTA\u2019n\u0131n i\u00e7 turizmi canland\u0131rmak amac\u0131yla yakla\u015f\u0131k 6 milyon leva (3 milyon Euro) reklam harcamas\u0131 yapt\u0131\u011f\u0131n\u0131 belirterek, \u201cBuna ra\u011fmen maalesef Bulgar turistler yine T\u00fcrkiye\u2026","rel":"","context":"&quot;Haberler&quot; i\u00e7inde","block_context":{"text":"Haberler","link":"https:\/\/www.gocmeniz.biz\/?cat=5"},"img":{"alt_text":"","src":"","width":0,"height":0},"classes":[]},{"id":228,"url":"https:\/\/www.gocmeniz.biz\/?p=228","url_meta":{"origin":1820,"position":4},"title":"Avrupa&#8217;da Evlerin Yar\u0131s\u0131nda \u0130nternet Ba\u011flant\u0131s\u0131 Var","author":"Admin","date":"04 Aral\u0131k 2007","format":false,"excerpt":"Avrupa \u00fclkelerindeki evlerin yar\u0131s\u0131ndan fazlas\u0131nda internet ba\u011flant\u0131s\u0131 oldu\u011fu bildirildi.AB'nin istatistik kurumu Eurostat'\u0131n 2007'nin ilk 3 ay\u0131yla ilgili \u00fcye \u00fclke h\u00fck\u00fcmetlerinden gelen bilgilere dayanan ara\u015ft\u0131rmas\u0131na g\u00f6re, AB \u00fcyesi 27 \u00fclkedeki evlerin y\u00fczde 54'\u00fcnde internet ba\u011flant\u0131s\u0131 var. Bu oran 2006'n\u0131n ilk \u00fc\u00e7 ay\u0131nda y\u00fczde 49 idi.Ayn\u0131 d\u00f6nemde internet ba\u011flant\u0131lar\u0131nda geni\u015f bant kullan\u0131m\u0131n\u0131n\u2026","rel":"","context":"&quot;Haberler&quot; i\u00e7inde","block_context":{"text":"Haberler","link":"https:\/\/www.gocmeniz.biz\/?cat=5"},"img":{"alt_text":"","src":"","width":0,"height":0},"classes":[]},{"id":1581,"url":"https:\/\/www.gocmeniz.biz\/?p=1581","url_meta":{"origin":1820,"position":5},"title":"BULGAR TUR\u0130ST T\u00dcRK\u0130YE`Y\u0130 TERC\u0130H ETT\u0130","author":"Haberci","date":"23 Temmuz 2009","format":false,"excerpt":"Ekonomik kriz nedeniyle \u00fclkeye gelen yabanc\u0131 turist say\u0131s\u0131nda b\u00fcy\u00fck azalma oldu\u011funu kaydeden Kru\u015fkova, yerli turistlerin T\u00fcrkiye ve Yunanistan`a gittiklerini s\u00f6yledi.BULGAR\u0130STAN da bakanl\u0131k stat\u00fcs\u00fcne sahip Devlet Turizm Ajans\u0131n\u0131n(DTA) Ba\u015fkan\u0131 Aneliya Kru\u015fkova, ajans\u0131n t\u00fcm \u00e7abalar\u0131na ra\u011fmen, yerli turistin yaz tatili i\u00e7in yurt d\u0131\u015f\u0131na gitmesinin \u00f6n\u00fcne ge\u00e7emediklerini s\u00f6yledi.Kru\u015fkova, DTA n\u0131n i\u00e7 turizmi canland\u0131rmak\u2026","rel":"","context":"&quot;Haberler&quot; i\u00e7inde","block_context":{"text":"Haberler","link":"https:\/\/www.gocmeniz.biz\/?cat=5"},"img":{"alt_text":"","src":"","width":0,"height":0},"classes":[]}],"jetpack_sharing_enabled":true,"jetpack_likes_enabled":true,"_links":{"self":[{"href":"https:\/\/www.gocmeniz.biz\/index.php?rest_route=\/wp\/v2\/posts\/1820","targetHints":{"allow":["GET"]}}],"collection":[{"href":"https:\/\/www.gocmeniz.biz\/index.php?rest_route=\/wp\/v2\/posts"}],"about":[{"href":"https:\/\/www.gocmeniz.biz\/index.php?rest_route=\/wp\/v2\/types\/post"}],"author":[{"embeddable":true,"href":"https:\/\/www.gocmeniz.biz\/index.php?rest_route=\/wp\/v2\/users\/331"}],"replies":[{"embeddable":true,"href":"https:\/\/www.gocmeniz.biz\/index.php?rest_route=%2Fwp%2Fv2%2Fcomments&post=1820"}],"version-history":[{"count":1,"href":"https:\/\/www.gocmeniz.biz\/index.php?rest_route=\/wp\/v2\/posts\/1820\/revisions"}],"predecessor-version":[{"id":8992,"href":"https:\/\/www.gocmeniz.biz\/index.php?rest_route=\/wp\/v2\/posts\/1820\/revisions\/8992"}],"wp:attachment":[{"href":"https:\/\/www.gocmeniz.biz\/index.php?rest_route=%2Fwp%2Fv2%2Fmedia&parent=1820"}],"wp:term":[{"taxonomy":"category","embeddable":true,"href":"https:\/\/www.gocmeniz.biz\/index.php?rest_route=%2Fwp%2Fv2%2Fcategories&post=1820"},{"taxonomy":"post_tag","embeddable":true,"href":"https:\/\/www.gocmeniz.biz\/index.php?rest_route=%2Fwp%2Fv2%2Ftags&post=1820"}],"curies":[{"name":"wp","href":"https:\/\/api.w.org\/{rel}","templated":true}]}}