{"id":1824,"date":"2009-10-01T09:36:39","date_gmt":"2009-10-01T06:36:39","guid":{"rendered":"http:\/\/www.gocmeniz.biz\/?p=1824"},"modified":"2026-04-03T12:25:38","modified_gmt":"2026-04-03T09:25:38","slug":"soydas-vekillerden-tesekkur-ziyareti","status":"publish","type":"post","link":"https:\/\/www.gocmeniz.biz\/?p=1824","title":{"rendered":"SOYDA\u015e VEK\u0130LLERDEN TE\u015eEKK\u00dcR Z\u0130YARET\u0130"},"content":{"rendered":"<p><b><img data-recalc-dims=\"1\"  title=\"\"  alt=\"30_09_2009_18528_b_ SOYDA\u015e VEK\u0130LLERDEN TE\u015eEKK\u00dcR Z\u0130YARET\u0130\" decoding=\"async\" style=\"max-width: 800px; float: left; margin-top: 10px; margin-bottom: 10px; margin-right: 10px;\" src=\"https:\/\/i0.wp.com\/www.yalova77.com\/077\/media\/images\/haber\/30_09_2009_18528_b_.jpg?w=640\" \/>Bulgaristan Hak ve \u00d6zg\u00fcrl\u00fckler Hareketi Genel Ba\u015fkan Yard\u0131mc\u0131s\u0131 Kas\u0131m Dal ile T\u00fcrkiye Temsilcisi Enver Hatipo\u011flu, Yalova Belediye Ba\u015fkan\u0131 Yakup Ko\u00e7al\u2019\u0131 ziyaret etti.<\/b><\/p>\n<p>Yalova Balkan G\u00f6\u00e7menleri Dayan\u0131\u015fma Derne\u011fi temsilcileriyle birlikte yapt\u0131klar\u0131 ziyarette H\u00d6H Genel Ba\u015fkan Yard\u0131mc\u0131s\u0131 Kas\u0131m Dal, Bulgaristan\u2019dan selam getirdiklerini belirterek \u201cBu sene hareketli bir y\u0131l ge\u00e7irdik. Yalova\u2019daki soyda\u015flar\u0131m\u0131z da genel se\u00e7imlerde bize b\u00fcy\u00fck destek verdiler. Bu bize mutluluk verdi. Kendilerine ve bu imkan\u0131 sa\u011flayan Yalova Belediye Ba\u015fkan\u0131 Yakup Ko\u00e7al\u2019a te\u015fekk\u00fcr ediyoruz\u201d dedi.<\/p>\n<p>Ba\u015fkan Yakup Ko\u00e7al ise Bulgaristan\u2019da yo\u011fun bir siyasi m\u00fccadelenin ge\u00e7ti\u011fini belirterek \u201cGe\u00e7ti\u011fimiz senelere oranla oy oran\u0131nda y\u00fczde 50 civar\u0131nda bir art\u0131\u015f sa\u011flad\u0131k. Bu bize mutluluk verdi. Yalova\u2019daki n\u00fcfusumuzun \u00f6nemli bir b\u00f6l\u00fcm\u00fcn\u00fc olu\u015fturan soyda\u015f vatanda\u015flar\u0131m\u0131z\u0131n verdi\u011fi desteklerle H\u00d6H iyi bir netice ald\u0131. Kendilerine ba\u015far\u0131lar diliyoruz\u201d diye konu\u015ftu.<\/p>\n<p>Ziyarette Bulgaristan\u2019daki siyasi duruma ili\u015fkin konular g\u00f6r\u00fc\u015f\u00fcld\u00fc.<\/p>\n<div class=\"zemanta-pixie\"><img data-recalc-dims=\"1\"  title=\"\" decoding=\"async\" class=\"zemanta-pixie-img\"  alt=\"pixy SOYDA\u015e VEK\u0130LLERDEN TE\u015eEKK\u00dcR Z\u0130YARET\u0130\"  src=\"https:\/\/i0.wp.com\/img.zemanta.com\/pixy.gif?w=640\" \/><\/div>\n","protected":false},"excerpt":{"rendered":"<p>Bulgaristan Hak ve \u00d6zg\u00fcrl\u00fckler Hareketi Genel Ba\u015fkan Yard\u0131mc\u0131s\u0131 Kas\u0131m Dal ile T\u00fcrkiye Temsilcisi Enver Hatipo\u011flu, Yalova Belediye Ba\u015fkan\u0131 Yakup Ko\u00e7al\u2019\u0131 ziyaret etti. Yalova Balkan G\u00f6\u00e7menleri Dayan\u0131\u015fma Derne\u011fi temsilcileriyle birlikte yapt\u0131klar\u0131 ziyarette H\u00d6H Genel Ba\u015fkan Yard\u0131mc\u0131s\u0131 Kas\u0131m Dal, Bulgaristan\u2019dan selam getirdiklerini belirterek \u201cBu sene hareketli bir y\u0131l ge\u00e7irdik. Yalova\u2019daki soyda\u015flar\u0131m\u0131z da genel se\u00e7imlerde bize b\u00fcy\u00fck destek [&hellip;]<\/p>\n","protected":false},"author":331,"featured_media":0,"comment_status":"open","ping_status":"open","sticky":false,"template":"","format":"standard","meta":{"advanced_seo_description":"","jetpack_seo_html_title":"","jetpack_seo_noindex":false,"ngg_post_thumbnail":0,"jetpack_post_was_ever_published":false,"_jetpack_newsletter_access":"","_jetpack_dont_email_post_to_subs":false,"_jetpack_newsletter_tier_id":0,"_jetpack_memberships_contains_paywalled_content":false,"_jetpack_memberships_contains_paid_content":false,"footnotes":""},"categories":[5],"tags":[],"class_list":["post-1824","post","type-post","status-publish","format-standard","hentry","category-haberler"],"jetpack_featured_media_url":"","jetpack_shortlink":"https:\/\/wp.me\/paHHlZ-tq","jetpack-related-posts":[{"id":208,"url":"https:\/\/www.gocmeniz.biz\/?p=208","url_meta":{"origin":1824,"position":0},"title":"Soyda\u015f G\u00fcre\u015f\u00e7iler, B\u00fcy\u00fck\u015fehir&#8217;i Ziyaret Etti","author":"Admin","date":"12 Kas\u0131m 2007","format":false,"excerpt":"\u0130zmir B\u00fcy\u00fck\u015fehir Belediyesi Ba\u015fkan Vekili Yusuf Ali Karaman, Atat\u00fcrk'\u00fcn 69. \u00f6l\u00fcm y\u0131l d\u00f6n\u00fcm\u00fc an\u0131s\u0131na B\u00fcy\u00fck\u015fehir Belediyesi taraf\u0131ndan d\u00fczenlenen g\u00fcre\u015f m\u00fcsabakalar\u0131 kapsam\u0131nda \u0130zmir'de bulunan Bulgaristan'\u0131n Olimpiest Tak\u0131m\u0131 g\u00fcre\u015f\u00e7ilerini makam\u0131nda a\u011f\u0131rlad\u0131. G\u00fcre\u015f tak\u0131m\u0131n\u0131n ba\u015fkanl\u0131\u011f\u0131n\u0131 da y\u00fcr\u00fcten Targovi\u00e7 kentinin Antonovo il\u00e7esi Belediye Ba\u015fkan\u0131 Taner Ali, g\u00fcre\u015fin iki \u00fclkenin de ata sporu oldu\u011funu vurgulad\u0131.\u2026","rel":"","context":"&quot;Haberler&quot; i\u00e7inde","block_context":{"text":"Haberler","link":"https:\/\/www.gocmeniz.biz\/?cat=5"},"img":{"alt_text":"","src":"https:\/\/i0.wp.com\/resimler.haberler.com\/haber\/812\/soydas-guresciler-buyuksehir-i-ziyaret-etti-2_b.jpg?resize=350%2C200","width":350,"height":200},"classes":[]},{"id":936,"url":"https:\/\/www.gocmeniz.biz\/?p=936","url_meta":{"origin":1824,"position":1},"title":"Balkan G\u00f6\u00e7menleri gecesi b\u00fcy\u00fck ilgi g\u00f6rd\u00fc.","author":"Haberci","date":"23 Mart 2009","format":false,"excerpt":"Balkan G\u00f6\u00e7menleri K\u00fclt\u00fcr ve Dayan\u0131\u015fma Derne\u011fi (Bal-G\u00f6\u00e7) Band\u0131rma \u015eubesi taraf\u0131ndan d\u00fczenlenen dayan\u0131\u015fma gecesi b\u00fcy\u00fck ilgi g\u00f6rd\u00fc.Oda Restoran'da d\u00fczenlenen geceye CHP Band\u0131rma Belediye Ba\u015fkan Aday\u0131 Sedat Pekel, MHP Band\u0131rma Belediye Ba\u015fkan Aday\u0131 Mustafa G\u00f6nenlio\u011flu ve Bursa'dan gelen Bal-G\u00f6\u00e7 Derne\u011fi Genel Ba\u015fkan\u0131 Prof.Dr. M\u00fcnir Balkanlar ile \u00e7ok say\u0131da dernek \u00fcyesi kat\u0131ld\u0131.Gecede konu\u015fan\u2026","rel":"","context":"&quot;Haberler&quot; i\u00e7inde","block_context":{"text":"Haberler","link":"https:\/\/www.gocmeniz.biz\/?cat=5"},"img":{"alt_text":"","src":"","width":0,"height":0},"classes":[]},{"id":403,"url":"https:\/\/www.gocmeniz.biz\/?p=403","url_meta":{"origin":1824,"position":2},"title":"KIRCAAL\u0130&#8217;L\u0130 SOYDA\u015eLARDAN TEK\u0130RDA\u011e BELED\u0130YES\u0130&#8217;NE Z\u0130YARET","author":"Admin","date":"31 May\u0131s 2008","format":false,"excerpt":"Bulgaristan'\u0131n K\u0131rcaali Belediye Ba\u015fkan\u0131 Hasan Aziz ve K\u0131rcaali'de g\u00f6rev yapan yerel ve ulusal gazetecilerden olu\u015fan bir ekip, Tekirda\u011f Belediyesi'ni ziyaret etti.Karde\u015f \u015fehir projesi \u00e7er\u00e7evesinde Tekirda\u011f'a gelen Bulgaristan'\u0131n K\u0131rcaali kentinin Belediye Ba\u015fkan\u0131 Hasan Aziz ve K\u0131rcaali'de g\u00f6rev yapan yerel ve ulusal gazeteciler, Ba\u015fkan yard\u0131mc\u0131lar\u0131 M\u00fcrsel \u00d6zcan ve Fevzi K\u0131ran taraf\u0131ndan kar\u015f\u0131land\u0131.\u2026","rel":"","context":"Benzer yaz\u0131","block_context":{"text":"Benzer yaz\u0131","link":""},"img":{"alt_text":"","src":"","width":0,"height":0},"classes":[]},{"id":2289,"url":"https:\/\/www.gocmeniz.biz\/?p=2289","url_meta":{"origin":1824,"position":3},"title":"Varna&#8217;ya ilk yard\u0131m Bursa&#8217;dan","author":"Haberci","date":"24 Haziran 2014","format":false,"excerpt":"Bursa B\u00fcy\u00fck\u015fehir Belediye Ba\u015fkan\u0131 Recep Altepe, Kuzey Do\u011fu Bulgaristan'da ya\u015fanan sel felaketinden zarar g\u00f6ren afetzedeler i\u00e7in haz\u0131rlanan 2 TIR dolusu yard\u0131m malzemesini Varna'ya g\u00f6nderdi. Balkanlar'da ne zaman bir felaket olsa \u015fehrin b\u00fct\u00fcn dinamiklerini harekete ge\u00e7irerek felaket b\u00f6lgelerine destek veren Bursa B\u00fcy\u00fck\u015fehir Belediyesi, bu sefer Kuzey Do\u011fu Bulgaristan'\u0131n Varna \u015fehrinde ya\u015fanan\u2026","rel":"","context":"&quot;Haberler&quot; i\u00e7inde","block_context":{"text":"Haberler","link":"https:\/\/www.gocmeniz.biz\/?cat=5"},"img":{"alt_text":"","src":"https:\/\/i0.wp.com\/images.bursadabugun.com\/haber\/2014\/06\/24\/429436-varna-ya-ilk-yardim-bursa-dan-53a960490d5e1.jpg?resize=350%2C200","width":350,"height":200},"classes":[]},{"id":657,"url":"https:\/\/www.gocmeniz.biz\/?p=657","url_meta":{"origin":1824,"position":4},"title":"Bulgaristan\u2019la i\u015f birli\u011fi ba\u015flad\u0131","author":"Haberci","date":"28 Kas\u0131m 2008","format":false,"excerpt":"BULGAR\u0130STAN'IN Vidin \u015fehri, Alanya Belediyesi ve Alanya Ticaret ve Sanayi Odas\u0131 (ALTSO) i\u015fbirli\u011fiyle ger\u00e7ekle\u015ftirilen \u201cAB ve T\u00fcrkiye Aras\u0131ndaki Sivil Toplum Diyalo\u011fu\u2019nun Geli\u015ftirilmesi\u201d projesi kapsam\u0131nda Bulgaristan'da toplant\u0131 d\u00fczenlendi.Toplant\u0131da Vidin Belediye Ba\u015fkan\u0131 Rumen Vidow, Alanya Belediye Ba\u015fkan Yard\u0131mc\u0131s\u0131 Abdullah Akba\u015f ile bir araya geldi. Vidow, yapt\u0131\u011f\u0131 a\u00e7\u0131l\u0131\u015f konu\u015fmas\u0131nda Avrupa Birli\u011fi\u2019nin Bulgaristan\u2019a b\u00fcy\u00fck\u2026","rel":"","context":"&quot;Haberler&quot; i\u00e7inde","block_context":{"text":"Haberler","link":"https:\/\/www.gocmeniz.biz\/?cat=5"},"img":{"alt_text":"","src":"","width":0,"height":0},"classes":[]},{"id":442,"url":"https:\/\/www.gocmeniz.biz\/?p=442","url_meta":{"origin":1824,"position":5},"title":"BULGAR\u0130STAN&#8217;DAK\u0130 T\u0130CAR\u0130 \u0130MKANLAR, TRAKYA \u0130\u015e PLATFORMU&#8217;NDA TANITILDI","author":"Haberci","date":"19 Haziran 2008","format":false,"excerpt":"Trakyal\u0131 i\u015fadamlar\u0131n\u0131n olu\u015fturdu\u011fu Trakya \u0130\u015f Hayat\u0131 Dernekleri Platformu, Bulgaristan'daki ticari imkanlar\u0131 masaya yat\u0131ran bir toplant\u0131 d\u00fczenledi. T\u00fcrk ve Bulgar yetkililerin kat\u0131ld\u0131\u011f\u0131 toplant\u0131da Trakyal\u0131 i\u015f adamlar\u0131n\u0131n ekonomik i\u015fbirli\u011fine haz\u0131r olduklar\u0131 vurguland\u0131. TUSKON'a ba\u011fl\u0131 Trakya da faaliyet g\u00f6steren derneklerin olu\u015fturdu\u011fu Trakya \u0130\u015f Hayat\u0131 Dernekleri Platformunun d\u00fczenledi\u011fi 'Kom\u015fu \u00dclke Bulgaristan S\u0131n\u0131r\u0131nda \u0130\u015f \u0130mkanlar\u0131'\u2026","rel":"","context":"Benzer yaz\u0131","block_context":{"text":"Benzer yaz\u0131","link":""},"img":{"alt_text":"","src":"","width":0,"height":0},"classes":[]}],"jetpack_sharing_enabled":true,"jetpack_likes_enabled":true,"_links":{"self":[{"href":"https:\/\/www.gocmeniz.biz\/index.php?rest_route=\/wp\/v2\/posts\/1824","targetHints":{"allow":["GET"]}}],"collection":[{"href":"https:\/\/www.gocmeniz.biz\/index.php?rest_route=\/wp\/v2\/posts"}],"about":[{"href":"https:\/\/www.gocmeniz.biz\/index.php?rest_route=\/wp\/v2\/types\/post"}],"author":[{"embeddable":true,"href":"https:\/\/www.gocmeniz.biz\/index.php?rest_route=\/wp\/v2\/users\/331"}],"replies":[{"embeddable":true,"href":"https:\/\/www.gocmeniz.biz\/index.php?rest_route=%2Fwp%2Fv2%2Fcomments&post=1824"}],"version-history":[{"count":1,"href":"https:\/\/www.gocmeniz.biz\/index.php?rest_route=\/wp\/v2\/posts\/1824\/revisions"}],"predecessor-version":[{"id":8990,"href":"https:\/\/www.gocmeniz.biz\/index.php?rest_route=\/wp\/v2\/posts\/1824\/revisions\/8990"}],"wp:attachment":[{"href":"https:\/\/www.gocmeniz.biz\/index.php?rest_route=%2Fwp%2Fv2%2Fmedia&parent=1824"}],"wp:term":[{"taxonomy":"category","embeddable":true,"href":"https:\/\/www.gocmeniz.biz\/index.php?rest_route=%2Fwp%2Fv2%2Fcategories&post=1824"},{"taxonomy":"post_tag","embeddable":true,"href":"https:\/\/www.gocmeniz.biz\/index.php?rest_route=%2Fwp%2Fv2%2Ftags&post=1824"}],"curies":[{"name":"wp","href":"https:\/\/api.w.org\/{rel}","templated":true}]}}