{"id":1826,"date":"2009-10-01T09:37:52","date_gmt":"2009-10-01T06:37:52","guid":{"rendered":"http:\/\/www.gocmeniz.biz\/?p=1826"},"modified":"2026-04-03T12:17:07","modified_gmt":"2026-04-03T09:17:07","slug":"bulgaristan-ile-romanya-arasinda-tuna-nehri-uzerinde-ikinci-kopru-kurulmasina-iliskin-muzakerelerde-ilerleme","status":"publish","type":"post","link":"https:\/\/www.gocmeniz.biz\/?p=1826","title":{"rendered":"Bulgaristan ile Romanya aras\u0131nda Tuna nehri \u00fczerinde ikinci k\u00f6pr\u00fc kurulmas\u0131na ili\u015fkin m\u00fczakerelerde ilerleme"},"content":{"rendered":"<p><b>Vidin-Kalafat aras\u0131ndaki yeni Tuna k\u00f6pr\u00fcs\u00fc projesini g\u00f6zetleyecek Bulgar-Rumen Karma Alt Komitesi\u2019nin olu\u015fturulmas\u0131n\u0131n ard\u0131ndan Bulgaristan ile Romanya aras\u0131ndaki \u00e7al\u0131\u015fma koordinasyonu daha iyidir.<\/b><\/p>\n<p>Alt Komite\u2019nin Sofya\u2019da d\u00fczenlenen 2.oturumuna kat\u0131lanlar bu sonuca vard\u0131. Bir\u00e7ok teknolojik karar konusunda da uzla\u015fma sa\u011fland\u0131.<br \/>Bulgaristan Ula\u015ft\u0131rma Bakan yard\u0131mc\u0131s\u0131 \u0130vaylo Moskovski, iki \u00fclkenin koordineli \u00e7al\u0131\u015fmalar\u0131n\u0131n ileride de Avrupa Komisyonu taraf\u0131ndan desteklenece\u011fini umdu\u011funu belirtti. Bu deste\u011fin bir k\u0131sm\u0131 olarak mali muht\u0131ralar\u0131n s\u00fcresinin muhtemelen uzat\u0131lmas\u0131 \u00f6ng\u00f6r\u00fcl\u00fcyor.Bu, proje uygulamas\u0131n\u0131n son a\u015famas\u0131ndaki finansman\u0131n, hayata ge\u00e7irilmesini \u00fcstlenen taraflar aras\u0131nda \u00f6nceden uzla\u015fma sa\u011flanan \u00e7al\u0131\u015fma mekanizmas\u0131 gere\u011fince ger\u00e7ekle\u015ftirilmesini sa\u011flayacaktr\u0131r. <\/p>\n<div class=\"zemanta-pixie\"><img data-recalc-dims=\"1\"  title=\"\" decoding=\"async\" class=\"zemanta-pixie-img\"  alt=\"pixy Bulgaristan ile Romanya aras\u0131nda Tuna nehri \u00fczerinde ikinci k\u00f6pr\u00fc kurulmas\u0131na ili\u015fkin m\u00fczakerelerde ilerleme\"  src=\"https:\/\/i0.wp.com\/img.zemanta.com\/pixy.gif?w=640\" \/><\/div>\n","protected":false},"excerpt":{"rendered":"<p>Vidin-Kalafat aras\u0131ndaki yeni Tuna k\u00f6pr\u00fcs\u00fc projesini g\u00f6zetleyecek Bulgar-Rumen Karma Alt Komitesi\u2019nin olu\u015fturulmas\u0131n\u0131n ard\u0131ndan Bulgaristan ile Romanya aras\u0131ndaki \u00e7al\u0131\u015fma koordinasyonu daha iyidir. Alt Komite\u2019nin Sofya\u2019da d\u00fczenlenen 2.oturumuna kat\u0131lanlar bu sonuca vard\u0131. Bir\u00e7ok teknolojik karar konusunda da uzla\u015fma sa\u011fland\u0131.Bulgaristan Ula\u015ft\u0131rma Bakan yard\u0131mc\u0131s\u0131 \u0130vaylo Moskovski, iki \u00fclkenin koordineli \u00e7al\u0131\u015fmalar\u0131n\u0131n ileride de Avrupa Komisyonu taraf\u0131ndan desteklenece\u011fini umdu\u011funu belirtti. Bu [&hellip;]<\/p>\n","protected":false},"author":331,"featured_media":0,"comment_status":"open","ping_status":"open","sticky":false,"template":"","format":"standard","meta":{"advanced_seo_description":"","jetpack_seo_html_title":"","jetpack_seo_noindex":false,"ngg_post_thumbnail":0,"jetpack_post_was_ever_published":false,"_jetpack_newsletter_access":"","_jetpack_dont_email_post_to_subs":false,"_jetpack_newsletter_tier_id":0,"_jetpack_memberships_contains_paywalled_content":false,"_jetpack_memberships_contains_paid_content":false,"footnotes":""},"categories":[5],"tags":[],"class_list":["post-1826","post","type-post","status-publish","format-standard","hentry","category-haberler"],"jetpack_featured_media_url":"","jetpack_shortlink":"https:\/\/wp.me\/paHHlZ-ts","jetpack-related-posts":[{"id":260,"url":"https:\/\/www.gocmeniz.biz\/?p=260","url_meta":{"origin":1826,"position":0},"title":"Tuna Nehri Dondu","author":"Admin","date":"05 Ocak 2008","format":false,"excerpt":"BALKANLAR\u2019\u0131 y\u0131lba\u015f\u0131ndan itibaren etkisi alt\u0131na alan Sibirya so\u011fuklar\u0131, Bulgaristan ile Romanya aras\u0131nda s\u0131n\u0131r olu\u015fturan Tuna Nehri\u2019nin donmas\u0131na yola\u00e7t\u0131. Bulgaristan Sivil Savunma M\u00fcd\u00fcrl\u00fc\u011f\u00fc\u2019nden yap\u0131lan a\u00e7\u0131klamada, Tuna Nehri\u2019nin Bulgaristan b\u00f6l\u00fcm\u00fcn\u00fcn y\u00fczde 70\u2019inin buzland\u0131\u011f\u0131 bildirildi. Yetkililer, buzlanman\u0131n bu bi\u00e7imde s\u00fcrmesi durumunda, yar\u0131ndan itibaren Tuna\u2019n\u0131n, gemi trafi\u011fine kapanaca\u011f\u0131n\u0131 a\u00e7\u0131klad\u0131lar. Tuna Nehri, en son 22\u2026","rel":"","context":"&quot;Haberler&quot; i\u00e7inde","block_context":{"text":"Haberler","link":"https:\/\/www.gocmeniz.biz\/?cat=5"},"img":{"alt_text":"","src":"","width":0,"height":0},"classes":[]},{"id":929,"url":"https:\/\/www.gocmeniz.biz\/?p=929","url_meta":{"origin":1826,"position":1},"title":"TUNA B\u0130S\u0130KLET TURU BA\u015eLIYOR&#8230;","author":"Haberci","date":"23 Mart 2009","format":false,"excerpt":"\"Avrupa'y\u0131 Hareket Halinde Ke\u015ffedin\" slogan\u0131yla organize edilecek olan 2009 Tuna Bisiklet Turu ba\u015fl\u0131yor 23-27 Haziran tarihleri aras\u0131nda ger\u00e7ekle\u015ftirilecek. Bisiklete binmeyi seven, \u00e7evreyi \u00f6nemseyen ve Avrupa'da yeni arkada\u015flar edinmek isteyenlere bir davet olarak ger\u00e7ekle\u015ftirilece\u011fi belirtilen ve 23-27 Haziran 2009 tarihleri aras\u0131nda Tuna Nehri boyunca d\u00fczenlenecek bisiklet turuna heyecan severlerin b\u00fcy\u00fck ilgi\u2026","rel":"","context":"&quot;Haberler&quot; i\u00e7inde","block_context":{"text":"Haberler","link":"https:\/\/www.gocmeniz.biz\/?cat=5"},"img":{"alt_text":"","src":"","width":0,"height":0},"classes":[]},{"id":1556,"url":"https:\/\/www.gocmeniz.biz\/?p=1556","url_meta":{"origin":1826,"position":2},"title":"Bulgar s\u0131n\u0131r\u0131 H\u0131r\u0131stiyanl\u0131k-\u0130slam s\u0131n\u0131r\u0131","author":"Haberci","date":"16 Temmuz 2009","format":false,"excerpt":"\"\u0130slam`\u0131n s\u0131n\u0131r\u0131 Bulgaristan`da biter\"Bulgaristan`\u0131n T\u00fcrkiye ile s\u0131n\u0131r kasabas\u0131 olan Rezovo`nun Belediye Ba\u015fkan\u0131 Petko Arnaudrov, Arte televizyonuna yapt\u0131\u011f\u0131 a\u00e7\u0131klamada `Bulgaristan ile T\u00fcrkiye aras\u0131ndaki s\u0131n\u0131r, \u0130slam ile H\u0131ristiyan d\u00fcnyas\u0131 aras\u0131ndaki s\u0131n\u0131rd\u0131r` dedi.Frans\u0131z-Alman televizyon kanal\u0131 Arte`nin Karadeniz b\u00f6lgesi ile ilgili yay\u0131nlad\u0131\u011f\u0131 bir programda konu\u015fan Bulgaristan`\u0131n T\u00fcrkiye ile s\u0131n\u0131r kasabas\u0131 olan Rezovo`nun Belediye Ba\u015fkan\u0131\u2026","rel":"","context":"&quot;Haberler&quot; i\u00e7inde","block_context":{"text":"Haberler","link":"https:\/\/www.gocmeniz.biz\/?cat=5"},"img":{"alt_text":"","src":"https:\/\/i0.wp.com\/www.sentezhaber.com\/images1\/Petko-Arnaudov-Carevo.jpg?resize=350%2C200","width":350,"height":200},"classes":[]},{"id":685,"url":"https:\/\/www.gocmeniz.biz\/?p=685","url_meta":{"origin":1826,"position":3},"title":"G\u00dcL: &#8220;T\u00dcRK\u0130YE \u0130LE BULGAR\u0130STAN ARASINDAK\u0130 PROBLEMLER, \u00c7\u00d6Z\u00dcLEMEYECEK PROBLEMLER DE\u011e\u0130L&#8221;","author":"Haberci","date":"17 Aral\u0131k 2008","format":false,"excerpt":"Cumhurba\u015fkan\u0131 Abdullah G\u00fcl, T\u00fcrkiye ile Bulgaristan aras\u0131nda \u00e7\u00f6z\u00fclemeyecek sorunlar olmad\u0131\u011f\u0131n\u0131, Bulgaristan'daki T\u00fcrklerle ilgili konularda iki \u00fclke D\u0131\u015fi\u015fleri Bakanl\u0131\u011f\u0131 M\u00fcste\u015farlar\u0131 aras\u0131nda bir komite kurulmas\u0131na karar verdiklerini s\u00f6yledi. Cumhurba\u015fkan\u0131 Abdullah G\u00fcl ve Bulgaristan Cumhurba\u015fkan\u0131 Georgi Parvanov, \u00c7ankaya K\u00f6\u015fk\u00fc'nde ba\u015f ba\u015fa ve heyetler aras\u0131 g\u00f6r\u00fc\u015fmelerin ard\u0131ndan ortak bas\u0131n toplant\u0131s\u0131 d\u00fczenledi. Cumhurba\u015fkan\u0131 G\u00fcl, T\u00fcrkiye\u2026","rel":"","context":"&quot;Haberler&quot; i\u00e7inde","block_context":{"text":"Haberler","link":"https:\/\/www.gocmeniz.biz\/?cat=5"},"img":{"alt_text":"","src":"","width":0,"height":0},"classes":[]},{"id":1190,"url":"https:\/\/www.gocmeniz.biz\/?p=1190","url_meta":{"origin":1826,"position":4},"title":"G\u00f6\u00e7menler gayrimenkul pe\u015finde","author":"Haberci","date":"08 May\u0131s 2009","format":false,"excerpt":"Bulgaristan'dan T\u00fcrkiye'ye g\u00f6\u00e7enlerin geride b\u0131rakt\u0131klar\u0131 gayrimenkullerin kay\u0131t alt\u0131na al\u0131nabilmesi i\u00e7in \u00e7al\u0131\u015fma ba\u015flat\u0131ld\u0131 Denizli Balkan G\u00f6\u00e7menleri K\u00fclt\u00fcr ve Dayan\u0131\u015fma Derne\u011fi (Deng\u00f6\u00e7der) Ba\u015fkan\u0131 Ali Sert, Bulgaristan'dan T\u00fcrkiye'ye g\u00f6\u00e7enlerin geride b\u0131rakt\u0131klar\u0131 gayrimenkullerin kay\u0131t alt\u0131na al\u0131nabilmesi i\u00e7in \u00e7al\u0131\u015fma ba\u015flat\u0131ld\u0131\u011f\u0131n\u0131 s\u00f6yledi. Ali Sert, Bulgaristan'da gayrimenkul\u00fc bulunan ve Denizli'de ya\u015fayan Bulgaristan g\u00f6\u00e7meni vatanda\u015flar\u0131n derneklerine gelmesini istedi.\u2026","rel":"","context":"&quot;Haberler&quot; i\u00e7inde","block_context":{"text":"Haberler","link":"https:\/\/www.gocmeniz.biz\/?cat=5"},"img":{"alt_text":"","src":"","width":0,"height":0},"classes":[]},{"id":1726,"url":"https:\/\/www.gocmeniz.biz\/?p=1726","url_meta":{"origin":1826,"position":5},"title":"Otob\u00fcs firmas\u0131 Balkanlar`a `p\u0131r p\u0131r` u\u00e7ak seferi ba\u015flat\u0131yor","author":"Haberci","date":"24 A\u011fustos 2009","format":false,"excerpt":"Romanya ve Bulgaristan gibi Balkan \u00fclkelerine yolcu ta\u015f\u0131yan otob\u00fcs firmas\u0131 Ni\u015fikli Turizm, art\u0131k halk aras\u0131nda `p\u0131r p\u0131r` ad\u0131 verilen pervaneli u\u00e7aklarla ayn\u0131 \u00fclkelere a\u00e7\u0131lmaya haz\u0131rlan\u0131yor. Merkezi K\u0131rklareli`nde bulunan Ni\u015fikli Turizm, \u00f6n\u00fcm\u00fczdeki aylarda 4 ve 6 ki\u015filik u\u00e7aklar\u0131 b\u00fcnyesine katacak.Ni\u015fikli Turizm, bu ama\u00e7la K\u0131rklareli`ne bir de pist yapmay\u0131 planl\u0131yor. Balkan \u00fclkelerine\u2026","rel":"","context":"&quot;Haberler&quot; i\u00e7inde","block_context":{"text":"Haberler","link":"https:\/\/www.gocmeniz.biz\/?cat=5"},"img":{"alt_text":"","src":"","width":0,"height":0},"classes":[]}],"jetpack_sharing_enabled":true,"jetpack_likes_enabled":true,"_links":{"self":[{"href":"https:\/\/www.gocmeniz.biz\/index.php?rest_route=\/wp\/v2\/posts\/1826","targetHints":{"allow":["GET"]}}],"collection":[{"href":"https:\/\/www.gocmeniz.biz\/index.php?rest_route=\/wp\/v2\/posts"}],"about":[{"href":"https:\/\/www.gocmeniz.biz\/index.php?rest_route=\/wp\/v2\/types\/post"}],"author":[{"embeddable":true,"href":"https:\/\/www.gocmeniz.biz\/index.php?rest_route=\/wp\/v2\/users\/331"}],"replies":[{"embeddable":true,"href":"https:\/\/www.gocmeniz.biz\/index.php?rest_route=%2Fwp%2Fv2%2Fcomments&post=1826"}],"version-history":[{"count":1,"href":"https:\/\/www.gocmeniz.biz\/index.php?rest_route=\/wp\/v2\/posts\/1826\/revisions"}],"predecessor-version":[{"id":8693,"href":"https:\/\/www.gocmeniz.biz\/index.php?rest_route=\/wp\/v2\/posts\/1826\/revisions\/8693"}],"wp:attachment":[{"href":"https:\/\/www.gocmeniz.biz\/index.php?rest_route=%2Fwp%2Fv2%2Fmedia&parent=1826"}],"wp:term":[{"taxonomy":"category","embeddable":true,"href":"https:\/\/www.gocmeniz.biz\/index.php?rest_route=%2Fwp%2Fv2%2Fcategories&post=1826"},{"taxonomy":"post_tag","embeddable":true,"href":"https:\/\/www.gocmeniz.biz\/index.php?rest_route=%2Fwp%2Fv2%2Ftags&post=1826"}],"curies":[{"name":"wp","href":"https:\/\/api.w.org\/{rel}","templated":true}]}}