{"id":1828,"date":"2009-10-02T13:25:53","date_gmt":"2009-10-02T10:25:53","guid":{"rendered":"http:\/\/www.gocmeniz.biz\/?p=1828"},"modified":"2026-04-03T12:25:38","modified_gmt":"2026-04-03T09:25:38","slug":"bulgar-irkci-partisi-musluman-partiyi-hedef-aldi","status":"publish","type":"post","link":"https:\/\/www.gocmeniz.biz\/?p=1828","title":{"rendered":"Bulgar \u0131rk\u00e7\u0131 partisi M\u00fcsl\u00fcman partiyi hedef ald\u0131"},"content":{"rendered":"<p><img data-recalc-dims=\"1\"  title=\"\"  alt=\"72064 Bulgar \u0131rk\u00e7\u0131 partisi M\u00fcsl\u00fcman partiyi hedef ald\u0131\" decoding=\"async\" style=\"max-width: 800px; float: left; margin-top: 10px; margin-bottom: 10px; margin-right: 10px;\" src=\"https:\/\/i0.wp.com\/www.dunyabulteni.net\/images\/news\/72064.jpg?w=640\" \/><b>Ge\u00e7en Hafta Bulgaristan&#8217;da &#8216;M\u00fcsl\u00fcman&#8217;ad\u0131yla kurulan M\u00fcsl\u00fcman Demokrat Birli\u011fi&#8217;ni \u00fclkedeki \u0131rk\u00e7\u0131lar listelerine ald\u0131.<\/b><\/p>\n<p><i>D\u00fcnya B\u00fclteni \/ Haber Merkezi<\/i><\/p>\n<p>Ulusalc\u0131 Bulgaristan Partisi(WMRO) lideri Karaka\u00e7onov, M\u00fcsl\u00fcman Demokrat Birli\u011fi Partisi&#8217;nin kurulmas\u0131na kar\u015f\u0131 alarma ge\u00e7tiklerini kaydetti.<\/p>\n<p>Novinite gazetesinin haberine g\u00f6re Ali ve \u00dczeyir \u00dczeriyov&#8217;lar\u0131n kurdu\u011fu M\u00fcsl\u00fcman Demokrat Birli\u011fi partisi deklarasyonunda M\u00fcsl\u00fcman etnisitelerin Bulgaristan&#8217;da ayr\u0131mc\u0131l\u0131\u011fa u\u011frad\u0131klar\u0131n\u0131 ve bununla m\u00fccadele i\u00e7in partiyi kurduklar\u0131n\u0131 a\u00e7\u0131klam\u0131\u015ft\u0131.<\/p>\n<p>Ulusalc\u0131 Parti lideri Karaka\u00e7anov, M\u00fcsl\u00fcman Demokrat Birli\u011fi partisinin \u00fclkedeki etnisiteyi provoke edeceklerini ve etnisiteleri Bulgaristan&#8217;a kar\u015f\u0131 ayakland\u0131racaklar\u0131n\u0131 \u00f6ne s\u00fcrd\u00fc.<\/p>\n<p>M\u00fcsl\u00fcman Demokrat Birli\u011fi&#8217;nin \u00fclkede M\u00fcsl\u00fcman olan herkesi hedefledikleri s\u00f6yleyen Karaka\u00e7anov,bu hedefin \u00fclkede ikili\u011fe yol a\u00e7acaklar\u0131n\u0131 iddia etti.<\/p>\n<p>Karaka\u00e7anov, \u00fclkedeki resmi yetkilileri g\u00f6reve \u00e7a\u011f\u0131rarak, M\u00fcsl\u00fcman Demokrat Birli\u011fi&#8217;ne ne\u015fter vurulmas\u0131 \u00e7a\u011fr\u0131s\u0131nda yaparak \u00fclke M\u00fcsl\u00fcmanlar\u0131n\u0131 tehdit etti. <\/p>\n<div class=\"zemanta-pixie\"><img data-recalc-dims=\"1\"  title=\"\" decoding=\"async\" class=\"zemanta-pixie-img\"  alt=\"pixy Bulgar \u0131rk\u00e7\u0131 partisi M\u00fcsl\u00fcman partiyi hedef ald\u0131\"  src=\"https:\/\/i0.wp.com\/img.zemanta.com\/pixy.gif?w=640\" \/><\/div>\n","protected":false},"excerpt":{"rendered":"<p>Ge\u00e7en Hafta Bulgaristan&#8217;da &#8216;M\u00fcsl\u00fcman&#8217;ad\u0131yla kurulan M\u00fcsl\u00fcman Demokrat Birli\u011fi&#8217;ni \u00fclkedeki \u0131rk\u00e7\u0131lar listelerine ald\u0131. D\u00fcnya B\u00fclteni \/ Haber Merkezi Ulusalc\u0131 Bulgaristan Partisi(WMRO) lideri Karaka\u00e7onov, M\u00fcsl\u00fcman Demokrat Birli\u011fi Partisi&#8217;nin kurulmas\u0131na kar\u015f\u0131 alarma ge\u00e7tiklerini kaydetti. Novinite gazetesinin haberine g\u00f6re Ali ve \u00dczeyir \u00dczeriyov&#8217;lar\u0131n kurdu\u011fu M\u00fcsl\u00fcman Demokrat Birli\u011fi partisi deklarasyonunda M\u00fcsl\u00fcman etnisitelerin Bulgaristan&#8217;da ayr\u0131mc\u0131l\u0131\u011fa u\u011frad\u0131klar\u0131n\u0131 ve bununla m\u00fccadele i\u00e7in partiyi [&hellip;]<\/p>\n","protected":false},"author":331,"featured_media":0,"comment_status":"open","ping_status":"open","sticky":false,"template":"","format":"standard","meta":{"advanced_seo_description":"","jetpack_seo_html_title":"","jetpack_seo_noindex":false,"ngg_post_thumbnail":0,"jetpack_post_was_ever_published":false,"_jetpack_newsletter_access":"","_jetpack_dont_email_post_to_subs":false,"_jetpack_newsletter_tier_id":0,"_jetpack_memberships_contains_paywalled_content":false,"_jetpack_memberships_contains_paid_content":false,"footnotes":""},"categories":[5],"tags":[441],"class_list":["post-1828","post","type-post","status-publish","format-standard","hentry","category-haberler","tag-musluman-demokrat-birligi"],"jetpack_featured_media_url":"","jetpack_shortlink":"https:\/\/wp.me\/paHHlZ-tu","jetpack-related-posts":[{"id":1830,"url":"https:\/\/www.gocmeniz.biz\/?p=1830","url_meta":{"origin":1828,"position":0},"title":"Bulgaristan &#8216;Me\u00e7hul T\u00fcrk Askeri\u2019ni y\u0131kt\u0131-FOTO","author":"Haberci","date":"02 Ekim 2009","format":false,"excerpt":"Bulgaristan'\u0131n Popovo il\u00e7esine ba\u011fl\u0131 Slavyanovo kasabas\u0131nda bulunan 'Me\u00e7hul T\u00fcrk Askeri' an\u0131t\u0131 y\u0131k\u0131ld\u0131.D\u00fcnya B\u00fclteni \/ Haber Merkezi\u00dclkenin ilk 'M\u00fcsl\u00fcman' ad\u0131yla kurulan partisi olan M\u00fcsl\u00fcman Demokrat Birli\u011fi Partisi'ninde \u00e7\u0131k\u0131\u015f yeri olan Slavyanovo'da Bulgar otoriteleri\u00a0 'Me\u00e7hul T\u00fcrk Askeri' an\u0131t\u0131n\u0131 y\u0131kt\u0131.Bulgaristan'\u0131n Novinite sitesinin Darik Radyosu'na dayand\u0131rd\u0131\u011f\u0131 habere g\u00f6re M\u00fcsl\u00fcman Demokrat Birli\u011fi partisi lideri Ali\u2026","rel":"","context":"&quot;Haberler&quot; i\u00e7inde","block_context":{"text":"Haberler","link":"https:\/\/www.gocmeniz.biz\/?cat=5"},"img":{"alt_text":"","src":"","width":0,"height":0},"classes":[]},{"id":2166,"url":"https:\/\/www.gocmeniz.biz\/?p=2166","url_meta":{"origin":1828,"position":1},"title":"Bulgaristan&#8217;da T\u00fcrkiye kar\u015f\u0131t\u0131 imza kampanyas\u0131","author":"Haberci","date":"15 Temmuz 2010","format":false,"excerpt":"Bulgaristan'da a\u015f\u0131r\u0131 milliyet\u00e7i ve \u0131rk\u00e7\u0131 g\u00f6r\u00fc\u015fleriyle tan\u0131nan VMRO partisi, T\u00fcrkiye'nin Avrupa Birli\u011fi \u00fcyle\u011fi konusunda referandum yap\u0131lmas\u0131 i\u00e7in 320 bin imza toplad\u0131. \u00a0 Son genel se\u00e7imlerde y\u00fczde 4'l\u00fck baraj\u0131 a\u015famayarak parlamentoda d\u0131\u015f\u0131nda kalan ve T\u00fcrkiye ile T\u00fcrk d\u00fc\u015fmanl\u0131\u011f\u0131 \u00fczerine politika izleyerek taraftar toplamaya \u00e7al\u0131\u015fan VMRO'nun lideri Krasimir Karaka\u00e7anov, d\u00fczenledi\u011fi bas\u0131n toplant\u0131s\u0131nda,\u2026","rel":"","context":"&quot;Haberler&quot; i\u00e7inde","block_context":{"text":"Haberler","link":"https:\/\/www.gocmeniz.biz\/?cat=5"},"img":{"alt_text":"","src":"","width":0,"height":0},"classes":[]},{"id":952,"url":"https:\/\/www.gocmeniz.biz\/?p=952","url_meta":{"origin":1828,"position":2},"title":"BULGAR\u0130STAN&#8217;DA CAM\u0130 M\u00dcCADELES\u0130","author":"Haberci","date":"23 Mart 2009","format":false,"excerpt":"Camii in\u015faatlar\u0131n\u0131n \u0131rk\u00e7\u0131 ATAKA taraf\u0131ndan engellenmesi sonras\u0131, M\u00fcsl\u00fcman toplum AB'da hak arama karar\u0131 ald\u0131.Bulgaristan'\u0131n Karadeniz k\u0131y\u0131s\u0131ndaki Burgaz \u015fehrinde bir camii in\u015faat\u0131n\u0131n \u015fehir konseyi taraf\u0131ndan durdurulmas\u0131 M\u00fcsl\u00fcmanlar\u0131n tepkisine yol a\u00e7t\u0131. M\u00fcsl\u00fcman toplum, cami in\u015faat\u0131n\u0131n durdurulmas\u0131n\u0131 Avrupa Birli\u011fi ilgili kurumlar\u0131na \u015fikayet etme karar\u0131 ald\u0131.Burgaz \u015eehir Konseyi, ge\u00e7en per\u015fembe g\u00fcn\u00fc Aral\u0131k 2008'deki kendi\u2026","rel":"","context":"&quot;Haberler&quot; i\u00e7inde","block_context":{"text":"Haberler","link":"https:\/\/www.gocmeniz.biz\/?cat=5"},"img":{"alt_text":"","src":"","width":0,"height":0},"classes":[]},{"id":1504,"url":"https:\/\/www.gocmeniz.biz\/?p=1504","url_meta":{"origin":1828,"position":3},"title":"Reuters: Bulgar \u0131rk\u00e7\u0131lar\u0131 etnik bar\u0131\u015f\u0131 tehdit ediyor","author":"Haberci","date":"06 Temmuz 2009","format":false,"excerpt":"Bulgaristan se\u00e7imlerini de\u011ferlendiren Reuters, \u0131rk\u00e7\u0131 Ataka Partisi'nin s\u00f6yleminin toplumdaki etnik bar\u0131\u015f\u0131 tehdit etti\u011fini duyurdu. Reuters haber ajans\u0131nda yay\u0131mlanan haber analizde, Bulgaristan`da 20 y\u0131l \u00f6nce M\u00fcsl\u00fcman T\u00fcrk az\u0131nl\u0131\u011f\u0131na uygulanmaya \u00e7al\u0131\u015f\u0131lan asimilasyon kampanyas\u0131n\u0131n tekrar geri d\u00f6nmesinden endi\u015fe edildi\u011fini kaydedildi. Haberde, 1989`da M\u00fcsl\u00fcman T\u00fcrklerinin etnik Bulgar isimleri ile zorla de\u011fi\u015ftirilmesi bask\u0131lar\u0131na direnen ve\u2026","rel":"","context":"&quot;Haberler&quot; i\u00e7inde","block_context":{"text":"Haberler","link":"https:\/\/www.gocmeniz.biz\/?cat=5"},"img":{"alt_text":"","src":"","width":0,"height":0},"classes":[]},{"id":1923,"url":"https:\/\/www.gocmeniz.biz\/?p=1923","url_meta":{"origin":1828,"position":4},"title":"Bulgaristan`da,M\u00fcsl\u00fcman T\u00fcrklere tav\u0131r","author":"Haberci","date":"16 Kas\u0131m 2009","format":false,"excerpt":"FHA- Halk\u0131 M\u00fcsl\u00fcman olan T\u00fcrkiye`nin AB`ye girmesini istemeyen g\u00fc\u00e7ler, olmad\u0131k oyunlara ba\u015fvuruyorlar. Milli duygular\u0131n s\u00f6m\u00fcr\u00fcs\u00fc,bunun en kolay ve pis olan\u0131..FHA-M\u00fcsl\u00fcman n\u00fcfusun da ya\u015fad\u0131\u011f\u0131 Bulgaristan`da \u0131rk\u00e7\u0131 lider Rosen Markov`un, devlet kanal\u0131nda T\u00fcrk\u00e7e haber yay\u0131n\u0131 yap\u0131lmas\u0131n\u0131 protesto etmek i\u00e7in kendini yakmas\u0131 hayretle kar\u015f\u0131land\u0131.\"Bulgar Erkekleri Partisi\" lideri Markov d\u00fcn gece Bulgar Ulusal Kanal\u0131(BRT)\u2026","rel":"","context":"&quot;Haberler&quot; i\u00e7inde","block_context":{"text":"Haberler","link":"https:\/\/www.gocmeniz.biz\/?cat=5"},"img":{"alt_text":"","src":"","width":0,"height":0},"classes":[]},{"id":1268,"url":"https:\/\/www.gocmeniz.biz\/?p=1268","url_meta":{"origin":1828,"position":5},"title":"Bulgaristan&#8217;da M\u00fcsl\u00fcmanlar&#8217;a Kar\u015f\u0131 Tav\u0131r De\u011fi\u015fti","author":"Haberci","date":"28 May\u0131s 2009","format":false,"excerpt":"Kom\u00fcnist d\u00f6nemde T\u00fcrklerin s\u00fcrg\u00fcne zorland\u0131\u011f\u0131 ancak kom\u00fcnizmin y\u0131k\u0131lmas\u0131yla durumun d\u00fczeldi\u011fi Bulgaristan'da yine tav\u0131r de\u011fi\u015fikli\u011fi ba\u015flad\u0131. Bulgaristan Ba\u015fm\u00fcft\u00fcl\u00fc\u011f\u00fc bir bildiri yay\u0131mlayarak, baz\u0131 devlet kurumlar\u0131 ve siyasal \u00f6rg\u00fctlerin \u00fclkedeki M\u00fcsl\u00fcmanlara kar\u015f\u0131 \u0131rk\u00e7\u0131 bir yakla\u015f\u0131m i\u00e7inde olduklar\u0131n\u0131 belirterek duruma isyan etti. Cumhurba\u015fkan\u0131 Georgi P\u0131rvanov, Ba\u015fbakan Sergey Stani\u015fev ve Parlamento Ba\u015fkan\u0131 Georgi Pirinski'ye g\u00f6nderilen\u2026","rel":"","context":"&quot;Haberler&quot; i\u00e7inde","block_context":{"text":"Haberler","link":"https:\/\/www.gocmeniz.biz\/?cat=5"},"img":{"alt_text":"","src":"","width":0,"height":0},"classes":[]}],"jetpack_sharing_enabled":true,"jetpack_likes_enabled":true,"_links":{"self":[{"href":"https:\/\/www.gocmeniz.biz\/index.php?rest_route=\/wp\/v2\/posts\/1828","targetHints":{"allow":["GET"]}}],"collection":[{"href":"https:\/\/www.gocmeniz.biz\/index.php?rest_route=\/wp\/v2\/posts"}],"about":[{"href":"https:\/\/www.gocmeniz.biz\/index.php?rest_route=\/wp\/v2\/types\/post"}],"author":[{"embeddable":true,"href":"https:\/\/www.gocmeniz.biz\/index.php?rest_route=\/wp\/v2\/users\/331"}],"replies":[{"embeddable":true,"href":"https:\/\/www.gocmeniz.biz\/index.php?rest_route=%2Fwp%2Fv2%2Fcomments&post=1828"}],"version-history":[{"count":1,"href":"https:\/\/www.gocmeniz.biz\/index.php?rest_route=\/wp\/v2\/posts\/1828\/revisions"}],"predecessor-version":[{"id":8989,"href":"https:\/\/www.gocmeniz.biz\/index.php?rest_route=\/wp\/v2\/posts\/1828\/revisions\/8989"}],"wp:attachment":[{"href":"https:\/\/www.gocmeniz.biz\/index.php?rest_route=%2Fwp%2Fv2%2Fmedia&parent=1828"}],"wp:term":[{"taxonomy":"category","embeddable":true,"href":"https:\/\/www.gocmeniz.biz\/index.php?rest_route=%2Fwp%2Fv2%2Fcategories&post=1828"},{"taxonomy":"post_tag","embeddable":true,"href":"https:\/\/www.gocmeniz.biz\/index.php?rest_route=%2Fwp%2Fv2%2Ftags&post=1828"}],"curies":[{"name":"wp","href":"https:\/\/api.w.org\/{rel}","templated":true}]}}