{"id":1834,"date":"2009-10-11T23:16:31","date_gmt":"2009-10-11T20:16:31","guid":{"rendered":"http:\/\/www.gocmeniz.biz\/?p=1834"},"modified":"2026-04-03T12:17:07","modified_gmt":"2026-04-03T09:17:07","slug":"zorunlu-gocun-20-yili-anma-etkinlikleri-istanbulda-yapildi","status":"publish","type":"post","link":"https:\/\/www.gocmeniz.biz\/?p=1834","title":{"rendered":"ZORUNLU G\u00d6\u00c7&#8217;\u00dcN 20.YILI ANMA ETK\u0130NL\u0130KLER\u0130 \u0130STANBUL&#8217;DA YAPILDI"},"content":{"rendered":"<p><a href=\"https:\/\/i0.wp.com\/www.kircaalihaber.com\/tr_haber_images\/IMG_1450%5Baaaaaassssww1%5D.JPG\"><img data-recalc-dims=\"1\"  title=\"\"  alt=\"IMG_1450%5Baaaaaassssww1%5D ZORUNLU G\u00d6\u00c7&#039;\u00dcN 20.YILI ANMA ETK\u0130NL\u0130KLER\u0130 \u0130STANBUL&#039;DA YAPILDI\" loading=\"lazy\" decoding=\"async\" style=\"max-width: 800px;\" src=\"https:\/\/i0.wp.com\/www.kircaalihaber.com\/tr_haber_images\/IMG_1450%5Baaaaaassssww1%5D.JPG?resize=450%2C337\" width=\"450\" height=\"337\" \/><\/a><\/p>\n<p><b>Rumeli Balkan Federasyonu taraf\u0131ndan organize edilen &#8221; ZORUNLU G\u00d6\u00c7\u00dcN 20. YILI ANMA &#8221; Etkinlikleri hafta sonu \u0130stanbul&#8217;da ger\u00e7ekle\u015ftirildi.<br \/>\nEtkinli\u011fin ilk program\u0131 saat 11.00&#8217;de Galatasaray lisesi \u00f6n\u00fcnden Taksime y\u00fcr\u00fcy\u00fc\u015f ile ba\u015flad\u0131.<br \/>\n<\/b><br \/>\nEtkinli\u011fe kat\u0131lan Federasyon&#8217;a ba\u011fl\u0131 Balkan T\u00fcrkleri Dernekleri y\u00f6neticileri ile \u00fcyeleri, ellerinde T\u00fcrk Bayraklar\u0131 ile \u0130stiklal Caddesi \u00f6n\u00fcnden alk\u0131\u015flar e\u015fli\u011finde Taksim Meydan\u0131&#8217;na do\u011fru y\u00fcr\u00fcy\u00fc\u015f ger\u00e7ekle\u015ftirdi. En \u00f6nde An\u0131t&#8217;a konulacak olan Federasyon \u00e7elengi ta\u015f\u0131n\u0131rken, \u00f6n s\u0131ralarda Rumeli Balkan Federasyonu Ba\u015fkan\u0131 S\u00fcheyl \u00c7obano\u011flu, Federasyon y\u00f6neticileri ile Bulgaristan&#8217;dan gelen konuklar da kat\u0131ld\u0131. Y\u00fcr\u00fcy\u00fc\u015f\u00fc \u0130stiklal caddesindeki vatanda\u015flar ile turistlerin de ilgiyle izledikleri ve destek verdikleri g\u00f6r\u00fcld\u00fc.<\/p>\n<p><b>\u00c7OBANO\u011eLU: &#8220;AS\u0130M\u0130LASYONUN \u0130ZLER\u0130 HALA S\u0130L\u0130NMED\u0130&#8221;<\/b><!--more--><\/p>\n<p>Y\u00fcr\u00fcy\u00fc\u015f\u00fcn ard\u0131ndan, Taksim an\u0131t\u0131na federasyonun \u00e7elengi Federasyon Ba\u015fkan\u0131 S\u00fcheyl \u00c7obano\u011flu taraf\u0131ndan konuldu. Sayg\u0131 Duru\u015fu ve \u0130stiklal Mar\u015f\u0131&#8217;n\u0131n ard\u0131ndan yap\u0131lan bas\u0131n a\u00e7\u0131klamas\u0131nda konu\u015fan Rumeli Balkan Federasyonu Ba\u015fkan\u0131 S\u00fcheyl \u00c7obano\u011flu,<br \/>\n20 y\u0131l sonra, bug\u00fcn de T\u00fcrklere kar\u015f\u0131 a\u015f\u0131r\u0131 sa\u011fc\u0131 gruplar\u0131n artan sald\u0131rgan tav\u0131rlar\u0131yla , \u0131rk\u00e7\u0131 ve ayr\u0131l\u0131k\u00e7\u0131 tutumlar\u0131n\u0131n ge\u00e7mi\u015fte ya\u015fananlara benzer sonu\u00e7lar vermemesi i\u00e7in hat\u0131ralar\u0131 tazelemek ve toplumu bilgilendirmek amac\u0131yla burada bulunduklar\u0131n\u0131 ifade ederek, Bulgaristan&#8217;da 20 y\u0131l \u00f6nce ya\u015fanan olay\u0131n b\u00fcy\u00fck bir trajedi oldu\u011funu bir kez daha hat\u0131rlatt\u0131.<br \/>\nBulgaristan T\u00fcrkleri&#8217;nin 1984-1989 y\u0131llar\u0131 aras\u0131nda , 20.nci y\u00fczy\u0131l\u0131n en b\u00fcy\u00fck insanl\u0131k trajedilerinden birini ya\u015fand\u0131\u011f\u0131n\u0131 ifade eden \u00c7obano\u011flu, &#8221; 2 milyona yak\u0131n T\u00fcrk ve M\u00fcsl\u00fcman&#8217;\u0131n isimleri de\u011fi\u015ftirilmi\u015f ve dilleri , \u00f6rf ve adetleri yasaklanarak ac\u0131mas\u0131z bir asimilasyon politikas\u0131n\u0131n hedefi olmu\u015ftu. Mezar ta\u015flar\u0131 k\u0131r\u0131lm\u0131\u015f , ar\u015fiv kay\u0131tlar\u0131 yak\u0131lm\u0131\u015f , bir \u00e7o\u011fu cezaevlerine g\u00f6nderilmi\u015f ve i\u015fkence edilmi\u015fti. 1989 y\u0131l\u0131na gelindi\u011finde Todor Jivkof y\u00f6netimi taraf\u0131ndan Bulgaristan\u00b4dan zorla g\u00f6\u00e7 ettirilen T\u00fcrkler mal\u0131n\u0131 m\u00fclk\u00fcn\u00fc ve her \u015feyini b\u0131rakarak T\u00fcrkiye s\u0131n\u0131r\u0131na y\u0131\u011f\u0131lm\u0131\u015flard\u0131. \u0130\u015fte bug\u00fcn yap\u0131lacak olan \u015fey , bir daha b\u00f6yle trajedilerin ya\u015fanmamas\u0131n\u0131 sa\u011flamakt\u0131r&#8221; dedi.<\/p>\n<p><b>SERG\u0130 GEZ\u0130LD\u0130, PANEL D\u00dcZENLEND\u0130<\/b><\/p>\n<p>Taksim Atat\u00fcrk An\u0131t\u0131na \u00c7elenk konulmas\u0131 ve bas\u0131n a\u00e7\u0131klamas\u0131n\u0131n ard\u0131ndan, Ba\u011fc\u0131lar Belediyesi K\u00fclt\u00fcr Merkezi Binas\u0131&#8217;nda&nbsp; Zorunlu g\u00f6\u00e7 Foto\u011fraf sergisi gezildi ard\u0131ndan panel d\u00fczenlendi. Buradaki etkinliklerde ise T\u00fcrkiye B\u00fcy\u00fck Millet Meclisi Ba\u015fkan Vekili ve MHP \u0130stanbul Milletvekili Dr. Meral Ak\u015fener, Bulgaristan Parlamentosu H\u00d6H Milletvekili Av. Remzi Osman, \u0130stanbul ve \u00e7evre illerden ayd\u0131nlar ve federasyon \u00fcyeleri haz\u0131r bulundu. Panel de a\u00e7\u0131l\u0131\u015f konu\u015fmas\u0131n\u0131 Federasyon Ba\u015fkan\u0131 S\u00fcheyl \u00c7obano\u011flu yaparken, g\u00f6\u00e7 ma\u011fdurlar\u0131 ad\u0131na Av. H\u00fcseyin Bask\u0131n ile konuk milletvekili Remzi Osman yapt\u0131.<\/p>\n<p><b>AK\u015eENER: &#8220;K\u0130MSE BALKAN T\u00dcRK&#8217;\u00dcN\u00dc OYUNA GET\u0130RMES\u0130N!&#8221;<\/b><\/p>\n<p>Panelde s\u00f6z verilen TBMM Ba\u015fkan Vekili ve MHP \u0130stanbul Milletvekili Meral Ak\u015fener de, y\u00fczy\u0131llard\u0131r Balkan T\u00fcrkleri&#8217;nin o topraklarda Evlad-\u0131 Fatihan&#8217;\u0131n \u00e7ocuklar\u0131 olarak ya\u015fad\u0131klar\u0131na i\u015faret ederek, &#8221; Bizler Balkan T\u00fcrkleri bu topraklarda y\u00fczlerce y\u0131l hem \u00f6rnek bir \u015fekilde ya\u015fad\u0131k, hem ya\u015fatt\u0131k. Bizler zorunlu g\u00f6\u00e7lerin ne demek oldu\u011funu \u00e7ok iyi biliriz, dedemizden, ninemizden, anam\u0131zdan, babam\u0131zdan biliriz. Sonra Balkan T\u00fcrkleri&#8217;ni hi\u00e7 kimse kendi \u00e7irkin ve siyasi oyununa da alet etmesin! Bulgaristan T\u00fcrkleri bulunduklar\u0131 devletin yasalar\u0131na her zaman uydular m\u0131, uydular. Bulunduklar\u0131 \u00fclkenin daha da kalk\u0131nmas\u0131na ve oran\u0131n \u00f6rnek bir vatanda\u015f\u0131 olmak i\u00e7in \u00e7aba g\u00f6sterdiler mi, g\u00f6sterdiler. Bulgaristan T\u00fcrkleri ellerine silah al\u0131p biz burada ayr\u0131 bir devlet istiyoruz diye kalk\u0131\u015ft\u0131lar m\u0131?Hay\u0131r! Ne yapt\u0131lar? Sadece kendi dilleri, \u00f6rf ve adetleri ile karde\u015f\u00e7e ve insanca oralarda ya\u015famak istediler. O kadar. O y\u00fczden hi\u00e7 kimse balkan T\u00fcrklerini kendi ayr\u0131mc\u0131 politikalar\u0131na alet etmesin!<br \/>\nBug\u00fcn Bulgaristan T\u00fcrkleri&#8217;nin en b\u00fcy\u00fck sorunu ise \u015f\u00fcphesiz eski d\u00f6nemde meydana gelen asimilasyon politikalar\u0131 olmu\u015ftur. Ama in\u015fallah iki \u00fclke aras\u0131nda her ge\u00e7en g\u00fcn geli\u015fen ve daha da geli\u015fmekte olan kom\u015fuluk ili\u015fkileri sonucu bu k\u00f6t\u00fc d\u00f6nemler art\u0131k tarihte kalacakt\u0131r&#8221; dedi.<\/p>\n<p>T\u00fcrkiye Ayd\u0131nlar Oca\u011f\u0131 Genel Ba\u015fkan\u0131 Prof. Dr. Mustafa Erkal&#8217;\u0131n yapt\u0131\u011f\u0131 panele konu\u015fmac\u0131 olarak Yeditepe \u00dcniversitesi \u00d6\u011fretim \u00dcyesi Prof. Dr. Mesut Hakk\u0131 Ca\u015f\u0131n ile Yazar Mehmet T\u00fcrker kat\u0131ld\u0131. Panelde de Bulgaristan&#8217;da ge\u00e7mi\u015f d\u00f6nemde ya\u015fanan asimilasyon politikalar\u0131 ile g\u00fcn\u00fcm\u00fcz ve gelecekte uygulanmas\u0131 gereken politikalar anlat\u0131ld\u0131. Program kat\u0131l\u0131mc\u0131lara plaket t\u00f6reni sunulmas\u0131 ile son buldu.<br \/>\n<i><br \/>\nKaynak : YILMAZ I\u015eIK-\u0130STANBUL <\/i><\/p>\n<div class=\"zemanta-pixie\"><img data-recalc-dims=\"1\"  title=\"\" decoding=\"async\" class=\"zemanta-pixie-img\"  alt=\"pixy ZORUNLU G\u00d6\u00c7&#039;\u00dcN 20.YILI ANMA ETK\u0130NL\u0130KLER\u0130 \u0130STANBUL&#039;DA YAPILDI\"  src=\"https:\/\/i0.wp.com\/img.zemanta.com\/pixy.gif?w=640\" \/><\/div>\n","protected":false},"excerpt":{"rendered":"<p>Rumeli Balkan Federasyonu taraf\u0131ndan organize edilen &#8221; ZORUNLU G\u00d6\u00c7\u00dcN 20. YILI ANMA &#8221; Etkinlikleri hafta sonu \u0130stanbul&#8217;da ger\u00e7ekle\u015ftirildi. Etkinli\u011fin ilk program\u0131 saat 11.00&#8217;de Galatasaray lisesi \u00f6n\u00fcnden Taksime y\u00fcr\u00fcy\u00fc\u015f ile ba\u015flad\u0131. Etkinli\u011fe kat\u0131lan Federasyon&#8217;a ba\u011fl\u0131 Balkan T\u00fcrkleri Dernekleri y\u00f6neticileri ile \u00fcyeleri, ellerinde T\u00fcrk Bayraklar\u0131 ile \u0130stiklal Caddesi \u00f6n\u00fcnden alk\u0131\u015flar e\u015fli\u011finde Taksim Meydan\u0131&#8217;na do\u011fru y\u00fcr\u00fcy\u00fc\u015f ger\u00e7ekle\u015ftirdi. En [&hellip;]<\/p>\n","protected":false},"author":331,"featured_media":0,"comment_status":"open","ping_status":"open","sticky":false,"template":"","format":"standard","meta":{"advanced_seo_description":"","jetpack_seo_html_title":"","jetpack_seo_noindex":false,"ngg_post_thumbnail":0,"jetpack_post_was_ever_published":false,"_jetpack_newsletter_access":"","_jetpack_dont_email_post_to_subs":false,"_jetpack_newsletter_tier_id":0,"_jetpack_memberships_contains_paywalled_content":false,"_jetpack_memberships_contains_paid_content":false,"footnotes":""},"categories":[5],"tags":[],"class_list":["post-1834","post","type-post","status-publish","format-standard","hentry","category-haberler"],"jetpack_featured_media_url":"","jetpack_shortlink":"https:\/\/wp.me\/paHHlZ-tA","jetpack-related-posts":[{"id":968,"url":"https:\/\/www.gocmeniz.biz\/?p=968","url_meta":{"origin":1834,"position":0},"title":"BALKAN SAVA\u015eI \u015eEH\u0130TLER\u0130 T\u00d6RENLE ANILDI","author":"Haberci","date":"27 Mart 2009","format":false,"excerpt":"Balkan Sava\u015flar\u0131 s\u0131ras\u0131nda \u015fehit d\u00fc\u015fen askerler Edirne'de d\u00fczenlenen t\u00f6renle an\u0131ld\u0131. Her y\u0131l 26 mart tarihinde yap\u0131lan anma t\u00f6reni \u015e\u00fckr\u00fc Pa\u015fa An\u0131t\u0131'n\u0131n bulundu\u011fu Bu\u00e7uktepe'de d\u00fczenlendi. T\u00f6rene Edirne Valisi Mustafa B\u00fcy\u00fck, Belediye Ba\u015fkanvekili Nam\u0131k Kemal D\u00f6leneken, Garnizon Komutan\u0131 Tu\u011fgeneral Pa\u015fa \u00d6zen ve \u00e7ok say\u0131da daire m\u00fcd\u00fcr\u00fc kat\u0131ld\u0131. Sayg\u0131 duru\u015funun yap\u0131lmas\u0131 ve \u0130stiklal\u2026","rel":"","context":"&quot;Haberler&quot; i\u00e7inde","block_context":{"text":"Haberler","link":"https:\/\/www.gocmeniz.biz\/?cat=5"},"img":{"alt_text":"","src":"","width":0,"height":0},"classes":[]},{"id":425,"url":"https:\/\/www.gocmeniz.biz\/?p=425","url_meta":{"origin":1834,"position":1},"title":"BUCA&#8217;DA RUMEL\u0130 \u015eENL\u0130\u011e\u0130 BUG\u00dcN BA\u015eLIYOR","author":"Haberci","date":"13 Haziran 2008","format":false,"excerpt":"Buca Belediye Ba\u015fkan\u0131 Cemil \u015eeboy, bu y\u0131l birincisi d\u00fczenlenen Rumeli \u015eenli\u011fi i\u00e7in yap\u0131lan haz\u0131rl\u0131klarla yak\u0131ndan ilgileniyor. Buca Belediyesi ve \u0130zmir Balkan Dernekleri Federasyonu i\u015fbirli\u011finde d\u00fczenlenen Birinci Uluslararas\u0131 Rumeli \u015eenli\u011fi bug\u00fcn ba\u015fl\u0131yor. \u015eenli\u011fe Ba\u015fbakan Recep Tayyip Erdo\u011fan'\u0131n da kat\u0131lacak olmas\u0131 nedeniyle herhangi bir aksakl\u0131\u011f\u0131n ya\u015fanmamas\u0131 i\u00e7in her t\u00fcrl\u00fc tedbir al\u0131nd\u0131. Belediye\u2026","rel":"","context":"Benzer yaz\u0131","block_context":{"text":"Benzer yaz\u0131","link":""},"img":{"alt_text":"","src":"","width":0,"height":0},"classes":[]},{"id":1319,"url":"https:\/\/www.gocmeniz.biz\/?p=1319","url_meta":{"origin":1834,"position":2},"title":"BAL-G\u00d6\u00c7, g\u00f6\u00e7\u00fcn 20. y\u0131ld\u00f6n\u00fcm\u00fc etkinlikleri haz\u0131rlad\u0131","author":"Haberci","date":"06 Haziran 2009","format":false,"excerpt":"Balkan G\u00f6\u00e7menleri K\u00fclt\u00fcr ve Dayan\u0131\u015fma Derne\u011fi (BAL-G\u00d6\u00c7), Bulgaristan`dan zorunlu g\u00f6\u00e7\u00fcn 20. y\u0131ld\u00f6n\u00fcm\u00fc nedeniyle Bursa`da \u00e7e\u015fitli etkinlikler yapacak.BAL-G\u00d6\u00c7 Genel Ba\u015fkan\u0131 Emin Balkan, d\u00fczenledi\u011fi bas\u0131n toplant\u0131s\u0131nda, Bulgaristan`da 1984 y\u0131l\u0131nda ba\u015flayan T\u00fcrklere asimilasyon s\u00fcrecinde 7 Haziran 1989`da zorunlu g\u00f6\u00e7\u00fcn ba\u015flad\u0131\u011f\u0131n\u0131 belirtti. Y\u00f6netim kurulunda zorunlu g\u00f6\u00e7\u00fcn 20. y\u0131ld\u00f6n\u00fcm\u00fc nedeniyle neler yap\u0131labilece\u011fini g\u00f6r\u00fc\u015ft\u00fcklerini anlatan Balkan,\u2026","rel":"","context":"&quot;Haberler&quot; i\u00e7inde","block_context":{"text":"Haberler","link":"https:\/\/www.gocmeniz.biz\/?cat=5"},"img":{"alt_text":"","src":"","width":0,"height":0},"classes":[]},{"id":946,"url":"https:\/\/www.gocmeniz.biz\/?p=946","url_meta":{"origin":1834,"position":3},"title":"STUD\u0130O LIVE&#8217;DA BALKAN ATE\u015e\u0130","author":"Haberci","date":"23 Mart 2009","format":false,"excerpt":"Bahara merhaba derken Balkan ate\u015fini yeniden yakmaya haz\u0131r olun!Balkan Fiesta Serkan \u00c7a\u011fr\u0131 Ve Rumeli Band 28 Mart Cumartesi gecesi Studio Live'da.\u00a0Studio Live'da art\u0131k bir klasik haline gelen Balkan Fiesta bu kez d\u00fcnya \u00e7ap\u0131nda \u00fcnl\u00fc bir klarnet virt\u00f6z\u00fcn\u00fc konuk ediyor: Serkan \u00c7a\u011fr\u0131 & Rumeli Band.Ge\u00e7mi\u015ften\u00a0 g\u00fcn\u00fcm\u00fcze Rumeli ad\u0131yla bilinen topraklarda ya\u015fam\u0131\u015f\u2026","rel":"","context":"&quot;Haberler&quot; i\u00e7inde","block_context":{"text":"Haberler","link":"https:\/\/www.gocmeniz.biz\/?cat=5"},"img":{"alt_text":"","src":"","width":0,"height":0},"classes":[]},{"id":574,"url":"https:\/\/www.gocmeniz.biz\/?p=574","url_meta":{"origin":1834,"position":4},"title":"SHORT TRACK M\u0130LL\u0130 TAKIMI, 2011 \u0130\u00c7\u0130N BULGAR\u0130STAN&#8217;A G\u0130TT\u0130","author":"Haberci","date":"01 Kas\u0131m 2008","format":false,"excerpt":"T\u00fcrkiye Buz Federasyonu, 2011 \u00dcniversiad K\u0131\u015f Oyunlar\u0131 \u00e7al\u0131\u015fmalar\u0131 \u00e7er\u00e7evesinde Short track Milli Tak\u0131m\u0131'n\u0131 kamp \u00e7al\u0131\u015fmalar\u0131 i\u00e7in Bulgaristan'a g\u00f6nderdi. Buz Pateni Federasyonu, Erzurum'da yap\u0131lacak 2011 \u00dcniversiteler K\u0131\u015f Oyunlar\u0131 haz\u0131rl\u0131klar\u0131n\u0131 s\u00fcrd\u00fcr\u00fcyor. 2011 Erzurum \u00dcniversiteleraras\u0131 D\u00fcnya K\u0131\u015f Oyunlar\u0131 hazrl\u0131klar\u0131n\u0131 s\u00fcrd\u00fcren federasyon, Short Track Skating (s\u00fcrat pateni) konusunda y\u00fcr\u00fctt\u00fc\u011f\u00fc \u00e7al\u0131\u015fmalar\u0131 \u00e7er\u00e7evesinde 26 Eyl\u00fcl'de Ankara'da\u2026","rel":"","context":"&quot;Haberler&quot; i\u00e7inde","block_context":{"text":"Haberler","link":"https:\/\/www.gocmeniz.biz\/?cat=5"},"img":{"alt_text":"","src":"https:\/\/i0.wp.com\/resimler.haberler.com\/haber\/620\/short-track-milli-takimi-2011-icin-bulgaristan-a_o.jpg?resize=350%2C200","width":350,"height":200},"classes":[]},{"id":792,"url":"https:\/\/www.gocmeniz.biz\/?p=792","url_meta":{"origin":1834,"position":5},"title":"\u0130zmir&#8217;le K\u0131rcaali karde\u015f \u015fehir oldu","author":"Haberci","date":"28 Ocak 2009","format":false,"excerpt":"\u0130zmir'le Bulgaristan'\u0131n K\u0131rcaali kenti ''karde\u015f \u015fehir'' oldu.\u0130zmir ve K\u0131rcaali'nin karde\u015f \u015fehir protokol\u00fc, \u0130zmir B\u00fcy\u00fck\u015fehir Belediyesinin d\u00fczenledi\u011fi ''Balkan Rumeli \u015eenli\u011fi''nde \u0130zmir B\u00fcy\u00fck\u015fehir Belediye Ba\u015fkan\u0131 Aziz Kocao\u011flu ve K\u0131rcaali Belediye Ba\u015fkan\u0131 Hasan Azis taraf\u0131ndan imzaland\u0131.\u0130zmir B\u00fcy\u00fck\u015fehir Belediyesi taraf\u0131ndan Halkap\u0131nar Spor Salonu'nda d\u00fczenlenen ''Balkan Rumeli \u015eenli\u011fi''ne \u0130zmir ve K\u0131rcaali'den belediye ba\u015fkanlar\u0131, Balkan ve\u2026","rel":"","context":"&quot;Haberler&quot; i\u00e7inde","block_context":{"text":"Haberler","link":"https:\/\/www.gocmeniz.biz\/?cat=5"},"img":{"alt_text":"","src":"","width":0,"height":0},"classes":[]}],"jetpack_sharing_enabled":true,"jetpack_likes_enabled":true,"_links":{"self":[{"href":"https:\/\/www.gocmeniz.biz\/index.php?rest_route=\/wp\/v2\/posts\/1834","targetHints":{"allow":["GET"]}}],"collection":[{"href":"https:\/\/www.gocmeniz.biz\/index.php?rest_route=\/wp\/v2\/posts"}],"about":[{"href":"https:\/\/www.gocmeniz.biz\/index.php?rest_route=\/wp\/v2\/types\/post"}],"author":[{"embeddable":true,"href":"https:\/\/www.gocmeniz.biz\/index.php?rest_route=\/wp\/v2\/users\/331"}],"replies":[{"embeddable":true,"href":"https:\/\/www.gocmeniz.biz\/index.php?rest_route=%2Fwp%2Fv2%2Fcomments&post=1834"}],"version-history":[{"count":1,"href":"https:\/\/www.gocmeniz.biz\/index.php?rest_route=\/wp\/v2\/posts\/1834\/revisions"}],"predecessor-version":[{"id":8691,"href":"https:\/\/www.gocmeniz.biz\/index.php?rest_route=\/wp\/v2\/posts\/1834\/revisions\/8691"}],"wp:attachment":[{"href":"https:\/\/www.gocmeniz.biz\/index.php?rest_route=%2Fwp%2Fv2%2Fmedia&parent=1834"}],"wp:term":[{"taxonomy":"category","embeddable":true,"href":"https:\/\/www.gocmeniz.biz\/index.php?rest_route=%2Fwp%2Fv2%2Fcategories&post=1834"},{"taxonomy":"post_tag","embeddable":true,"href":"https:\/\/www.gocmeniz.biz\/index.php?rest_route=%2Fwp%2Fv2%2Ftags&post=1834"}],"curies":[{"name":"wp","href":"https:\/\/api.w.org\/{rel}","templated":true}]}}