{"id":1836,"date":"2009-10-17T07:58:10","date_gmt":"2009-10-17T04:58:10","guid":{"rendered":"http:\/\/www.gocmeniz.biz\/?p=1836"},"modified":"2009-10-17T07:58:13","modified_gmt":"2009-10-17T04:58:13","slug":"balkan-turkleri%e2%80%99nin-sofralari","status":"publish","type":"post","link":"https:\/\/www.gocmeniz.biz\/?p=1836","title":{"rendered":"Balkan T\u00fcrkleri\u2019nin sofralar\u0131"},"content":{"rendered":"<p><b><img data-recalc-dims=\"1\"  title=\"\"  alt=\"106b Balkan T\u00fcrkleri\u2019nin sofralar\u0131\" decoding=\"async\" style=\"max-width: 800px; float: left; margin-top: 10px; margin-bottom: 10px; margin-right: 10px;\" src=\"https:\/\/i0.wp.com\/www.hurriyet.com.tr\/_yazarlar\/images\/106b.jpg?w=640\" \/>Biz T\u00fcrkler, tarih boyunca Balkanlar\u2019\u0131n \u00f6nemli bir par\u00e7as\u0131 olmu\u015fuz.<\/b><\/p>\n<p>Osmanl\u0131 \u0131mparatorlu\u011fu zaman\u0131nda ise bu topraklar\u0131n hakimiyetini de ele ge\u00e7irmi\u015fiz.<br \/>\u00d6zellikle Fatih Sultan Mehmet d\u00f6neminde yap\u0131lan seferlerle Balkanlar\u2019da T\u00fcrk hakimiyeti artm\u0131\u015ft\u0131r. T\u00fcrk k\u00fclt\u00fcr\u00fc Balkanlar\u2019a iyice yay\u0131lm\u0131\u015ft\u0131r.<br \/>Balkanlar deyince akl\u0131m\u0131za pek \u00e7ok \u00fclke gelir. Elbette ki bu \u00fclkelerin her birinin kendine ait bir tarihi ve k\u00fclt\u00fcr\u00fc vard\u0131r. Bu y\u00fczden Balkan mutfa\u011f\u0131ndan ya da yeme i\u00e7me al\u0131\u015fkanl\u0131klar\u0131ndan bahsederken kesin ve net bir \u00e7izgi \u00e7izmek m\u00fcmk\u00fcn de\u011fildir. Balkanlar\u2019da ya\u015fayan T\u00fcrkler\u2019den birazc\u0131k bahsedecek olursak, bu T\u00fcrkler\u2019in beslenme ve sofra al\u0131\u015fkanl\u0131klar\u0131n\u0131n bize ne kadar \u00e7ok benzedi\u011fini s\u00f6ylemeden edemeyiz.<br \/>Balkan T\u00fcrkleri de g\u00fcnde \u00fc\u00e7 \u00f6\u011f\u00fcn yerler. Sabah kahvalt\u0131lar\u0131 bizimkine \u00e7ok benzer ve bu \u00f6\u011f\u00fcnde genellikle domates, salatal\u0131k, peynir, bal, pekmez ve yumurta yerler. Ancak bizden farkl\u0131 olarak sabahlar\u0131 kahvalt\u0131da \u00e7orbay\u0131 daha \u00e7ok t\u00fcketirler. \u00d6zellikle tarhana \u00e7orbas\u0131 Balkan T\u00fcrkleri\u2019nin kahvalt\u0131da en \u00e7ok t\u00fcketti\u011fi \u015feylerden biridir. \u00d6\u011fle ve ak\u015fam yemekleri ise salata ve yo\u011furtsuz ge\u00e7mez. Ekmekse bizdeki kadar \u00e7ok sevilmez Balkan T\u00fcrkleri\u2019nin sofralar\u0131nda. Bu az ekmek t\u00fcketiminin bir nedeni de Balkan T\u00fcrkleri\u2019nin yemeklerinde hamur i\u015fini \u00e7ok kullanmalar\u0131d\u0131r.<\/p>\n<p><b>cevizli rustik kek<\/b><\/p>\n<p>YAPILI\u015fI<br \/>Yumurtalar\u0131 drin bir kaseye k\u0131r\u0131p \u00fczerine&nbsp; toz\u015fekeri ekleyin. Mikserin y\u00fcksek devriyle 3-4 dakika \u00e7\u0131rp\u0131n. \u00dczerine oda s\u0131cakl\u0131\u011f\u0131ndaki s\u00fct\u00fc ve kakaoyu ilave edin. Eritilip \u0131l\u0131t\u0131lm\u0131\u015f margarini de kat\u0131p mikserle 1-2 dakika daha \u00e7\u0131rpmaya devam edin. Haz\u0131rlad\u0131\u011f\u0131n\u0131z bu kek kar\u0131\u015f\u0131m\u0131ndan 1 su barda\u011f\u0131 kadar\u0131n\u0131 ay\u0131r\u0131n. Kalan kek kar\u0131\u015f\u0131m\u0131n\u0131n \u00fczerine vanilya ve iri \u00e7ekilmi\u015f ceviz i\u00e7ini aktar\u0131n. Son olarak, kabartma tozu ve kekunu da yava\u015f yava\u015f ilave edip mikserle 2-3 dakika daha \u00e7\u0131rp\u0131n. Haz\u0131rlad\u0131\u011f\u0131n\u0131z koyu muhallebi k\u0131vaml\u0131 kek hamurunu ya\u011flanm\u0131\u015f kek kal\u0131b\u0131na aktar\u0131n. Keki 5 dakika \u00f6nceden 175 dereceye ayarlad\u0131\u011f\u0131n\u0131z f\u0131r\u0131nda 35-40 dakika kadar pi\u015firip \u00e7\u0131kar\u0131n. S\u0131cak kekin \u00fczerini bir k\u00fcrdanla 10-15 yerden delin. Yine s\u0131cak haldeyken&nbsp; \u00fczerine ay\u0131rd\u0131\u011f\u0131n\u0131z kakaolu kek kar\u0131\u015f\u0131m\u0131n\u0131 gezdirin. Kekin sosu \u00e7ekmesi i\u00e7in en az 1 saat bekleyin. \u00dczerini isterseniz \u00e7\u0131rp\u0131lm\u0131\u015f krem\u015fanti ve cevizlerle s\u00fcsleyerek servise sunun.<\/p>\n<p>\u00b7 4 adet yumurta (oda s\u0131cakl\u0131\u011f\u0131nda beklemi\u015f olmal\u0131)<br \/>\u00b7 125 gr. eritilip \u0131l\u0131t\u0131lm\u0131\u015f bitkisel margarin<br \/>\u00b7 1,5 su barda\u011f\u0131 toz\u015feker<br \/>\u00b7 1 su barda\u011f\u0131 s\u00fct (so\u011fuk olmamal\u0131)<br \/>\u00b7 1 paket vanilya<br \/>\u00b7 4 tepeleme yemek ka\u015f\u0131\u011f\u0131 kakao<br \/>\u00b7 1 su barda\u011f\u0131 \u00e7ekilmi\u015f ceviz i\u00e7i<br \/>\u00b7 2,5 su barda\u011f\u0131&nbsp; sade kekun<br \/>\u00b7 1 paket kabartma tozu<\/p>\n<div class=\"zemanta-pixie\"><img data-recalc-dims=\"1\"  title=\"\" decoding=\"async\" class=\"zemanta-pixie-img\"  alt=\"pixy Balkan T\u00fcrkleri\u2019nin sofralar\u0131\"  src=\"https:\/\/i0.wp.com\/img.zemanta.com\/pixy.gif?w=640\" \/><\/div>\n","protected":false},"excerpt":{"rendered":"<p>Biz T\u00fcrkler, tarih boyunca Balkanlar\u2019\u0131n \u00f6nemli bir par\u00e7as\u0131 olmu\u015fuz. Osmanl\u0131 \u0131mparatorlu\u011fu zaman\u0131nda ise bu topraklar\u0131n hakimiyetini de ele ge\u00e7irmi\u015fiz.\u00d6zellikle Fatih Sultan Mehmet d\u00f6neminde yap\u0131lan seferlerle Balkanlar\u2019da T\u00fcrk hakimiyeti artm\u0131\u015ft\u0131r. T\u00fcrk k\u00fclt\u00fcr\u00fc Balkanlar\u2019a iyice yay\u0131lm\u0131\u015ft\u0131r.Balkanlar deyince akl\u0131m\u0131za pek \u00e7ok \u00fclke gelir. Elbette ki bu \u00fclkelerin her birinin kendine ait bir tarihi ve k\u00fclt\u00fcr\u00fc vard\u0131r. Bu y\u00fczden [&hellip;]<\/p>\n","protected":false},"author":331,"featured_media":0,"comment_status":"open","ping_status":"open","sticky":false,"template":"","format":"standard","meta":{"advanced_seo_description":"","jetpack_seo_html_title":"","jetpack_seo_noindex":false,"ngg_post_thumbnail":0,"jetpack_post_was_ever_published":false,"_jetpack_newsletter_access":"","_jetpack_dont_email_post_to_subs":false,"_jetpack_newsletter_tier_id":0,"_jetpack_memberships_contains_paywalled_content":false,"_jetpack_memberships_contains_paid_content":false,"footnotes":""},"categories":[38],"tags":[445,444],"class_list":["post-1836","post","type-post","status-publish","format-standard","hentry","category-yiyecek-icecek","tag-balkan-sofrasi","tag-rustik-kek"],"jetpack_featured_media_url":"","jetpack_shortlink":"https:\/\/wp.me\/paHHlZ-tC","jetpack-related-posts":[{"id":1960,"url":"https:\/\/www.gocmeniz.biz\/?p=1960","url_meta":{"origin":1836,"position":0},"title":"Balkan&#8217;dan Bulgaristan&#8217;a ele\u015ftiri","author":"Haberci","date":"30 Kas\u0131m 2009","format":false,"excerpt":"Balkan G\u00f6\u00e7menleri K\u00fclt\u00fcr ve Dayan\u0131\u015fma Derne\u011fi (Bal-G\u00f6\u00e7) Genel Ba\u015fkan\u0131 Prof. Dr. Emin Balkan, Bulgaristan'daki yeni h\u00fck\u00fcmetin T\u00fcrk az\u0131nl\u0131\u011fa y\u00f6nelik izledi\u011fi politikalar\u0131 ele\u015ftirdi.Bal-G\u00f6\u00e7 Genel Merkez\u2019inde yap\u0131lan bayramla\u015fma t\u00f6reninde konu\u015fan Balkan G\u00f6\u00e7menleri K\u00fclt\u00fcr ve Dayan\u0131\u015fma Derne\u011fi (Bal-G\u00f6\u00e7) Genel Ba\u015fkan\u0131 Prof. Dr. Emin Balkan, Kurban Bayram\u0131'n\u0131n insanlar\u0131n bir araya geldi\u011fi, birlik, beraberlik ve\u2026","rel":"","context":"&quot;Haberler&quot; i\u00e7inde","block_context":{"text":"Haberler","link":"https:\/\/www.gocmeniz.biz\/?cat=5"},"img":{"alt_text":"","src":"","width":0,"height":0},"classes":[]},{"id":2621,"url":"https:\/\/www.gocmeniz.biz\/?p=2621","url_meta":{"origin":1836,"position":1},"title":"\u201cBulgaristan\u2019da 1,5 Milyon Ki\u015fi T\u00fcrk\u00e7e Konu\u015fuyor\u201d","author":"Haberci","date":"15 \u015eubat 2019","format":false,"excerpt":"Trakya \u00dcniversitesi Edebiyat Fak\u00fcltesi Tarih B\u00f6l\u00fcm\u00fc \u00d6\u011fretim \u00dcyesi Dr. B\u00fclent Y\u0131ld\u0131r\u0131m, Balkanlar\u2019da 2 milyon civar\u0131nda ki\u015finin T\u00fcrk\u00e7e konu\u015ftu\u011funu belirtti. Y\u0131ld\u0131r\u0131m, gazetecilere yapt\u0131\u011f\u0131 a\u00e7\u0131klamada, T\u00fcrkler\u2019in ve T\u00fcrk\u00e7e\u2019nin Balkanlar\u2019daki varl\u0131\u011f\u0131n\u0131 korudu\u011funu ifade etti. T\u00fcrk\u00e7e\u2019nin Balkanlar\u2019da ya\u015fat\u0131ld\u0131\u011f\u0131n\u0131 ifade eden Y\u0131ld\u0131r\u0131m, b\u00f6lgedeki en yo\u011fun T\u00fcrk n\u00fcfusun Bulgaristan\u2019da oldu\u011funu s\u00f6yledi. T\u00fcrklerin, Bulgaristan n\u00fcfusunun \u00f6nemli bir\u2026","rel":"","context":"&quot;Haberler&quot; i\u00e7inde","block_context":{"text":"Haberler","link":"https:\/\/www.gocmeniz.biz\/?cat=5"},"img":{"alt_text":"","src":"https:\/\/i0.wp.com\/www.gocmeniz.biz\/wp-content\/i.jpg?fit=636%2C372&ssl=1&resize=350%2C200","width":350,"height":200,"srcset":"https:\/\/i0.wp.com\/www.gocmeniz.biz\/wp-content\/i.jpg?fit=636%2C372&ssl=1&resize=350%2C200 1x, https:\/\/i0.wp.com\/www.gocmeniz.biz\/wp-content\/i.jpg?fit=636%2C372&ssl=1&resize=525%2C300 1.5x"},"classes":[]},{"id":968,"url":"https:\/\/www.gocmeniz.biz\/?p=968","url_meta":{"origin":1836,"position":2},"title":"BALKAN SAVA\u015eI \u015eEH\u0130TLER\u0130 T\u00d6RENLE ANILDI","author":"Haberci","date":"27 Mart 2009","format":false,"excerpt":"Balkan Sava\u015flar\u0131 s\u0131ras\u0131nda \u015fehit d\u00fc\u015fen askerler Edirne'de d\u00fczenlenen t\u00f6renle an\u0131ld\u0131. Her y\u0131l 26 mart tarihinde yap\u0131lan anma t\u00f6reni \u015e\u00fckr\u00fc Pa\u015fa An\u0131t\u0131'n\u0131n bulundu\u011fu Bu\u00e7uktepe'de d\u00fczenlendi. T\u00f6rene Edirne Valisi Mustafa B\u00fcy\u00fck, Belediye Ba\u015fkanvekili Nam\u0131k Kemal D\u00f6leneken, Garnizon Komutan\u0131 Tu\u011fgeneral Pa\u015fa \u00d6zen ve \u00e7ok say\u0131da daire m\u00fcd\u00fcr\u00fc kat\u0131ld\u0131. Sayg\u0131 duru\u015funun yap\u0131lmas\u0131 ve \u0130stiklal\u2026","rel":"","context":"&quot;Haberler&quot; i\u00e7inde","block_context":{"text":"Haberler","link":"https:\/\/www.gocmeniz.biz\/?cat=5"},"img":{"alt_text":"","src":"","width":0,"height":0},"classes":[]},{"id":1174,"url":"https:\/\/www.gocmeniz.biz\/?p=1174","url_meta":{"origin":1836,"position":3},"title":"Balkan M\u00fcsl\u00fcmanlar\u0131n\u0131n \u00e7ilesi","author":"Haberci","date":"05 May\u0131s 2009","format":false,"excerpt":"D\u0131\u015f Politika M.Necati \u00d6zfatura Osmanl\u0131 Devletinin da\u011f\u0131lmas\u0131yla, hatta 1878\u2019den bu yana Balkan M\u00fcsl\u00fcmanlar\u0131na soyk\u0131r\u0131m, bask\u0131 ve tehcir periyodik olarak devam etti. \u015eu anda bu i\u015f misyoner kurulu\u015flar\u0131na havale edildi. Mesela n\u00fcfusunun y\u00fczde 75\u2019i M\u00fcsl\u00fcman olan Arnavutluk topraklar\u0131 S\u0131rbistan, Yunanistan, Makedonya, Karada\u011f ve Sancak aras\u0131nda taksim edildi. Bosna Hersek\u2019te S\u0131rplar ve\u2026","rel":"","context":"&quot;Haberler&quot; i\u00e7inde","block_context":{"text":"Haberler","link":"https:\/\/www.gocmeniz.biz\/?cat=5"},"img":{"alt_text":"","src":"","width":0,"height":0},"classes":[]},{"id":2618,"url":"https:\/\/www.gocmeniz.biz\/?p=2618","url_meta":{"origin":1836,"position":4},"title":"72 Y\u0131ld\u0131r Bulgaristan&#8217;daki T\u00fcrklerin Sesi Oldu","author":"Haberci","date":"15 \u015eubat 2019","format":false,"excerpt":"Bulgaristan Ulusal Radyosu (BNR) T\u00fcrk\u00e7e Yay\u0131nlar Edit\u00f6rl\u00fc\u011f\u00fc, 72 y\u0131ld\u0131r \u00fclkedeki T\u00fcrkleri ilgilendiren konularda yay\u0131nlar ger\u00e7ekle\u015ftiriyor. Ulusal Radyo T\u00fcrk\u00e7e Yay\u0131nlar\u0131 Edit\u00f6rl\u00fc\u011f\u00fc, 13 \u015eubat D\u00fcnya Radyo G\u00fcn\u00fc kapsam\u0131nda 72 y\u0131ll\u0131k yay\u0131n hayat\u0131n\u0131 kutluyor. BNR T\u00fcrk\u00e7e Yay\u0131nlar\u0131 Edit\u00f6rl\u00fc\u011f\u00fc \u00e7al\u0131\u015fanlar\u0131, 13 \u015eubat D\u00fcnya Radyo G\u00fcn\u00fc vesilesiyle T\u00fcrk Bulgar Kad\u0131nlar\u0131 Dostluk Derne\u011fi (TUBUKADD) \u00fcyeleriyle bir\u2026","rel":"","context":"&quot;Haberler&quot; i\u00e7inde","block_context":{"text":"Haberler","link":"https:\/\/www.gocmeniz.biz\/?cat=5"},"img":{"alt_text":"","src":"https:\/\/i0.wp.com\/www.gocmeniz.biz\/wp-content\/bnr.jpg?fit=645%2C423&ssl=1&resize=350%2C200","width":350,"height":200,"srcset":"https:\/\/i0.wp.com\/www.gocmeniz.biz\/wp-content\/bnr.jpg?fit=645%2C423&ssl=1&resize=350%2C200 1x, https:\/\/i0.wp.com\/www.gocmeniz.biz\/wp-content\/bnr.jpg?fit=645%2C423&ssl=1&resize=525%2C300 1.5x"},"classes":[]},{"id":936,"url":"https:\/\/www.gocmeniz.biz\/?p=936","url_meta":{"origin":1836,"position":5},"title":"Balkan G\u00f6\u00e7menleri gecesi b\u00fcy\u00fck ilgi g\u00f6rd\u00fc.","author":"Haberci","date":"23 Mart 2009","format":false,"excerpt":"Balkan G\u00f6\u00e7menleri K\u00fclt\u00fcr ve Dayan\u0131\u015fma Derne\u011fi (Bal-G\u00f6\u00e7) Band\u0131rma \u015eubesi taraf\u0131ndan d\u00fczenlenen dayan\u0131\u015fma gecesi b\u00fcy\u00fck ilgi g\u00f6rd\u00fc.Oda Restoran'da d\u00fczenlenen geceye CHP Band\u0131rma Belediye Ba\u015fkan Aday\u0131 Sedat Pekel, MHP Band\u0131rma Belediye Ba\u015fkan Aday\u0131 Mustafa G\u00f6nenlio\u011flu ve Bursa'dan gelen Bal-G\u00f6\u00e7 Derne\u011fi Genel Ba\u015fkan\u0131 Prof.Dr. M\u00fcnir Balkanlar ile \u00e7ok say\u0131da dernek \u00fcyesi kat\u0131ld\u0131.Gecede konu\u015fan\u2026","rel":"","context":"&quot;Haberler&quot; i\u00e7inde","block_context":{"text":"Haberler","link":"https:\/\/www.gocmeniz.biz\/?cat=5"},"img":{"alt_text":"","src":"","width":0,"height":0},"classes":[]}],"jetpack_sharing_enabled":true,"jetpack_likes_enabled":true,"_links":{"self":[{"href":"https:\/\/www.gocmeniz.biz\/index.php?rest_route=\/wp\/v2\/posts\/1836","targetHints":{"allow":["GET"]}}],"collection":[{"href":"https:\/\/www.gocmeniz.biz\/index.php?rest_route=\/wp\/v2\/posts"}],"about":[{"href":"https:\/\/www.gocmeniz.biz\/index.php?rest_route=\/wp\/v2\/types\/post"}],"author":[{"embeddable":true,"href":"https:\/\/www.gocmeniz.biz\/index.php?rest_route=\/wp\/v2\/users\/331"}],"replies":[{"embeddable":true,"href":"https:\/\/www.gocmeniz.biz\/index.php?rest_route=%2Fwp%2Fv2%2Fcomments&post=1836"}],"version-history":[{"count":0,"href":"https:\/\/www.gocmeniz.biz\/index.php?rest_route=\/wp\/v2\/posts\/1836\/revisions"}],"wp:attachment":[{"href":"https:\/\/www.gocmeniz.biz\/index.php?rest_route=%2Fwp%2Fv2%2Fmedia&parent=1836"}],"wp:term":[{"taxonomy":"category","embeddable":true,"href":"https:\/\/www.gocmeniz.biz\/index.php?rest_route=%2Fwp%2Fv2%2Fcategories&post=1836"},{"taxonomy":"post_tag","embeddable":true,"href":"https:\/\/www.gocmeniz.biz\/index.php?rest_route=%2Fwp%2Fv2%2Ftags&post=1836"}],"curies":[{"name":"wp","href":"https:\/\/api.w.org\/{rel}","templated":true}]}}