{"id":1838,"date":"2009-10-17T08:06:28","date_gmt":"2009-10-17T05:06:28","guid":{"rendered":"http:\/\/www.gocmeniz.biz\/?p=1838"},"modified":"2026-04-03T12:25:38","modified_gmt":"2026-04-03T09:25:38","slug":"bulgaristan-kemer-sikiyor","status":"publish","type":"post","link":"https:\/\/www.gocmeniz.biz\/?p=1838","title":{"rendered":"Bulgaristan kemer s\u0131k\u0131yor"},"content":{"rendered":"<p><b>Bulgaristan Maliye Bakan\u0131 Simeon Dyankov, b\u00fct\u00e7e a\u00e7\u0131\u011f\u0131n\u0131n giderek b\u00fcy\u00fcmesi nedeniyle, y\u0131lba\u015f\u0131nda geleneksel olarak da\u011f\u0131t\u0131lan memur ikramiyelerinin bu y\u0131l verilmeyece\u011fini bildirdi.<\/b><\/p>\n<p>Bakan Dyankov, yapt\u0131\u011f\u0131 a\u00e7\u0131klamada, b\u00fct\u00e7e a\u00e7\u0131\u011f\u0131n\u0131n Eyl\u00fcl sonunda 540 milyon levaya (270 milyon Avro) ula\u015ft\u0131\u011f\u0131n\u0131 s\u00f6yledi. Krizin en yo\u011fun d\u00f6nemine girildi\u011fini ifade eden Dyankov, `kamu sekt\u00f6r\u00fcnde geleneksel olarak y\u0131l sonunda 13. maa\u015f olarak da\u011f\u0131t\u0131lan Noel ikramiyelerini unutun. B\u00fct\u00e7e a\u00e7\u0131\u011f\u0131 y\u00fcz\u00fcnden emeklilik maa\u015flar\u0131na da zam yap\u0131lamayacak` dedi. Yerel y\u00f6netim b\u00fct\u00e7elerinde de 320 milyon leval\u0131k (160 milyon Avro) b\u00fct\u00e7e a\u00e7\u0131\u011f\u0131 oldu\u011funu s\u00f6yleyen Dyankov, `Devlet b\u00fct\u00e7esinde ya\u015fanan genel s\u0131k\u0131nt\u0131 y\u00fcz\u00fcnden yerel y\u00f6netimlere de maddi destekte bulunmam\u0131z m\u00fcmk\u00fcn olmayacak` diye konu\u015ftu. 2010`un daha zor bir y\u0131l olaca\u011f\u0131n\u0131 s\u00f6zlerine ekleyen Dyankov, `Sadece e\u011fitim ve sa\u011fl\u0131k alanlar\u0131na biraz daha c\u00f6mert davranabilece\u011fiz` dedi.<\/p>\n<p>Simeon Dyankov, \u00fclkenin genel ekonomik durumu ile ilgili Maliye Bakanl\u0131\u011f\u0131`n\u0131n haz\u0131rlad\u0131\u011f\u0131 raporu da a\u00e7\u0131klad\u0131. Rapora g\u00f6re, Avrupa Birli\u011fi`nin en fakir \u00fclkeleri aras\u0131nda yer alan Bulgaristan, son 1 y\u0131lda Yunanistan`dan sonra savunma ve silahlanma i\u00e7in en \u00e7ok para harcayan \u00fclke oldu. Avrupa \u00fclkeleri, i\u00e7 g\u00fcvenlik ve kamu d\u00fczeni konular\u0131na toplam gelirin y\u00fczde 1-1,2`sini ay\u0131r\u0131rken Bulgaristan y\u00fczde 3`\u00fcn\u00fc ay\u0131r\u0131yor.<\/p>\n<div class=\"zemanta-pixie\"><img data-recalc-dims=\"1\"  title=\"\" decoding=\"async\" class=\"zemanta-pixie-img\"  alt=\"pixy Bulgaristan kemer s\u0131k\u0131yor\"  src=\"https:\/\/i0.wp.com\/img.zemanta.com\/pixy.gif?w=640\" \/><\/div>\n","protected":false},"excerpt":{"rendered":"<p>Bulgaristan Maliye Bakan\u0131 Simeon Dyankov, b\u00fct\u00e7e a\u00e7\u0131\u011f\u0131n\u0131n giderek b\u00fcy\u00fcmesi nedeniyle, y\u0131lba\u015f\u0131nda geleneksel olarak da\u011f\u0131t\u0131lan memur ikramiyelerinin bu y\u0131l verilmeyece\u011fini bildirdi. Bakan Dyankov, yapt\u0131\u011f\u0131 a\u00e7\u0131klamada, b\u00fct\u00e7e a\u00e7\u0131\u011f\u0131n\u0131n Eyl\u00fcl sonunda 540 milyon levaya (270 milyon Avro) ula\u015ft\u0131\u011f\u0131n\u0131 s\u00f6yledi. Krizin en yo\u011fun d\u00f6nemine girildi\u011fini ifade eden Dyankov, `kamu sekt\u00f6r\u00fcnde geleneksel olarak y\u0131l sonunda 13. maa\u015f olarak da\u011f\u0131t\u0131lan Noel [&hellip;]<\/p>\n","protected":false},"author":331,"featured_media":0,"comment_status":"open","ping_status":"open","sticky":false,"template":"","format":"standard","meta":{"advanced_seo_description":"","jetpack_seo_html_title":"","jetpack_seo_noindex":false,"ngg_post_thumbnail":0,"jetpack_post_was_ever_published":false,"_jetpack_newsletter_access":"","_jetpack_dont_email_post_to_subs":false,"_jetpack_newsletter_tier_id":0,"_jetpack_memberships_contains_paywalled_content":false,"_jetpack_memberships_contains_paid_content":false,"footnotes":""},"categories":[5],"tags":[],"class_list":["post-1838","post","type-post","status-publish","format-standard","hentry","category-haberler"],"jetpack_featured_media_url":"","jetpack_shortlink":"https:\/\/wp.me\/paHHlZ-tE","jetpack-related-posts":[{"id":938,"url":"https:\/\/www.gocmeniz.biz\/?p=938","url_meta":{"origin":1838,"position":0},"title":"Bulgaristan\u2019da i\u015f sekt\u00f6r\u00fc i\u015f\u00e7i say\u0131s\u0131n\u0131 azalt\u0131yor","author":"Haberci","date":"23 Mart 2009","format":false,"excerpt":"Bulgaristan\u2019da firmalar\u0131n be\u015fte biri, yeni y\u00fcksek sigorta ve vergilendirme taban\u0131ndan dolay\u0131 i\u015f\u00e7i say\u0131s\u0131n\u0131 ya donduracak, ya da azaltacak. Piyasa Ekonomisini Ara\u015ft\u0131rma Enstit\u00fcs\u00fc 160 \u015firket aras\u0131nda yapt\u0131\u011f\u0131 incelemede, bu ger\u00e7ek ortaya \u00e7\u0131kt\u0131. Bir Ocak itibar\u0131yla sigortalama taban\u0131 %26.6 ile y\u00fckseltildi. Sadece bu y\u0131l i\u00e7erisinde i\u015f sekt\u00f6r\u00fc yakla\u015f\u0131k 273 milyon avro zarara\u2026","rel":"","context":"&quot;Haberler&quot; i\u00e7inde","block_context":{"text":"Haberler","link":"https:\/\/www.gocmeniz.biz\/?cat=5"},"img":{"alt_text":"","src":"","width":0,"height":0},"classes":[]},{"id":623,"url":"https:\/\/www.gocmeniz.biz\/?p=623","url_meta":{"origin":1838,"position":1},"title":"BULGAR\u0130STAN IRAK&#8217;TAK\u0130 ASKER\u0130 B\u0130RL\u0130\u011e\u0130N\u0130 GER\u0130 \u00c7EK\u0130YOR","author":"Haberci","date":"14 Kas\u0131m 2008","format":false,"excerpt":"Bulgaristan Savunma bakan\u0131 Nikolay Tzonev, \u00fclkenin Irak'ta bulundurdu\u011fu askeri birli\u011fini y\u0131l sonuna kadar geri \u00e7ekece\u011fini bildirdi.Tzonev, Bulgar h\u00fck\u00fcmetinin bug\u00fcn, birlik personelinin 15 ile 20 Aral\u0131k tarihleri aras\u0131nda iki u\u00e7ak seferi ile yurda d\u00f6nmesine karar verdi\u011fini a\u00e7\u0131klad\u0131.Ba\u015fbakan Sergey Stani\u015fev de Irak, Afganistan, Kosova ve Bosna Hersek'de asker bulunduran Bulgaristan'\u0131n Irak'taki g\u00f6revini\u2026","rel":"","context":"&quot;Haberler&quot; i\u00e7inde","block_context":{"text":"Haberler","link":"https:\/\/www.gocmeniz.biz\/?cat=5"},"img":{"alt_text":"","src":"","width":0,"height":0},"classes":[]},{"id":204,"url":"https:\/\/www.gocmeniz.biz\/?p=204","url_meta":{"origin":1838,"position":2},"title":"1 Temmuz 2008\u2019den itibaren emekli maa\u015flar\u0131na %9.5 zam","author":"Admin","date":"12 Kas\u0131m 2007","format":false,"excerpt":"Koalisyon h\u00fck\u00fcmetinin onaylad\u0131\u011f\u0131 2008 y\u0131l\u0131na ili\u015fkin b\u00fct\u00e7e tasar\u0131s\u0131nda e\u011fitim ve sa\u011fl\u0131k alanlar\u0131na a\u011f\u0131rl\u0131k verildi.\u00a0 E\u011fitim i\u00e7in ayr\u0131lan kaynaklar, GS\u0130H'n\u0131n %4.22'si olup, 470 milyon levayla artt\u0131r\u0131ld\u0131. Sa\u011fl\u0131k i\u00e7in \u00f6ng\u00f6r\u00fclen b\u00fct\u00e7e kaynaklar\u0131 da bu y\u0131la k\u0131yasla 350 milyon leva artt\u0131r\u0131ld\u0131. 2008 y\u0131l\u0131ndan GS\u0130H'n\u0131n %6.4 art\u0131\u015f kaydetmesi bekleniyor. Y\u0131l sonu itibar\u0131yla enflasyon oran\u0131n\u2026","rel":"","context":"&quot;Haberler&quot; i\u00e7inde","block_context":{"text":"Haberler","link":"https:\/\/www.gocmeniz.biz\/?cat=5"},"img":{"alt_text":"","src":"","width":0,"height":0},"classes":[]},{"id":1312,"url":"https:\/\/www.gocmeniz.biz\/?p=1312","url_meta":{"origin":1838,"position":3},"title":"Bulgaristan&#8217;da emeklilere zam","author":"Haberci","date":"05 Haziran 2009","format":false,"excerpt":"Bulgaristan'da 7 Haziranda yap\u0131lacak Avrupa Parlamentosu (AP) se\u00e7imi arifesinde, \u00fcst d\u00fczey devlet memurlar\u0131n\u0131n maa\u015flar\u0131na 1 Temmuzda yap\u0131lmas\u0131 \u00f6ng\u00f6r\u00fclen zamm\u0131n iptal edilece\u011fi ve yerine y\u00fczde 15 oran\u0131nda maa\u015f indirimi yap\u0131laca\u011f\u0131 bildirildi. \u00a0H\u00fck\u00fcmet taraf\u0131ndan ekonomik kriz gerek\u00e7e g\u00f6sterilerek al\u0131nan karar\u0131, Maliye Bakan\u0131 Plamen Ore\u015farski a\u00e7\u0131klad\u0131. Ore\u015farski kriz dolay\u0131s\u0131yla b\u00fct\u00e7e harcamalar\u0131na ciddi k\u0131s\u0131tlamalar\u2026","rel":"","context":"&quot;Haberler&quot; i\u00e7inde","block_context":{"text":"Haberler","link":"https:\/\/www.gocmeniz.biz\/?cat=5"},"img":{"alt_text":"","src":"https:\/\/i0.wp.com\/www.morleyindependent.com\/images\/pensioner.jpg?resize=350%2C200","width":350,"height":200},"classes":[]},{"id":1316,"url":"https:\/\/www.gocmeniz.biz\/?p=1316","url_meta":{"origin":1838,"position":4},"title":"Bulgaristan`da b\u00fcrokratlar\u0131n maa\u015flar\u0131 indirilecek","author":"Haberci","date":"06 Haziran 2009","format":false,"excerpt":"Bulgaristan`da 7 Hazirandaki AP se\u00e7imi \u00f6ncesi, \u00fcst d\u00fczey devlet memurlar\u0131n\u0131n maa\u015flar\u0131na yap\u0131lmas\u0131 \u00f6ng\u00f6r\u00fclen zamm\u0131n iptal edilece\u011fini ve maa\u015flar\u0131n\u0131n indirilece\u011fini a\u00e7\u0131klad\u0131. Bulgaristan`da 7 Haziranda yap\u0131lacak Avrupa Parlamentosu(AP) se\u00e7imi arifesinde, \u00fcst d\u00fczey devlet memurlar\u0131n\u0131n maa\u015flar\u0131na 1 Temmuzda yap\u0131lmas\u0131 \u00f6ng\u00f6r\u00fclen zamm\u0131n iptal edilece\u011fi ve yerine y\u00fczde 15 oran\u0131nda maa\u015f indirimi yap\u0131laca\u011f\u0131 bildirildi. H\u00fck\u00fcmet\u2026","rel":"","context":"&quot;Haberler&quot; i\u00e7inde","block_context":{"text":"Haberler","link":"https:\/\/www.gocmeniz.biz\/?cat=5"},"img":{"alt_text":"","src":"","width":0,"height":0},"classes":[]},{"id":767,"url":"https:\/\/www.gocmeniz.biz\/?p=767","url_meta":{"origin":1838,"position":5},"title":"CSKA Sofya&#8217;ya yolsuzluk su\u00e7lamas\u0131","author":"Haberci","date":"13 Ocak 2009","format":false,"excerpt":"Ekonomik kriz y\u00fcz\u00fcnden iflas\u0131n e\u015fi\u011fine gelen Bulgaristan'\u0131n CSKA Sofya Futbol Kul\u00fcb\u00fc'n\u00fcn ba\u015fkan\u0131 Aleksandar Tomov hakk\u0131nda \u201cyolsuzluk\u201d su\u00e7lamas\u0131yla dava a\u00e7\u0131laca\u011f\u0131 bildirildi.Bulgaristan Devlet Haber Ajans\u0131 BTA'n\u0131n haberine g\u00f6re, savc\u0131 Bojidar Cambazov, Tomov'un yolsuzluk yaparak zimmetine 36 milyon leva (18 milyon avro) para ge\u00e7irmekten yarg\u0131lanaca\u011f\u0131n\u0131 a\u00e7\u0131klad\u0131.Savc\u0131 Cambazov a\u00e7\u0131klamas\u0131nda, Tomov'un, halen ba\u015fkanl\u0131\u011f\u0131n\u0131 yapt\u0131\u011f\u0131 \u00c7SKA\u2026","rel":"","context":"&quot;Haberler&quot; i\u00e7inde","block_context":{"text":"Haberler","link":"https:\/\/www.gocmeniz.biz\/?cat=5"},"img":{"alt_text":"","src":"","width":0,"height":0},"classes":[]}],"jetpack_sharing_enabled":true,"jetpack_likes_enabled":true,"_links":{"self":[{"href":"https:\/\/www.gocmeniz.biz\/index.php?rest_route=\/wp\/v2\/posts\/1838","targetHints":{"allow":["GET"]}}],"collection":[{"href":"https:\/\/www.gocmeniz.biz\/index.php?rest_route=\/wp\/v2\/posts"}],"about":[{"href":"https:\/\/www.gocmeniz.biz\/index.php?rest_route=\/wp\/v2\/types\/post"}],"author":[{"embeddable":true,"href":"https:\/\/www.gocmeniz.biz\/index.php?rest_route=\/wp\/v2\/users\/331"}],"replies":[{"embeddable":true,"href":"https:\/\/www.gocmeniz.biz\/index.php?rest_route=%2Fwp%2Fv2%2Fcomments&post=1838"}],"version-history":[{"count":1,"href":"https:\/\/www.gocmeniz.biz\/index.php?rest_route=\/wp\/v2\/posts\/1838\/revisions"}],"predecessor-version":[{"id":8988,"href":"https:\/\/www.gocmeniz.biz\/index.php?rest_route=\/wp\/v2\/posts\/1838\/revisions\/8988"}],"wp:attachment":[{"href":"https:\/\/www.gocmeniz.biz\/index.php?rest_route=%2Fwp%2Fv2%2Fmedia&parent=1838"}],"wp:term":[{"taxonomy":"category","embeddable":true,"href":"https:\/\/www.gocmeniz.biz\/index.php?rest_route=%2Fwp%2Fv2%2Fcategories&post=1838"},{"taxonomy":"post_tag","embeddable":true,"href":"https:\/\/www.gocmeniz.biz\/index.php?rest_route=%2Fwp%2Fv2%2Ftags&post=1838"}],"curies":[{"name":"wp","href":"https:\/\/api.w.org\/{rel}","templated":true}]}}