{"id":1842,"date":"2009-10-22T08:45:57","date_gmt":"2009-10-22T05:45:57","guid":{"rendered":"http:\/\/www.gocmeniz.biz\/?p=1842"},"modified":"2026-04-03T12:25:38","modified_gmt":"2026-04-03T09:25:38","slug":"buyuksehir-heyeti-bulgaristan-yolcusu","status":"publish","type":"post","link":"https:\/\/www.gocmeniz.biz\/?p=1842","title":{"rendered":"B\u00fcy\u00fck\u015fehir heyeti Bulgaristan yolcusu"},"content":{"rendered":"<p><strong>Kocaeli B\u00fcy\u00fck\u015fehir Belediye Ba\u015fkan\u0131 \u0130brahim Karaosmano\u011flu\u2019nun kafile ba\u015fkanl\u0131\u011f\u0131ndaki B\u00fcy\u00fck\u015fehir Meclisi \u00fcyelerinden olu\u015fan 54 ki\u015filik heyet, be\u015f g\u00fcnl\u00fck inceleme gezisi i\u00e7in bu gece Bulgaristan\u2019a gidiyor.<\/strong> B\u00fcy\u00fck\u015fehir binas\u0131 \u00f6n\u00fcnden bu gece saat 01.30\u2019da yola \u00e7\u0131kacak kafile 27 Ekim Sal\u0131 g\u00fcn\u00fc yurda d\u00f6necek.<\/p>\n<p><strong>K\u00dcLT\u00dcR GEZ\u0130S\u0130 <\/strong><\/p>\n<p>Karaosmano\u011flu ile birlikte \u0130zmit, Dar\u0131ca, K\u00f6rfez, Kartepe, Ba\u015fiskele, Dilovas\u0131 belediye ba\u015fkanlar\u0131 ve meclis \u00fcyelerinin de yer ald\u0131\u011f\u0131 geziye baz\u0131 meclis \u00fcyeleri e\u015fleriyle gidiyor. E\u015fini g\u00f6t\u00fcren \u00fcyeler, masraflar\u0131 kendi ceplerinden kar\u015f\u0131layacak. Bulgaristan\u2019da Burgaz, \u015eumnu, Razgrad, Rus\u00e7uk, Filibe, K\u0131rcaali ve Mestanl\u0131 ile Sofya\u2019y\u0131 ziyaret edecek B\u00fcy\u00fck\u015fehir meclis \u00fcyeleri, yar\u0131n ilk olarak \u00c7epelce k\u00f6y\u00fcnde cami temel atma t\u00f6renine kat\u0131lacak. Geziye AKP\u2019den 42, CHP\u2019den 3, SP\u2019den 2 ve bir ba\u011f\u0131ms\u0131z \u00fcye ile 6 da B\u00fcy\u00fck\u015fehir personeli kat\u0131l\u0131yor.<\/p>\n","protected":false},"excerpt":{"rendered":"<p>Kocaeli B\u00fcy\u00fck\u015fehir Belediye Ba\u015fkan\u0131 \u0130brahim Karaosmano\u011flu\u2019nun kafile ba\u015fkanl\u0131\u011f\u0131ndaki B\u00fcy\u00fck\u015fehir Meclisi \u00fcyelerinden olu\u015fan 54 ki\u015filik heyet, be\u015f g\u00fcnl\u00fck inceleme gezisi i\u00e7in bu gece Bulgaristan\u2019a gidiyor. B\u00fcy\u00fck\u015fehir binas\u0131 \u00f6n\u00fcnden bu gece saat 01.30\u2019da yola \u00e7\u0131kacak kafile 27 Ekim Sal\u0131 g\u00fcn\u00fc yurda d\u00f6necek. K\u00dcLT\u00dcR GEZ\u0130S\u0130 Karaosmano\u011flu ile birlikte \u0130zmit, Dar\u0131ca, K\u00f6rfez, Kartepe, Ba\u015fiskele, Dilovas\u0131 belediye ba\u015fkanlar\u0131 ve meclis [&hellip;]<\/p>\n","protected":false},"author":331,"featured_media":0,"comment_status":"open","ping_status":"open","sticky":false,"template":"","format":"standard","meta":{"advanced_seo_description":"","jetpack_seo_html_title":"","jetpack_seo_noindex":false,"ngg_post_thumbnail":0,"jetpack_post_was_ever_published":false,"_jetpack_newsletter_access":"","_jetpack_dont_email_post_to_subs":false,"_jetpack_newsletter_tier_id":0,"_jetpack_memberships_contains_paywalled_content":false,"_jetpack_memberships_contains_paid_content":false,"footnotes":""},"categories":[5],"tags":[],"class_list":["post-1842","post","type-post","status-publish","format-standard","hentry","category-haberler"],"jetpack_featured_media_url":"","jetpack_shortlink":"https:\/\/wp.me\/paHHlZ-tI","jetpack-related-posts":[{"id":1858,"url":"https:\/\/www.gocmeniz.biz\/?p=1858","url_meta":{"origin":1842,"position":0},"title":"Karaosmano\u011flu, y\u00fcr\u00fcy\u00fc\u015f\u00fc Bulgaristan\u2019da da aksatmad\u0131","author":"Haberci","date":"26 Ekim 2009","format":false,"excerpt":"Kocaeli B\u00fcy\u00fck\u015fehir Ba\u015fkan\u0131 \u0130brahim Karaosmano\u011flu ve meclis \u00fcyelerinin Bulgaristan gezisi y\u00fcr\u00fcyor. Karaosmano\u011flu, y\u00fcr\u00fcy\u00fc\u015f, sabah sporuna olan tutkusundan Bulgaristan\u2019da da vazge\u00e7medi. Program\u0131n\u0131 aynen devam ettiren Karaosmano\u011flu, Razgrad ormanlar\u0131nda y\u00fcr\u00fcy\u00fc\u015f yapt\u0131, formuna ne denli dikkat etti\u011fini bir kez daha g\u00f6sterdi. Ba\u015fkan Karaosmano\u011flu ile meclis \u00fcyeleri, Bulgaristan gezisinin ikinci g\u00fcn\u00fcnde \u015eumnu, Razgrad, Kovanl\u0131k,\u2026","rel":"","context":"&quot;Haberler&quot; i\u00e7inde","block_context":{"text":"Haberler","link":"https:\/\/www.gocmeniz.biz\/?cat=5"},"img":{"alt_text":"","src":"","width":0,"height":0},"classes":[]},{"id":537,"url":"https:\/\/www.gocmeniz.biz\/?p=537","url_meta":{"origin":1842,"position":1},"title":"F\u0130L\u0130BE \u0130LE BURSA ARASINDA \u0130MZALANAN &#8216;KARDE\u015e\u015eEH\u0130R ANLA\u015eMASI&#8217; \u0130PTAL ED\u0130LD\u0130","author":"Haberci","date":"17 Ekim 2008","format":false,"excerpt":"Bursa B\u00fcy\u00fck\u015fehir Belediye Meclisi, Ekim ay\u0131 oturumunda, Bulgaristan'da s\u00f6zde Ermeni soyk\u0131r\u0131m\u0131na ili\u015fkin olarak karar alan Filibe ile Bursa aras\u0131nda imzalanan 'Karde\u015f\u015fehir Anla\u015fmas\u0131' iptal edildi.B\u00fcy\u00fck\u015fehir Belediyesi, 2004\/2009 se\u00e7im d\u00f6neminin 57., 5. d\u00f6nemin 10. ola\u011fan meclis toplant\u0131s\u0131 Merinos Atat\u00fcrk Kongre ve K\u00fclt\u00fcr Merkezi'ndeki Meclis Salonu'nda yap\u0131ld\u0131. Meclis Ba\u015fkan\u0131 Fahreddin Y\u0131ld\u0131r\u0131m'\u0131n g\u00f6zetiminde ger\u00e7ekle\u015ftirilen\u2026","rel":"","context":"&quot;Haberler&quot; i\u00e7inde","block_context":{"text":"Haberler","link":"https:\/\/www.gocmeniz.biz\/?cat=5"},"img":{"alt_text":"","src":"","width":0,"height":0},"classes":[]},{"id":459,"url":"https:\/\/www.gocmeniz.biz\/?p=459","url_meta":{"origin":1842,"position":2},"title":"\u0130ZM\u0130R B\u00dcY\u00dcK\u015eEH\u0130R HEYET\u0130 SOFYA&#8217;DA","author":"Haberci","date":"04 Temmuz 2008","format":false,"excerpt":"\u0130zmir B\u00fcy\u00fck\u015fehir Belediye Ba\u015fkan\u0131 Aziz Kocao\u011flu ve beraberindeki heyet, Bulgaristan temaslar\u0131na ba\u015flad\u0131. Sofya Havaliman\u0131'nda K\u0131rcaali Belediye Ba\u015fkan\u0131 Hasan Aziz taraf\u0131ndan kar\u015f\u0131lanan \u0130zmir heyeti, ilk olarak T\u00fcrk k\u00f6kenli vatanda\u015flar\u0131n kurdu\u011fu Hak ve \u00d6zg\u00fcrl\u00fckler Partisi'ne mensup Milli E\u011fitim Bakan Yard\u0131mc\u0131s\u0131 Mukaddes Nalbant'\u0131 ziyaret etti. Olduk\u00e7a samimi bir havada ge\u00e7en g\u00f6r\u00fc\u015fmede, ba\u015fta engelli\u2026","rel":"","context":"Benzer yaz\u0131","block_context":{"text":"Benzer yaz\u0131","link":""},"img":{"alt_text":"","src":"","width":0,"height":0},"classes":[]},{"id":2289,"url":"https:\/\/www.gocmeniz.biz\/?p=2289","url_meta":{"origin":1842,"position":3},"title":"Varna&#8217;ya ilk yard\u0131m Bursa&#8217;dan","author":"Haberci","date":"24 Haziran 2014","format":false,"excerpt":"Bursa B\u00fcy\u00fck\u015fehir Belediye Ba\u015fkan\u0131 Recep Altepe, Kuzey Do\u011fu Bulgaristan'da ya\u015fanan sel felaketinden zarar g\u00f6ren afetzedeler i\u00e7in haz\u0131rlanan 2 TIR dolusu yard\u0131m malzemesini Varna'ya g\u00f6nderdi. Balkanlar'da ne zaman bir felaket olsa \u015fehrin b\u00fct\u00fcn dinamiklerini harekete ge\u00e7irerek felaket b\u00f6lgelerine destek veren Bursa B\u00fcy\u00fck\u015fehir Belediyesi, bu sefer Kuzey Do\u011fu Bulgaristan'\u0131n Varna \u015fehrinde ya\u015fanan\u2026","rel":"","context":"&quot;Haberler&quot; i\u00e7inde","block_context":{"text":"Haberler","link":"https:\/\/www.gocmeniz.biz\/?cat=5"},"img":{"alt_text":"","src":"https:\/\/i0.wp.com\/images.bursadabugun.com\/haber\/2014\/06\/24\/429436-varna-ya-ilk-yardim-bursa-dan-53a960490d5e1.jpg?resize=350%2C200","width":350,"height":200},"classes":[]},{"id":208,"url":"https:\/\/www.gocmeniz.biz\/?p=208","url_meta":{"origin":1842,"position":4},"title":"Soyda\u015f G\u00fcre\u015f\u00e7iler, B\u00fcy\u00fck\u015fehir&#8217;i Ziyaret Etti","author":"Admin","date":"12 Kas\u0131m 2007","format":false,"excerpt":"\u0130zmir B\u00fcy\u00fck\u015fehir Belediyesi Ba\u015fkan Vekili Yusuf Ali Karaman, Atat\u00fcrk'\u00fcn 69. \u00f6l\u00fcm y\u0131l d\u00f6n\u00fcm\u00fc an\u0131s\u0131na B\u00fcy\u00fck\u015fehir Belediyesi taraf\u0131ndan d\u00fczenlenen g\u00fcre\u015f m\u00fcsabakalar\u0131 kapsam\u0131nda \u0130zmir'de bulunan Bulgaristan'\u0131n Olimpiest Tak\u0131m\u0131 g\u00fcre\u015f\u00e7ilerini makam\u0131nda a\u011f\u0131rlad\u0131. G\u00fcre\u015f tak\u0131m\u0131n\u0131n ba\u015fkanl\u0131\u011f\u0131n\u0131 da y\u00fcr\u00fcten Targovi\u00e7 kentinin Antonovo il\u00e7esi Belediye Ba\u015fkan\u0131 Taner Ali, g\u00fcre\u015fin iki \u00fclkenin de ata sporu oldu\u011funu vurgulad\u0131.\u2026","rel":"","context":"&quot;Haberler&quot; i\u00e7inde","block_context":{"text":"Haberler","link":"https:\/\/www.gocmeniz.biz\/?cat=5"},"img":{"alt_text":"","src":"https:\/\/i0.wp.com\/resimler.haberler.com\/haber\/812\/soydas-guresciler-buyuksehir-i-ziyaret-etti-2_b.jpg?resize=350%2C200","width":350,"height":200},"classes":[]},{"id":792,"url":"https:\/\/www.gocmeniz.biz\/?p=792","url_meta":{"origin":1842,"position":5},"title":"\u0130zmir&#8217;le K\u0131rcaali karde\u015f \u015fehir oldu","author":"Haberci","date":"28 Ocak 2009","format":false,"excerpt":"\u0130zmir'le Bulgaristan'\u0131n K\u0131rcaali kenti ''karde\u015f \u015fehir'' oldu.\u0130zmir ve K\u0131rcaali'nin karde\u015f \u015fehir protokol\u00fc, \u0130zmir B\u00fcy\u00fck\u015fehir Belediyesinin d\u00fczenledi\u011fi ''Balkan Rumeli \u015eenli\u011fi''nde \u0130zmir B\u00fcy\u00fck\u015fehir Belediye Ba\u015fkan\u0131 Aziz Kocao\u011flu ve K\u0131rcaali Belediye Ba\u015fkan\u0131 Hasan Azis taraf\u0131ndan imzaland\u0131.\u0130zmir B\u00fcy\u00fck\u015fehir Belediyesi taraf\u0131ndan Halkap\u0131nar Spor Salonu'nda d\u00fczenlenen ''Balkan Rumeli \u015eenli\u011fi''ne \u0130zmir ve K\u0131rcaali'den belediye ba\u015fkanlar\u0131, Balkan ve\u2026","rel":"","context":"&quot;Haberler&quot; i\u00e7inde","block_context":{"text":"Haberler","link":"https:\/\/www.gocmeniz.biz\/?cat=5"},"img":{"alt_text":"","src":"","width":0,"height":0},"classes":[]}],"jetpack_sharing_enabled":true,"jetpack_likes_enabled":true,"_links":{"self":[{"href":"https:\/\/www.gocmeniz.biz\/index.php?rest_route=\/wp\/v2\/posts\/1842","targetHints":{"allow":["GET"]}}],"collection":[{"href":"https:\/\/www.gocmeniz.biz\/index.php?rest_route=\/wp\/v2\/posts"}],"about":[{"href":"https:\/\/www.gocmeniz.biz\/index.php?rest_route=\/wp\/v2\/types\/post"}],"author":[{"embeddable":true,"href":"https:\/\/www.gocmeniz.biz\/index.php?rest_route=\/wp\/v2\/users\/331"}],"replies":[{"embeddable":true,"href":"https:\/\/www.gocmeniz.biz\/index.php?rest_route=%2Fwp%2Fv2%2Fcomments&post=1842"}],"version-history":[{"count":1,"href":"https:\/\/www.gocmeniz.biz\/index.php?rest_route=\/wp\/v2\/posts\/1842\/revisions"}],"predecessor-version":[{"id":8986,"href":"https:\/\/www.gocmeniz.biz\/index.php?rest_route=\/wp\/v2\/posts\/1842\/revisions\/8986"}],"wp:attachment":[{"href":"https:\/\/www.gocmeniz.biz\/index.php?rest_route=%2Fwp%2Fv2%2Fmedia&parent=1842"}],"wp:term":[{"taxonomy":"category","embeddable":true,"href":"https:\/\/www.gocmeniz.biz\/index.php?rest_route=%2Fwp%2Fv2%2Fcategories&post=1842"},{"taxonomy":"post_tag","embeddable":true,"href":"https:\/\/www.gocmeniz.biz\/index.php?rest_route=%2Fwp%2Fv2%2Ftags&post=1842"}],"curies":[{"name":"wp","href":"https:\/\/api.w.org\/{rel}","templated":true}]}}