{"id":1844,"date":"2009-10-24T12:36:11","date_gmt":"2009-10-24T09:36:11","guid":{"rendered":"http:\/\/www.gocmeniz.biz\/?p=1844"},"modified":"2026-04-03T12:25:38","modified_gmt":"2026-04-03T09:25:38","slug":"1844","status":"publish","type":"post","link":"https:\/\/www.gocmeniz.biz\/?p=1844","title":{"rendered":""},"content":{"rendered":"<p><img data-recalc-dims=\"1\"  title=\"\" loading=\"lazy\" decoding=\"async\" class=\"alignleft\" src=\"https:\/\/i0.wp.com\/www.haberantalya.com\/resimler\/haber\/44444444444444444444444444444444444444.jpg?resize=403%2C171\"  alt=\"44444444444444444444444444444444444444 \"  width=\"403\" height=\"171\" \/><\/p>\n<p><strong>Bulgaristan&#8217;\u0131n TV-ART adl\u0131 televizyon kanal\u0131 &#8221;Anadolu&#8217;da \u0130nsan Uygarl\u0131klar\u0131&#8221; adl\u0131 belgesel i\u00e7in Ka\u015f ve Demre&#8217;de \u00e7ekimler yapt\u0131.<\/strong><\/p>\n<p>Bulgar TV-Art kanal\u0131ndan yap\u0131mc\u0131 Stiliyan \u0130vanov, kameraman Miroslav Evdosiev ve prod\u00fckt\u00f6r Dlian Nedeltcher&#8217;ten olu\u015fan ekip, Demre ve Ka\u015f&#8217;a geldi. Demre&#8217;de Noel Baba M\u00fczesi, Myra, Andirake, Simena Antik kentleri, Bat\u0131k Kent&#8217;te ve \u00dc\u00e7a\u011f\u0131z K\u00f6y\u00fc&#8217;nde \u00e7ekimler yapan ekip, Ka\u015f&#8217;ta da, il\u00e7e merkezinde, Patara ve Santhos antik kentlerinde \u00e7ekimler yapt\u0131lar.<\/p>\n<p>Program\u0131n yap\u0131mc\u0131s\u0131 Stiliyan \u0130vanov, gazetecilere yapt\u0131\u011f\u0131 a\u00e7\u0131klamada, &#8221;Daha \u00f6nce &#8221;Trakya&#8217;da \u0130nsan Uygarl\u0131klar\u0131&#8221; ve &#8221;Mezapotamya&#8217;da \u0130nsan Uygarl\u0131klar\u0131&#8221; adl\u0131 \u00fc\u00e7 b\u00f6l\u00fcml\u00fck programlar \u00e7ektik. Trakya ve Mezapotamya&#8217;da M.\u00d6. 5. Y\u00fczy\u0131ldan bu yana ya\u015fanan uygarl\u0131klar\u0131 \u00e7ektik. En son Anadolu&#8217;yu \u00e7ekiyoruz. Anadolu en uzun b\u00f6l\u00fcm olacak. 54&#8217;er dakikal\u0131k \u00fc\u00e7 b\u00f6l\u00fcmden olu\u015facak. \u00c7ekimler iki ay s\u00fcrecek&#8221; dedi.<\/p>\n<p>Anadolu&#8217;da \u0130nsan Uygarl\u0131klar\u0131 belgeselinin 2010 y\u0131l\u0131n\u0131n \u015fubat ay\u0131nda \u00fc\u00e7 b\u00f6l\u00fcm halinde yay\u0131nlanaca\u011f\u0131n\u0131 kaydeden \u0130vanov, belgeselin yay\u0131nlanmas\u0131n\u0131n ard\u0131ndan Bulgaristan&#8217;dan T\u00fcrkiye&#8217;ye daha \u00e7ok turist gelece\u011fini s\u00f6yledi.<\/p>\n","protected":false},"excerpt":{"rendered":"<p>Bulgaristan&#8217;\u0131n TV-ART adl\u0131 televizyon kanal\u0131 &#8221;Anadolu&#8217;da \u0130nsan Uygarl\u0131klar\u0131&#8221; adl\u0131 belgesel i\u00e7in Ka\u015f ve Demre&#8217;de \u00e7ekimler yapt\u0131. Bulgar TV-Art kanal\u0131ndan yap\u0131mc\u0131 Stiliyan \u0130vanov, kameraman Miroslav Evdosiev ve prod\u00fckt\u00f6r Dlian Nedeltcher&#8217;ten olu\u015fan ekip, Demre ve Ka\u015f&#8217;a geldi. Demre&#8217;de Noel Baba M\u00fczesi, Myra, Andirake, Simena Antik kentleri, Bat\u0131k Kent&#8217;te ve \u00dc\u00e7a\u011f\u0131z K\u00f6y\u00fc&#8217;nde \u00e7ekimler yapan ekip, Ka\u015f&#8217;ta da, il\u00e7e [&hellip;]<\/p>\n","protected":false},"author":331,"featured_media":0,"comment_status":"open","ping_status":"open","sticky":false,"template":"","format":"standard","meta":{"advanced_seo_description":"","jetpack_seo_html_title":"","jetpack_seo_noindex":false,"ngg_post_thumbnail":0,"jetpack_post_was_ever_published":false,"_jetpack_newsletter_access":"","_jetpack_dont_email_post_to_subs":false,"_jetpack_newsletter_tier_id":0,"_jetpack_memberships_contains_paywalled_content":false,"_jetpack_memberships_contains_paid_content":false,"footnotes":""},"categories":[5],"tags":[],"class_list":["post-1844","post","type-post","status-publish","format-standard","hentry","category-haberler"],"jetpack_featured_media_url":"","jetpack_shortlink":"https:\/\/wp.me\/saHHlZ-1844","jetpack-related-posts":[{"id":9650,"url":"https:\/\/www.gocmeniz.biz\/?p=9650","url_meta":{"origin":1844,"position":0},"title":"Bulgaristan&#8217;da &#8220;Belene Toplama Kamp\u0131n\u0131n Son Tutsaklar\u0131&#8221; belgesel filminin galas\u0131 yap\u0131ld\u0131","author":"Admin","date":"04 Nisan 2026","format":false,"excerpt":"Bulgaristan'\u0131n ba\u015fkenti Sofya'da, Avrupa'n\u0131n son toplama kamp\u0131 olan Belene'nin son tutsaklar\u0131n\u0131n bug\u00fcne kadar pek bilinmeyen hikayelerini konu alan \"Belene Toplama Kamp\u0131n\u0131n Son Tutsaklar\u0131\" adl\u0131 belgesel filminin galas\u0131 yap\u0131ld\u0131. Sofya'da bir sinema salonunda d\u00fczenlenen g\u00f6sterime, T\u00fcrkiye'nin Sofya B\u00fcy\u00fckel\u00e7isi Mehmet Sait Uyan\u0131k, Bulgaristan Ba\u015fbakan\u0131 Andrey Gyurov, Ula\u015ft\u0131rma ve Haberle\u015fme Bakan\u0131 Korman \u0130smailov,\u2026","rel":"","context":"&quot;Haberler&quot; i\u00e7inde","block_context":{"text":"Haberler","link":"https:\/\/www.gocmeniz.biz\/?cat=5"},"img":{"alt_text":"","src":"https:\/\/i0.wp.com\/www.gocmeniz.biz\/wp-content\/bulgaristan-da-belene-toplama-kampinin-son-19714818_amp.webp?fit=1200%2C800&ssl=1&resize=350%2C200","width":350,"height":200,"srcset":"https:\/\/i0.wp.com\/www.gocmeniz.biz\/wp-content\/bulgaristan-da-belene-toplama-kampinin-son-19714818_amp.webp?fit=1200%2C800&ssl=1&resize=350%2C200 1x, https:\/\/i0.wp.com\/www.gocmeniz.biz\/wp-content\/bulgaristan-da-belene-toplama-kampinin-son-19714818_amp.webp?fit=1200%2C800&ssl=1&resize=525%2C300 1.5x, https:\/\/i0.wp.com\/www.gocmeniz.biz\/wp-content\/bulgaristan-da-belene-toplama-kampinin-son-19714818_amp.webp?fit=1200%2C800&ssl=1&resize=700%2C400 2x, https:\/\/i0.wp.com\/www.gocmeniz.biz\/wp-content\/bulgaristan-da-belene-toplama-kampinin-son-19714818_amp.webp?fit=1200%2C800&ssl=1&resize=1050%2C600 3x"},"classes":[]},{"id":1017,"url":"https:\/\/www.gocmeniz.biz\/?p=1017","url_meta":{"origin":1844,"position":1},"title":"3-4 bin euroya \u00e7ocuklar\u0131n\u0131 mafyaya sat\u0131yorlar","author":"Haberci","date":"08 Nisan 2009","format":false,"excerpt":"Bulgaristan'da insan ka\u00e7ak\u00e7\u0131l\u0131\u011f\u0131 yapan mafya gruplar\u0131n\u0131n y\u0131lda bir milyar euro kazan\u00e7 sa\u011flad\u0131klar\u0131 bildirildi.\"Riskmonitor\" adl\u0131 vak\u0131f taraf\u0131ndan ba\u015fkent Sofya'da d\u00fczenlenen \"Ka\u00e7ak \u0130nsan Trafi\u011fi ve Para Aklama Y\u00f6ntemleri\" konulu konferansa kat\u0131lan uzmanlar, Bulgaristan'da insan ka\u00e7ak\u00e7\u0131l\u0131\u011f\u0131n\u0131n ciddi boyuta ula\u015ft\u0131\u011f\u0131na i\u015faret ettiler.Uzmanlar taraf\u0131ndan konferansa sunulan bir raporda, insan ka\u00e7ak\u00e7\u0131l\u0131\u011f\u0131 ticaretinden kazan\u0131lan yakla\u015f\u0131k bir milyar\u2026","rel":"","context":"&quot;Haberler&quot; i\u00e7inde","block_context":{"text":"Haberler","link":"https:\/\/www.gocmeniz.biz\/?cat=5"},"img":{"alt_text":"","src":"","width":0,"height":0},"classes":[]},{"id":332,"url":"https:\/\/www.gocmeniz.biz\/?p=332","url_meta":{"origin":1844,"position":2},"title":"&#8220;H\u00fcrrem Sultan&#8221; Bulgaristan Sahnesinde","author":"Haberci","date":"17 Nisan 2008","format":false,"excerpt":"Bulgaristan'\u0131n K\u0131rcaali kentindeki Kadriye Latifova M\u00fczikal ve Dram Tiyatrosu, T\u00fcrkiye'den Antalya Devlet Tiyatrosu ile Ukrayna'dan Ruskiy Dramaticeskiy Tiyatrosu'nun birlikte sahneleyecekleri \"H\u00fcrrem Sultan-Roxelanne\" adl\u0131 oyuna ev sahipli\u011fi yapacak. Bulgaristan'\u0131n 1980'li y\u0131llardan itibaren topraklar\u0131ndaki T\u00fcrk az\u0131nl\u0131\u011fa uygulad\u0131\u011f\u0131 \"asimilasyon politikalar\u0131\" nedeniyle kapat\u0131lan ancak 2004 y\u0131l\u0131nda perdelerini a\u00e7abilen Kadriye Latifova M\u00fczikal ve Dram Tiyatrosu,\u2026","rel":"","context":"&quot;Haberler&quot; i\u00e7inde","block_context":{"text":"Haberler","link":"https:\/\/www.gocmeniz.biz\/?cat=5"},"img":{"alt_text":"","src":"","width":0,"height":0},"classes":[]},{"id":1037,"url":"https:\/\/www.gocmeniz.biz\/?p=1037","url_meta":{"origin":1844,"position":3},"title":"Bulgaristan&#8217;da art\u0131k \u00e7ocuklar da &#8220;sat\u0131l\u0131k&#8221;","author":"Haberci","date":"11 Nisan 2009","format":false,"excerpt":"Bulgaristan'da ciddi bir art\u0131\u015f g\u00f6steren insan ka\u00e7ak\u00e7\u0131l\u0131\u011f\u0131, \u00e7ocuklar\u0131n sat\u0131lmaya ba\u015fland\u0131\u011f\u0131n\u0131n ortaya \u00e7\u0131k\u0131\u015f\u0131yla daha da dramatik bir boyut kazand\u0131. \u0130nsan tacirlerinin \"ikna etti\u011fi\" Bulgaristanl\u0131 aileler, \u00e7ocuklar\u0131n\u0131 3 ile 4 bin Euro aras\u0131nda fiyatlardan \"sat\u0131\u015fa \u00e7\u0131kar\u0131yor\". Bulgaristan'\u0131n ba\u015fkenti Sofya'da ge\u00e7ti\u011fimiz g\u00fcnlerde yap\u0131lan \"Ka\u00e7ak \u0130nsan Trafi\u011fi ve Para Aklama Y\u00f6ntemleri\" adl\u0131 konferans, insan\u2026","rel":"","context":"&quot;Haberler&quot; i\u00e7inde","block_context":{"text":"Haberler","link":"https:\/\/www.gocmeniz.biz\/?cat=5"},"img":{"alt_text":"","src":"","width":0,"height":0},"classes":[]},{"id":473,"url":"https:\/\/www.gocmeniz.biz\/?p=473","url_meta":{"origin":1844,"position":4},"title":"Suna Pekuysal&#8217;\u0131 kaybettik","author":"Haberci","date":"23 Temmuz 2008","format":false,"excerpt":"\u00dcnl\u00fc tiyatro sanat\u00e7\u0131s\u0131 Suna Pekuysal, bir s\u00fcredir tedavi g\u00f6rd\u00fc\u011f\u00fc hastanede hayat\u0131n\u0131 kaybetti. 75 ya\u015f\u0131ndaki Pekuysal, ge\u00e7ti\u011fimiz hafta evinde d\u00fc\u015ferek kal\u00e7as\u0131n\u0131 incitmi\u015f ve \u0130stanbul \u00dcniversitesi T\u0131p Fak\u00fcltesi Hastanesi'ne kald\u0131r\u0131lm\u0131\u015ft\u0131. \u0130stanbul \u00dcniversitesi (\u0130\u00dc) \u0130stanbul T\u0131p Fak\u00fcltesi Hastanesi'nden Prof. Dr. L\u00fctf\u00fc Telci, \u00fcnl\u00fc tiyatrocunun d\u00fcn gece kal\u00e7a k\u0131r\u0131\u011f\u0131 nedeniyle acilen ameliyata al\u0131nd\u0131\u011f\u0131n\u0131 belirterek,\u2026","rel":"","context":"&quot;Haberler&quot; i\u00e7inde","block_context":{"text":"Haberler","link":"https:\/\/www.gocmeniz.biz\/?cat=5"},"img":{"alt_text":"","src":"","width":0,"height":0},"classes":[]},{"id":757,"url":"https:\/\/www.gocmeniz.biz\/?p=757","url_meta":{"origin":1844,"position":5},"title":"Sofya\u2019da  yayl\u0131 m\u00fczik aletlerinin yap\u0131lmas\u0131 ve restore edilmesine ait bilim ve sanat\u0131n canlanmas\u0131na adanan \u201cEufonia 2009\u201d adl\u0131 ortak Avrupa projesi ba\u015flat\u0131l\u0131yor","author":"Haberci","date":"08 Ocak 2009","format":false,"excerpt":"Sofya\u2019da Bulgaristan, Bel\u00e7ika ve Romanya\u2019n\u0131n deste\u011fiyle yayl\u0131 m\u00fczik aletlerinin yap\u0131lmas\u0131 ve restore edilmesine ait bilim ve sanat\u0131n canlanmas\u0131na adanan \u201cEufonia 2009\u201d adl\u0131 ortak Avrupa projesi ba\u015flat\u0131l\u0131yor.Giri\u015fimin ortaklar\u0131, Sofya Belediyesi, Bel\u00e7ika\u2019n\u0131n en b\u00fcy\u00fck e\u011fitim kurumlar\u0131ndan \u201cEspace Formation\u201d ve Romanya\u2019n\u0131n tan\u0131nan vakf\u0131 \u201cFundatia Art Production\u201d. Proje, bir yar\u0131\u015fma yoluyla keman, viyola, \u00e7ello\u2026","rel":"","context":"&quot;Haberler&quot; i\u00e7inde","block_context":{"text":"Haberler","link":"https:\/\/www.gocmeniz.biz\/?cat=5"},"img":{"alt_text":"","src":"","width":0,"height":0},"classes":[]}],"jetpack_sharing_enabled":true,"jetpack_likes_enabled":true,"_links":{"self":[{"href":"https:\/\/www.gocmeniz.biz\/index.php?rest_route=\/wp\/v2\/posts\/1844","targetHints":{"allow":["GET"]}}],"collection":[{"href":"https:\/\/www.gocmeniz.biz\/index.php?rest_route=\/wp\/v2\/posts"}],"about":[{"href":"https:\/\/www.gocmeniz.biz\/index.php?rest_route=\/wp\/v2\/types\/post"}],"author":[{"embeddable":true,"href":"https:\/\/www.gocmeniz.biz\/index.php?rest_route=\/wp\/v2\/users\/331"}],"replies":[{"embeddable":true,"href":"https:\/\/www.gocmeniz.biz\/index.php?rest_route=%2Fwp%2Fv2%2Fcomments&post=1844"}],"version-history":[{"count":1,"href":"https:\/\/www.gocmeniz.biz\/index.php?rest_route=\/wp\/v2\/posts\/1844\/revisions"}],"predecessor-version":[{"id":8985,"href":"https:\/\/www.gocmeniz.biz\/index.php?rest_route=\/wp\/v2\/posts\/1844\/revisions\/8985"}],"wp:attachment":[{"href":"https:\/\/www.gocmeniz.biz\/index.php?rest_route=%2Fwp%2Fv2%2Fmedia&parent=1844"}],"wp:term":[{"taxonomy":"category","embeddable":true,"href":"https:\/\/www.gocmeniz.biz\/index.php?rest_route=%2Fwp%2Fv2%2Fcategories&post=1844"},{"taxonomy":"post_tag","embeddable":true,"href":"https:\/\/www.gocmeniz.biz\/index.php?rest_route=%2Fwp%2Fv2%2Ftags&post=1844"}],"curies":[{"name":"wp","href":"https:\/\/api.w.org\/{rel}","templated":true}]}}