{"id":1846,"date":"2009-10-24T12:38:16","date_gmt":"2009-10-24T09:38:16","guid":{"rendered":"http:\/\/www.gocmeniz.biz\/?p=1846"},"modified":"2026-04-03T12:17:07","modified_gmt":"2026-04-03T09:17:07","slug":"edirne-resimleri-sergisi-prizrende","status":"publish","type":"post","link":"https:\/\/www.gocmeniz.biz\/?p=1846","title":{"rendered":"Edirne Resimleri Sergisi Prizren`de"},"content":{"rendered":"<p><strong>Prizren`in Gazi Mehmet Pa\u015fa Hamam\u0131`nda Edirne Resimleri Sergisi a\u00e7\u0131l\u0131\u015f\u0131 yap\u0131ld\u0131. A\u00e7\u0131l\u0131\u015f\u0131 \u00e7ok say\u0131da sanatsever kat\u0131ld\u0131.<\/strong><\/p>\n<p>`Edirne G\u00fcnleri` \u00e7er\u00e7evesinde Prizren`in Gazi Mehmet Pa\u015fa Hamam\u0131`nda 2 g\u00fcn a\u00e7\u0131k olan Edirne resimleri sergisinin bu ak\u015fam resmi a\u00e7\u0131l\u0131\u015f\u0131 yap\u0131ld\u0131.<\/p>\n<p>\u00c7ok say\u0131da sanatseverin haz\u0131r bulundu\u011fu a\u00e7\u0131l\u0131\u015f t\u00f6reninde konuklar\u0131 ve sanatseverleri selamlayan Prizren Belediye Ba\u015fkan Yard\u0131mc\u0131s\u0131 Ercan \u015epat, Edirne- Prizren aras\u0131nda k\u00fclt\u00fcrel ili\u015fkilerin geli\u015fmesinden memnuniyetini ifade ederken etkinlikleri d\u00fczenleyenlere te\u015fekk\u00fcrlerini ifade etti.<\/p>\n<p>Kosova Meclisi Ba\u015fkan Vekili M\u00fcferra \u015einik, k\u00fclt\u00fcr ve sanat\u0131n iki \u00fclke aras\u0131nda ili\u015fkilerin geli\u015fmesinde \u00f6nemine i\u015faret ederken `Edirne G\u00fcnler,`nin devam\u0131n\u0131 diledi.<\/p>\n<p>Edirne Valisi Mustafa B\u00fcy\u00fck ise konu\u015fmas\u0131nda etkinliklerden k\u0131saca bilgi verdi ve etkinliklerin d\u00fczenlenmesinde katk\u0131lar\u0131 olanlara te\u015fekk\u00fcrlerini ifade etti. Edirne 11. T\u00fcrksoy Ressamlar bulu\u015fmas\u0131nda Balkanlar ve T\u00fcrki Cumhuriyetlerinden gelen \u00e7ok say\u0131da ressam\u0131n eserlerini Prizren sanatseverlerine sergileme mutlulu\u011funu ya\u015fad\u0131klar\u0131n\u0131 ifade eden Vali Mustafa B\u00fcy\u00fck, bu t\u00fcr etkinliklerin Edirne`de yap\u0131lmas\u0131 i\u00e7in Kosoval\u0131 sanat\u00e7\u0131lara \u00e7a\u011fr\u0131da bulundu.<\/p>\n<p>Edirne Resimleri Sergisi resmi a\u00e7\u0131l\u0131\u015f\u0131 resmi yap\u0131ld\u0131ktan sonra davetlilere kokteyl verildi.<\/p>\n<p>Edirne Resimleri sergisinde T\u00fcrksoy Ressamlar Kolonisinde Azerbaycan, Kazakistan, K\u0131rg\u0131zistan, \u00d6zbekistan, Tataristan, Gagavuz, T\u00fcrkiye, T\u00fcrkmenistan, Ba\u015fkurdistan, T\u0131va, Saha, KKTC, Bosna-Hersek, Arnavutluk, Karada\u011f, Makedonya, Kosova ve Bulgaristan`dan ressamlar\u0131n eserleri sergileniyor.<\/p>\n","protected":false},"excerpt":{"rendered":"<p>Prizren`in Gazi Mehmet Pa\u015fa Hamam\u0131`nda Edirne Resimleri Sergisi a\u00e7\u0131l\u0131\u015f\u0131 yap\u0131ld\u0131. A\u00e7\u0131l\u0131\u015f\u0131 \u00e7ok say\u0131da sanatsever kat\u0131ld\u0131. `Edirne G\u00fcnleri` \u00e7er\u00e7evesinde Prizren`in Gazi Mehmet Pa\u015fa Hamam\u0131`nda 2 g\u00fcn a\u00e7\u0131k olan Edirne resimleri sergisinin bu ak\u015fam resmi a\u00e7\u0131l\u0131\u015f\u0131 yap\u0131ld\u0131. \u00c7ok say\u0131da sanatseverin haz\u0131r bulundu\u011fu a\u00e7\u0131l\u0131\u015f t\u00f6reninde konuklar\u0131 ve sanatseverleri selamlayan Prizren Belediye Ba\u015fkan Yard\u0131mc\u0131s\u0131 Ercan \u015epat, Edirne- Prizren aras\u0131nda [&hellip;]<\/p>\n","protected":false},"author":331,"featured_media":0,"comment_status":"open","ping_status":"open","sticky":false,"template":"","format":"standard","meta":{"advanced_seo_description":"","jetpack_seo_html_title":"","jetpack_seo_noindex":false,"ngg_post_thumbnail":0,"jetpack_post_was_ever_published":false,"_jetpack_newsletter_access":"","_jetpack_dont_email_post_to_subs":false,"_jetpack_newsletter_tier_id":0,"_jetpack_memberships_contains_paywalled_content":false,"_jetpack_memberships_contains_paid_content":false,"footnotes":""},"categories":[5],"tags":[],"class_list":["post-1846","post","type-post","status-publish","format-standard","hentry","category-haberler"],"jetpack_featured_media_url":"","jetpack_shortlink":"https:\/\/wp.me\/paHHlZ-tM","jetpack-related-posts":[{"id":1690,"url":"https:\/\/www.gocmeniz.biz\/?p=1690","url_meta":{"origin":1846,"position":0},"title":"Kap\u0131kule`den rekor say\u0131da \u00e7\u0131k\u0131\u015f yap\u0131ld\u0131","author":"Haberci","date":"16 A\u011fustos 2009","format":false,"excerpt":"Edirne`de bulunan Kap\u0131kule S\u0131n\u0131r Kap\u0131s\u0131`nda yurda 24 saatte en \u00e7ok ara\u00e7 ve yolcu giri\u015fiyle k\u0131r\u0131lan rekor, yurt d\u0131\u015f\u0131na \u00e7\u0131k\u0131\u015flarda da k\u0131r\u0131ld\u0131.Edirne G\u00fcmr\u00fckleri ve Muhafaza Ba\u015fm\u00fcd\u00fcr\u00fc Kaptan K\u0131l\u0131\u00e7, AA muhabirine yapt\u0131\u011f\u0131 a\u00e7\u0131klamada, son 24 saatte Kap\u0131kule S\u0131n\u0131r Kap\u0131s\u0131ndan 6 bin 331 ara\u00e7la, 39 bin 622 yolcunun yurt d\u0131\u015f\u0131na \u00e7\u0131k\u0131\u015f yapt\u0131\u011f\u0131n\u0131 bildirdi.Ge\u00e7en\u2026","rel":"","context":"&quot;Haberler&quot; i\u00e7inde","block_context":{"text":"Haberler","link":"https:\/\/www.gocmeniz.biz\/?cat=5"},"img":{"alt_text":"","src":"","width":0,"height":0},"classes":[]},{"id":1272,"url":"https:\/\/www.gocmeniz.biz\/?p=1272","url_meta":{"origin":1846,"position":1},"title":"Emekli generalden SAVA\u015e itiraf\u0131","author":"Haberci","date":"28 May\u0131s 2009","format":false,"excerpt":"BULGAR\u0130STAN Cumhurba\u015fkan\u0131 Yard\u0131mc\u0131s\u0131 emekli General Angel Marin ilgin\u00e7 bir itirafta bulundu. BULGAR\u0130STAN Cumhurba\u015fkan\u0131 Yard\u0131mc\u0131s\u0131 emekli General Angel Marin \u00fclkesinde silahl\u0131 kuvvetlerde g\u00f6rev yapt\u0131\u011f\u0131 s\u0131rada kendilerinin s\u00fcrekli olarak T\u00fcrkiye ile sava\u015f yap\u0131lmas\u0131 konusunda e\u011fitildi\u011fini s\u00f6yledi. Trakya \u00dcniversitesi Yabanc\u0131 Diller Y\u00fcksek Okulu T\u00fcrk- Bulgar Akademisyenler ve \u00d6\u011frenciler Bulu\u015fma Noktas\u0131'n\u0131n a\u00e7\u0131l\u0131\u015f\u0131 Bulgaristan Cumhurba\u015fkan\u0131\u2026","rel":"","context":"&quot;Haberler&quot; i\u00e7inde","block_context":{"text":"Haberler","link":"https:\/\/www.gocmeniz.biz\/?cat=5"},"img":{"alt_text":"","src":"","width":0,"height":0},"classes":[]},{"id":206,"url":"https:\/\/www.gocmeniz.biz\/?p=206","url_meta":{"origin":1846,"position":2},"title":"\u0130\u015fadamlar\u0131na y\u00f6nelik T\u00fcrk\u00e7e Bulgarca s\u00f6zl\u00fck haz\u0131rland\u0131","author":"Admin","date":"12 Kas\u0131m 2007","format":false,"excerpt":"Bulgaristan'da ticari faaliyette bulunan T\u00fcrk i\u015fadamlar\u0131na y\u00f6nelik Bulgarca-T\u00fcrk\u00e7e s\u00f6zl\u00fck haz\u0131rland\u0131. Trakya \u00dcniversitesi E\u011fitim Fak\u00fcltesinde Bulgarca \u00f6\u011fretmeni olarak g\u00f6rev yapan Nedyalko Ruskov ve \u015eener \u015eahin taraf\u0131ndan haz\u0131rlanan s\u00f6zl\u00fck, \u00f6n\u00fcm\u00fczdeki g\u00fcnlerde Bulgarca \u00f6\u011frenmek isteyenlere sunulacak. Bulgaristan'\u0131n Edirne Ba\u015fkonsolosu Angel ANGELOV, kitab\u0131n Edirne b\u00f6lgesindeki i\u015f adamlar\u0131 i\u00e7in \u00e7ok yararl\u0131 olaca\u011f\u0131na inand\u0131\u011f\u0131n\u0131 Belirterek, s\u00f6zl\u00fc\u011f\u00fc\u2026","rel":"","context":"&quot;Haberler&quot; i\u00e7inde","block_context":{"text":"Haberler","link":"https:\/\/www.gocmeniz.biz\/?cat=5"},"img":{"alt_text":"","src":"","width":0,"height":0},"classes":[]},{"id":524,"url":"https:\/\/www.gocmeniz.biz\/?p=524","url_meta":{"origin":1846,"position":3},"title":"BULGAR\u0130STAN&#8217;DA, ED\u0130RNE KU\u015eATMASINDA \u00d6LEN BULGAR ASKERLER ANISINA ANIT","author":"Haberci","date":"06 Ekim 2008","format":false,"excerpt":"Bulgaristan Cumhurba\u015fkan\u0131 Georgi P\u0131rvanov, Balkan Sava\u015f\u0131 s\u0131ras\u0131nda Edirne ku\u015fatmas\u0131nda \u00f6len Bulgar askerleri an\u0131s\u0131na Haskova kentine ba\u011fl\u0131 Svilengrad beldesinde yapt\u0131r\u0131lan an\u0131t\u0131n a\u00e7\u0131l\u0131\u015f\u0131n\u0131 yapt\u0131.P\u0131rvanov, t\u00f6rende yapt\u0131\u011f\u0131 konu\u015fmada, 1912-1913 y\u0131l\u0131nda \u00f6len Bulgar askerlerinin unutulmad\u0131\u011f\u0131n\u0131 s\u00f6yledi. Sava\u015fta ya\u015fam\u0131n\u0131 yitiren Bulgar askerleri an\u0131s\u0131na an\u0131t yapt\u0131rd\u0131klar\u0131n\u0131 ifade eden P\u0131rvanov, Balkan Sava\u015f\u0131na \u00e7ok say\u0131da Bulgar askerinin kat\u0131ld\u0131\u011f\u0131n\u0131\u2026","rel":"","context":"&quot;Haberler&quot; i\u00e7inde","block_context":{"text":"Haberler","link":"https:\/\/www.gocmeniz.biz\/?cat=5"},"img":{"alt_text":"","src":"","width":0,"height":0},"classes":[]},{"id":1654,"url":"https:\/\/www.gocmeniz.biz\/?p=1654","url_meta":{"origin":1846,"position":4},"title":"Bat\u0131 Trakya Tarihi Se\u00e7ek Ya\u011fl\u0131 G\u00fcre\u015flerinde T\u00fcrk, Yunan ve Bulgar g\u00fcre\u015f\u00e7iler kap\u0131\u015ft\u0131","author":"Haberci","date":"04 A\u011fustos 2009","format":false,"excerpt":"DEDEA\u011eA\u00c7(C\u0130HAN)- Yunanistan`\u0131n Rodop ve Meri\u00e7(Evros) illerinin birle\u015fti\u011fi Se\u00e7ek yaylas\u0131nda d\u00fczenlenen geleneksel Se\u00e7ek Ya\u011fl\u0131 G\u00fcre\u015fleri ve K\u00fclt\u00fcrel \u015eenlikleri k\u00fclt\u00fcrel etkinlikler ve ya\u011fl\u0131 g\u00fcre\u015f finaliyle sona erdi. Ba\u015fpehlival\u0131\u011f\u0131 Edirneli \u00fcnl\u00fc g\u00fcre\u015f\u00e7i Ahmet Yavuz kazand\u0131. Se\u00e7ek Az\u0131nl\u0131k E\u011fitim ve K\u00fclt\u00fcr Derne\u011fi`nin d\u00fczenledi\u011fi ve 650 y\u0131ll\u0131k bir ge\u00e7mi\u015fe sahip tarihi ya\u011fl\u0131 g\u00fcre\u015fler ve k\u00fclt\u00fcrel\u2026","rel":"","context":"&quot;Haberler&quot; i\u00e7inde","block_context":{"text":"Haberler","link":"https:\/\/www.gocmeniz.biz\/?cat=5"},"img":{"alt_text":"","src":"","width":0,"height":0},"classes":[]},{"id":968,"url":"https:\/\/www.gocmeniz.biz\/?p=968","url_meta":{"origin":1846,"position":5},"title":"BALKAN SAVA\u015eI \u015eEH\u0130TLER\u0130 T\u00d6RENLE ANILDI","author":"Haberci","date":"27 Mart 2009","format":false,"excerpt":"Balkan Sava\u015flar\u0131 s\u0131ras\u0131nda \u015fehit d\u00fc\u015fen askerler Edirne'de d\u00fczenlenen t\u00f6renle an\u0131ld\u0131. Her y\u0131l 26 mart tarihinde yap\u0131lan anma t\u00f6reni \u015e\u00fckr\u00fc Pa\u015fa An\u0131t\u0131'n\u0131n bulundu\u011fu Bu\u00e7uktepe'de d\u00fczenlendi. T\u00f6rene Edirne Valisi Mustafa B\u00fcy\u00fck, Belediye Ba\u015fkanvekili Nam\u0131k Kemal D\u00f6leneken, Garnizon Komutan\u0131 Tu\u011fgeneral Pa\u015fa \u00d6zen ve \u00e7ok say\u0131da daire m\u00fcd\u00fcr\u00fc kat\u0131ld\u0131. Sayg\u0131 duru\u015funun yap\u0131lmas\u0131 ve \u0130stiklal\u2026","rel":"","context":"&quot;Haberler&quot; i\u00e7inde","block_context":{"text":"Haberler","link":"https:\/\/www.gocmeniz.biz\/?cat=5"},"img":{"alt_text":"","src":"","width":0,"height":0},"classes":[]}],"jetpack_sharing_enabled":true,"jetpack_likes_enabled":true,"_links":{"self":[{"href":"https:\/\/www.gocmeniz.biz\/index.php?rest_route=\/wp\/v2\/posts\/1846","targetHints":{"allow":["GET"]}}],"collection":[{"href":"https:\/\/www.gocmeniz.biz\/index.php?rest_route=\/wp\/v2\/posts"}],"about":[{"href":"https:\/\/www.gocmeniz.biz\/index.php?rest_route=\/wp\/v2\/types\/post"}],"author":[{"embeddable":true,"href":"https:\/\/www.gocmeniz.biz\/index.php?rest_route=\/wp\/v2\/users\/331"}],"replies":[{"embeddable":true,"href":"https:\/\/www.gocmeniz.biz\/index.php?rest_route=%2Fwp%2Fv2%2Fcomments&post=1846"}],"version-history":[{"count":1,"href":"https:\/\/www.gocmeniz.biz\/index.php?rest_route=\/wp\/v2\/posts\/1846\/revisions"}],"predecessor-version":[{"id":8690,"href":"https:\/\/www.gocmeniz.biz\/index.php?rest_route=\/wp\/v2\/posts\/1846\/revisions\/8690"}],"wp:attachment":[{"href":"https:\/\/www.gocmeniz.biz\/index.php?rest_route=%2Fwp%2Fv2%2Fmedia&parent=1846"}],"wp:term":[{"taxonomy":"category","embeddable":true,"href":"https:\/\/www.gocmeniz.biz\/index.php?rest_route=%2Fwp%2Fv2%2Fcategories&post=1846"},{"taxonomy":"post_tag","embeddable":true,"href":"https:\/\/www.gocmeniz.biz\/index.php?rest_route=%2Fwp%2Fv2%2Ftags&post=1846"}],"curies":[{"name":"wp","href":"https:\/\/api.w.org\/{rel}","templated":true}]}}