{"id":1848,"date":"2009-10-24T12:40:46","date_gmt":"2009-10-24T09:40:46","guid":{"rendered":"http:\/\/www.gocmeniz.biz\/?p=1848"},"modified":"2026-04-03T12:25:38","modified_gmt":"2026-04-03T09:25:38","slug":"bu-babalari-muayene-edecek-doktor-araniyor","status":"publish","type":"post","link":"https:\/\/www.gocmeniz.biz\/?p=1848","title":{"rendered":"Bu babalar\u0131 muayene edecek doktor aran\u0131yor"},"content":{"rendered":"<p><strong><img data-recalc-dims=\"1\"  title=\"\" loading=\"lazy\" decoding=\"async\" class=\"alignleft\" src=\"https:\/\/i0.wp.com\/www.yenisafak.com.tr\/resim\/site\/bu_babalari_muayene_23102009.jpg?resize=300%2C225\"  alt=\"bu_babalari_muayene_23102009 Bu babalar\u0131 muayene edecek doktor aran\u0131yor\"  width=\"300\" height=\"225\" \/><\/strong><\/p>\n<p><strong>Bulgaristan`da \u00fc\u00e7 ayr\u0131 cinayet davas\u0131nda yarg\u0131lanan iki mafya liderini muayene edip haklar\u0131nda sa\u011fl\u0131k raporu yazacak doktor bulunam\u0131yor.<\/strong><\/p>\n<p>Bulgar doktorlar\u0131n, korktuklar\u0131 i\u00e7in, mafya lideri karde\u015fler Krasimir Marinov ile Nikolay Marinov`u muayene etmemeleri ve haklar\u0131nda rapor yazmamalar\u0131 y\u00fcz\u00fcnden davada hi\u00e7bir ilerleme olmu-yor. Savc\u0131 Roman Vasilev, 25 doktorun sa\u011fl\u0131k kontrol\u00fcn\u00fc yapmay\u0131 reddettiklerini, bu y\u00fczden mahkemenin yurtd\u0131\u015f\u0131ndan doktor getirmek zorunda kalaca\u011f\u0131n\u0131 s\u00f6yledi.<\/p>\n","protected":false},"excerpt":{"rendered":"<p>Bulgaristan`da \u00fc\u00e7 ayr\u0131 cinayet davas\u0131nda yarg\u0131lanan iki mafya liderini muayene edip haklar\u0131nda sa\u011fl\u0131k raporu yazacak doktor bulunam\u0131yor. Bulgar doktorlar\u0131n, korktuklar\u0131 i\u00e7in, mafya lideri karde\u015fler Krasimir Marinov ile Nikolay Marinov`u muayene etmemeleri ve haklar\u0131nda rapor yazmamalar\u0131 y\u00fcz\u00fcnden davada hi\u00e7bir ilerleme olmu-yor. Savc\u0131 Roman Vasilev, 25 doktorun sa\u011fl\u0131k kontrol\u00fcn\u00fc yapmay\u0131 reddettiklerini, bu y\u00fczden mahkemenin yurtd\u0131\u015f\u0131ndan doktor getirmek [&hellip;]<\/p>\n","protected":false},"author":331,"featured_media":0,"comment_status":"open","ping_status":"open","sticky":false,"template":"","format":"standard","meta":{"advanced_seo_description":"","jetpack_seo_html_title":"","jetpack_seo_noindex":false,"ngg_post_thumbnail":0,"jetpack_post_was_ever_published":false,"_jetpack_newsletter_access":"","_jetpack_dont_email_post_to_subs":false,"_jetpack_newsletter_tier_id":0,"_jetpack_memberships_contains_paywalled_content":false,"_jetpack_memberships_contains_paid_content":false,"footnotes":""},"categories":[5],"tags":[],"class_list":["post-1848","post","type-post","status-publish","format-standard","hentry","category-haberler"],"jetpack_featured_media_url":"","jetpack_shortlink":"https:\/\/wp.me\/paHHlZ-tO","jetpack-related-posts":[{"id":1132,"url":"https:\/\/www.gocmeniz.biz\/?p=1132","url_meta":{"origin":1848,"position":0},"title":"&#8216;KIZIMIN ORGANLARI \u00c7ALINDI&#8217;","author":"Haberci","date":"29 Nisan 2009","format":false,"excerpt":"Bursa'n\u0131n merkez Y\u0131ld\u0131r\u0131m il\u00e7esinde bir kad\u0131n, bir \u00e7ocuk annesi k\u0131z\u0131na mide rahats\u0131zl\u0131\u011f\u0131 nedeniyle gitti\u011fi hastanede \u00f6nce 'kanser' te\u015fhisi konuldu\u011funu, sonra da ameliyatla i\u00e7 organlar\u0131n\u0131n \u00e7al\u0131nd\u0131\u011f\u0131n\u0131 iddia etti. 5 y\u0131l \u00f6nce meydana gelen olay\u0131 yarg\u0131ya ta\u015f\u0131yan kad\u0131n bug\u00fcn adliye saray\u0131 \u00f6n\u00fcnde bekleyen gazetecilerden yard\u0131m istedi. Embiye Kahraman (60), sonuna kadar hakk\u0131n\u0131\u2026","rel":"","context":"&quot;Haberler&quot; i\u00e7inde","block_context":{"text":"Haberler","link":"https:\/\/www.gocmeniz.biz\/?cat=5"},"img":{"alt_text":"","src":"","width":0,"height":0},"classes":[]},{"id":2031,"url":"https:\/\/www.gocmeniz.biz\/?p=2031","url_meta":{"origin":1848,"position":1},"title":"Bulgaristan&#8217;da 380 bin ki\u015fi sa\u011fl\u0131k sigortas\u0131 hakk\u0131n\u0131 kaybedecek","author":"Haberci","date":"11 Ocak 2010","format":false,"excerpt":"Sa\u011fl\u0131k Sigortas\u0131 Yasas\u0131\u2019nda 1 Ocak\u2019tan itibaren y\u00fcr\u00fcrl\u00fc\u011fe giren de\u011fi\u015fiklikler sonucu yakla\u015f\u0131k 380 bin ki\u015finin sa\u011fl\u0131k sigortas\u0131 hakk\u0131n\u0131 kaybetme tehlikesi bulundu\u011fu a\u00e7\u0131kland\u0131. Ulusal Gelirler Ajans\u0131 (NAP) \u2018Sigorta Metodolojisi\u2019 dairesi ba\u015fkan\u0131 Katya Ka\u015f\u0131mova, yeni yasan\u0131n 36 ay i\u00e7inde 3 aydan fazla sigorta borcunu \u00f6demeyenlerin sa\u011fl\u0131k haklar\u0131ndan mahrum olaca\u011f\u0131n\u0131 \u00f6ng\u00f6rd\u00fc\u011f\u00fcn\u00fc s\u00f6yledi. \u00d6nceki uygulamaya\u2026","rel":"","context":"&quot;Haberler&quot; i\u00e7inde","block_context":{"text":"Haberler","link":"https:\/\/www.gocmeniz.biz\/?cat=5"},"img":{"alt_text":"","src":"","width":0,"height":0},"classes":[]},{"id":1415,"url":"https:\/\/www.gocmeniz.biz\/?p=1415","url_meta":{"origin":1848,"position":2},"title":"Bulgaristan`da 3 domuz gribi vakas\u0131 daha","author":"Haberci","date":"24 Haziran 2009","format":false,"excerpt":"Bulgaristan Sa\u011fl\u0131k Bakanl\u0131\u011f\u0131, \u00fclkede 3 yeni domuz gribi vakas\u0131n\u0131n daha tespit edildi\u011fini bildirdi.Sa\u011fl\u0131k Bakanl\u0131\u011f\u0131 Bas\u0131n Merkezinden yap\u0131lan a\u00e7\u0131klamada, ABD`den 13 Haziranda Bulgaristan`a gelen bir kad\u0131n ve k\u0131z\u0131nda H1N1 ad\u0131yla bilinen A tipi domuz gribi vir\u00fcs\u00fc tespit edildi\u011fi, anne ve k\u0131z\u0131 ile temas eden ba\u015fka bir \u00e7ocu\u011fa da vir\u00fcs\u00fcn bula\u015ft\u0131\u011f\u0131 kaydedildi.Washington`dan\u2026","rel":"","context":"&quot;Haberler&quot; i\u00e7inde","block_context":{"text":"Haberler","link":"https:\/\/www.gocmeniz.biz\/?cat=5"},"img":{"alt_text":"","src":"","width":0,"height":0},"classes":[]},{"id":881,"url":"https:\/\/www.gocmeniz.biz\/?p=881","url_meta":{"origin":1848,"position":3},"title":"Romanya ordusundan bilgi s\u0131zd\u0131ran astsubay tutukland\u0131","author":"Haberci","date":"05 Mart 2009","format":false,"excerpt":"Romanya ordusuna ait gizli bilgileri s\u0131zd\u0131ran astsubay Floricel Achim ve i\u015fbirli\u011fi yapt\u0131\u011f\u0131 Bulgaristan vatanda\u015f\u0131 Marinov Zikolov tutukland\u0131. Su\u00e7unu itiraf eden Romen astsubay, bu i\u015fi paras\u0131zl\u0131k y\u00fcz\u00fcnden yapt\u0131\u011f\u0131n\u0131 s\u00f6yledi.Romanya Savunma Bakanl\u0131\u011f\u0131 yetkililerinin verdi\u011fi bilgiye g\u00f6re, bakanl\u0131\u011f\u0131n enformasyon genel m\u00fcd\u00fcrl\u00fc\u011f\u00fcnde \u00e7al\u0131\u015fan ve \u00f6zel bilgilere eri\u015fim sa\u011flayabilen astsubay Floricel Achim, \"askeriyeye ait gizli\u2026","rel":"","context":"&quot;Haberler&quot; i\u00e7inde","block_context":{"text":"Haberler","link":"https:\/\/www.gocmeniz.biz\/?cat=5"},"img":{"alt_text":"","src":"","width":0,"height":0},"classes":[]},{"id":1692,"url":"https:\/\/www.gocmeniz.biz\/?p=1692","url_meta":{"origin":1848,"position":4},"title":"Kriz Bulgaristan turizmini vurdu","author":"Haberci","date":"16 A\u011fustos 2009","format":false,"excerpt":"Bulgaristan`da ekonomik kriz, turizm sekt\u00f6r\u00fcn\u00fc de olumsuz etkilerken, yaz sezonunda otellerin y\u00fczde 60 kapasiteyle \u00e7al\u0131\u015ft\u0131\u011f\u0131 a\u00e7\u0131kland\u0131. Ekonomi, Enerji ve Turizm Bakan Yard\u0131mc\u0131s\u0131 \u0130vo Marinov, \u00f6zel `bTV` kanal\u0131na yapt\u0131\u011f\u0131 a\u00e7\u0131klamada, turizm sekt\u00f6r\u00fcne devlet deste\u011fi verilmesi amac\u0131yla h\u00fck\u00fcmetin, en az 6 gece \u00fclkedeki otellerde kalan yerli turistlere vergi indirimi yapmay\u0131 planlad\u0131\u011f\u0131n\u0131 a\u00e7\u0131klad\u0131.\u2026","rel":"","context":"&quot;Haberler&quot; i\u00e7inde","block_context":{"text":"Haberler","link":"https:\/\/www.gocmeniz.biz\/?cat=5"},"img":{"alt_text":"","src":"","width":0,"height":0},"classes":[]},{"id":1218,"url":"https:\/\/www.gocmeniz.biz\/?p=1218","url_meta":{"origin":1848,"position":5},"title":"Domuz gribine kar\u015f\u0131 Kap\u0131kule&#8217;ye termal kamera","author":"Haberci","date":"18 May\u0131s 2009","format":false,"excerpt":"D\u00dcNYADA h\u0131zla yay\u0131yan domuz gribi nedeniyle Edirne'deki Kap\u0131kule S\u0131n\u0131r Kap\u0131s\u0131'nda \u00f6nlemler art\u0131r\u0131ld\u0131. \u00d6n\u00fcm\u00fczdeki g\u00fcnlerde Kap\u0131kule S\u0131n\u0131r Kap\u0131s\u0131'na Sa\u011fl\u0131k Bakanl\u0131\u011f\u0131 taraf\u0131ndan \u2019Termal Kamera\u2019 sistemi kurulaca\u011f\u0131 belirtildi.Domuz gribi \u00f6nlemleri kapsam\u0131nda Bulgaristan'a ge\u00e7i\u015fi sa\u011flayan Kap\u0131kule ve Hamzabeyli S\u0131n\u0131r Kap\u0131s\u0131 ile Yunanistan'a a\u00e7\u0131lan \u0130psala ve Pazarkule S\u0131n\u0131r Kap\u0131s\u0131'nda personelin maske ve eldivensiz \u00e7al\u0131\u015fmalar\u0131na izin\u2026","rel":"","context":"&quot;Haberler&quot; i\u00e7inde","block_context":{"text":"Haberler","link":"https:\/\/www.gocmeniz.biz\/?cat=5"},"img":{"alt_text":"","src":"","width":0,"height":0},"classes":[]}],"jetpack_sharing_enabled":true,"jetpack_likes_enabled":true,"_links":{"self":[{"href":"https:\/\/www.gocmeniz.biz\/index.php?rest_route=\/wp\/v2\/posts\/1848","targetHints":{"allow":["GET"]}}],"collection":[{"href":"https:\/\/www.gocmeniz.biz\/index.php?rest_route=\/wp\/v2\/posts"}],"about":[{"href":"https:\/\/www.gocmeniz.biz\/index.php?rest_route=\/wp\/v2\/types\/post"}],"author":[{"embeddable":true,"href":"https:\/\/www.gocmeniz.biz\/index.php?rest_route=\/wp\/v2\/users\/331"}],"replies":[{"embeddable":true,"href":"https:\/\/www.gocmeniz.biz\/index.php?rest_route=%2Fwp%2Fv2%2Fcomments&post=1848"}],"version-history":[{"count":1,"href":"https:\/\/www.gocmeniz.biz\/index.php?rest_route=\/wp\/v2\/posts\/1848\/revisions"}],"predecessor-version":[{"id":8984,"href":"https:\/\/www.gocmeniz.biz\/index.php?rest_route=\/wp\/v2\/posts\/1848\/revisions\/8984"}],"wp:attachment":[{"href":"https:\/\/www.gocmeniz.biz\/index.php?rest_route=%2Fwp%2Fv2%2Fmedia&parent=1848"}],"wp:term":[{"taxonomy":"category","embeddable":true,"href":"https:\/\/www.gocmeniz.biz\/index.php?rest_route=%2Fwp%2Fv2%2Fcategories&post=1848"},{"taxonomy":"post_tag","embeddable":true,"href":"https:\/\/www.gocmeniz.biz\/index.php?rest_route=%2Fwp%2Fv2%2Ftags&post=1848"}],"curies":[{"name":"wp","href":"https:\/\/api.w.org\/{rel}","templated":true}]}}