{"id":1852,"date":"2009-10-24T12:47:53","date_gmt":"2009-10-24T09:47:53","guid":{"rendered":"http:\/\/www.gocmeniz.biz\/?p=1852"},"modified":"2026-04-03T12:22:35","modified_gmt":"2026-04-03T09:22:35","slug":"saatler-1-saat-geri-alinacak","status":"publish","type":"post","link":"https:\/\/www.gocmeniz.biz\/?p=1852","title":{"rendered":"Saatler 1 Saat Geri Al\u0131nacak"},"content":{"rendered":"<h3><strong><em>ANKARA (A.A) &#8211; 24.10.2009 <\/em><\/strong>&#8211; Yaz saati uygulamas\u0131 bu gece sona eriyor. Gece 04.00&#8217;de saatler 1 saat geri al\u0131nacak.<\/h3>\n<p>29 Mart 2009 tarihinde ba\u015flayan yaz saati (ileri saat) uygulamas\u0131, \u00e7al\u0131\u015fma saatlerinin g\u00fcn\u00fcn g\u00fcne\u015fli b\u00f6l\u00fcm\u00fcne al\u0131nmas\u0131 suretiyle, g\u00fcn \u0131\u015f\u0131\u011f\u0131ndan daha fazla yararlan\u0131lmas\u0131, elektrik enerjisinin ayd\u0131nlatmada kullan\u0131lan b\u00f6l\u00fcm\u00fcnden tasarruf sa\u011flanmas\u0131 amac\u0131yla yap\u0131l\u0131yor.<\/p>\n<p>Bu arada yaz saati uygulamas\u0131 ba\u015flang\u0131\u00e7 ve bitim tarihlerinde, Avrupa \u00fclkeleriyle birlikte hareket ediliyor.<\/p>\n<p>Yaz saati uygulamas\u0131yla, enerji tasarrufu, AB \u00fcyesi \u00fclkeler ile saat birlikteli\u011fi ve uyum sa\u011flama yan\u0131nda, ak\u015fam saatlerinde en y\u00fcksek de\u011ferine ula\u015fan enerji t\u00fcketim talebinin (puant g\u00fcc\u00fcn\u00fcn) azalt\u0131lmas\u0131 ama\u00e7lan\u0131yor.<\/p>\n<p>\u00d6te yandan uygulama ile her y\u0131l &#8220;orta \u00f6l\u00e7ekli&#8221; bir hidroelektrik santralin y\u0131ll\u0131k \u00fcretimi kadar tasarruf sa\u011flan\u0131yor.<\/p>\n<p>Yaz saati uygulamas\u0131, AB \u00fclkeleriyle birlikte Mart ay\u0131n\u0131n son pazar g\u00fcn\u00fc ba\u015flay\u0131p, Ekim ay\u0131n\u0131n son pazar g\u00fcn\u00fc bitiyor. Buna paralel \u00f6n\u00fcm\u00fczdeki y\u0131l yaz saatine, 28 Mart 2010 Pazar g\u00fcn\u00fc saat 03.00&#8217;te saatlerin bir saat ileri al\u0131nmas\u0131yla yeniden ge\u00e7ilecek.<\/p>\n<h3>KALDIRILMASI \u00c7ALI\u015eMALARI S\u00dcR\u00dcYOR<!--more--><\/h3>\n<p>Bu arada Enerji ve Tabii Kaynaklar Bakanl\u0131\u011f\u0131nda y\u0131l boyunca ayn\u0131 saat diliminde kal\u0131nmas\u0131 (yaz saati uygulamas\u0131n\u0131n kald\u0131r\u0131lmas\u0131) ve zaman\u0131n belirlendi\u011fi referans meridyenin de\u011fi\u015ftirilmesi konusunda \u00e7al\u0131\u015fmalar s\u00fcrd\u00fcr\u00fcl\u00fcyor.<\/p>\n<p>D\u00fcnya n\u00fcfusunun yakla\u015f\u0131k y\u00fczde 77&#8217;si (yakla\u015f\u0131k 4,5 milyar\u0131) yaz saati uygulamas\u0131 yapm\u0131yor. Yaz saatini AB \u00fclkeleri, ABD, Kanada, Meksika, \u015eili ve M\u0131s\u0131r uyguluyor. ABD, Kanada, Avustralya ve Brezilya gibi yaz saati uygulayan \u00fclkelerde ise baz\u0131 eyalet ve b\u00f6lgelerinde yaz saati uygulamas\u0131 yap\u0131lm\u0131yor.<\/p>\n<p>Her \u00fclke kendisine uygun bir meridyeni saat uygulamas\u0131nda referans meridyeni olarak al\u0131yor. D\u00fcnya \u00fczerindeki \u00fclkelere bak\u0131ld\u0131\u011f\u0131nda, m\u00fcmk\u00fcn oldu\u011funca \u00fclkenin do\u011fusundan ge\u00e7en meridyenleri referans olarak ald\u0131klar\u0131 g\u00f6r\u00fcl\u00fcyor (\u00d6rne\u011fin Yunanistan ve Bulgaristan \u0130zmit&#8217;ten ge\u00e7en 30 derece do\u011fu boylam\u0131n\u0131 referans olarak al\u0131yor. Yaz saati uygulamas\u0131 yaparken de I\u011fd\u0131r&#8217;dan ge\u00e7en 45 derece do\u011fu boylam\u0131n\u0131 kullan\u0131yorlar).<\/p>\n<p>T\u00fcrkiye ise d\u00fcnyadaki durumun tersi olarak AB \u00fclkelerine uyum sa\u011flamak i\u00e7in bat\u0131 b\u00f6lgesinden ge\u00e7en 30 derece do\u011fu meridyenini referans olarak al\u0131yor. T\u00fcrkiye&#8217;de y\u0131l\u0131n 5 ay\u0131 k\u0131\u015f saati, 7 ay\u0131n\u0131 ise yaz saati uygulamas\u0131 yap\u0131yor.<\/p>\n<p><em>Kaynak : Anadolu Ajans\u0131<\/em><\/p>\n","protected":false},"excerpt":{"rendered":"<p>ANKARA (A.A) &#8211; 24.10.2009 &#8211; Yaz saati uygulamas\u0131 bu gece sona eriyor. Gece 04.00&#8217;de saatler 1 saat geri al\u0131nacak. 29 Mart 2009 tarihinde ba\u015flayan yaz saati (ileri saat) uygulamas\u0131, \u00e7al\u0131\u015fma saatlerinin g\u00fcn\u00fcn g\u00fcne\u015fli b\u00f6l\u00fcm\u00fcne al\u0131nmas\u0131 suretiyle, g\u00fcn \u0131\u015f\u0131\u011f\u0131ndan daha fazla yararlan\u0131lmas\u0131, elektrik enerjisinin ayd\u0131nlatmada kullan\u0131lan b\u00f6l\u00fcm\u00fcnden tasarruf sa\u011flanmas\u0131 amac\u0131yla yap\u0131l\u0131yor. Bu arada yaz saati uygulamas\u0131 [&hellip;]<\/p>\n","protected":false},"author":331,"featured_media":0,"comment_status":"open","ping_status":"open","sticky":false,"template":"","format":"standard","meta":{"advanced_seo_description":"","jetpack_seo_html_title":"","jetpack_seo_noindex":false,"ngg_post_thumbnail":0,"jetpack_post_was_ever_published":false,"_jetpack_newsletter_access":"","_jetpack_dont_email_post_to_subs":false,"_jetpack_newsletter_tier_id":0,"_jetpack_memberships_contains_paywalled_content":false,"_jetpack_memberships_contains_paid_content":false,"footnotes":""},"categories":[5],"tags":[],"class_list":["post-1852","post","type-post","status-publish","format-standard","hentry","category-haberler"],"jetpack_featured_media_url":"","jetpack_shortlink":"https:\/\/wp.me\/paHHlZ-tS","jetpack-related-posts":[{"id":549,"url":"https:\/\/www.gocmeniz.biz\/?p=549","url_meta":{"origin":1852,"position":0},"title":"Yaz saati hafta sonu bitiyor","author":"Haberci","date":"23 Ekim 2008","format":false,"excerpt":"Yaz saati uygulamas\u0131na 30 Mart 2008 tarihinde ge\u00e7ilirken saatler 03.00\u2019de bir saat ileri al\u0131nm\u0131\u015ft\u0131. \u0130leri saat uygulamas\u0131 bu hafta sonu sona eriyor.26 Ekim Pazar g\u00fcn\u00fc saat 04.00\u2019de saatler 1 saat geri al\u0131nacak. Uygulama, g\u00fcnlerin k\u0131sald\u0131\u011f\u0131 k\u0131\u015f mevsiminde g\u00fcn \u0131\u015f\u0131\u011f\u0131ndan daha fazla yararlanmay\u0131 ama\u00e7l\u0131yor.","rel":"","context":"&quot;Duyurular&quot; i\u00e7inde","block_context":{"text":"Duyurular","link":"https:\/\/www.gocmeniz.biz\/?cat=8"},"img":{"alt_text":"","src":"","width":0,"height":0},"classes":[]},{"id":9718,"url":"https:\/\/www.gocmeniz.biz\/?p=9718","url_meta":{"origin":1852,"position":1},"title":"AB&#8217;nin Yeni Giri\u015f\/\u00c7\u0131k\u0131\u015f Sistemi EES 10 Nisan&#8217;da Tamamen Devreye Giriyor: Yolcular Dikkat!","author":"Admin","date":"07 Nisan 2026","format":false,"excerpt":"Avrupa'ya seyahat planlayanlar i\u00e7in \u00f6nemli bir de\u011fi\u015fiklik kap\u0131da. Ge\u00e7en y\u0131l Ekim ay\u0131nda 29 Avrupa \u00fclkesinde kademeli olarak ba\u015flat\u0131lan AB Giri\u015f\/\u00c7\u0131k\u0131\u015f Sistemi (EES), 10 Nisan 2026 itibar\u0131yla tamamen hayata ge\u00e7iyor. Bu sistem, pasaportlara vurulan damgalar\u0131n yerini dijital kay\u0131tlara b\u0131rakmas\u0131n\u0131 \u00f6ng\u00f6r\u00fcyor. AB \u00fcyesi olmayan ve k\u0131sa s\u00fcreli seyahat eden yolcular\u0131n y\u00fcz g\u00f6r\u00fcnt\u00fcs\u00fc\u2026","rel":"","context":"&quot;Haberler&quot; i\u00e7inde","block_context":{"text":"Haberler","link":"https:\/\/www.gocmeniz.biz\/?cat=5"},"img":{"alt_text":"","src":"https:\/\/i0.wp.com\/www.gocmeniz.biz\/wp-content\/1366x768_cmsv2_feb5042c-d113-5961-a562-fbd908ed4ea3-9711809.webp?fit=1200%2C675&ssl=1&resize=350%2C200","width":350,"height":200,"srcset":"https:\/\/i0.wp.com\/www.gocmeniz.biz\/wp-content\/1366x768_cmsv2_feb5042c-d113-5961-a562-fbd908ed4ea3-9711809.webp?fit=1200%2C675&ssl=1&resize=350%2C200 1x, https:\/\/i0.wp.com\/www.gocmeniz.biz\/wp-content\/1366x768_cmsv2_feb5042c-d113-5961-a562-fbd908ed4ea3-9711809.webp?fit=1200%2C675&ssl=1&resize=525%2C300 1.5x, https:\/\/i0.wp.com\/www.gocmeniz.biz\/wp-content\/1366x768_cmsv2_feb5042c-d113-5961-a562-fbd908ed4ea3-9711809.webp?fit=1200%2C675&ssl=1&resize=700%2C400 2x, https:\/\/i0.wp.com\/www.gocmeniz.biz\/wp-content\/1366x768_cmsv2_feb5042c-d113-5961-a562-fbd908ed4ea3-9711809.webp?fit=1200%2C675&ssl=1&resize=1050%2C600 3x"},"classes":[]},{"id":1692,"url":"https:\/\/www.gocmeniz.biz\/?p=1692","url_meta":{"origin":1852,"position":2},"title":"Kriz Bulgaristan turizmini vurdu","author":"Haberci","date":"16 A\u011fustos 2009","format":false,"excerpt":"Bulgaristan`da ekonomik kriz, turizm sekt\u00f6r\u00fcn\u00fc de olumsuz etkilerken, yaz sezonunda otellerin y\u00fczde 60 kapasiteyle \u00e7al\u0131\u015ft\u0131\u011f\u0131 a\u00e7\u0131kland\u0131. Ekonomi, Enerji ve Turizm Bakan Yard\u0131mc\u0131s\u0131 \u0130vo Marinov, \u00f6zel `bTV` kanal\u0131na yapt\u0131\u011f\u0131 a\u00e7\u0131klamada, turizm sekt\u00f6r\u00fcne devlet deste\u011fi verilmesi amac\u0131yla h\u00fck\u00fcmetin, en az 6 gece \u00fclkedeki otellerde kalan yerli turistlere vergi indirimi yapmay\u0131 planlad\u0131\u011f\u0131n\u0131 a\u00e7\u0131klad\u0131.\u2026","rel":"","context":"&quot;Haberler&quot; i\u00e7inde","block_context":{"text":"Haberler","link":"https:\/\/www.gocmeniz.biz\/?cat=5"},"img":{"alt_text":"","src":"","width":0,"height":0},"classes":[]},{"id":121,"url":"https:\/\/www.gocmeniz.biz\/?p=121","url_meta":{"origin":1852,"position":3},"title":"Bu yaz elbiseler u\u00e7u\u015facak!","author":"Admin","date":"10 Temmuz 2007","format":false,"excerpt":"\u0130ncecik kuma\u015flardan, \u00fczerimizde adeta dans eden u\u00e7u\u015fan elbiselerle romantik oldu\u011fu kadar iddial\u0131 bir yaza kanat \u00e7\u0131rp\u0131yoruz. Kendinizi i\u00e7inde \u00f6zg\u00fcr ve \u015f\u0131k hissedebilece\u011finiz birbirinden renkli modeller, sizi `hayalinizdeki siz`e bir ad\u0131m daha yakla\u015ft\u0131racak... Ard arda ger\u00e7ekle\u015fen davetler bizlere az da olsa, yaz\u0131n en moda elbiseleri hakk\u0131nda fikir veriyor. Sizlerden ald\u0131\u011f\u0131m mailler,\u2026","rel":"","context":"&quot;Haberler&quot; i\u00e7inde","block_context":{"text":"Haberler","link":"https:\/\/www.gocmeniz.biz\/?cat=5"},"img":{"alt_text":"","src":"https:\/\/i0.wp.com\/www.gribim.com\/images\/moda\/moda0607.jpg?resize=350%2C200","width":350,"height":200},"classes":[]},{"id":2208,"url":"https:\/\/www.gocmeniz.biz\/?p=2208","url_meta":{"origin":1852,"position":4},"title":"Edirne Otelcilik ve Turizm Meslek Lisesi \u00f6\u011frencileri, Bulgaristan&#8217;da yaz akademisine kat\u0131ld\u0131.","author":"Haberci","date":"07 Haziran 2012","format":false,"excerpt":"Avrupa Birli\u011fi ENPI Karadeniz Havzas\u0131 2007-2013 S\u0131n\u0131r\u00f6tesi \u0130\u015fbirli\u011fi Program\u0131 kapsam\u0131nda kabul edilen \"Karadeniz K\u00fclt\u00fcr Canland\u0131rma Program\u0131, Karadeniz Havzas\u0131'nda Yarat\u0131c\u0131 Hedef Y\u00f6netimi \u0130\u00e7in Ortak K\u00fclt\u00fcrel \u00d6zellikleri Harekete Ge\u00e7irilmesi Pilot Modeli\" projesi \u00e7er\u00e7evesinde, Bulgaristan'\u0131n Dobri\u00e7 kentinde a\u00e7\u0131lan Uluslararas\u0131 Kolej ve \u00dcniversite yaz akademisi devam ediyor. Bulgaristan, Romanya, G\u00fcrcistan, Ermenistan ile T\u00fcrkiye'den Edirne\u2026","rel":"","context":"&quot;Haberler&quot; i\u00e7inde","block_context":{"text":"Haberler","link":"https:\/\/www.gocmeniz.biz\/?cat=5"},"img":{"alt_text":"","src":"","width":0,"height":0},"classes":[]},{"id":1632,"url":"https:\/\/www.gocmeniz.biz\/?p=1632","url_meta":{"origin":1852,"position":5},"title":"Gurbet\u00e7i, Bulgaristan`\u0131 A\u0130HM`e \u015fikayet ediyor","author":"Haberci","date":"01 A\u011fustos 2009","format":false,"excerpt":"Bulgaristan`da bir gurbet\u00e7i ailesini soyup arac\u0131n\u0131 kundaklayan Bulgar otoyol mafyas\u0131n\u0131n ya\u015fatt\u0131\u011f\u0131 deh\u015fet i\u00e7in Almanya`da \u00e7al\u0131\u015fan Naci Aksoy A\u0130HM`ne gidiyor. AA - Bulgaristan`da, yaz ba\u015f\u0131nda bir T\u00fcrk gurbet\u00e7i ailesini soyup arac\u0131n\u0131 kundaklayan Bulgar otoyol mafyas\u0131 yine eyleme ge\u00e7erek, ba\u015fka bir T\u00fcrk ailesine daha ayn\u0131 deh\u015feti ya\u015fatt\u0131. Almanya`n\u0131n M\u00fcnih kenti b\u00f6lgesinde e\u015fiyle\u2026","rel":"","context":"&quot;Haberler&quot; i\u00e7inde","block_context":{"text":"Haberler","link":"https:\/\/www.gocmeniz.biz\/?cat=5"},"img":{"alt_text":"","src":"","width":0,"height":0},"classes":[]}],"jetpack_sharing_enabled":true,"jetpack_likes_enabled":true,"_links":{"self":[{"href":"https:\/\/www.gocmeniz.biz\/index.php?rest_route=\/wp\/v2\/posts\/1852","targetHints":{"allow":["GET"]}}],"collection":[{"href":"https:\/\/www.gocmeniz.biz\/index.php?rest_route=\/wp\/v2\/posts"}],"about":[{"href":"https:\/\/www.gocmeniz.biz\/index.php?rest_route=\/wp\/v2\/types\/post"}],"author":[{"embeddable":true,"href":"https:\/\/www.gocmeniz.biz\/index.php?rest_route=\/wp\/v2\/users\/331"}],"replies":[{"embeddable":true,"href":"https:\/\/www.gocmeniz.biz\/index.php?rest_route=%2Fwp%2Fv2%2Fcomments&post=1852"}],"version-history":[{"count":1,"href":"https:\/\/www.gocmeniz.biz\/index.php?rest_route=\/wp\/v2\/posts\/1852\/revisions"}],"predecessor-version":[{"id":8842,"href":"https:\/\/www.gocmeniz.biz\/index.php?rest_route=\/wp\/v2\/posts\/1852\/revisions\/8842"}],"wp:attachment":[{"href":"https:\/\/www.gocmeniz.biz\/index.php?rest_route=%2Fwp%2Fv2%2Fmedia&parent=1852"}],"wp:term":[{"taxonomy":"category","embeddable":true,"href":"https:\/\/www.gocmeniz.biz\/index.php?rest_route=%2Fwp%2Fv2%2Fcategories&post=1852"},{"taxonomy":"post_tag","embeddable":true,"href":"https:\/\/www.gocmeniz.biz\/index.php?rest_route=%2Fwp%2Fv2%2Ftags&post=1852"}],"curies":[{"name":"wp","href":"https:\/\/api.w.org\/{rel}","templated":true}]}}