{"id":1858,"date":"2009-10-26T09:56:07","date_gmt":"2009-10-26T06:56:07","guid":{"rendered":"http:\/\/www.gocmeniz.biz\/?p=1858"},"modified":"2026-04-03T12:25:38","modified_gmt":"2026-04-03T09:25:38","slug":"karaosmanoglu-yuruyusu-bulgaristanda-da-aksatmadi","status":"publish","type":"post","link":"https:\/\/www.gocmeniz.biz\/?p=1858","title":{"rendered":"Karaosmano\u011flu, y\u00fcr\u00fcy\u00fc\u015f\u00fc Bulgaristan\u2019da da aksatmad\u0131"},"content":{"rendered":"<h3>Kocaeli B\u00fcy\u00fck\u015fehir Ba\u015fkan\u0131 \u0130brahim Karaosmano\u011flu ve meclis \u00fcyelerinin Bulgaristan gezisi y\u00fcr\u00fcyor.<\/h3>\n<p>Karaosmano\u011flu, y\u00fcr\u00fcy\u00fc\u015f, sabah sporuna olan tutkusundan Bulgaristan\u2019da da vazge\u00e7medi. Program\u0131n\u0131 aynen devam ettiren Karaosmano\u011flu, Razgrad ormanlar\u0131nda y\u00fcr\u00fcy\u00fc\u015f yapt\u0131, formuna ne denli dikkat etti\u011fini bir kez daha g\u00f6sterdi.<\/p>\n<p>Ba\u015fkan Karaosmano\u011flu ile meclis \u00fcyeleri, Bulgaristan gezisinin ikinci g\u00fcn\u00fcnde \u015eumnu, Razgrad, Kovanl\u0131k, Torlak ile Rus\u00e7uk\u2019a konuk oldu.<\/p>\n<h3>T\u00dcRK OKULUNU Z\u0130YARET<\/h3>\n<p>Ba\u015fkan Karaosmano\u011flu ile B\u00fcy\u00fck\u015fehir Meclisi \u00fcyeleri, Karadeniz&#8217;e sahili olan Nesabar&#8217;da tarihi mekanlar\u0131 gezdi. G\u00fcn i\u00e7inde meclis \u00fcyeleri kendi makineleriyle bol bol hat\u0131ra foto\u011fraf\u0131 \u00e7ekti. Ard\u0131ndan Ba\u015fkan Karaosmano\u011flu ile beraberindekiler, \u015eumnu kentindeki bir T\u00fcrk okulunu ziyaret etti. Bulgaristan&#8217;\u0131n Tsar Kaloyon Belediye Ba\u015fkan\u0131 Ahmet Ahmetov da Kocaeli heyeti onuruna yemek verdi. Ba\u015fkan Karaosmano\u011flu, kendilerini s\u0131cak ve samimi bir \u015fekilde kar\u015f\u0131layan, ilgisini esirgemeyen Kaloyon Belediye Ba\u015fkan\u0131 Ahmetov&#8217;a te\u015fekk\u00fcr belgesi ve i\u015flemeli vazo hediye etti.<\/p>\n<h3>\u00c7EY\u0130ZDEN HED\u0130YE<!--more--><\/h3>\n<p>Ba\u015fkan Karaosmano\u011flu ayr\u0131ca, Razgrad B\u00f6lge M\u00fcft\u00fcs\u00fc Mehmet Al ile Hak ve \u00d6zg\u00fcrl\u00fck Partisi Razgrad Milletvekili Ramazan Atalay&#8217;a da birer i\u015flemeli vazo takdim etti. \u0130zmit\u2019te akrabalar\u0131 olan Bulgaristan&#8217;\u0131n Tsar Kaloyon kentinden hem\u015fire Fadime K\u0131rova da, ninesinin 50 y\u0131ll\u0131k \u00e7eyizinden \u00e7\u0131kard\u0131\u011f\u0131 bir i\u015flemeyi, Behiye Karaosmano\u011flu\u2019na hediye verdi. Ba\u015fkan Karaosmano\u011flu, yo\u011fun ge\u00e7en g\u00fcn\u00fcn yorgunlu\u011funu ise belediye meclis \u00fcyelerinin bir b\u00f6l\u00fcm\u00fcyle Razgrad ormanlar\u0131nda gece y\u00fcr\u00fcy\u00fc\u015f\u00fc yaparak att\u0131.<\/p>\n<p>B\u00fcy\u00fck\u015fehir heyeti, Bulgaristan gezisinin bug\u00fcnk\u00fc b\u00f6l\u00fcm\u00fcnde Sofya, Filibe\u2019yi gezecek, ak\u015fam K\u0131rcaali\u2019ye ge\u00e7ecek.<\/p>\n","protected":false},"excerpt":{"rendered":"<p>Kocaeli B\u00fcy\u00fck\u015fehir Ba\u015fkan\u0131 \u0130brahim Karaosmano\u011flu ve meclis \u00fcyelerinin Bulgaristan gezisi y\u00fcr\u00fcyor. Karaosmano\u011flu, y\u00fcr\u00fcy\u00fc\u015f, sabah sporuna olan tutkusundan Bulgaristan\u2019da da vazge\u00e7medi. Program\u0131n\u0131 aynen devam ettiren Karaosmano\u011flu, Razgrad ormanlar\u0131nda y\u00fcr\u00fcy\u00fc\u015f yapt\u0131, formuna ne denli dikkat etti\u011fini bir kez daha g\u00f6sterdi. Ba\u015fkan Karaosmano\u011flu ile meclis \u00fcyeleri, Bulgaristan gezisinin ikinci g\u00fcn\u00fcnde \u015eumnu, Razgrad, Kovanl\u0131k, Torlak ile Rus\u00e7uk\u2019a konuk oldu. [&hellip;]<\/p>\n","protected":false},"author":331,"featured_media":0,"comment_status":"open","ping_status":"open","sticky":false,"template":"","format":"standard","meta":{"advanced_seo_description":"","jetpack_seo_html_title":"","jetpack_seo_noindex":false,"ngg_post_thumbnail":0,"jetpack_post_was_ever_published":false,"_jetpack_newsletter_access":"","_jetpack_dont_email_post_to_subs":false,"_jetpack_newsletter_tier_id":0,"_jetpack_memberships_contains_paywalled_content":false,"_jetpack_memberships_contains_paid_content":false,"footnotes":""},"categories":[5],"tags":[],"class_list":["post-1858","post","type-post","status-publish","format-standard","hentry","category-haberler"],"jetpack_featured_media_url":"","jetpack_shortlink":"https:\/\/wp.me\/paHHlZ-tY","jetpack-related-posts":[{"id":1842,"url":"https:\/\/www.gocmeniz.biz\/?p=1842","url_meta":{"origin":1858,"position":0},"title":"B\u00fcy\u00fck\u015fehir heyeti Bulgaristan yolcusu","author":"Haberci","date":"22 Ekim 2009","format":false,"excerpt":"Kocaeli B\u00fcy\u00fck\u015fehir Belediye Ba\u015fkan\u0131 \u0130brahim Karaosmano\u011flu\u2019nun kafile ba\u015fkanl\u0131\u011f\u0131ndaki B\u00fcy\u00fck\u015fehir Meclisi \u00fcyelerinden olu\u015fan 54 ki\u015filik heyet, be\u015f g\u00fcnl\u00fck inceleme gezisi i\u00e7in bu gece Bulgaristan\u2019a gidiyor. B\u00fcy\u00fck\u015fehir binas\u0131 \u00f6n\u00fcnden bu gece saat 01.30\u2019da yola \u00e7\u0131kacak kafile 27 Ekim Sal\u0131 g\u00fcn\u00fc yurda d\u00f6necek. K\u00dcLT\u00dcR GEZ\u0130S\u0130 Karaosmano\u011flu ile birlikte \u0130zmit, Dar\u0131ca, K\u00f6rfez, Kartepe, Ba\u015fiskele,\u2026","rel":"","context":"&quot;Haberler&quot; i\u00e7inde","block_context":{"text":"Haberler","link":"https:\/\/www.gocmeniz.biz\/?cat=5"},"img":{"alt_text":"","src":"","width":0,"height":0},"classes":[]},{"id":541,"url":"https:\/\/www.gocmeniz.biz\/?p=541","url_meta":{"origin":1858,"position":1},"title":"OSMANGAZ\u0130 BELED\u0130YES\u0130, KIRCAAL\u0130&#8217;YE DE YATIRIM YAPIYOR","author":"Haberci","date":"21 Ekim 2008","format":false,"excerpt":"Osmangazi Belediyesi'nin \u00f6nc\u00fcl\u00fck etti\u011fi yat\u0131r\u0131mlar\u0131n a\u00e7\u0131l\u0131\u015f\u0131na kat\u0131lmak \u00fczere meclis \u00fcyeleri, i\u015fadamlar\u0131, sivil tolum \u00f6rg\u00fct\u00fc temsilcilerinden olu\u015fan kalabal\u0131k bir heyetle Bulgaristan'\u0131n K\u0131rcaali \u015fehrine \u00e7\u0131karma yapt\u0131. Osmangazi Belediyesi'nce Dedeler k\u00f6y\u00fc okulunun yenilenmesi, \u00e7ocuk park\u0131 ve Ko\u015fukavak K\u00f6y\u00fc Camii'nin minaresinin yapt\u0131r\u0131lmas\u0131 nedeniyle d\u00fczenlenen t\u00f6renler b\u00fcy\u00fck ilgi g\u00f6rd\u00fc. T\u00f6renlere Bulgaristan'\u0131n Milli E\u011fitim Bakan Yard\u0131mc\u0131s\u0131,\u2026","rel":"","context":"&quot;Haberler&quot; i\u00e7inde","block_context":{"text":"Haberler","link":"https:\/\/www.gocmeniz.biz\/?cat=5"},"img":{"alt_text":"","src":"","width":0,"height":0},"classes":[]},{"id":459,"url":"https:\/\/www.gocmeniz.biz\/?p=459","url_meta":{"origin":1858,"position":2},"title":"\u0130ZM\u0130R B\u00dcY\u00dcK\u015eEH\u0130R HEYET\u0130 SOFYA&#8217;DA","author":"Haberci","date":"04 Temmuz 2008","format":false,"excerpt":"\u0130zmir B\u00fcy\u00fck\u015fehir Belediye Ba\u015fkan\u0131 Aziz Kocao\u011flu ve beraberindeki heyet, Bulgaristan temaslar\u0131na ba\u015flad\u0131. Sofya Havaliman\u0131'nda K\u0131rcaali Belediye Ba\u015fkan\u0131 Hasan Aziz taraf\u0131ndan kar\u015f\u0131lanan \u0130zmir heyeti, ilk olarak T\u00fcrk k\u00f6kenli vatanda\u015flar\u0131n kurdu\u011fu Hak ve \u00d6zg\u00fcrl\u00fckler Partisi'ne mensup Milli E\u011fitim Bakan Yard\u0131mc\u0131s\u0131 Mukaddes Nalbant'\u0131 ziyaret etti. Olduk\u00e7a samimi bir havada ge\u00e7en g\u00f6r\u00fc\u015fmede, ba\u015fta engelli\u2026","rel":"","context":"Benzer yaz\u0131","block_context":{"text":"Benzer yaz\u0131","link":""},"img":{"alt_text":"","src":"","width":0,"height":0},"classes":[]},{"id":441,"url":"https:\/\/www.gocmeniz.biz\/?p=441","url_meta":{"origin":1858,"position":3},"title":"BELENE \u0130\u015e KONSEY\u0130&#8217;NDEN DEVREK&#8217;E Z\u0130YARET","author":"Haberci","date":"19 Haziran 2008","format":false,"excerpt":"Zonguldak'\u0131n Devrek \u0130l\u00e7esi'ne Bulgaristan'\u0131n Belene kentinden gelen heyet il\u00e7ede ziyaretlerde bulundu.Yakla\u015f\u0131k 3 y\u0131l \u00f6nce Bulgaristan'\u0131n Belene Kenti Belediyesi ile Zonguldak'\u0131n Devrek \u0130l\u00e7esi Belediyesi aras\u0131nda yap\u0131lan anla\u015fma ile iki \u015fehir karde\u015f \u015fehir kabul edilmi\u015fti. \u00dc\u00e7 y\u0131ll\u0131k aradan sonra ilk kez il\u00e7eye gelen Belene Belediye Ba\u015fkan Yard\u0131mc\u0131s\u0131, belde ba\u015fkanlar\u0131, i\u015f adamlar\u0131, i\u015f\u2026","rel":"","context":"Benzer yaz\u0131","block_context":{"text":"Benzer yaz\u0131","link":""},"img":{"alt_text":"","src":"","width":0,"height":0},"classes":[]},{"id":1834,"url":"https:\/\/www.gocmeniz.biz\/?p=1834","url_meta":{"origin":1858,"position":4},"title":"ZORUNLU G\u00d6\u00c7&#8217;\u00dcN 20.YILI ANMA ETK\u0130NL\u0130KLER\u0130 \u0130STANBUL&#8217;DA YAPILDI","author":"Haberci","date":"11 Ekim 2009","format":false,"excerpt":"Rumeli Balkan Federasyonu taraf\u0131ndan organize edilen \" ZORUNLU G\u00d6\u00c7\u00dcN 20. YILI ANMA \" Etkinlikleri hafta sonu \u0130stanbul'da ger\u00e7ekle\u015ftirildi. Etkinli\u011fin ilk program\u0131 saat 11.00'de Galatasaray lisesi \u00f6n\u00fcnden Taksime y\u00fcr\u00fcy\u00fc\u015f ile ba\u015flad\u0131. Etkinli\u011fe kat\u0131lan Federasyon'a ba\u011fl\u0131 Balkan T\u00fcrkleri Dernekleri y\u00f6neticileri ile \u00fcyeleri, ellerinde T\u00fcrk Bayraklar\u0131 ile \u0130stiklal Caddesi \u00f6n\u00fcnden alk\u0131\u015flar e\u015fli\u011finde Taksim\u2026","rel":"","context":"&quot;Haberler&quot; i\u00e7inde","block_context":{"text":"Haberler","link":"https:\/\/www.gocmeniz.biz\/?cat=5"},"img":{"alt_text":"","src":"https:\/\/i0.wp.com\/www.kircaalihaber.com\/tr_haber_images\/IMG_1450%5Baaaaaassssww1%5D.JPG?resize=350%2C200","width":350,"height":200},"classes":[]},{"id":433,"url":"https:\/\/www.gocmeniz.biz\/?p=433","url_meta":{"origin":1858,"position":5},"title":"SINIR \u00d6TES\u0130 \u0130\u015eB\u0130RL\u0130\u011e\u0130 B\u0130LG\u0130 MERKEZ\u0130 A\u00c7ILDI","author":"Haberci","date":"18 Haziran 2008","format":false,"excerpt":"S\u0131n\u0131r b\u00f6lgelerinin birlikte istikrarl\u0131 kalk\u0131nmas\u0131 projesi kapsam\u0131nda bilgi merkezi a\u00e7\u0131ld\u0131.Elhovo Belediyesi ile Edirne Belediyesi ortakl\u0131\u011f\u0131nda s\u0131n\u0131r \u00f6tesi i\u015fbirli\u011fi \u00e7er\u00e7evesinde y\u00fcr\u00fct\u00fclen 'S\u0131n\u0131r B\u00f6lgelerinin \u0130stikrarl\u0131 Kalk\u0131nmas\u0131 Projesi'nin faaliyetlerinden biri olan Avrupa Birli\u011fi Bilgi Merkezi Elhovo'da a\u00e7\u0131ld\u0131. A\u00e7\u0131l\u0131\u015fa Elhovo Belediye Ba\u015fkan\u0131 Petar Kirov, Belediye Meclis Ba\u015fkan\u0131 Styan Of\u00e7arof, Belediye Meclis \u00dcyeleri, Avrupa Bilgi\u2026","rel":"","context":"Benzer yaz\u0131","block_context":{"text":"Benzer yaz\u0131","link":""},"img":{"alt_text":"","src":"","width":0,"height":0},"classes":[]}],"jetpack_sharing_enabled":true,"jetpack_likes_enabled":true,"_links":{"self":[{"href":"https:\/\/www.gocmeniz.biz\/index.php?rest_route=\/wp\/v2\/posts\/1858","targetHints":{"allow":["GET"]}}],"collection":[{"href":"https:\/\/www.gocmeniz.biz\/index.php?rest_route=\/wp\/v2\/posts"}],"about":[{"href":"https:\/\/www.gocmeniz.biz\/index.php?rest_route=\/wp\/v2\/types\/post"}],"author":[{"embeddable":true,"href":"https:\/\/www.gocmeniz.biz\/index.php?rest_route=\/wp\/v2\/users\/331"}],"replies":[{"embeddable":true,"href":"https:\/\/www.gocmeniz.biz\/index.php?rest_route=%2Fwp%2Fv2%2Fcomments&post=1858"}],"version-history":[{"count":1,"href":"https:\/\/www.gocmeniz.biz\/index.php?rest_route=\/wp\/v2\/posts\/1858\/revisions"}],"predecessor-version":[{"id":8982,"href":"https:\/\/www.gocmeniz.biz\/index.php?rest_route=\/wp\/v2\/posts\/1858\/revisions\/8982"}],"wp:attachment":[{"href":"https:\/\/www.gocmeniz.biz\/index.php?rest_route=%2Fwp%2Fv2%2Fmedia&parent=1858"}],"wp:term":[{"taxonomy":"category","embeddable":true,"href":"https:\/\/www.gocmeniz.biz\/index.php?rest_route=%2Fwp%2Fv2%2Fcategories&post=1858"},{"taxonomy":"post_tag","embeddable":true,"href":"https:\/\/www.gocmeniz.biz\/index.php?rest_route=%2Fwp%2Fv2%2Ftags&post=1858"}],"curies":[{"name":"wp","href":"https:\/\/api.w.org\/{rel}","templated":true}]}}