{"id":1863,"date":"2009-10-28T14:48:08","date_gmt":"2009-10-28T11:48:08","guid":{"rendered":"http:\/\/www.gocmeniz.biz\/?p=1863"},"modified":"2026-04-03T12:25:37","modified_gmt":"2026-04-03T09:25:37","slug":"bulgar-mafyasinin-saldirisina-ugrayan-turk-gurbetci-konustu","status":"publish","type":"post","link":"https:\/\/www.gocmeniz.biz\/?p=1863","title":{"rendered":"Bulgar mafyas\u0131n\u0131n sald\u0131r\u0131s\u0131na u\u011frayan T\u00fcrk gurbet\u00e7i konu\u015ftu"},"content":{"rendered":"<p><b>Almanya\u2019dan T\u00fcrkiye\u2019ye gitmek \u00fczere Bulgaristan\u2019dan transit ge\u00e7i\u015f yaparken kar maskeli ve polis k\u0131yafetli Bulgar otoyol mafyas\u0131n\u0131n sald\u0131r\u0131s\u0131na u\u011frayan T\u00fcrk gurbet\u00e7i \u00c7etin Yald\u0131z, \u201cBir daha Bulgaristan \u00fczerinden u\u00e7akla dahi ge\u00e7mem\u201d dedi.&nbsp;<\/b> Almanya\u2019da \u00e7al\u0131\u015fan ve Almanya vatanda\u015f\u0131 da olan Yald\u0131z, arkada\u015f\u0131 Macit Yalak ile birlikte Bulgaristan\u2019da ba\u015flar\u0131na gelen olay\u0131n tam bir \u201ckabus\u201d oldu\u011funu belirterek, \u201cSoyguncular bizi \u0131ss\u0131z bir yerde bir a\u011faca kelep\u00e7eyle ba\u011flayarak \u00f6l\u00fcme terk etti. Ya\u015fad\u0131\u011f\u0131m\u0131za hala inanam\u0131yorum\u201d diye konu\u015ftu.<\/p>\n<p><b>KAR MASKEL\u0130 SOYGUNCULAR<\/b><br \/>\n\u00c7etin Yald\u0131z, Almanya\u2019dan Bulgaristan\u2019a kadar son derece rahat ve g\u00fczel bir yolculuk yapt\u0131lar\u0131n\u0131 kaydederek, Kalotine g\u00fcmr\u00fck kap\u0131s\u0131ndan Bulgaristan\u2019a girdikten hemen sonra bir trafik ekibi taraf\u0131ndan durdurulduklar\u0131n\u0131 s\u00f6yledi.&nbsp; Arabalar\u0131nda \u201cVinetka\u201d ad\u0131 verilen \u201cyol vergi pulu\u201d bulunmad\u0131\u011f\u0131 gerek\u00e7esiyle polislerin r\u00fc\u015fvet istedi\u011fini belirten Yald\u0131z, bundan sonraki geli\u015fmeleri \u015f\u00f6yle anlatt\u0131:<br \/>\n\u201cPolislere 20 avro r\u00fc\u015fvet verince bizi b\u0131rakt\u0131lar. Sofya\u2019y\u0131 ge\u00e7tikten sonra ise arkam\u0131zdan gelen \u00fczerinde polis sireni bulunan siyah bir ara\u00e7 bizi durdurdu. Ara\u00e7tan inen kar maskeli ve polis k\u0131yafetli iki ki\u015fiden biri, benden evraklar\u0131 g\u00f6stermemi istedi. Di\u011feri ise arabam\u0131z\u0131n kap\u0131s\u0131n\u0131 a\u00e7t\u0131r\u0131r a\u00e7t\u0131rmaz silah\u0131n\u0131 \u00e7ekerek Macit\u2019in ba\u015f\u0131na dayad\u0131. Neye u\u011frad\u0131\u011f\u0131m\u0131z\u0131 anlayamad\u0131k. Bizi silah tehditiyle tekme-tokat arka koltu\u011fa oturttular ve ba\u015f\u0131m\u0131z\u0131 \u00f6n\u00fcm\u00fcze e\u011fmemizi istediler.\u201d<\/p>\n<p><b>\u201cHER \u015eEY\u0130M\u0130Z\u0130 ALIP ARABAMIZI YAKTILAR\u201d<\/b><!--more--><br \/>\nS\u0131k a\u011fa\u00e7lar\u0131n bulundu\u011fu \u0131ss\u0131z bir yere g\u00f6t\u00fcr\u00fcld\u00fcklerini kaydeden Yald\u0131z, burada soyguncular\u0131n cep telefolar\u0131, c\u00fczdan ve pasaportlar\u0131n\u0131 ald\u0131\u011f\u0131n\u0131 s\u00f6yledi.&nbsp; Arkada\u015f\u0131yla birlikte soyguncular taraf\u0131ndan bir a\u011faca kelep\u00e7eyle ba\u011fland\u0131klar\u0131n\u0131 belirten Yald\u0131z, \u201cOnlara b\u00fct\u00fcn param\u0131z\u0131 al\u0131p bizi serbest b\u0131rakmalar\u0131 i\u00e7in yalvard\u0131k, ama bizi dinlemediler bile. Arabam\u0131zdaki t\u00fcm e\u015fyalar\u0131 d\u0131\u015far\u0131 \u00e7\u0131kar\u0131p da\u011f\u0131tt\u0131lar, i\u00e7inden de\u011ferli olanlar\u0131 al\u0131p kendi arabalar\u0131na ta\u015f\u0131d\u0131ktan sonra da bizim arabay\u0131 benzin d\u00f6kerek yakt\u0131lar ve ka\u00e7t\u0131lar\u201d dedi.&nbsp; Soyguncular\u0131n gitmesinden sonra yard\u0131m edecek birine seslerini duyurmak i\u00e7in sabaha kadar ba\u011f\u0131rd\u0131klar\u0131n\u0131 kaydeden Yald\u0131z, so\u011fuk ve korku y\u00fcz\u00fcnden \u015foka girdiklerini bildirdi. Yald\u0131z \u015funlar\u0131 s\u00f6yledi:<br \/>\n\u201cNerdeyse bir g\u00fcnd\u00fcr o a\u011fa\u00e7ta ba\u011fl\u0131yd\u0131k ve yard\u0131m gelmiyordu. Art\u0131k umudumuzu yitirdik. \u00d6lece\u011fimizi d\u00fc\u015f\u00fcn\u00fcrken ertesi g\u00fcn ak\u015fam \u00fczeri yanm\u0131\u015f arabam\u0131z\u0131 g\u00f6ren bir ki\u015fi geldi. Bize yakla\u015fmad\u0131, ama telefonla durumu polise bildirdi ve hayat\u0131m\u0131z\u0131 kurtard\u0131.\u201d<br \/>\nYald\u0131z, 12 bin avroya yak\u0131n nakit para, cep telefonlar\u0131 ve de\u011ferli t\u00fcm e\u015fyalar\u0131n\u0131 soyguncular\u0131n ald\u0131\u011f\u0131n\u0131 bildirdi.<br \/>\nKelep\u00e7eler y\u00fcz\u00fcnden bileklerinin morard\u0131\u011f\u0131n\u0131 vurgulayan Yald\u0131z soyguncular\u0131n silahla ba\u015f\u0131na vurdu\u011fu arkada\u015f\u0131 Macit Yalak\u2019\u0131n da beyin sars\u0131nt\u0131s\u0131 ge\u00e7irdi\u011fini ve hastanede kontrol alt\u0131na al\u0131nd\u0131\u011f\u0131n\u0131 s\u00f6yledi.<\/p>\n<p><b>SOYGUNCULAR Y\u0130NE BULUNAMADI<\/b><br \/>\nBu arada Bulgaristan \u0130\u00e7i\u015fleri Bakanl\u0131\u011f\u0131ndan, her soygun olay\u0131ndan sonra oldu\u011fu gibi, \u201cSoyguncular\u0131n yakalanmas\u0131 i\u00e7in geni\u015f \u00e7apl\u0131 bir operasyon ba\u015flatt\u0131k\u201d a\u00e7\u0131klamas\u0131 geldi, ancak soyguncular hala bulunamad\u0131.&nbsp; \u0130fade ve evrak i\u015flemleri tamamlanan \u00c7etin Yald\u0131z ile Macit Yalak\u2019\u0131n bu ak\u015fam T\u00fcrkiye\u2019ye g\u00f6nderilece\u011fi bildirildi.<\/p>\n<div class=\"zemanta-pixie\"><img data-recalc-dims=\"1\"  title=\"\" decoding=\"async\" class=\"zemanta-pixie-img\"  alt=\"pixy Bulgar mafyas\u0131n\u0131n sald\u0131r\u0131s\u0131na u\u011frayan T\u00fcrk gurbet\u00e7i konu\u015ftu\"  src=\"https:\/\/i0.wp.com\/img.zemanta.com\/pixy.gif?w=640\" \/><\/div>\n","protected":false},"excerpt":{"rendered":"<p>Almanya\u2019dan T\u00fcrkiye\u2019ye gitmek \u00fczere Bulgaristan\u2019dan transit ge\u00e7i\u015f yaparken kar maskeli ve polis k\u0131yafetli Bulgar otoyol mafyas\u0131n\u0131n sald\u0131r\u0131s\u0131na u\u011frayan T\u00fcrk gurbet\u00e7i \u00c7etin Yald\u0131z, \u201cBir daha Bulgaristan \u00fczerinden u\u00e7akla dahi ge\u00e7mem\u201d dedi.&nbsp; Almanya\u2019da \u00e7al\u0131\u015fan ve Almanya vatanda\u015f\u0131 da olan Yald\u0131z, arkada\u015f\u0131 Macit Yalak ile birlikte Bulgaristan\u2019da ba\u015flar\u0131na gelen olay\u0131n tam bir \u201ckabus\u201d oldu\u011funu belirterek, \u201cSoyguncular bizi \u0131ss\u0131z [&hellip;]<\/p>\n","protected":false},"author":331,"featured_media":0,"comment_status":"open","ping_status":"open","sticky":false,"template":"","format":"standard","meta":{"advanced_seo_description":"","jetpack_seo_html_title":"","jetpack_seo_noindex":false,"ngg_post_thumbnail":0,"jetpack_post_was_ever_published":false,"_jetpack_newsletter_access":"","_jetpack_dont_email_post_to_subs":false,"_jetpack_newsletter_tier_id":0,"_jetpack_memberships_contains_paywalled_content":false,"_jetpack_memberships_contains_paid_content":false,"footnotes":""},"categories":[5],"tags":[],"class_list":["post-1863","post","type-post","status-publish","format-standard","hentry","category-haberler"],"jetpack_featured_media_url":"","jetpack_shortlink":"https:\/\/wp.me\/paHHlZ-u3","jetpack-related-posts":[{"id":1632,"url":"https:\/\/www.gocmeniz.biz\/?p=1632","url_meta":{"origin":1863,"position":0},"title":"Gurbet\u00e7i, Bulgaristan`\u0131 A\u0130HM`e \u015fikayet ediyor","author":"Haberci","date":"01 A\u011fustos 2009","format":false,"excerpt":"Bulgaristan`da bir gurbet\u00e7i ailesini soyup arac\u0131n\u0131 kundaklayan Bulgar otoyol mafyas\u0131n\u0131n ya\u015fatt\u0131\u011f\u0131 deh\u015fet i\u00e7in Almanya`da \u00e7al\u0131\u015fan Naci Aksoy A\u0130HM`ne gidiyor. AA - Bulgaristan`da, yaz ba\u015f\u0131nda bir T\u00fcrk gurbet\u00e7i ailesini soyup arac\u0131n\u0131 kundaklayan Bulgar otoyol mafyas\u0131 yine eyleme ge\u00e7erek, ba\u015fka bir T\u00fcrk ailesine daha ayn\u0131 deh\u015feti ya\u015fatt\u0131. Almanya`n\u0131n M\u00fcnih kenti b\u00f6lgesinde e\u015fiyle\u2026","rel":"","context":"&quot;Haberler&quot; i\u00e7inde","block_context":{"text":"Haberler","link":"https:\/\/www.gocmeniz.biz\/?cat=5"},"img":{"alt_text":"","src":"","width":0,"height":0},"classes":[]},{"id":1407,"url":"https:\/\/www.gocmeniz.biz\/?p=1407","url_meta":{"origin":1863,"position":1},"title":"Bulgaristan&#8217;dan ge\u00e7en T\u00fcrk aileye deh\u015feti ya\u015fatt\u0131lar","author":"Haberci","date":"23 Haziran 2009","format":false,"excerpt":"A.A.\u00a0\u00a0\u00a0 Almanya'dan T\u00fcrkiye'ye tatil i\u00e7in yola \u00e7\u0131kt\u0131lar. Ama yolculuklar\u0131 Bulgaristan'da kabusa d\u00f6nd\u00fc. Kom\u015fu \u00fclkede, anne baba ve 2 \u00e7ocuklar\u0131n\u0131 elektrik dire\u011fine kelep\u00e7elediler, arabalar\u0131n\u0131 yakt\u0131lar, de\u011ferli e\u015fyalarini ald\u0131lar...Bulgaristan'dan transit ge\u00e7i\u015f yapan yabanc\u0131lar\u0131n korkulu r\u00fcyas\u0131 olan otoyol mafyas\u0131, uzun bir sessizlik d\u00f6neminin ard\u0131ndan yine sahneye \u00e7\u0131kt\u0131.Tatil i\u00e7in T\u00fcrkiye'ye gitmeye \u00e7al\u0131\u015fan T\u00fcrk ailesi,\u2026","rel":"","context":"&quot;Haberler&quot; i\u00e7inde","block_context":{"text":"Haberler","link":"https:\/\/www.gocmeniz.biz\/?cat=5"},"img":{"alt_text":"","src":"","width":0,"height":0},"classes":[]},{"id":1644,"url":"https:\/\/www.gocmeniz.biz\/?p=1644","url_meta":{"origin":1863,"position":2},"title":"Bulgar deh\u015feti film bile oldu","author":"Haberci","date":"04 A\u011fustos 2009","format":false,"excerpt":"T\u00fcrkiye g\u00fcnlerdir gurbet\u00e7i bir ailenin Bulgaristan\u2019da ya\u015fad\u0131\u011f\u0131 deh\u015feti konu\u015fuyor.\u0130\u015fin ilginci, bu olay\u0131n benzeri ge\u00e7ti\u011fimiz y\u0131l filme konu olmu\u015f, Bulgar y\u00f6netmen Kamen Kalev, bir T\u00fcrk ailesinin Almanya yolculu\u011fu s\u0131ras\u0131nda ya\u015fa-d\u0131\u011f\u0131 dram\u0131 beyazperdeye yans\u0131tm\u0131\u015ft\u0131.Senaryo ger\u00e7e\u011fe d\u00f6n\u00fc\u015ft\u00fcAlmanya\u2019dan T\u00fcrkiye\u2019deki yak\u0131nlar\u0131n\u0131n yan\u0131na gelmek i\u00e7in yola \u00e7\u0131kan 4 ki\u015filik Aksoy ailesinin i\u00e7inde bulundu\u011fu cip, birka\u00e7 g\u00fcn\u2026","rel":"","context":"&quot;Haberler&quot; i\u00e7inde","block_context":{"text":"Haberler","link":"https:\/\/www.gocmeniz.biz\/?cat=5"},"img":{"alt_text":"","src":"","width":0,"height":0},"classes":[]},{"id":1634,"url":"https:\/\/www.gocmeniz.biz\/?p=1634","url_meta":{"origin":1863,"position":3},"title":"&#8216;\u00c7ocuklar daha cesurdu&#8217;","author":"Haberci","date":"03 A\u011fustos 2009","format":false,"excerpt":"Bulgaristan'da soyguncular\u0131n hedefi olan Ak\u0131n-Nalan Aksoy \u00e7ifti, \"Bizim yapmam\u0131z gerekeni \u00e7ocuklar yapt\u0131. Hande bizi tek eliyle \u0131s\u0131tarak, kurtulaca\u011f\u0131m\u0131z\u0131 s\u00f6yleyip durdu\" dedi\u00a0 Almanya'da otomobil firmas\u0131nda \u00e7al\u0131\u015fan Ak\u0131n - Nalan Aksoy \u00e7ifti, 21 ya\u015f\u0131ndaki k\u0131zlar\u0131 Hande ve 17 ya\u015f\u0131ndaki o\u011fullar\u0131yla tatil yapmak i\u00e7in cipleri ile T\u00fcrkiye'ye gelirken, Bulgaristan Sofya'da \u00f6nlerini kesen kar\u2026","rel":"","context":"&quot;Haberler&quot; i\u00e7inde","block_context":{"text":"Haberler","link":"https:\/\/www.gocmeniz.biz\/?cat=5"},"img":{"alt_text":"","src":"","width":0,"height":0},"classes":[]},{"id":454,"url":"https:\/\/www.gocmeniz.biz\/?p=454","url_meta":{"origin":1863,"position":4},"title":"MA\u00c7 DAYA\u011eI \u0130\u00c7\u0130N SOFYA&#8217;YA NOTA","author":"Haberci","date":"30 Haziran 2008","format":false,"excerpt":"T\u00dcRK\u0130YE, Milli Tak\u0131m\u2019\u0131n Almanya ile oynad\u0131\u011f\u0131 yar\u0131 final kar\u015f\u0131la\u015fmas\u0131 s\u0131ras\u0131nda 2 T\u00fcrk vatanda\u015f\u0131n\u0131n \u0131rk\u00e7\u0131 Bulgarlar\u2019\u0131n sald\u0131r\u0131s\u0131na u\u011framas\u0131 nedeniyle Bulgaristan\u2019a nota verdi.\u00c7ar\u015famba g\u00fcn\u00fc oynanan ma\u00e7\u0131 Sofya \u015fehir merkezindeki bir lokalde izleyen Murat Sipahio\u011flu ve Mustafa Erol, bir anda etraflar\u0131n\u0131 saran \u0131rk\u00e7\u0131 Bulgarlar\u2019\u0131n sald\u0131r\u0131s\u0131na u\u011fram\u0131\u015ft\u0131. A\u015f\u0131r\u0131 sa\u011fc\u0131 ATAKA partisi mensubu oldu\u011fu \u00f6ne\u2026","rel":"","context":"Benzer yaz\u0131","block_context":{"text":"Benzer yaz\u0131","link":""},"img":{"alt_text":"","src":"","width":0,"height":0},"classes":[]},{"id":2105,"url":"https:\/\/www.gocmeniz.biz\/?p=2105","url_meta":{"origin":1863,"position":5},"title":"Sinema: \u201c\u015eARK OYUNLARI\u201d","author":"Haberci","date":"09 Nisan 2010","format":false,"excerpt":"Kamen Kalev'in y\u00f6netti\u011fi Bulgaristan yap\u0131m\u0131 \u201c\u015eark Oyunlar\u0131\u201d, Sofya'da sald\u0131r\u0131ya u\u011frayan bir T\u00fcrk aile ile karde\u015f iki Bulgar gen\u00e7 \u00fczerinden yabanc\u0131la\u015fma ve \u0131rk\u00e7\u0131l\u0131k \u00fczerine bir hikayeyi anlat\u0131yor.Christo Christov, Saadet I\u015f\u0131l Aksoy, Hatice Aslan ile Ovanes Torosian'nun ba\u015f rolleri payla\u015ft\u0131\u011f\u0131 film, \u00f6zetle \u015f\u00f6yle:\u201cBirbirinden kopan iki karde\u015fin kaderleri, \u0131rk\u00e7\u0131 bir bask\u0131nda bulu\u015fur. Karde\u015fler\u2026","rel":"","context":"&quot;Haberler&quot; i\u00e7inde","block_context":{"text":"Haberler","link":"https:\/\/www.gocmeniz.biz\/?cat=5"},"img":{"alt_text":"","src":"https:\/\/i0.wp.com\/www.sinema.com\/images\/cache\/101338_700.jpg?resize=350%2C200","width":350,"height":200},"classes":[]}],"jetpack_sharing_enabled":true,"jetpack_likes_enabled":true,"_links":{"self":[{"href":"https:\/\/www.gocmeniz.biz\/index.php?rest_route=\/wp\/v2\/posts\/1863","targetHints":{"allow":["GET"]}}],"collection":[{"href":"https:\/\/www.gocmeniz.biz\/index.php?rest_route=\/wp\/v2\/posts"}],"about":[{"href":"https:\/\/www.gocmeniz.biz\/index.php?rest_route=\/wp\/v2\/types\/post"}],"author":[{"embeddable":true,"href":"https:\/\/www.gocmeniz.biz\/index.php?rest_route=\/wp\/v2\/users\/331"}],"replies":[{"embeddable":true,"href":"https:\/\/www.gocmeniz.biz\/index.php?rest_route=%2Fwp%2Fv2%2Fcomments&post=1863"}],"version-history":[{"count":1,"href":"https:\/\/www.gocmeniz.biz\/index.php?rest_route=\/wp\/v2\/posts\/1863\/revisions"}],"predecessor-version":[{"id":8980,"href":"https:\/\/www.gocmeniz.biz\/index.php?rest_route=\/wp\/v2\/posts\/1863\/revisions\/8980"}],"wp:attachment":[{"href":"https:\/\/www.gocmeniz.biz\/index.php?rest_route=%2Fwp%2Fv2%2Fmedia&parent=1863"}],"wp:term":[{"taxonomy":"category","embeddable":true,"href":"https:\/\/www.gocmeniz.biz\/index.php?rest_route=%2Fwp%2Fv2%2Fcategories&post=1863"},{"taxonomy":"post_tag","embeddable":true,"href":"https:\/\/www.gocmeniz.biz\/index.php?rest_route=%2Fwp%2Fv2%2Ftags&post=1863"}],"curies":[{"name":"wp","href":"https:\/\/api.w.org\/{rel}","templated":true}]}}