{"id":1869,"date":"2009-10-28T15:10:23","date_gmt":"2009-10-28T12:10:23","guid":{"rendered":"http:\/\/www.gocmeniz.biz\/?p=1869"},"modified":"2009-10-28T16:46:51","modified_gmt":"2009-10-28T13:46:51","slug":"29-ekim-cumhuriyet-bayraminiz-kutlu-olsun","status":"publish","type":"post","link":"https:\/\/www.gocmeniz.biz\/?p=1869","title":{"rendered":"29 EK\u0130M CUMHUR\u0130YET BAYRAMINIZ KUTLU OLSUN !"},"content":{"rendered":"<p><img data-recalc-dims=\"1\"  title=\"\"  alt=\"29ekim 29 EK\u0130M CUMHUR\u0130YET BAYRAMINIZ KUTLU OLSUN !\" decoding=\"async\" src=\"https:\/\/i0.wp.com\/www.gocmeniz.biz\/images\/29ekim.jpg?w=640&#038;ssl=1\" \/><\/p>\n<p><b><big><big><font color=\"#ff0000\">CUMHUR\u0130YET\u0130M\u0130Z\u0130N 86. YILI KUTLU OLSUN !<\/font><\/big><\/big><\/b><\/p>\n<div class=\"zemanta-pixie\"><img data-recalc-dims=\"1\"  title=\"\" decoding=\"async\" class=\"zemanta-pixie-img\"  alt=\"pixy 29 EK\u0130M CUMHUR\u0130YET BAYRAMINIZ KUTLU OLSUN !\"  src=\"https:\/\/i0.wp.com\/img.zemanta.com\/pixy.gif?w=640\" \/><\/div>\n","protected":false},"excerpt":{"rendered":"<p>CUMHUR\u0130YET\u0130M\u0130Z\u0130N 86. YILI KUTLU OLSUN !<\/p>\n","protected":false},"author":331,"featured_media":0,"comment_status":"open","ping_status":"open","sticky":false,"template":"","format":"standard","meta":{"advanced_seo_description":"","jetpack_seo_html_title":"","jetpack_seo_noindex":false,"ngg_post_thumbnail":0,"jetpack_post_was_ever_published":false,"_jetpack_newsletter_access":"","_jetpack_dont_email_post_to_subs":false,"_jetpack_newsletter_tier_id":0,"_jetpack_memberships_contains_paywalled_content":false,"_jetpack_memberships_contains_paid_content":false,"footnotes":""},"categories":[8],"tags":[],"class_list":["post-1869","post","type-post","status-publish","format-standard","hentry","category-duyurular"],"jetpack_featured_media_url":"","jetpack_shortlink":"https:\/\/wp.me\/paHHlZ-u9","jetpack-related-posts":[{"id":1193,"url":"https:\/\/www.gocmeniz.biz\/?p=1193","url_meta":{"origin":1869,"position":0},"title":"DE\u011eERL\u0130 ANNELER\u0130M\u0130Z\u0130N G\u00dcN\u00dc KUTLU OLSUN!","author":"Haberci","date":"10 May\u0131s 2009","format":false,"excerpt":"","rel":"","context":"&quot;Duyurular&quot; i\u00e7inde","block_context":{"text":"Duyurular","link":"https:\/\/www.gocmeniz.biz\/?cat=8"},"img":{"alt_text":"","src":"https:\/\/i0.wp.com\/kuzum.biz\/wp-content\/gallery\/wp-contentgallery\/anneler-gunu22.jpg?resize=350%2C200","width":350,"height":200},"classes":[]},{"id":58,"url":"https:\/\/www.gocmeniz.biz\/?p=58","url_meta":{"origin":1869,"position":1},"title":"Ulusal Egemenlik ve \u00c7ocuk Bayram\u0131 Kutlu Olsun!","author":"Admin","date":"23 Nisan 2007","format":false,"excerpt":"","rel":"","context":"&quot;Duyurular&quot; i\u00e7inde","block_context":{"text":"Duyurular","link":"https:\/\/www.gocmeniz.biz\/?cat=8"},"img":{"alt_text":"","src":"","width":0,"height":0},"classes":[]},{"id":1222,"url":"https:\/\/www.gocmeniz.biz\/?p=1222","url_meta":{"origin":1869,"position":2},"title":"19 May\u0131s Atat\u00fcrk&#8217;\u00fc Anma, Gen\u00e7lik ve Spor Bayram\u0131 Kutlu Olsun!","author":"Haberci","date":"19 May\u0131s 2009","format":false,"excerpt":"","rel":"","context":"&quot;Duyurular&quot; i\u00e7inde","block_context":{"text":"Duyurular","link":"https:\/\/www.gocmeniz.biz\/?cat=8"},"img":{"alt_text":"","src":"https:\/\/i0.wp.com\/www.gocmeniz.biz\/images\/19mayis.jpg?resize=350%2C200","width":350,"height":200},"classes":[]},{"id":349,"url":"https:\/\/www.gocmeniz.biz\/?p=349","url_meta":{"origin":1869,"position":3},"title":"23 Nisan Kutlu Olsun !","author":"Haberci","date":"23 Nisan 2008","format":false,"excerpt":"23 N\u0130SANULUSAL EGEMENL\u0130K VE \u00c7OCUK BAYRAMI23 Nisan 1920, T\u00fcrk milletinin iradesini temsil eden Birinci B\u00fcy\u00fck Millet Meclisi\u2019nin a\u00e7\u0131ld\u0131\u011f\u0131 ve T\u00fcrk halk\u0131n\u0131n egemenli\u011fini il\u00e2n etti\u011fi tarihtir.Atat\u00fcrk, 23 Nisan 1924'te '23 Nisan' g\u00fcn\u00fcn\u00fcn bayram olarak kutlanmas\u0131na karar vermi\u015ftir. Bu tarihten 5 y\u0131l sonra 23 Nisan 1929\u2019da Atat\u00fcrk bu bayram\u0131 \u00e7ocuklara arma\u011fan etmi\u015ftir\u2026","rel":"","context":"&quot;Duyurular&quot; i\u00e7inde","block_context":{"text":"Duyurular","link":"https:\/\/www.gocmeniz.biz\/?cat=8"},"img":{"alt_text":"","src":"https:\/\/i0.wp.com\/img210.imageshack.us\/img210\/1961\/ataturkhscw4.gif?resize=350%2C200","width":350,"height":200},"classes":[]},{"id":556,"url":"https:\/\/www.gocmeniz.biz\/?p=556","url_meta":{"origin":1869,"position":4},"title":"Bulgaristan&#8217;da T\u00fcrklere ait binalara ek g\u00fcvenlik","author":"Haberci","date":"27 Ekim 2008","format":false,"excerpt":"Bulgaristan \u0130\u00e7i\u015fleri Bakanl\u0131\u011f\u0131n\u0131n, T\u00fcrkiye'nin Sofya B\u00fcy\u00fckel\u00e7ili\u011fi ve konsolosluklar\u0131 dahil, banka ve T\u00fcrklere ait di\u011fer binalarda ek g\u00fcvenlik \u00f6nlemleri al\u0131nmas\u0131 y\u00f6n\u00fcnde talimat verdi\u011fi a\u00e7\u0131kland\u0131.Sofya haber ajans\u0131, talimat\u0131n, 29 Ekim Cumhuriyet Bayram\u0131 vesilesiyle T\u00fcrkiye'nin Sofya B\u00fcy\u00fckel\u00e7ili\u011finin talebi \u00fczerine verildi\u011fini bildirdi. Ajans, ek g\u00fcvenlik \u00f6nlemlerinin, T\u00fcrklere ait binalara y\u00f6nelik olas\u0131 ter\u00f6r sald\u0131r\u0131lar\u0131n\u0131 engelleyebilmek\u2026","rel":"","context":"&quot;Haberler&quot; i\u00e7inde","block_context":{"text":"Haberler","link":"https:\/\/www.gocmeniz.biz\/?cat=5"},"img":{"alt_text":"","src":"","width":0,"height":0},"classes":[]},{"id":549,"url":"https:\/\/www.gocmeniz.biz\/?p=549","url_meta":{"origin":1869,"position":5},"title":"Yaz saati hafta sonu bitiyor","author":"Haberci","date":"23 Ekim 2008","format":false,"excerpt":"Yaz saati uygulamas\u0131na 30 Mart 2008 tarihinde ge\u00e7ilirken saatler 03.00\u2019de bir saat ileri al\u0131nm\u0131\u015ft\u0131. \u0130leri saat uygulamas\u0131 bu hafta sonu sona eriyor.26 Ekim Pazar g\u00fcn\u00fc saat 04.00\u2019de saatler 1 saat geri al\u0131nacak. Uygulama, g\u00fcnlerin k\u0131sald\u0131\u011f\u0131 k\u0131\u015f mevsiminde g\u00fcn \u0131\u015f\u0131\u011f\u0131ndan daha fazla yararlanmay\u0131 ama\u00e7l\u0131yor.","rel":"","context":"&quot;Duyurular&quot; i\u00e7inde","block_context":{"text":"Duyurular","link":"https:\/\/www.gocmeniz.biz\/?cat=8"},"img":{"alt_text":"","src":"","width":0,"height":0},"classes":[]}],"jetpack_sharing_enabled":true,"jetpack_likes_enabled":true,"_links":{"self":[{"href":"https:\/\/www.gocmeniz.biz\/index.php?rest_route=\/wp\/v2\/posts\/1869","targetHints":{"allow":["GET"]}}],"collection":[{"href":"https:\/\/www.gocmeniz.biz\/index.php?rest_route=\/wp\/v2\/posts"}],"about":[{"href":"https:\/\/www.gocmeniz.biz\/index.php?rest_route=\/wp\/v2\/types\/post"}],"author":[{"embeddable":true,"href":"https:\/\/www.gocmeniz.biz\/index.php?rest_route=\/wp\/v2\/users\/331"}],"replies":[{"embeddable":true,"href":"https:\/\/www.gocmeniz.biz\/index.php?rest_route=%2Fwp%2Fv2%2Fcomments&post=1869"}],"version-history":[{"count":0,"href":"https:\/\/www.gocmeniz.biz\/index.php?rest_route=\/wp\/v2\/posts\/1869\/revisions"}],"wp:attachment":[{"href":"https:\/\/www.gocmeniz.biz\/index.php?rest_route=%2Fwp%2Fv2%2Fmedia&parent=1869"}],"wp:term":[{"taxonomy":"category","embeddable":true,"href":"https:\/\/www.gocmeniz.biz\/index.php?rest_route=%2Fwp%2Fv2%2Fcategories&post=1869"},{"taxonomy":"post_tag","embeddable":true,"href":"https:\/\/www.gocmeniz.biz\/index.php?rest_route=%2Fwp%2Fv2%2Ftags&post=1869"}],"curies":[{"name":"wp","href":"https:\/\/api.w.org\/{rel}","templated":true}]}}