{"id":1873,"date":"2009-10-28T16:45:45","date_gmt":"2009-10-28T13:45:45","guid":{"rendered":"http:\/\/www.gocmeniz.biz\/?p=1873"},"modified":"2026-04-03T12:17:07","modified_gmt":"2026-04-03T09:17:07","slug":"abden-bulgaristana-300-milyon-euro-tazminat","status":"publish","type":"post","link":"https:\/\/www.gocmeniz.biz\/?p=1873","title":{"rendered":"AB&#8217;den Bulgaristan&#8217;a 300 milyon euro tazminat"},"content":{"rendered":"<p><b>AB Komisyonu&#8217;nun, Bulgaristan&#8217;a, Kozloduy Atom Elektrik Santral\u0131&#8217;n\u0131n en eski 4 reakt\u00f6r\u00fcn\u00fc kapatmas\u0131ndan dolay\u0131 u\u011frad\u0131\u011f\u0131 zarar\u0131 kar\u015f\u0131lamak i\u00e7in 300 milyon euro daha ek tazminat \u00f6deme karar\u0131 ald\u0131\u011f\u0131 belirtildi.<\/b><\/p>\n<p>Bulgaristan Ba\u015fbakanl\u0131\u011f\u0131 Bas\u0131n Merkezinden yap\u0131lan a\u00e7\u0131klamada, AB taraf\u0131ndan, ek tazminat\u0131n, reakt\u00f6rlerin kapat\u0131lmas\u0131n\u0131n \u00fclke ekonomisinde yol a\u00e7t\u0131\u011f\u0131 ekonomik zararlar\u0131n hafifletilmesi amac\u0131yla verildi\u011fi kaydedildi.<\/p>\n<p>Bas\u0131n Merkezi, AB&#8217;nin onaylad\u0131\u011f\u0131 300 milyon avro tutar\u0131ndaki yeni tazminat\u0131n, 2010\u20132013 d\u00f6neminde \u00f6denece\u011fini bildirdi.<br \/>AB, Bulgaristan&#8217;a, 4 eski reakt\u00f6r\u00fc kapatmas\u0131ndan dolay\u0131 daha \u00f6nce 550 milyon avro tazminat \u00f6demi\u015fti.<\/p>\n<div class=\"zemanta-pixie\"><img data-recalc-dims=\"1\"  title=\"\" decoding=\"async\" class=\"zemanta-pixie-img\"  alt=\"pixy AB&#039;den Bulgaristan&#039;a 300 milyon euro tazminat\"  src=\"https:\/\/i0.wp.com\/img.zemanta.com\/pixy.gif?w=640\" \/><\/div>\n","protected":false},"excerpt":{"rendered":"<p>AB Komisyonu&#8217;nun, Bulgaristan&#8217;a, Kozloduy Atom Elektrik Santral\u0131&#8217;n\u0131n en eski 4 reakt\u00f6r\u00fcn\u00fc kapatmas\u0131ndan dolay\u0131 u\u011frad\u0131\u011f\u0131 zarar\u0131 kar\u015f\u0131lamak i\u00e7in 300 milyon euro daha ek tazminat \u00f6deme karar\u0131 ald\u0131\u011f\u0131 belirtildi. Bulgaristan Ba\u015fbakanl\u0131\u011f\u0131 Bas\u0131n Merkezinden yap\u0131lan a\u00e7\u0131klamada, AB taraf\u0131ndan, ek tazminat\u0131n, reakt\u00f6rlerin kapat\u0131lmas\u0131n\u0131n \u00fclke ekonomisinde yol a\u00e7t\u0131\u011f\u0131 ekonomik zararlar\u0131n hafifletilmesi amac\u0131yla verildi\u011fi kaydedildi. Bas\u0131n Merkezi, AB&#8217;nin onaylad\u0131\u011f\u0131 300 milyon [&hellip;]<\/p>\n","protected":false},"author":331,"featured_media":0,"comment_status":"open","ping_status":"open","sticky":false,"template":"","format":"standard","meta":{"advanced_seo_description":"","jetpack_seo_html_title":"","jetpack_seo_noindex":false,"ngg_post_thumbnail":0,"jetpack_post_was_ever_published":false,"_jetpack_newsletter_access":"","_jetpack_dont_email_post_to_subs":false,"_jetpack_newsletter_tier_id":0,"_jetpack_memberships_contains_paywalled_content":false,"_jetpack_memberships_contains_paid_content":false,"footnotes":""},"categories":[5],"tags":[],"class_list":["post-1873","post","type-post","status-publish","format-standard","hentry","category-haberler"],"jetpack_featured_media_url":"","jetpack_shortlink":"https:\/\/wp.me\/paHHlZ-ud","jetpack-related-posts":[{"id":659,"url":"https:\/\/www.gocmeniz.biz\/?p=659","url_meta":{"origin":1873,"position":0},"title":"Bulgaristan&#8217;da yolsuzluk \u015foku","author":"Haberci","date":"28 Kas\u0131m 2008","format":false,"excerpt":"AB, fonlar\u0131n y\u00f6netimindeki yolsuzluklar nedeniyle ilk kez bir \u00fcye \u00fclkeye b\u00f6lgesel ve yap\u0131sal te\u015fvik \u00f6demelerini durdurdu. Bulgaristan'\u0131n kayb\u0131 220 milyon euro. Bulgar h\u00fck\u00fcmeti ise e\u015fit muamele yap\u0131lmad\u0131\u011f\u0131n\u0131 savunuyor. AB tarihinde ilk kez bir \u00fcye \u00fclkeye te\u015fvik \u00f6demeleri durduruldu. Br\u00fcksel, fonlar\u0131n y\u00f6netiminde ya\u015fanan yolsuzluklar\u0131n ho\u015fg\u00f6r\u00fc s\u0131n\u0131r\u0131n\u0131 a\u015ft\u0131\u011f\u0131 gerek\u00e7esiyle Bulgaristan i\u00e7in \u00fcyelik\u2026","rel":"","context":"&quot;Haberler&quot; i\u00e7inde","block_context":{"text":"Haberler","link":"https:\/\/www.gocmeniz.biz\/?cat=5"},"img":{"alt_text":"","src":"","width":0,"height":0},"classes":[]},{"id":1976,"url":"https:\/\/www.gocmeniz.biz\/?p=1976","url_meta":{"origin":1873,"position":1},"title":"Naim: &#8220;bana De\u011fil Bulgaristan&#8217;a Para Verildi&#8221;","author":"Haberci","date":"14 Aral\u0131k 2009","format":false,"excerpt":"Eski Olimpiyat ve D\u00fcnya \u015eampiyonu, Halter Federasyonu Asba\u015fkan\u0131 Naim S\u00fcleymano\u011flu, T\u00fcrkiye'ye getirili\u015fi s\u0131ras\u0131nda Bulgaristan'a para verildi\u011fini, ancak kendisine para verilmedi\u011fini, bunun i\u00e7in toplam ne kadar para harcand\u0131\u011f\u0131n\u0131 bilmedi\u011fini s\u00f6yledi. B\u00fcy\u00fckler Ferdi ve Masterler T\u00fcrkiye Halter \u015eampiyonas\u0131 i\u00e7in Alanya'da bulunan Naim S\u00fcleymano\u011flu, Eski maliye bakan\u0131 Ekrem Pakdemirli'nin, ge\u00e7ti\u011fimiz g\u00fcnlerde yay\u0131nlanan kitab\u0131nda\u2026","rel":"","context":"&quot;Haberler&quot; i\u00e7inde","block_context":{"text":"Haberler","link":"https:\/\/www.gocmeniz.biz\/?cat=5"},"img":{"alt_text":"","src":"","width":0,"height":0},"classes":[]},{"id":2053,"url":"https:\/\/www.gocmeniz.biz\/?p=2053","url_meta":{"origin":1873,"position":2},"title":"Yunan \u00e7ift\u00e7ilerin ablukas\u0131 yeniden ba\u015flad\u0131","author":"Haberci","date":"25 Ocak 2010","format":false,"excerpt":"Yunanistan;\u0131n tar\u0131m sekt\u00f6r\u00fcndeki politikas\u0131n\u0131 protesto eden \u00e7ift\u00e7iler, Bulgaristan s\u0131n\u0131r\u0131ndaki kap\u0131larda ticari ta\u015f\u0131mac\u0131l\u0131\u011f\u0131 durduran eyleme, k\u0131sa bir aradan sonra yeniden ba\u015flad\u0131. \u0130ki \u00fclke aras\u0131nda ticari ge\u00e7i\u015flerin \u00f6ncelikli olarak yap\u0131ld\u0131\u011f\u0131 Promahon-Kulata s\u0131n\u0131r kap\u0131s\u0131n\u0131n yeniden abluka alt\u0131na al\u0131nd\u0131\u011f\u0131 bildirildi. Bulgaristan ile Yunanistan aras\u0131ndaki di\u011fer 3 s\u0131n\u0131r kap\u0131s\u0131nda otob\u00fcs ve \u00f6zel ara\u00e7lar\u0131n ge\u00e7i\u015flerine izin\u2026","rel":"","context":"&quot;Haberler&quot; i\u00e7inde","block_context":{"text":"Haberler","link":"https:\/\/www.gocmeniz.biz\/?cat=5"},"img":{"alt_text":"","src":"","width":0,"height":0},"classes":[]},{"id":2013,"url":"https:\/\/www.gocmeniz.biz\/?p=2013","url_meta":{"origin":1873,"position":3},"title":"Bulgaristan: T\u00fcrkiye ile ciddi sorunumuz yok","author":"Haberci","date":"06 Ocak 2010","format":false,"excerpt":"A.A.Bulgaristan D\u0131\u015fi\u015fleri Bakan\u0131 Marin Raykov, Bulgaristan ile T\u00fcrkiye aras\u0131nda ciddi politik sorun bulunmad\u0131\u011f\u0131n\u0131 belirterek, \"Sadece \u00e7\u00f6z\u00fclememi\u015f baz\u0131 konular var. Bunlar da diyalog yoluyla halledilecek meselelerdir\" dedi.Raykov, 1913 y\u0131l\u0131ndan sonra T\u00fcrkiye'den Bulgaristan'a g\u00f6\u00e7 eden Bulgarlar\u0131n T\u00fcrkiye'de kalan mal varl\u0131\u011f\u0131na ili\u015fkin meselenin iki \u00fclke aras\u0131nda \u00e7\u00f6z\u00fcme kavu\u015fturulmam\u0131\u015f konulardan biri oldu\u011funu s\u00f6yledi. Bulgaristan-T\u00fcrkiye\u2026","rel":"","context":"&quot;Haberler&quot; i\u00e7inde","block_context":{"text":"Haberler","link":"https:\/\/www.gocmeniz.biz\/?cat=5"},"img":{"alt_text":"","src":"","width":0,"height":0},"classes":[]},{"id":938,"url":"https:\/\/www.gocmeniz.biz\/?p=938","url_meta":{"origin":1873,"position":4},"title":"Bulgaristan\u2019da i\u015f sekt\u00f6r\u00fc i\u015f\u00e7i say\u0131s\u0131n\u0131 azalt\u0131yor","author":"Haberci","date":"23 Mart 2009","format":false,"excerpt":"Bulgaristan\u2019da firmalar\u0131n be\u015fte biri, yeni y\u00fcksek sigorta ve vergilendirme taban\u0131ndan dolay\u0131 i\u015f\u00e7i say\u0131s\u0131n\u0131 ya donduracak, ya da azaltacak. Piyasa Ekonomisini Ara\u015ft\u0131rma Enstit\u00fcs\u00fc 160 \u015firket aras\u0131nda yapt\u0131\u011f\u0131 incelemede, bu ger\u00e7ek ortaya \u00e7\u0131kt\u0131. Bir Ocak itibar\u0131yla sigortalama taban\u0131 %26.6 ile y\u00fckseltildi. Sadece bu y\u0131l i\u00e7erisinde i\u015f sekt\u00f6r\u00fc yakla\u015f\u0131k 273 milyon avro zarara\u2026","rel":"","context":"&quot;Haberler&quot; i\u00e7inde","block_context":{"text":"Haberler","link":"https:\/\/www.gocmeniz.biz\/?cat=5"},"img":{"alt_text":"","src":"","width":0,"height":0},"classes":[]},{"id":363,"url":"https:\/\/www.gocmeniz.biz\/?p=363","url_meta":{"origin":1873,"position":5},"title":"Makedonya Bulgaristan\u2019a y\u00f6nelik olan 400 kilovoltluk elektrik iletim hatt\u0131ndaki kendi b\u00f6l\u00fcm\u00fcn\u00fc d\u00f6\u015fedi","author":"Haberci","date":"30 Nisan 2008","format":false,"excerpt":"Makedonya, Makedon Stip kasabas\u0131ndan Bulgaristan\u2019\u0131n \u00c7ervena Mogila kasabas\u0131na y\u00f6nelik olan 400 KV \/kilovoltluk\/ elektrik iletim hatt\u0131nda, Bulgar-Makedon s\u0131n\u0131r\u0131na kadar olan kendi b\u00f6l\u00fcm\u00fcn\u00fc d\u00f6\u015fedi. \u0130letim hatt\u0131, ancak Bulgaristan da kendi b\u00f6l\u00fcm\u00fcn\u00fc d\u00f6\u015fedikten sonra uygulamaya ge\u00e7ecek. \u0130letim hatt\u0131n\u0131n d\u00f6\u015fenmesi i\u00e7in Avrupa \u0130mar ve Kalk\u0131nma bankas\u0131 29.5 milyon Avro para tahsis etmi\u015ftir.","rel":"","context":"&quot;Haberler&quot; i\u00e7inde","block_context":{"text":"Haberler","link":"https:\/\/www.gocmeniz.biz\/?cat=5"},"img":{"alt_text":"","src":"","width":0,"height":0},"classes":[]}],"jetpack_sharing_enabled":true,"jetpack_likes_enabled":true,"_links":{"self":[{"href":"https:\/\/www.gocmeniz.biz\/index.php?rest_route=\/wp\/v2\/posts\/1873","targetHints":{"allow":["GET"]}}],"collection":[{"href":"https:\/\/www.gocmeniz.biz\/index.php?rest_route=\/wp\/v2\/posts"}],"about":[{"href":"https:\/\/www.gocmeniz.biz\/index.php?rest_route=\/wp\/v2\/types\/post"}],"author":[{"embeddable":true,"href":"https:\/\/www.gocmeniz.biz\/index.php?rest_route=\/wp\/v2\/users\/331"}],"replies":[{"embeddable":true,"href":"https:\/\/www.gocmeniz.biz\/index.php?rest_route=%2Fwp%2Fv2%2Fcomments&post=1873"}],"version-history":[{"count":1,"href":"https:\/\/www.gocmeniz.biz\/index.php?rest_route=\/wp\/v2\/posts\/1873\/revisions"}],"predecessor-version":[{"id":8688,"href":"https:\/\/www.gocmeniz.biz\/index.php?rest_route=\/wp\/v2\/posts\/1873\/revisions\/8688"}],"wp:attachment":[{"href":"https:\/\/www.gocmeniz.biz\/index.php?rest_route=%2Fwp%2Fv2%2Fmedia&parent=1873"}],"wp:term":[{"taxonomy":"category","embeddable":true,"href":"https:\/\/www.gocmeniz.biz\/index.php?rest_route=%2Fwp%2Fv2%2Fcategories&post=1873"},{"taxonomy":"post_tag","embeddable":true,"href":"https:\/\/www.gocmeniz.biz\/index.php?rest_route=%2Fwp%2Fv2%2Ftags&post=1873"}],"curies":[{"name":"wp","href":"https:\/\/api.w.org\/{rel}","templated":true}]}}