{"id":1878,"date":"2009-10-31T10:29:55","date_gmt":"2009-10-31T07:29:55","guid":{"rendered":"http:\/\/www.gocmeniz.biz\/?p=1878"},"modified":"2026-04-03T12:17:07","modified_gmt":"2026-04-03T09:17:07","slug":"bulgarlarla-makedonlar-arasinda-toprak-gerginligi","status":"publish","type":"post","link":"https:\/\/www.gocmeniz.biz\/?p=1878","title":{"rendered":"Bulgarlarla Makedonlar aras\u0131nda toprak gerginli\u011fi"},"content":{"rendered":"<p><b>Avustralya ziyaretini s\u00fcrd\u00fcren Bulgaristan Cumhurba\u015fkan\u0131 Georgi P\u0131rvanov, kendisinden birka\u00e7 g\u00fcn \u00f6nce bu \u00fclkeyi ziyaret eden Makedonya Ba\u015fbakan\u0131 Nikola Gruevski&#8217;nin Bulgaristan&#8217;dan toprak talebi ima eden konu\u015fmas\u0131na sert tepki g\u00f6sterdi.<\/b><\/p>\n<p>P\u0131rvanov, &#8220;Kom\u015fu Makedonya ba\u015fbakan\u0131n\u0131n a\u00e7\u0131klamas\u0131n\u0131 hayretle kar\u015f\u0131l\u0131yorum. Kabul edilemez olan bu a\u00e7\u0131klamay\u0131 a\u00e7\u0131k bir toprak talebi olarak yorumluyorum&#8221; dedi.<\/p>\n<p>Makedonya&#8217;n\u0131n Avrupa Birli\u011finin vazge\u00e7ilemez olan &#8220;iyi kom\u015fuluk&#8221; prensibini unutmamas\u0131 gerekti\u011fini ifade eden P\u0131rvanov, &#8220;Ayr\u0131ca unutulmas\u0131n ki, Makedonya&#8217;n\u0131n AB \u00fcyeli\u011fine verdi\u011fimiz destek \u015farts\u0131z de\u011fildir&#8221; diye konu\u015ftu.<\/p>\n<p>Makedonya Ba\u015fbakan\u0131 Gruevski, Avustralya&#8217;daki Makedon diasporas\u0131na hitaben yapt\u0131\u011f\u0131 konu\u015fmada, \u00fclkesindeki Makedonlar\u0131n, Bulgaristan&#8217;daki &#8220;Pirin B\u00f6lgesi&#8221;nde ve Yunanistan&#8217;daki &#8220;Ege B\u00f6lgesi&#8221;nde ya\u015fayan soyda\u015flar\u0131ndan ayr\u0131 kald\u0131\u011f\u0131n\u0131 ifade etmi\u015fti. Gruevski&#8217;nin bu a\u00e7\u0131klamas\u0131, hem Yunanistan, hem de Bulgaristan taraf\u0131ndan &#8220;toprak talebi ima etmek&#8221; olarak yorumlan\u0131yor.<\/p>\n<p>Br\u00fcksel&#8217;de bulunan Bulgaristan Ba\u015fbakan\u0131 Boyko Borisov da, Mekadonya&#8217;n\u0131n AB&#8217;de esas olan iyi kom\u015fuluk prensibini unutup &#8220;macera aramaya ba\u015flad\u0131\u011f\u0131n\u0131&#8221; \u00f6ne s\u00fcrd\u00fc.<\/p>\n<p>Yurt d\u0131\u015f\u0131ndaki Bulgarlardan sorumlu Devlet Bakan\u0131 Bojidar Dimitrov da &#8220;Anla\u015f\u0131lan \u015fu ki, sergilenen bu tav\u0131rla Makedonya&#8217;daki siyasi elit kesim, Makedonya&#8217;n\u0131n AB ve NATO&#8217;ya \u00fcye olmas\u0131n\u0131 istemiyor&#8221; dedi.<\/p>\n","protected":false},"excerpt":{"rendered":"<p>Avustralya ziyaretini s\u00fcrd\u00fcren Bulgaristan Cumhurba\u015fkan\u0131 Georgi P\u0131rvanov, kendisinden birka\u00e7 g\u00fcn \u00f6nce bu \u00fclkeyi ziyaret eden Makedonya Ba\u015fbakan\u0131 Nikola Gruevski&#8217;nin Bulgaristan&#8217;dan toprak talebi ima eden konu\u015fmas\u0131na sert tepki g\u00f6sterdi. P\u0131rvanov, &#8220;Kom\u015fu Makedonya ba\u015fbakan\u0131n\u0131n a\u00e7\u0131klamas\u0131n\u0131 hayretle kar\u015f\u0131l\u0131yorum. Kabul edilemez olan bu a\u00e7\u0131klamay\u0131 a\u00e7\u0131k bir toprak talebi olarak yorumluyorum&#8221; dedi. Makedonya&#8217;n\u0131n Avrupa Birli\u011finin vazge\u00e7ilemez olan &#8220;iyi kom\u015fuluk&#8221; prensibini [&hellip;]<\/p>\n","protected":false},"author":331,"featured_media":0,"comment_status":"open","ping_status":"open","sticky":false,"template":"","format":"standard","meta":{"advanced_seo_description":"","jetpack_seo_html_title":"","jetpack_seo_noindex":false,"ngg_post_thumbnail":0,"jetpack_post_was_ever_published":false,"_jetpack_newsletter_access":"","_jetpack_dont_email_post_to_subs":false,"_jetpack_newsletter_tier_id":0,"_jetpack_memberships_contains_paywalled_content":false,"_jetpack_memberships_contains_paid_content":false,"footnotes":""},"categories":[5],"tags":[],"class_list":["post-1878","post","type-post","status-publish","format-standard","hentry","category-haberler"],"jetpack_featured_media_url":"","jetpack_shortlink":"https:\/\/wp.me\/paHHlZ-ui","jetpack-related-posts":[{"id":1781,"url":"https:\/\/www.gocmeniz.biz\/?p=1781","url_meta":{"origin":1878,"position":0},"title":"Madonna 15 ki\u015fiyi \u00f6ld\u00fcrd\u00fc iddias\u0131","author":"Haberci","date":"07 Eyl\u00fcl 2009","format":false,"excerpt":"Ohri G\u00f6l\u00fc`nde tur gemisi batt\u0131... \u00c7o\u011fu Bulgar 15 turist \u00f6ld\u00fc. Makedonya Ula\u015ft\u0131rma Bakan\u0131 istifa etti.. Ancak baz\u0131 \u00e7evrelere g\u00f6re facian\u0131n as\u0131l sorumlusu Madonna Makedonya`n\u0131n Ohri G\u00f6l\u00fc`nde bir turist teknesi batt\u0131. Olay sonucu \u00e7o\u011fu Bulgar 15 ki\u015fi hayat\u0131n\u0131 kaybetti. G\u00f6z g\u00f6re g\u00f6re gelen facia Makedonya Ula\u015ft\u0131rma ve \u0130leti\u015fim Bakan\u0131n\u0131 istifa ettirdi.\u2026","rel":"","context":"&quot;Haberler&quot; i\u00e7inde","block_context":{"text":"Haberler","link":"https:\/\/www.gocmeniz.biz\/?cat=5"},"img":{"alt_text":"","src":"","width":0,"height":0},"classes":[]},{"id":675,"url":"https:\/\/www.gocmeniz.biz\/?p=675","url_meta":{"origin":1878,"position":1},"title":"Bir ke\u00e7i avlad\u0131 ba\u015f\u0131 belaya girdi","author":"Haberci","date":"04 Aral\u0131k 2008","format":false,"excerpt":"A.A.Bir ke\u00e7i avlad\u0131 ba\u015f\u0131 belaya girdi\u00d6zbekistan ziyareti s\u0131ras\u0131nda avlanmas\u0131 yasak yaban ke\u00e7isini vurdu\u011fu iddias\u0131 Bulgar Cumhurba\u015fkan\u0131n\u0131 zora soktu.Bulgaristan Cumhurba\u015fkan\u0131 Georgi P\u0131rvanov'un Kas\u0131mda yapt\u0131\u011f\u0131 \u00d6zbekistan ziyareti s\u0131ras\u0131nda avlanmas\u0131 yasak bir yaban ke\u00e7isini vurdu\u011fu iddia edildi.Bir Rus internet sitesinde yay\u0131mlanan konuyla ilgili haber, Bulgar bas\u0131n\u0131nda geni\u015f yank\u0131 uyand\u0131rd\u0131. Bas\u0131na g\u00f6re, P\u0131rvanov, \u00d6zbekistan\u2026","rel":"","context":"&quot;Haberler&quot; i\u00e7inde","block_context":{"text":"Haberler","link":"https:\/\/www.gocmeniz.biz\/?cat=5"},"img":{"alt_text":"","src":"","width":0,"height":0},"classes":[]},{"id":401,"url":"https:\/\/www.gocmeniz.biz\/?p=401","url_meta":{"origin":1878,"position":2},"title":"RUMEL\u0130 VE BALKAN G\u00d6\u00c7MENLER\u0130 ULUDA\u011e&#8217;DA BULU\u015eACAK","author":"Admin","date":"28 May\u0131s 2008","format":false,"excerpt":"Rumeli Dernekleri Konfederasyonu taraf\u0131ndan d\u00fczenlenen 14. Uluda\u011f Rumeli Balkan ve K\u00fclt\u00fcr Sanat \u015e\u00f6leni, 1 Haziran Pazar g\u00fcn\u00fc Uluda\u011f'da ger\u00e7ekle\u015ftirilecek.Uluda\u011f Milli Parklar giri\u015finde bulunan alanda yap\u0131lacak olan \u015fenlik, saat 10:00 ba\u015flay\u0131p ak\u015fam saat 18:00'e kadar devam edecek. Dostluk ve bar\u0131\u015f dolu bir d\u00fcnya slogan\u0131 ile yola \u00e7\u0131kt\u0131klar\u0131n\u0131 belirten Rumeli Dernekleri Konfederasyonu\u2026","rel":"","context":"Benzer yaz\u0131","block_context":{"text":"Benzer yaz\u0131","link":""},"img":{"alt_text":"","src":"","width":0,"height":0},"classes":[]},{"id":790,"url":"https:\/\/www.gocmeniz.biz\/?p=790","url_meta":{"origin":1878,"position":3},"title":"Georgi P\u0131rvanov Japonya ziyaretinde","author":"Haberci","date":"26 Ocak 2009","format":false,"excerpt":"Cumhurba\u015fkan\u0131 Georgi P\u0131rvanov, Japon h\u00fck\u00fcmetinin daveti \u00fczerine Tokyo\u2019yu resmi ziyarete gidiyor.29 Ocak\u2019a kadar s\u00fcrecek gezi, Japonya\u2019da Bulgaristan Y\u0131l\u0131 Etkinliklerinin ba\u015flang\u0131c\u0131n\u0131 te\u015fkil edecek. Devlet ba\u015fkan\u0131 ve e\u015fi Japon \u0130mperatoru Akihito ve \u0130mperatri\u00e7e Mi\u00e7iko taraf\u0131ndan resmi \u00f6\u011flen yeme\u011fine kabul edilecek. P\u0131rvanov, Japonya Ba\u015fbakan\u0131 ve Parlamento Alt ve \u00dcst Kanatlar\u0131 Ba\u015fkanlar\u0131 ile de\u2026","rel":"","context":"&quot;Haberler&quot; i\u00e7inde","block_context":{"text":"Haberler","link":"https:\/\/www.gocmeniz.biz\/?cat=5"},"img":{"alt_text":"","src":"","width":0,"height":0},"classes":[]},{"id":1019,"url":"https:\/\/www.gocmeniz.biz\/?p=1019","url_meta":{"origin":1878,"position":4},"title":"BULGAR\u0130STAN KORSANLARA REST \u00c7EKT\u0130","author":"Haberci","date":"09 Nisan 2009","format":false,"excerpt":"Bulgaristan D\u0131\u015fi\u015fleri Bakanl\u0131\u011f\u0131, pazartesi sabah\u0131 Aden k\u00f6rfezinde Somalili korsanlarca ka\u00e7\u0131r\u0131lan Panama band\u0131ral\u0131 gemide rehin tutulan 16 Bulgar gemici i\u00e7in fidye \u00f6denmeyece\u011fini bildirdi.D\u0131\u015fi\u015fleri Bakanl\u0131\u011f\u0131 S\u00f6zc\u00fcs\u00fc Dragovest Goranov, bug\u00fcn yapt\u0131\u011f\u0131 bas\u0131n a\u00e7\u0131klamas\u0131nda, 16's\u0131 Bulgar 24 ki\u015filik m\u00fcrettebat\u0131 bulunan \"Malaspina Castle\" adl\u0131 kuru y\u00fck gemisinin durumuyla ilgili son geli\u015fmeleri a\u00e7\u0131klad\u0131.Geminin ka\u00e7\u0131r\u0131lm\u0131\u015f olmas\u0131 ve\u2026","rel":"","context":"&quot;Haberler&quot; i\u00e7inde","block_context":{"text":"Haberler","link":"https:\/\/www.gocmeniz.biz\/?cat=5"},"img":{"alt_text":"","src":"","width":0,"height":0},"classes":[]},{"id":1025,"url":"https:\/\/www.gocmeniz.biz\/?p=1025","url_meta":{"origin":1878,"position":5},"title":"Rehin tutulan 16 Bulgar gemici i\u00e7in k\u00f6t\u00fc haber","author":"Haberci","date":"10 Nisan 2009","format":false,"excerpt":"Bulgaristan D\u0131\u015fi\u015fleri Bakanl\u0131\u011f\u0131, pazartesi sabah\u0131 Aden k\u00f6rfezinde Somalili korsanlarca ka\u00e7\u0131r\u0131lan Panama band\u0131ral\u0131 gemide rehin tutulan 16 Bulgar gemici i\u00e7in fidye \u00f6denmeyece\u011fini bildirdi.D\u0131\u015fi\u015fleri Bakanl\u0131\u011f\u0131 S\u00f6zc\u00fcs\u00fc Dragovest Goranov, bug\u00fcn yapt\u0131\u011f\u0131 bas\u0131n a\u00e7\u0131klamas\u0131nda, 16's\u0131 Bulgar 24 ki\u015filik m\u00fcrettebat\u0131 bulunan \"Malaspina Castle\" adl\u0131 kuru y\u00fck gemisinin durumuyla ilgili son geli\u015fmeleri a\u00e7\u0131klad\u0131.Geminin ka\u00e7\u0131r\u0131lm\u0131\u015f olmas\u0131 ve\u2026","rel":"","context":"&quot;Haberler&quot; i\u00e7inde","block_context":{"text":"Haberler","link":"https:\/\/www.gocmeniz.biz\/?cat=5"},"img":{"alt_text":"","src":"","width":0,"height":0},"classes":[]}],"jetpack_sharing_enabled":true,"jetpack_likes_enabled":true,"_links":{"self":[{"href":"https:\/\/www.gocmeniz.biz\/index.php?rest_route=\/wp\/v2\/posts\/1878","targetHints":{"allow":["GET"]}}],"collection":[{"href":"https:\/\/www.gocmeniz.biz\/index.php?rest_route=\/wp\/v2\/posts"}],"about":[{"href":"https:\/\/www.gocmeniz.biz\/index.php?rest_route=\/wp\/v2\/types\/post"}],"author":[{"embeddable":true,"href":"https:\/\/www.gocmeniz.biz\/index.php?rest_route=\/wp\/v2\/users\/331"}],"replies":[{"embeddable":true,"href":"https:\/\/www.gocmeniz.biz\/index.php?rest_route=%2Fwp%2Fv2%2Fcomments&post=1878"}],"version-history":[{"count":1,"href":"https:\/\/www.gocmeniz.biz\/index.php?rest_route=\/wp\/v2\/posts\/1878\/revisions"}],"predecessor-version":[{"id":8687,"href":"https:\/\/www.gocmeniz.biz\/index.php?rest_route=\/wp\/v2\/posts\/1878\/revisions\/8687"}],"wp:attachment":[{"href":"https:\/\/www.gocmeniz.biz\/index.php?rest_route=%2Fwp%2Fv2%2Fmedia&parent=1878"}],"wp:term":[{"taxonomy":"category","embeddable":true,"href":"https:\/\/www.gocmeniz.biz\/index.php?rest_route=%2Fwp%2Fv2%2Fcategories&post=1878"},{"taxonomy":"post_tag","embeddable":true,"href":"https:\/\/www.gocmeniz.biz\/index.php?rest_route=%2Fwp%2Fv2%2Ftags&post=1878"}],"curies":[{"name":"wp","href":"https:\/\/api.w.org\/{rel}","templated":true}]}}