{"id":1886,"date":"2009-11-02T14:03:27","date_gmt":"2009-11-02T11:03:27","guid":{"rendered":"http:\/\/www.gocmeniz.biz\/?p=1886"},"modified":"2009-11-02T14:03:33","modified_gmt":"2009-11-02T11:03:33","slug":"rumeli-turkleri-dernegi-600-kisiye-burs-veriyor","status":"publish","type":"post","link":"https:\/\/www.gocmeniz.biz\/?p=1886","title":{"rendered":"Rumeli T\u00fcrkleri Derne\u011fi 600 ki\u015fiye burs veriyor"},"content":{"rendered":"<p><b>Rumeli T\u00fcrkleri K\u00fclt\u00fcr ve Dayan\u0131\u015fma Derne\u011fi, yeni e\u011fitim d\u00f6nemi i\u00e7in ba\u015flatt\u0131\u011f\u0131 burs m\u00fclakatlar\u0131n\u0131 7 Kas\u0131ma kadar s\u00fcrd\u00fcrecek. <\/b><\/p>\n<p>Yar\u0131s\u0131 TC, yar\u0131s\u0131 da yabanc\u0131 uyruklu olmak \u00fczere 600\u2019den fazla \u00fcniversite \u00f6\u011frencisine burs verdiklerini belirten Dernek Ba\u015fkan\u0131 Sadullah Sipahio\u011flu, \u015funlar\u0131 s\u00f6yledi: \u201cKuruldu\u011fu 1950 y\u0131l\u0131ndan beri ihtiya\u00e7 sahibinin yan\u0131nda olan, Balkanlar ve T\u00fcrkiye aras\u0131nda k\u00f6pr\u00fc vazifesi g\u00f6ren derne\u011fimizin en \u00f6nemli faaliyetlerinden birisi, \u00fcniversite \u00f6\u011frencilerine burs vermektir. \u00dclke, b\u00f6lge, milliyet, din, hem\u015fehri, cinsiyet fark\u0131 g\u00f6zetmeksizin sadece ba\u015far\u0131l\u0131 \u00f6\u011frencilere burs veriyoruz. T\u00fcrkiye\u2019nin yan\u0131 s\u0131ra; Bulgaristan, Yunanistan, Makedonya, Bosna-Hersek, Sancak, Arnavutluk, Kosova, Somali, Kenya, K\u0131rg\u0131zistan ve Azerbaycan\u2019\u0131 da kapsayan geni\u015f bir co\u011frafyada bir\u00e7ok \u00f6\u011frenci, derne\u011fimizin bursiyeridir.\u201d<\/p>\n<div class=\"zemanta-pixie\"><img data-recalc-dims=\"1\"  title=\"\" decoding=\"async\" class=\"zemanta-pixie-img\"  alt=\"pixy Rumeli T\u00fcrkleri Derne\u011fi 600 ki\u015fiye burs veriyor\"  src=\"https:\/\/i0.wp.com\/img.zemanta.com\/pixy.gif?w=640\" \/><\/div>\n","protected":false},"excerpt":{"rendered":"<p>Rumeli T\u00fcrkleri K\u00fclt\u00fcr ve Dayan\u0131\u015fma Derne\u011fi, yeni e\u011fitim d\u00f6nemi i\u00e7in ba\u015flatt\u0131\u011f\u0131 burs m\u00fclakatlar\u0131n\u0131 7 Kas\u0131ma kadar s\u00fcrd\u00fcrecek. Yar\u0131s\u0131 TC, yar\u0131s\u0131 da yabanc\u0131 uyruklu olmak \u00fczere 600\u2019den fazla \u00fcniversite \u00f6\u011frencisine burs verdiklerini belirten Dernek Ba\u015fkan\u0131 Sadullah Sipahio\u011flu, \u015funlar\u0131 s\u00f6yledi: \u201cKuruldu\u011fu 1950 y\u0131l\u0131ndan beri ihtiya\u00e7 sahibinin yan\u0131nda olan, Balkanlar ve T\u00fcrkiye aras\u0131nda k\u00f6pr\u00fc vazifesi g\u00f6ren derne\u011fimizin en [&hellip;]<\/p>\n","protected":false},"author":331,"featured_media":0,"comment_status":"open","ping_status":"open","sticky":false,"template":"","format":"standard","meta":{"advanced_seo_description":"","jetpack_seo_html_title":"","jetpack_seo_noindex":false,"ngg_post_thumbnail":0,"jetpack_post_was_ever_published":false,"_jetpack_newsletter_access":"","_jetpack_dont_email_post_to_subs":false,"_jetpack_newsletter_tier_id":0,"_jetpack_memberships_contains_paywalled_content":false,"_jetpack_memberships_contains_paid_content":false,"footnotes":""},"categories":[5],"tags":[446],"class_list":["post-1886","post","type-post","status-publish","format-standard","hentry","category-haberler","tag-rumeli-turkleri-dernegi-600-kisiye-burs-veriyor"],"jetpack_featured_media_url":"","jetpack_shortlink":"https:\/\/wp.me\/paHHlZ-uq","jetpack-related-posts":[{"id":2534,"url":"https:\/\/www.gocmeniz.biz\/?p=2534","url_meta":{"origin":1886,"position":0},"title":"Bulgaristan&#8217;da T\u00fcrkiye E\u011fitim Burs Programlar\u0131n\u0131n Tan\u0131t\u0131m\u0131 Yap\u0131ld\u0131","author":"Haberci","date":"31 Ocak 2019","format":false,"excerpt":"T\u00fcrkiye'nin yabanc\u0131lara sa\u011flad\u0131\u011f\u0131 2019 y\u0131l\u0131 burs programlar\u0131\u00a0Bulgaristan'\u0131n ba\u015fkenti\u00a0Sofya'n\u0131n yan\u0131 s\u0131ra T\u00fcrklerin yo\u011fun ya\u015fad\u0131\u011f\u0131\u00a0K\u0131rcaali\u00a0ve Mestanl\u0131 \u015fehirlerinde tan\u0131t\u0131ld\u0131. T\u00fcrkiye'nin Sofya B\u00fcy\u00fckel\u00e7ili\u011finin ev sahipli\u011finde Sofya'daki\u00a0Merkez\u00a0Orduevi Konferans Salonu'nda d\u00fczenlenen etkinlikte konu\u015fan Yurtd\u0131\u015f\u0131 T\u00fcrkler ve Akraba Topluluklar Ba\u015fkanl\u0131\u011f\u0131 (YTB) Ba\u015fkan\u0131\u00a0Abdullah Eren, \"Biz dost ve karde\u015f olan Bulgaristan'dan t\u00fcm vatanda\u015flar\u0131n T\u00fcrkiye'de burslu okuma imkanlar\u0131ndan haberdar olmas\u0131n\u0131\u2026","rel":"","context":"&quot;Haberler&quot; i\u00e7inde","block_context":{"text":"Haberler","link":"https:\/\/www.gocmeniz.biz\/?cat=5"},"img":{"alt_text":"","src":"https:\/\/i0.wp.com\/www.gocmeniz.biz\/wp-content\/640x360.jpg?fit=640%2C360&ssl=1&resize=350%2C200","width":350,"height":200,"srcset":"https:\/\/i0.wp.com\/www.gocmeniz.biz\/wp-content\/640x360.jpg?fit=640%2C360&ssl=1&resize=350%2C200 1x, https:\/\/i0.wp.com\/www.gocmeniz.biz\/wp-content\/640x360.jpg?fit=640%2C360&ssl=1&resize=525%2C300 1.5x"},"classes":[]},{"id":448,"url":"https:\/\/www.gocmeniz.biz\/?p=448","url_meta":{"origin":1886,"position":1},"title":"BULGAR\u0130STAN G\u00d6\u00c7MENLER\u0130NE B\u0130LG\u0130LEND\u0130RME TOPLANTISI","author":"Haberci","date":"27 Haziran 2008","format":false,"excerpt":"\u00c7orlu Balkan T\u00fcrkleri Derne\u011fi taraf\u0131ndan organize edilen toplant\u0131da Bulgaristan g\u00f6\u00e7menleri yurt d\u0131\u015f\u0131 bor\u00e7lanma konular\u0131n\u0131 da i\u00e7eren 5754 say\u0131l\u0131 kanun hakk\u0131nda bilgilendirildiler. Bilgilendirme toplant\u0131s\u0131na Sosyal G\u00fcvenlik Kurumu Tekirda\u011f \u0130l M\u00fcd\u00fcr\u00fc Remzi Alt\u0131nda\u011f konu\u015fmac\u0131 olarak kat\u0131ld\u0131.\u00c7orlu G\u00fcne\u015f D\u00fc\u011f\u00fcn Salonunda, \u00c7orlu Balkan T\u00fcrkleri Derne\u011fi (BTD) taraf\u0131ndan d\u00fczenlenen toplant\u0131ya yakla\u015f\u0131k 500 Bulgaristan g\u00f6\u00e7meni kat\u0131ld\u0131.\u2026","rel":"","context":"Benzer yaz\u0131","block_context":{"text":"Benzer yaz\u0131","link":""},"img":{"alt_text":"","src":"","width":0,"height":0},"classes":[]},{"id":1834,"url":"https:\/\/www.gocmeniz.biz\/?p=1834","url_meta":{"origin":1886,"position":2},"title":"ZORUNLU G\u00d6\u00c7&#8217;\u00dcN 20.YILI ANMA ETK\u0130NL\u0130KLER\u0130 \u0130STANBUL&#8217;DA YAPILDI","author":"Haberci","date":"11 Ekim 2009","format":false,"excerpt":"Rumeli Balkan Federasyonu taraf\u0131ndan organize edilen \" ZORUNLU G\u00d6\u00c7\u00dcN 20. YILI ANMA \" Etkinlikleri hafta sonu \u0130stanbul'da ger\u00e7ekle\u015ftirildi. Etkinli\u011fin ilk program\u0131 saat 11.00'de Galatasaray lisesi \u00f6n\u00fcnden Taksime y\u00fcr\u00fcy\u00fc\u015f ile ba\u015flad\u0131. Etkinli\u011fe kat\u0131lan Federasyon'a ba\u011fl\u0131 Balkan T\u00fcrkleri Dernekleri y\u00f6neticileri ile \u00fcyeleri, ellerinde T\u00fcrk Bayraklar\u0131 ile \u0130stiklal Caddesi \u00f6n\u00fcnden alk\u0131\u015flar e\u015fli\u011finde Taksim\u2026","rel":"","context":"&quot;Haberler&quot; i\u00e7inde","block_context":{"text":"Haberler","link":"https:\/\/www.gocmeniz.biz\/?cat=5"},"img":{"alt_text":"","src":"https:\/\/i0.wp.com\/www.kircaalihaber.com\/tr_haber_images\/IMG_1450%5Baaaaaassssww1%5D.JPG?resize=350%2C200","width":350,"height":200},"classes":[]},{"id":1654,"url":"https:\/\/www.gocmeniz.biz\/?p=1654","url_meta":{"origin":1886,"position":3},"title":"Bat\u0131 Trakya Tarihi Se\u00e7ek Ya\u011fl\u0131 G\u00fcre\u015flerinde T\u00fcrk, Yunan ve Bulgar g\u00fcre\u015f\u00e7iler kap\u0131\u015ft\u0131","author":"Haberci","date":"04 A\u011fustos 2009","format":false,"excerpt":"DEDEA\u011eA\u00c7(C\u0130HAN)- Yunanistan`\u0131n Rodop ve Meri\u00e7(Evros) illerinin birle\u015fti\u011fi Se\u00e7ek yaylas\u0131nda d\u00fczenlenen geleneksel Se\u00e7ek Ya\u011fl\u0131 G\u00fcre\u015fleri ve K\u00fclt\u00fcrel \u015eenlikleri k\u00fclt\u00fcrel etkinlikler ve ya\u011fl\u0131 g\u00fcre\u015f finaliyle sona erdi. Ba\u015fpehlival\u0131\u011f\u0131 Edirneli \u00fcnl\u00fc g\u00fcre\u015f\u00e7i Ahmet Yavuz kazand\u0131. Se\u00e7ek Az\u0131nl\u0131k E\u011fitim ve K\u00fclt\u00fcr Derne\u011fi`nin d\u00fczenledi\u011fi ve 650 y\u0131ll\u0131k bir ge\u00e7mi\u015fe sahip tarihi ya\u011fl\u0131 g\u00fcre\u015fler ve k\u00fclt\u00fcrel\u2026","rel":"","context":"&quot;Haberler&quot; i\u00e7inde","block_context":{"text":"Haberler","link":"https:\/\/www.gocmeniz.biz\/?cat=5"},"img":{"alt_text":"","src":"","width":0,"height":0},"classes":[]},{"id":1656,"url":"https:\/\/www.gocmeniz.biz\/?p=1656","url_meta":{"origin":1886,"position":4},"title":"Balkan \u00dclkelerinin Kalbi Bursa`da Atacak","author":"Haberci","date":"04 A\u011fustos 2009","format":false,"excerpt":"BURSA(\u0130HA) - Nam\u0131kkemal Halk Oyunlar\u0131 Gen\u00e7lik ve Spor Kul\u00fcb\u00fc Derne\u011fi (NAKEM) taraf\u0131ndan bu y\u0131l 5. d\u00fczenlenecek olan, ``5. NAKEM Balkan Festivali`` 11-16 A\u011fustos tarihleri aras\u0131nda yap\u0131lacak.NAKEM Ba\u015fkan Yard\u0131mc\u0131s\u0131 Taner \u00d6demi\u015f, yapt\u0131\u011f\u0131 a\u00e7\u0131klamada, geleneksel hale getirdikleri festivale bu y\u0131l Bulgaristan, Yunanistan, Romanya, Bosna Hersek, Makedonya, Kosova, Arnavutluk, S\u0131rbistan ve Karada\u011f`dan \u00e7ok\u2026","rel":"","context":"&quot;Haberler&quot; i\u00e7inde","block_context":{"text":"Haberler","link":"https:\/\/www.gocmeniz.biz\/?cat=5"},"img":{"alt_text":"","src":"","width":0,"height":0},"classes":[]},{"id":401,"url":"https:\/\/www.gocmeniz.biz\/?p=401","url_meta":{"origin":1886,"position":5},"title":"RUMEL\u0130 VE BALKAN G\u00d6\u00c7MENLER\u0130 ULUDA\u011e&#8217;DA BULU\u015eACAK","author":"Admin","date":"28 May\u0131s 2008","format":false,"excerpt":"Rumeli Dernekleri Konfederasyonu taraf\u0131ndan d\u00fczenlenen 14. Uluda\u011f Rumeli Balkan ve K\u00fclt\u00fcr Sanat \u015e\u00f6leni, 1 Haziran Pazar g\u00fcn\u00fc Uluda\u011f'da ger\u00e7ekle\u015ftirilecek.Uluda\u011f Milli Parklar giri\u015finde bulunan alanda yap\u0131lacak olan \u015fenlik, saat 10:00 ba\u015flay\u0131p ak\u015fam saat 18:00'e kadar devam edecek. Dostluk ve bar\u0131\u015f dolu bir d\u00fcnya slogan\u0131 ile yola \u00e7\u0131kt\u0131klar\u0131n\u0131 belirten Rumeli Dernekleri Konfederasyonu\u2026","rel":"","context":"Benzer yaz\u0131","block_context":{"text":"Benzer yaz\u0131","link":""},"img":{"alt_text":"","src":"","width":0,"height":0},"classes":[]}],"jetpack_sharing_enabled":true,"jetpack_likes_enabled":true,"_links":{"self":[{"href":"https:\/\/www.gocmeniz.biz\/index.php?rest_route=\/wp\/v2\/posts\/1886","targetHints":{"allow":["GET"]}}],"collection":[{"href":"https:\/\/www.gocmeniz.biz\/index.php?rest_route=\/wp\/v2\/posts"}],"about":[{"href":"https:\/\/www.gocmeniz.biz\/index.php?rest_route=\/wp\/v2\/types\/post"}],"author":[{"embeddable":true,"href":"https:\/\/www.gocmeniz.biz\/index.php?rest_route=\/wp\/v2\/users\/331"}],"replies":[{"embeddable":true,"href":"https:\/\/www.gocmeniz.biz\/index.php?rest_route=%2Fwp%2Fv2%2Fcomments&post=1886"}],"version-history":[{"count":0,"href":"https:\/\/www.gocmeniz.biz\/index.php?rest_route=\/wp\/v2\/posts\/1886\/revisions"}],"wp:attachment":[{"href":"https:\/\/www.gocmeniz.biz\/index.php?rest_route=%2Fwp%2Fv2%2Fmedia&parent=1886"}],"wp:term":[{"taxonomy":"category","embeddable":true,"href":"https:\/\/www.gocmeniz.biz\/index.php?rest_route=%2Fwp%2Fv2%2Fcategories&post=1886"},{"taxonomy":"post_tag","embeddable":true,"href":"https:\/\/www.gocmeniz.biz\/index.php?rest_route=%2Fwp%2Fv2%2Ftags&post=1886"}],"curies":[{"name":"wp","href":"https:\/\/api.w.org\/{rel}","templated":true}]}}