{"id":1888,"date":"2009-11-02T14:13:45","date_gmt":"2009-11-02T11:13:45","guid":{"rendered":"http:\/\/www.gocmeniz.biz\/?p=1888"},"modified":"2026-04-03T12:17:07","modified_gmt":"2026-04-03T09:17:07","slug":"belene-santrali-yine-askiya-alindi","status":"publish","type":"post","link":"https:\/\/www.gocmeniz.biz\/?p=1888","title":{"rendered":"Belene Santrali yine ask\u0131ya al\u0131nd\u0131"},"content":{"rendered":"<p><b>Bulgaristan`da yap\u0131m\u0131 planlanan &#8220;Belene Atom Elektrik Santrali&#8221; in\u015faat\u0131n\u0131n yat\u0131r\u0131mc\u0131s\u0131 Alman enerji devi RWE, mali ve ekonomik krizin finansmanda yaratt\u0131\u011f\u0131 zorlu\u011fu ve santrali in\u015fa edecek olan Rus \u015firket Atomstoriexport ile hen\u00fcz anla\u015f\u0131lamam\u0131\u015f olmas\u0131n\u0131 gerek\u00e7e g\u00f6stererek \u00c7ar\u015famba g\u00fcn\u00fc projeden \u00e7ekilme karar\u0131 alm\u0131\u015ft\u0131.<\/b> Ancak bu karara ra\u011fmen Bulgaristan h\u00fck\u00fcmeti projeyi s\u00fcrd\u00fcrmekte kararl\u0131. Bulgaristan Enerji Bakan\u0131, \u00f6n\u00fcm\u00fczdeki g\u00fcnlerde uluslararas\u0131 bir ihale a\u00e7\u0131laca\u011f\u0131n\u0131 duyurdu. Bakan, yat\u0131r\u0131mc\u0131 bulunmas\u0131 halinde santralin in\u015fa edilece\u011fini, bu santralin \u00fclkenin enerji tedariki i\u00e7in b\u00fcy\u00fck \u00f6nem ta\u015f\u0131d\u0131\u011f\u0131n\u0131 s\u00f6yledi. Rus \u015firket Atomstoriexport ise s\u00f6zle\u015fmeden do\u011fan y\u00fck\u00fcml\u00fcl\u00fcklerini yerine getirmeye haz\u0131r oldu\u011funu duyurdu. Projeye Rus yat\u0131r\u0131mc\u0131lar\u0131n ilgisi oldu\u011fu iddialar\u0131 dile getiriliyor.<\/p>\n<p><b>Daha \u00f6nce de sorun \u00e7\u0131km\u0131\u015ft\u0131<\/b><\/p>\n<p>Bulgaristan`da 1989 y\u0131l\u0131nda sona eren kom\u00fcnizm d\u00f6neminde temeli at\u0131lan Belene Atom Elektrik santrali Projesi, \u00fclkenin ekonomik krize girmesi nedeniyle daha \u00f6nce de bir kez ask\u0131ya al\u0131nm\u0131\u015ft\u0131. Ancak Bulgar y\u00f6neticiler proje her s\u0131k\u0131nt\u0131ya girdi\u011finde yeni bir yat\u0131r\u0131mc\u0131 bularak santralin in\u015fas\u0131n\u0131n durdurulmas\u0131n\u0131 engelledi. Projenin son kurtar\u0131c\u0131s\u0131 ise Alman enerji devi RWE olmu\u015ftu.<\/p>\n<p>Bundan bir y\u0131l \u00f6nce, Almanya`da art\u0131k atom enerjisi santrallerinin<!--more--> kurulmayaca\u011f\u0131na kesin g\u00f6z\u00fcyle bak\u0131ld\u0131\u011f\u0131 bir d\u00f6nemde yurtd\u0131\u015f\u0131nda yat\u0131r\u0131m olanaklar\u0131 arayan RWE, Belene Atom Elektrik Santrali projesine y\u00fczde 49`luk hisseyle kat\u0131ld\u0131. Geri kalan y\u00fczde 51`lik hisse ise Kamu Ulusal Elektrik \u0130\u015fletmeleri \u00fczerinden Bulgar devletine ait. Ancak RWE bu kurtarma plan\u0131n 10 ay ard\u0131ndan frene bast\u0131. RWE`nin enerji politikas\u0131 y\u00f6neticisi Jorg Kerlen, projeden \u00e7ekilme karar\u0131n\u0131n gerek\u00e7elerini \u015f\u00f6yle a\u00e7\u0131kl\u0131yor: &#8220;Bir \u00f6nceki Bulgar h\u00fck\u00fcmetini, yeterince mali kaynak ayr\u0131lmas\u0131, projenin finansman\u0131n\u0131n mali ve ekonomik kriz y\u00fcz\u00fcnden \u00e7ok s\u0131k\u0131nt\u0131l\u0131 olaca\u011f\u0131 konusunda uyard\u0131k. Ancak finansman sorununa \u00f6ng\u00f6r\u00fclen s\u00fcre i\u00e7inde bir \u00e7\u00f6z\u00fcm bulunamad\u0131. Ne yaz\u0131k ki belirleyici kriter bu&#8221;<\/p>\n<p><b>Borrisov eski h\u00fck\u00fcmeti su\u00e7luyor<\/b><\/p>\n<p>Finansman sorununun \u00e7\u00f6z\u00fcm\u00fc i\u00e7in \u00f6ng\u00f6r\u00fclen s\u00fcre ise Ekim ay\u0131nda sona erdi. Sosyalist Sergey Stani\u015fev ba\u015fbakanl\u0131\u011f\u0131ndaki bir \u00f6nceki Bulgar h\u00fck\u00fcmeti projenin y\u00fcr\u00fct\u00fclmesi konusunda olduk\u00e7a kararl\u0131yd\u0131 ve bu projenin maliyetinin yaln\u0131zca 4 milyar euro tutar\u0131nda olaca\u011f\u0131 hesaplar\u0131 yap\u0131yordu. Ancak zamanla bunun iki kat\u0131 kadar bir mali kayna\u011fa ihtiya\u00e7 duyuldu\u011fu ortaya \u00e7\u0131kt\u0131. Temmuz ay\u0131nda yap\u0131lan genel se\u00e7imlerden sonra g\u00f6reve gelen yeni h\u00fck\u00fcmet ise Belene Atom Enerjisi Santrali`nin in\u015fas\u0131 i\u00e7in 10 milyar euroluk mali kayna\u011fa ihtiya\u00e7 oldu\u011funu a\u00e7\u0131klad\u0131. Ba\u015fbakan Boyko Borrisov, finansmana ili\u015fkin olarak yanl\u0131\u015f bir kan\u0131 yaratt\u0131\u011f\u0131 gerek\u00e7esiyle eski h\u00fck\u00fcmete ate\u015f p\u00fcsk\u00fcr\u00fcyor. Borrisov, &#8220;Eski Ba\u015fbakan Stani\u015fev`in, RWE`ye `bu proje i\u00e7in yeterli mali kaynak oldu\u011funu d\u00fc\u015f\u00fcnd\u00fcrecek` ne t\u00fcr yalanlar s\u00f6ylendi\u011fini a\u00e7\u0131klamas\u0131 gerekiyor. Finansman konusu hen\u00fcz kesinlik kazanmam\u0131\u015f olmas\u0131na ra\u011fmen, neden \u015fimdiye kadar bu projeye 1 milyar Euro`nun \u00fczerinde para harcand\u0131&#8221; diyor.<\/p>\n<p>Bu ele\u015ftiriler yeni Bulgar h\u00fck\u00fcmetinin projeden vazge\u00e7ti\u011fi anlam\u0131na gelmiyor. Bulgaristan`da ilk atom enerjisi santrali Kosloduj kom\u00fcnizm d\u00f6neminde in\u015fa edilmi\u015fti. Fakat Bulgaristan, AB`nin g\u00fcvenlik gerek\u00e7esiyle yapt\u0131\u011f\u0131 bask\u0131lar sonucu Rus yap\u0131m\u0131 eski reakt\u00f6rleri kapatmak zorunda kald\u0131. Bu nedenle Belene Santrali`nin in\u015fa edilmesi i\u00e7in kamunun, y\u00fczde 51`lik pay\u0131ndan feragat etmeye haz\u0131r oldu\u011fu iddialar\u0131 dahi dile getiriliyor. Ancak tart\u0131\u015fmal\u0131 proje i\u00e7in yeni yat\u0131r\u0131mc\u0131lar\u0131n bulunmas\u0131 pek de kolay olmayaca\u011fa benziyor. Zira \u00e7evrecilerin tepkisi de \u015firketlerin kararlar\u0131nda etkili oluyor.<\/p>\n<p><b>\u00c7evreciler uyar\u0131yor<\/b><\/p>\n<p>Santralin kurulmas\u0131na kar\u015f\u0131 kampanya y\u00fcr\u00fcten Alman \u00e7evre \u00f6rg\u00fct\u00fc &#8220;Urgewalt&#8221; taraf\u0131ndan dile getirilen kimi iddialar projeyle ilgilenen yat\u0131r\u0131mc\u0131lar\u0131n da g\u00f6z\u00fcn\u00fc korkutuyor. \u00c7evreciler, Belene`nin deprem b\u00f6lgesi oldu\u011funu ve bu nedenle projenin verimli olmad\u0131\u011f\u0131n\u0131 savunuyor. RWE denetim kurulu da bu endi\u015felerin bir b\u00f6l\u00fcm\u00fcn\u00fc payla\u015f\u0131yordu. Neticede RWE projeden \u00e7ekildi; Sofya`da ise \u015fu g\u00fcnlerde bu tart\u0131\u015fmal\u0131 projeyle reakt\u00f6r\u00fc in\u015fa edecek Rus \u015firket Atomstoriexport ile ba\u011flant\u0131l\u0131 bir Rus \u015firketin ilgilendi\u011fi konu\u015fuluyor. Bulgaristan h\u00fck\u00fcmeti yak\u0131n bir tarihte uluslararas\u0131 bir ihale a\u00e7acak. Alman \u00c7evre \u00d6rg\u00fct\u00fc Urgewalt`\u0131n y\u00f6neticisi Hefa Sch\u00fccking geli\u015fmeleri \u015f\u00f6yle de\u011ferlendiriyor:<\/p>\n<p>&#8220;Rusya, projeye yat\u0131r\u0131mc\u0131 olarak girme cesaretini g\u00f6sterse bile, a\u00e7\u0131k\u00e7as\u0131 benim yeni Bulgar h\u00fck\u00fcmetinin Rusya`ya bu derece ba\u011f\u0131ml\u0131 olmay\u0131 kabul edip etmeyece\u011fi konusunda teredd\u00fctlerim var.&#8221;<\/p>\n<p><i><b>Marinela Liptcheva-Weiss\/ \u00c7eviri: Ba\u015fak \u00d6zay<br \/>\nEdit\u00f6r: Beklan Kulaks\u0131zo\u011flu<\/b><\/i><\/p>\n<div class=\"zemanta-pixie\"><img data-recalc-dims=\"1\"  title=\"\" decoding=\"async\" class=\"zemanta-pixie-img\"  alt=\"pixy Belene Santrali yine ask\u0131ya al\u0131nd\u0131\"  src=\"https:\/\/i0.wp.com\/img.zemanta.com\/pixy.gif?w=640\" \/><\/div>\n","protected":false},"excerpt":{"rendered":"<p>Bulgaristan`da yap\u0131m\u0131 planlanan &#8220;Belene Atom Elektrik Santrali&#8221; in\u015faat\u0131n\u0131n yat\u0131r\u0131mc\u0131s\u0131 Alman enerji devi RWE, mali ve ekonomik krizin finansmanda yaratt\u0131\u011f\u0131 zorlu\u011fu ve santrali in\u015fa edecek olan Rus \u015firket Atomstoriexport ile hen\u00fcz anla\u015f\u0131lamam\u0131\u015f olmas\u0131n\u0131 gerek\u00e7e g\u00f6stererek \u00c7ar\u015famba g\u00fcn\u00fc projeden \u00e7ekilme karar\u0131 alm\u0131\u015ft\u0131. Ancak bu karara ra\u011fmen Bulgaristan h\u00fck\u00fcmeti projeyi s\u00fcrd\u00fcrmekte kararl\u0131. Bulgaristan Enerji Bakan\u0131, \u00f6n\u00fcm\u00fczdeki g\u00fcnlerde uluslararas\u0131 [&hellip;]<\/p>\n","protected":false},"author":331,"featured_media":0,"comment_status":"open","ping_status":"open","sticky":false,"template":"","format":"standard","meta":{"advanced_seo_description":"","jetpack_seo_html_title":"","jetpack_seo_noindex":false,"ngg_post_thumbnail":0,"jetpack_post_was_ever_published":false,"_jetpack_newsletter_access":"","_jetpack_dont_email_post_to_subs":false,"_jetpack_newsletter_tier_id":0,"_jetpack_memberships_contains_paywalled_content":false,"_jetpack_memberships_contains_paid_content":false,"footnotes":""},"categories":[5],"tags":[],"class_list":["post-1888","post","type-post","status-publish","format-standard","hentry","category-haberler"],"jetpack_featured_media_url":"","jetpack_shortlink":"https:\/\/wp.me\/paHHlZ-us","jetpack-related-posts":[{"id":1818,"url":"https:\/\/www.gocmeniz.biz\/?p=1818","url_meta":{"origin":1888,"position":0},"title":"Bulgaristan ve Rusya enerji alan\u0131nda i\u015fbirli\u011fini s\u00fcrd\u00fcr\u00fcyorlar","author":"Haberci","date":"01 Ekim 2009","format":false,"excerpt":"Rusya Enerji Bakan\u0131 Sergey \u015ematko, R\u0130A Novosti ajans\u0131 taraf\u0131ndan d\u00fczenlenen bas\u0131n toplant\u0131s\u0131nda Bulgar gazetecilerine konu\u015furken \u015fu s\u00f6zleri kulland\u0131: \u201cBulgaristan\u2019a yapt\u0131\u011f\u0131m ziyaretten sonra enerji alan\u0131ndaki i\u015fbirli\u011fimizi s\u00fcrd\u00fcrece\u011fimize tamamen inan\u0131yorum.\u201d Bakan \u015ematko, Burgas \u2013 Aleksandrupolis petrol boru hatt\u0131na dair karar\u0131n uzun zaman ertelenmemesinin Rusya i\u00e7in \u00f6nem ta\u015f\u0131d\u0131\u011f\u0131n\u0131 kaydetti. Rus taraf\u0131n\u0131n yeni Bulgaristan\u2026","rel":"","context":"&quot;Haberler&quot; i\u00e7inde","block_context":{"text":"Haberler","link":"https:\/\/www.gocmeniz.biz\/?cat=5"},"img":{"alt_text":"","src":"","width":0,"height":0},"classes":[]},{"id":1139,"url":"https:\/\/www.gocmeniz.biz\/?p=1139","url_meta":{"origin":1888,"position":1},"title":"Rusya-Bulgaristan Enerji Anla\u015fmazl\u0131\u011f\u0131 Giderildi","author":"Haberci","date":"29 Nisan 2009","format":false,"excerpt":"Rusya Ba\u015fbakan\u0131 Vladimir Putin Bulgaristan ile Rus do\u011fal gaz\u0131n\u0131 Avrupa\u2019ya ta\u015f\u0131yacak boru hatt\u0131 konusundaki anla\u015fmazl\u0131\u011f\u0131n giderildi\u011fini s\u00f6yledi.\u00a0 Moskova\u2019y\u0131 ziyaret eden Bulgaristan Ba\u015fbakan\u0131 Sergei Stanishev ise May\u0131s ay\u0131 i\u00e7inde Rusya ile bu konuda anla\u015fma imzalayacaklar\u0131n\u0131 belirtti.Putin ge\u00e7en hafta Sofya\u2019da d\u00fczenlenen uluslar aras\u0131 enerji konferans\u0131na kat\u0131lmam\u0131\u015ft\u0131.S\u00f6z konusu boru hatt\u0131, Rus do\u011falgaz\u0131n\u0131 Karadeniz\u2026","rel":"","context":"&quot;Haberler&quot; i\u00e7inde","block_context":{"text":"Haberler","link":"https:\/\/www.gocmeniz.biz\/?cat=5"},"img":{"alt_text":"","src":"","width":0,"height":0},"classes":[]},{"id":1151,"url":"https:\/\/www.gocmeniz.biz\/?p=1151","url_meta":{"origin":1888,"position":2},"title":"Sofya do\u011falgazda Moskova\u2019y\u0131 se\u00e7ti","author":"Haberci","date":"30 Nisan 2009","format":false,"excerpt":"Bulgaristan, Avrupa\u2019daki do\u011falgaz pokerinde se\u00e7imini Rusya\u2019dan yana yapt\u0131. Moskova'da biraraya gelen iki \u00fclke liderleri, Nabucco hatt\u0131n\u0131n en \u00f6nemli rakibi olarak g\u00f6r\u00fclen G\u00fcney Ak\u0131m projesi \u00fczerinde anla\u015fmaya vard\u0131lar. Bulgaristan Ba\u015fbakan\u0131 Sergey Stani\u015fev\u2019in, Rus meslekta\u015f\u0131 Vladimir Putin ve Rusya Devlet Ba\u015fkan\u0131 Dimitri Medvedev ile Moskova\u2019da yapt\u0131\u011f\u0131 g\u00f6r\u00fc\u015fmelerin ard\u0131ndan aylar s\u00fcren belirsizlik sona\u2026","rel":"","context":"&quot;Haberler&quot; i\u00e7inde","block_context":{"text":"Haberler","link":"https:\/\/www.gocmeniz.biz\/?cat=5"},"img":{"alt_text":"","src":"","width":0,"height":0},"classes":[]},{"id":2554,"url":"https:\/\/www.gocmeniz.biz\/?p=2554","url_meta":{"origin":1888,"position":3},"title":"S\u0131rbistan, T\u00fcrk Ak\u0131m\u0131 \u00c7al\u0131\u015fmalar\u0131n\u0131 Bu Y\u0131l Sonuna Kadar Tamamlayacak","author":"Haberci","date":"04 \u015eubat 2019","format":false,"excerpt":"S\u0131rbistan, \u00fclke s\u0131n\u0131rlar\u0131 i\u00e7indeki T\u00fcrk Ak\u0131m\u0131 Do\u011falgaz Boru Hatt\u0131 \u00e7al\u0131\u015fmalar\u0131na Mart ay\u0131nda ba\u015flay\u0131p 15\u00a0Aral\u0131k\u00a02019 tarihine kadar tamamlamay\u0131 hedefliyor. S\u0131rbistan kamu enerji \u015firketi Srbijagas\u00a0CEO'su Dusan Bajatovi\u00e7, Rus do\u011falgaz\u0131n\u0131\u00a0Karadeniz\u00a0\u00fczerinden\u00a0T\u00fcrkiye'ye ve T\u00fcrkiye'den de\u00a0Avrupa'ya aktaracak olan T\u00fcrk Ak\u0131m\u0131 Do\u011falgaz Boru Hatt\u0131'n\u0131n S\u0131rbistan s\u0131n\u0131rlar\u0131 i\u00e7indeki b\u00f6l\u00fcm\u00fcn\u00fc 15 Aral\u0131k 2019'a kadar tamamlamay\u0131 hedeflediklerini a\u00e7\u0131klad\u0131. Bajatovi\u00e7, Srbijagas'\u0131n\u2026","rel":"","context":"&quot;Haberler&quot; i\u00e7inde","block_context":{"text":"Haberler","link":"https:\/\/www.gocmeniz.biz\/?cat=5"},"img":{"alt_text":"","src":"https:\/\/i0.wp.com\/www.gocmeniz.biz\/wp-content\/rq.jpg?fit=670%2C330&ssl=1&resize=350%2C200","width":350,"height":200,"srcset":"https:\/\/i0.wp.com\/www.gocmeniz.biz\/wp-content\/rq.jpg?fit=670%2C330&ssl=1&resize=350%2C200 1x, https:\/\/i0.wp.com\/www.gocmeniz.biz\/wp-content\/rq.jpg?fit=670%2C330&ssl=1&resize=525%2C300 1.5x"},"classes":[]},{"id":756,"url":"https:\/\/www.gocmeniz.biz\/?p=756","url_meta":{"origin":1888,"position":4},"title":"Bulgaristan&#8217;da do\u011falgaz krizi b\u00fcy\u00fcyor","author":"Haberci","date":"08 Ocak 2009","format":false,"excerpt":"A.A. Ukrayna ile Rusya aras\u0131ndaki anla\u015fmazl\u0131k y\u00fcz\u00fcnden Rus do\u011fal gaz\u0131n\u0131n kesilmesinden en fazla zarar g\u00f6ren \u00fclkeler aras\u0131nda ilk s\u0131ralarda yer alan Bulgaristan'da kriz giderek b\u00fcy\u00fcyor. Ba\u015fbakan Sergey Stani\u015fev'in, Avrupa Birli\u011fi (AB) d\u00f6nem ba\u015fkanl\u0131\u011f\u0131n\u0131 yapan \u00c7ek Cumhuriyeti;nin Ba\u015fbakan\u0131 Mirek Topolanek'i arayarak Bulgaristan'\u0131n u\u011frad\u0131\u011f\u0131 zararlar\u0131n en az\u0131ndan bir b\u00f6l\u00fcm\u00fcn\u00fcn kar\u015f\u0131lanmas\u0131 i\u00e7in AB'den\u2026","rel":"","context":"&quot;Haberler&quot; i\u00e7inde","block_context":{"text":"Haberler","link":"https:\/\/www.gocmeniz.biz\/?cat=5"},"img":{"alt_text":"","src":"","width":0,"height":0},"classes":[]},{"id":1070,"url":"https:\/\/www.gocmeniz.biz\/?p=1070","url_meta":{"origin":1888,"position":5},"title":"Bulgaristan \u2013 T\u00fcrkiye aras\u0131nda anla\u015fma imzaland\u0131","author":"Haberci","date":"15 Nisan 2009","format":false,"excerpt":"Bulgaristan Ekonomi ve Enerji Bakan\u0131 Pet\u0131r Dimitrov ve T\u00fcrkiye D\u0131\u015f Ticaret ve G\u00fcmr\u00fcklerden sorumlu Devlet Bakan\u0131 K\u00fcr\u015fat T\u00fczmen , teknik d\u00fczenlemeler, standardizasyon, uygunluk de\u011ferlendirmesi ve meteroloji alan\u0131nlar\u0131nda Dan\u0131\u015fma ve \u0130\u015fbirli\u011fi mekanizmas\u0131 kurulmas\u0131na ili\u015fkin h\u00fck\u00fcmetler aras\u0131 bir anla\u015fma imzalad\u0131lar.\u0130ki Bakan, Sofya\u2019da Bulgar- T\u00fcrk i\u015f forumuna kat\u0131lacaklar. 2008 y\u0131l\u0131nda Bulgaristan ve T\u00fcrkiye\u2026","rel":"","context":"&quot;Haberler&quot; i\u00e7inde","block_context":{"text":"Haberler","link":"https:\/\/www.gocmeniz.biz\/?cat=5"},"img":{"alt_text":"","src":"","width":0,"height":0},"classes":[]}],"jetpack_sharing_enabled":true,"jetpack_likes_enabled":true,"_links":{"self":[{"href":"https:\/\/www.gocmeniz.biz\/index.php?rest_route=\/wp\/v2\/posts\/1888","targetHints":{"allow":["GET"]}}],"collection":[{"href":"https:\/\/www.gocmeniz.biz\/index.php?rest_route=\/wp\/v2\/posts"}],"about":[{"href":"https:\/\/www.gocmeniz.biz\/index.php?rest_route=\/wp\/v2\/types\/post"}],"author":[{"embeddable":true,"href":"https:\/\/www.gocmeniz.biz\/index.php?rest_route=\/wp\/v2\/users\/331"}],"replies":[{"embeddable":true,"href":"https:\/\/www.gocmeniz.biz\/index.php?rest_route=%2Fwp%2Fv2%2Fcomments&post=1888"}],"version-history":[{"count":1,"href":"https:\/\/www.gocmeniz.biz\/index.php?rest_route=\/wp\/v2\/posts\/1888\/revisions"}],"predecessor-version":[{"id":8684,"href":"https:\/\/www.gocmeniz.biz\/index.php?rest_route=\/wp\/v2\/posts\/1888\/revisions\/8684"}],"wp:attachment":[{"href":"https:\/\/www.gocmeniz.biz\/index.php?rest_route=%2Fwp%2Fv2%2Fmedia&parent=1888"}],"wp:term":[{"taxonomy":"category","embeddable":true,"href":"https:\/\/www.gocmeniz.biz\/index.php?rest_route=%2Fwp%2Fv2%2Fcategories&post=1888"},{"taxonomy":"post_tag","embeddable":true,"href":"https:\/\/www.gocmeniz.biz\/index.php?rest_route=%2Fwp%2Fv2%2Ftags&post=1888"}],"curies":[{"name":"wp","href":"https:\/\/api.w.org\/{rel}","templated":true}]}}