{"id":1890,"date":"2009-11-05T09:22:46","date_gmt":"2009-11-05T06:22:46","guid":{"rendered":"http:\/\/www.gocmeniz.biz\/?p=1890"},"modified":"2026-04-03T12:25:37","modified_gmt":"2026-04-03T09:25:37","slug":"bulgaristan-eski-basbakani-stanisevin-dokunulmazliginin-kaldirilmas-istendi","status":"publish","type":"post","link":"https:\/\/www.gocmeniz.biz\/?p=1890","title":{"rendered":"Bulgaristan eski ba\u015fbakan\u0131 Stani\u015fev`in dokunulmazl\u0131\u011f\u0131n\u0131n kald\u0131r\u0131lmas istendi"},"content":{"rendered":"<p><b>Ana muhalefet Bulgaristan Sosyalist Partisi (BSP) Bas\u0131n Merkezi de, Vel\u00e7ev`in a\u00e7t\u0131rd\u0131\u011f\u0131 soru\u015fturma kapsam\u0131nda milletvekili olan eski ba\u015fbakan\u0131n dokunulmazl\u0131\u011f\u0131n\u0131n kald\u0131r\u0131lmas\u0131n\u0131 talep etti\u011finin \u00f6\u011frenildi\u011fini bildirdi.<\/b><\/p>\n<p>Stani\u015fev ise Vel\u00e7ev`in ilgili talebini beklemeden dokunulmazl\u0131\u011f\u0131n\u0131n kald\u0131r\u0131lmas\u0131 i\u00e7in Parlamento Ba\u015fkanl\u0131\u011f\u0131na ba\u015fvurdu. Dokunulmazl\u0131\u011f\u0131n\u0131n kald\u0131r\u0131labilece\u011fini \u00f6\u011frenir \u00f6\u011frenmez a\u00e7\u0131klama yapan Stani\u015fev, su\u00e7suz oldu\u011funu belirterek, adalet sisteminin \u00e7al\u0131\u015fmalar\u0131n\u0131 engel olmak istemedi\u011fini ifade etti.<\/p>\n<p>Parlamento Ba\u015fkan\u0131 Tzetzka Tza\u00e7eva, Stani\u015fev`in dokunulmazl\u0131\u011f\u0131yla ilgili konunun genel oturumda oylamaya sunulaca\u011f\u0131n\u0131 kaydetti.<\/p>\n<p>Stani\u015fev, Bulgaristan Ulusal Milli G\u00fcvenlik Servisi`nin (DANS) kendisi i\u00e7in haz\u0131rlad\u0131\u011f\u0131 ve i\u00e7 siyasi tart\u0131\u015fmalara neden olan istihbarat raporunu bas\u0131na ve internete s\u0131zd\u0131rmakla su\u00e7lan\u0131yor.<\/p>\n<p>Su\u00e7lu bulunmas\u0131 durumunda Stani\u015fev`in 5 y\u0131la kadar hapis cezas\u0131na \u00e7arpt\u0131r\u0131labilece\u011fi belirtiliyor.<\/p>\n<div class=\"zemanta-pixie\"><img data-recalc-dims=\"1\"  title=\"\" decoding=\"async\" class=\"zemanta-pixie-img\"  alt=\"pixy Bulgaristan eski ba\u015fbakan\u0131 Stani\u015fev`in dokunulmazl\u0131\u011f\u0131n\u0131n kald\u0131r\u0131lmas istendi\"  src=\"https:\/\/i0.wp.com\/img.zemanta.com\/pixy.gif?w=640\" \/><\/div>\n","protected":false},"excerpt":{"rendered":"<p>Ana muhalefet Bulgaristan Sosyalist Partisi (BSP) Bas\u0131n Merkezi de, Vel\u00e7ev`in a\u00e7t\u0131rd\u0131\u011f\u0131 soru\u015fturma kapsam\u0131nda milletvekili olan eski ba\u015fbakan\u0131n dokunulmazl\u0131\u011f\u0131n\u0131n kald\u0131r\u0131lmas\u0131n\u0131 talep etti\u011finin \u00f6\u011frenildi\u011fini bildirdi. Stani\u015fev ise Vel\u00e7ev`in ilgili talebini beklemeden dokunulmazl\u0131\u011f\u0131n\u0131n kald\u0131r\u0131lmas\u0131 i\u00e7in Parlamento Ba\u015fkanl\u0131\u011f\u0131na ba\u015fvurdu. Dokunulmazl\u0131\u011f\u0131n\u0131n kald\u0131r\u0131labilece\u011fini \u00f6\u011frenir \u00f6\u011frenmez a\u00e7\u0131klama yapan Stani\u015fev, su\u00e7suz oldu\u011funu belirterek, adalet sisteminin \u00e7al\u0131\u015fmalar\u0131n\u0131 engel olmak istemedi\u011fini ifade etti. Parlamento Ba\u015fkan\u0131 [&hellip;]<\/p>\n","protected":false},"author":331,"featured_media":0,"comment_status":"open","ping_status":"open","sticky":false,"template":"","format":"standard","meta":{"advanced_seo_description":"","jetpack_seo_html_title":"","jetpack_seo_noindex":false,"ngg_post_thumbnail":0,"jetpack_post_was_ever_published":false,"_jetpack_newsletter_access":"","_jetpack_dont_email_post_to_subs":false,"_jetpack_newsletter_tier_id":0,"_jetpack_memberships_contains_paywalled_content":false,"_jetpack_memberships_contains_paid_content":false,"footnotes":""},"categories":[5],"tags":[],"class_list":["post-1890","post","type-post","status-publish","format-standard","hentry","category-haberler"],"jetpack_featured_media_url":"","jetpack_shortlink":"https:\/\/wp.me\/paHHlZ-uu","jetpack-related-posts":[{"id":1585,"url":"https:\/\/www.gocmeniz.biz\/?p=1585","url_meta":{"origin":1890,"position":0},"title":"Bulgaristan`da h\u00fck\u00fcmetin istifas\u0131 kabul edildi","author":"Haberci","date":"23 Temmuz 2009","format":false,"excerpt":"Bulgaristan`da 7 Temmuzda yap\u0131lan genel se\u00e7imden sonra olu\u015fturulan 240 sandalyeli 41. parlamento, Sergey Stani\u015fev ba\u015fbakanl\u0131\u011f\u0131ndaki h\u00fck\u00fcmetin istifas\u0131n\u0131 kabul etti. Sergey Stani\u015fev`in yeni parlamentonun 14 Temmuzda yap\u0131lan ilk oturumunda verdi\u011fi istifa dilek\u00e7esi i\u00e7in bug\u00fcn oylama yap\u0131ld\u0131. Stani\u015fev`in istifas\u0131, oylamaya kat\u0131lan 209 milletvekilinin oybirli\u011fi ile kabul edildi. Anayasa gere\u011fi, Stani\u015fev h\u00fck\u00fcmeti, yeni\u2026","rel":"","context":"&quot;Haberler&quot; i\u00e7inde","block_context":{"text":"Haberler","link":"https:\/\/www.gocmeniz.biz\/?cat=5"},"img":{"alt_text":"","src":"","width":0,"height":0},"classes":[]},{"id":1554,"url":"https:\/\/www.gocmeniz.biz\/?p=1554","url_meta":{"origin":1890,"position":1},"title":"Bulgaristan`da g\u00fcndemde r\u00fc\u015fvet var","author":"Haberci","date":"16 Temmuz 2009","format":false,"excerpt":"Bulgaristan`da 7 temmuzda yap\u0131lan se\u00e7imle belirlenen 240 sandalyeli parlamento ilk toplant\u0131s\u0131n\u0131 bug\u00fcn yapt\u0131. Ba\u015fbakan aday\u0131 Boyko Borisov r\u00fc\u015fvete kar\u015f\u0131 iddial\u0131 konu\u015ftu.Se\u00e7imi 116 milletvekili \u00e7\u0131kararak birinci tamamlayan GERB(arma) partisinin lideri ve Sofya Belediye Ba\u015fkan\u0131 Boyko Borisov parlamentonun a\u00e7\u0131l\u0131\u015f\u0131nda yapt\u0131\u011f\u0131 konu\u015fmada, `Bulgaristan`\u0131n en r\u00fc\u015fvet\u00e7i Avrupa \u00fclkesi olmamas\u0131 i\u00e7in elimizden geleni yapaca\u011f\u0131z` dedi.Parlamentonun\u2026","rel":"","context":"&quot;Haberler&quot; i\u00e7inde","block_context":{"text":"Haberler","link":"https:\/\/www.gocmeniz.biz\/?cat=5"},"img":{"alt_text":"","src":"","width":0,"height":0},"classes":[]},{"id":71,"url":"https:\/\/www.gocmeniz.biz\/?p=71","url_meta":{"origin":1890,"position":2},"title":"BULGAR\u0130STAN REHBER\u0130","author":"Admin","date":"06 May\u0131s 2007","format":false,"excerpt":"Bulgaristan Bulgar Krall\u0131\u011f\u0131 14. y\u00fczy\u0131l sonlar\u0131ndan itibaren yakla\u015f\u0131k 500 y\u0131l Osmanl\u0131 egemenli\u011finde kald\u0131. 1878'te ise Rusya'yla yap\u0131lan bir anla\u015fma uyar\u0131nca, \u00f6zerk Bulgar Prensli\u011fi kuruldu. Bu d\u00f6nemde b\u00f6lge \u00fczerinde de Rusya'n\u0131n n\u00fcfuzu etkiliydi. GENEL B\u0130LG\u0130LER 1944'te Sovyet birlikleri taraf\u0131ndan i\u015fgal edilen \u00fclkede, 1946'da yap\u0131lan bir referandum sonunda halk cumhuriyeti se\u00e7ince, Kral\u2026","rel":"","context":"&quot;Haberler&quot; i\u00e7inde","block_context":{"text":"Haberler","link":"https:\/\/www.gocmeniz.biz\/?cat=5"},"img":{"alt_text":"","src":"","width":0,"height":0},"classes":[]},{"id":659,"url":"https:\/\/www.gocmeniz.biz\/?p=659","url_meta":{"origin":1890,"position":3},"title":"Bulgaristan&#8217;da yolsuzluk \u015foku","author":"Haberci","date":"28 Kas\u0131m 2008","format":false,"excerpt":"AB, fonlar\u0131n y\u00f6netimindeki yolsuzluklar nedeniyle ilk kez bir \u00fcye \u00fclkeye b\u00f6lgesel ve yap\u0131sal te\u015fvik \u00f6demelerini durdurdu. Bulgaristan'\u0131n kayb\u0131 220 milyon euro. Bulgar h\u00fck\u00fcmeti ise e\u015fit muamele yap\u0131lmad\u0131\u011f\u0131n\u0131 savunuyor. AB tarihinde ilk kez bir \u00fcye \u00fclkeye te\u015fvik \u00f6demeleri durduruldu. Br\u00fcksel, fonlar\u0131n y\u00f6netiminde ya\u015fanan yolsuzluklar\u0131n ho\u015fg\u00f6r\u00fc s\u0131n\u0131r\u0131n\u0131 a\u015ft\u0131\u011f\u0131 gerek\u00e7esiyle Bulgaristan i\u00e7in \u00fcyelik\u2026","rel":"","context":"&quot;Haberler&quot; i\u00e7inde","block_context":{"text":"Haberler","link":"https:\/\/www.gocmeniz.biz\/?cat=5"},"img":{"alt_text":"","src":"","width":0,"height":0},"classes":[]},{"id":623,"url":"https:\/\/www.gocmeniz.biz\/?p=623","url_meta":{"origin":1890,"position":4},"title":"BULGAR\u0130STAN IRAK&#8217;TAK\u0130 ASKER\u0130 B\u0130RL\u0130\u011e\u0130N\u0130 GER\u0130 \u00c7EK\u0130YOR","author":"Haberci","date":"14 Kas\u0131m 2008","format":false,"excerpt":"Bulgaristan Savunma bakan\u0131 Nikolay Tzonev, \u00fclkenin Irak'ta bulundurdu\u011fu askeri birli\u011fini y\u0131l sonuna kadar geri \u00e7ekece\u011fini bildirdi.Tzonev, Bulgar h\u00fck\u00fcmetinin bug\u00fcn, birlik personelinin 15 ile 20 Aral\u0131k tarihleri aras\u0131nda iki u\u00e7ak seferi ile yurda d\u00f6nmesine karar verdi\u011fini a\u00e7\u0131klad\u0131.Ba\u015fbakan Sergey Stani\u015fev de Irak, Afganistan, Kosova ve Bosna Hersek'de asker bulunduran Bulgaristan'\u0131n Irak'taki g\u00f6revini\u2026","rel":"","context":"&quot;Haberler&quot; i\u00e7inde","block_context":{"text":"Haberler","link":"https:\/\/www.gocmeniz.biz\/?cat=5"},"img":{"alt_text":"","src":"","width":0,"height":0},"classes":[]},{"id":1257,"url":"https:\/\/www.gocmeniz.biz\/?p=1257","url_meta":{"origin":1890,"position":5},"title":"T\u00fcrk Y\u0131ld\u0131zlar\u0131 Bulgarlar`\u0131 b\u00fcy\u00fcledi","author":"Haberci","date":"26 May\u0131s 2009","format":false,"excerpt":"7. B\u0130AF 2009 Uluslararas\u0131 Havac\u0131l\u0131k Festivali \"ne T\u00fcrk pilotlar damgas\u0131n\u0131 vurdu. Festivale kat\u0131lan T\u00fcrk Hava Kuvvetleri akrobasi timi \" T\u00fcrk Y\u0131ld\u0131zlar\u0131\", muhte\u015fem g\u00f6sterileriyle Bulgar izleyicileri b\u00fcy\u00fcledi.Yakla\u015f\u0131k 20 dakika s\u00fcren g\u00f6steriden sonra izleyiciler, T\u00fcrk Hava Kuvvetleri tan\u0131t\u0131m stand\u0131na gelerek T\u00fcrk pilotlardan imza alabilmek i\u00e7in kuyruk olu\u015fturdu. Filibe kentine yak\u0131n Krumovo Havac\u0131l\u0131k\u2026","rel":"","context":"&quot;Haberler&quot; i\u00e7inde","block_context":{"text":"Haberler","link":"https:\/\/www.gocmeniz.biz\/?cat=5"},"img":{"alt_text":"","src":"","width":0,"height":0},"classes":[]}],"jetpack_sharing_enabled":true,"jetpack_likes_enabled":true,"_links":{"self":[{"href":"https:\/\/www.gocmeniz.biz\/index.php?rest_route=\/wp\/v2\/posts\/1890","targetHints":{"allow":["GET"]}}],"collection":[{"href":"https:\/\/www.gocmeniz.biz\/index.php?rest_route=\/wp\/v2\/posts"}],"about":[{"href":"https:\/\/www.gocmeniz.biz\/index.php?rest_route=\/wp\/v2\/types\/post"}],"author":[{"embeddable":true,"href":"https:\/\/www.gocmeniz.biz\/index.php?rest_route=\/wp\/v2\/users\/331"}],"replies":[{"embeddable":true,"href":"https:\/\/www.gocmeniz.biz\/index.php?rest_route=%2Fwp%2Fv2%2Fcomments&post=1890"}],"version-history":[{"count":1,"href":"https:\/\/www.gocmeniz.biz\/index.php?rest_route=\/wp\/v2\/posts\/1890\/revisions"}],"predecessor-version":[{"id":8977,"href":"https:\/\/www.gocmeniz.biz\/index.php?rest_route=\/wp\/v2\/posts\/1890\/revisions\/8977"}],"wp:attachment":[{"href":"https:\/\/www.gocmeniz.biz\/index.php?rest_route=%2Fwp%2Fv2%2Fmedia&parent=1890"}],"wp:term":[{"taxonomy":"category","embeddable":true,"href":"https:\/\/www.gocmeniz.biz\/index.php?rest_route=%2Fwp%2Fv2%2Fcategories&post=1890"},{"taxonomy":"post_tag","embeddable":true,"href":"https:\/\/www.gocmeniz.biz\/index.php?rest_route=%2Fwp%2Fv2%2Ftags&post=1890"}],"curies":[{"name":"wp","href":"https:\/\/api.w.org\/{rel}","templated":true}]}}