{"id":1892,"date":"2009-11-05T09:24:54","date_gmt":"2009-11-05T06:24:54","guid":{"rendered":"http:\/\/www.gocmeniz.biz\/?p=1892"},"modified":"2026-04-03T12:17:07","modified_gmt":"2026-04-03T09:17:07","slug":"bulgaristan-yurt-disindaki-vatandaslarinin-oy-kullanmasini-yasaklamayi-planliyor","status":"publish","type":"post","link":"https:\/\/www.gocmeniz.biz\/?p=1892","title":{"rendered":"Bulgaristan, yurt d\u0131\u015f\u0131ndaki vatanda\u015flar\u0131n\u0131n oy kullanmas\u0131n\u0131 yasaklamay\u0131 planl\u0131yor"},"content":{"rendered":"<p><b>Bulgaristan D\u0131\u015fileri Bakan\u0131 Rumyana Jeleva, yurt d\u0131\u015f\u0131ndaki Bulgaristan vatanda\u015flar\u0131n\u0131n bulunduklar\u0131 \u00fclkelerde oy kullanmalar\u0131n\u0131 yasaklayacak bir yasa tasar\u0131s\u0131 haz\u0131rlamay\u0131 d\u00fc\u015f\u00fcnd\u00fcklerini a\u00e7\u0131klad\u0131.<\/b><\/p>\n<p>Jeleva, \u00f6zel bir televizyon kanal\u0131na yapt\u0131\u011f\u0131 a\u00e7\u0131klamada, se\u00e7imler dolay\u0131s\u0131yla Bulgaristan vatanda\u015flar\u0131n\u0131n ya\u015fad\u0131\u011f\u0131 \u00fclkelerde kurulan se\u00e7im merkezlerinde oy verme i\u015flemi s\u0131ras\u0131nda ve sonras\u0131nda \u00e7ok say\u0131da sorun ve yasa ihlalleri oldu\u011funun tespit edildi\u011fini s\u00f6yledi.<\/p>\n<p>Bu sorunlar\u0131n son 20 y\u0131ld\u0131r her se\u00e7imde ortaya \u00e7\u0131kt\u0131\u011f\u0131n\u0131 kaydeden Jeleva, en iyi \u00e7\u00f6z\u00fcm\u00fcn sadece \u00fclke i\u00e7inde oy kullan\u0131m\u0131na izin verilmesi olaca\u011f\u0131n\u0131 bildirdi.<\/p>\n<p>Avrupa`da bir \u00e7ok \u00fclkenin yurt d\u0131\u015f\u0131nda se\u00e7im merkezleri kurmad\u0131\u011f\u0131n\u0131 kaydeden Jeleva, `se\u00e7imlerde sadece yurt i\u00e7inde oy kullan\u0131lmas\u0131n\u0131 \u00f6ng\u00f6ren bir yasa tasar\u0131s\u0131 haz\u0131rlamay\u0131 d\u00fc\u015f\u00fcn\u00fcyoruz` diye konu\u015ftu.<\/p>\n<p><b>-EN \u00c7OK T\u00dcRK\u0130YE`Y\u0130 \u0130LG\u0130LEND\u0130R\u0130YOR &#8211;<\/b><\/p>\n<p>Haz\u0131rlanmas\u0131 d\u00fc\u015f\u00fcn\u00fclen yasa tasar\u0131s\u0131n\u0131n parlamentoda kabul edilmesi durumunda<!--more--> ba\u015fka \u00fclkelerde ya\u015fayan Bulgaristan vatanda\u015flar\u0131 bulunduklar\u0131 \u00fclkelerde oy kullanamayacak. Bu durumdan en \u00e7ok T\u00fckiye`de ya\u015fayan Bulgaristan vatanda\u015flar\u0131 etkilenecek.<\/p>\n<p>Bulgaristan`da 5 Temmuz 2009 tarihinde yap\u0131lan son genel se\u00e7imde T\u00fcrkiye`de 123 se\u00e7im merkezi kurulmu\u015f bu se\u00e7im merkezlerinde toplam 93 bin Bulgaristan vatanda\u015f\u0131 oy kullanm\u0131\u015ft\u0131.<\/p>\n<p>Yasa de\u011fi\u015fikli\u011fi yap\u0131l\u0131rsa T\u00fcrkiye`deki Bulgaristan vatanda\u015flar\u0131 bundan sonraki se\u00e7imlerde oy kullanmak i\u00e7in Bulgaristan`a gitmek zorunda kalacak.<\/p>\n<p><b>&#8211; B\u00dcY\u00dcKEL\u00c7\u0130LER G\u00d6REVDEN ALINDI &#8211;<\/b><\/p>\n<p>Bu arada 5 temmuz se\u00e7imlerinde sorumlu olduklar\u0131 \u00fclkelerde uygulama hatalar\u0131 yapt\u0131klar\u0131 gerek\u00e7esiyle Bulgaristan`\u0131n Ankara B\u00fcy\u00fckel\u00e7isi Branimir Mladenov ile Washnington B\u00fcy\u00fckel\u00e7isi Li\u00e7ezar Petkov hakk\u0131nda Jeleva taraf\u0131ndan verilen `g\u00f6revden alma` karar\u0131, Bakanlar Kurulu taraf\u0131ndan da onayland\u0131.<\/p>\n<p>Bakanlar kurulu kararnamesi Cumhurba\u015fkan\u0131 Georgi P\u0131rvanov`un onay\u0131ndan sonra y\u00fcr\u00fcrl\u00fc\u011fe girecek.<\/p>\n<p>Mladenov ve Petkov yurt d\u0131\u015f\u0131nda kurulan se\u00e7im merkezlerinde oy kullanma s\u0131ras\u0131nda ve sonras\u0131nda usuls\u00fczl\u00fck yap\u0131ld\u0131\u011f\u0131 iddialar\u0131 \u00fczerine a\u00e7\u0131lan soru\u015fturma kapsam\u0131nda iki g\u00fcn \u00f6nce merkeze \u00e7a\u011fr\u0131larak savunmalar\u0131 al\u0131nm\u0131\u015ft\u0131.<\/p>\n<p>Soru\u015fturma, a\u015f\u0131r\u0131 milliyet\u00e7i \u00e7izgide yer alan muhalefetteki D\u00fczen Me\u015fruiyet ve G\u00fcvenlik (RZS) partisinin lideri Yane Yanev`in ba\u015fvurusu \u00fczerine ba\u015flat\u0131lm\u0131\u015ft\u0131.<\/p>\n<p>Yanev, T\u00fcrkiye`den gelen oylar\u0131n ge\u00e7ersiz kabul edilmesini ve \u00fcyelerin \u00e7o\u011funlu\u011funu T\u00fcrklerin olu\u015fturdu\u011fu Hak ve \u00d6zg\u00fcrl\u00fckler Hareketi`nin (DPS-H\u00d6H) bu oylar sayesinde kazand\u0131\u011f\u0131 7 milletvekilli\u011finin geri al\u0131nmas\u0131n\u0131 istiyor.<\/p>\n<p>H\u00d6H, Bulgaristan parlamentosunda 38 milletvekiliyle temsil ediliyor.<\/p>\n<div class=\"zemanta-pixie\"><img data-recalc-dims=\"1\"  title=\"\" decoding=\"async\" class=\"zemanta-pixie-img\"  alt=\"pixy Bulgaristan, yurt d\u0131\u015f\u0131ndaki vatanda\u015flar\u0131n\u0131n oy kullanmas\u0131n\u0131 yasaklamay\u0131 planl\u0131yor\"  src=\"https:\/\/i0.wp.com\/img.zemanta.com\/pixy.gif?w=640\" \/><\/div>\n","protected":false},"excerpt":{"rendered":"<p>Bulgaristan D\u0131\u015fileri Bakan\u0131 Rumyana Jeleva, yurt d\u0131\u015f\u0131ndaki Bulgaristan vatanda\u015flar\u0131n\u0131n bulunduklar\u0131 \u00fclkelerde oy kullanmalar\u0131n\u0131 yasaklayacak bir yasa tasar\u0131s\u0131 haz\u0131rlamay\u0131 d\u00fc\u015f\u00fcnd\u00fcklerini a\u00e7\u0131klad\u0131. Jeleva, \u00f6zel bir televizyon kanal\u0131na yapt\u0131\u011f\u0131 a\u00e7\u0131klamada, se\u00e7imler dolay\u0131s\u0131yla Bulgaristan vatanda\u015flar\u0131n\u0131n ya\u015fad\u0131\u011f\u0131 \u00fclkelerde kurulan se\u00e7im merkezlerinde oy verme i\u015flemi s\u0131ras\u0131nda ve sonras\u0131nda \u00e7ok say\u0131da sorun ve yasa ihlalleri oldu\u011funun tespit edildi\u011fini s\u00f6yledi. Bu sorunlar\u0131n son [&hellip;]<\/p>\n","protected":false},"author":331,"featured_media":0,"comment_status":"open","ping_status":"open","sticky":false,"template":"","format":"standard","meta":{"advanced_seo_description":"","jetpack_seo_html_title":"","jetpack_seo_noindex":false,"ngg_post_thumbnail":0,"jetpack_post_was_ever_published":false,"_jetpack_newsletter_access":"","_jetpack_dont_email_post_to_subs":false,"_jetpack_newsletter_tier_id":0,"_jetpack_memberships_contains_paywalled_content":false,"_jetpack_memberships_contains_paid_content":false,"footnotes":""},"categories":[5],"tags":[],"class_list":["post-1892","post","type-post","status-publish","format-standard","hentry","category-haberler"],"jetpack_featured_media_url":"","jetpack_shortlink":"https:\/\/wp.me\/paHHlZ-uw","jetpack-related-posts":[{"id":1402,"url":"https:\/\/www.gocmeniz.biz\/?p=1402","url_meta":{"origin":1892,"position":0},"title":"Bulgaristan se\u00e7imlerinde T\u00fcrkiye&#8217;de 123 oy merkezi","author":"Haberci","date":"19 Haziran 2009","format":false,"excerpt":"A.A.\u00a0 \u00a0\u00a0\u00a0 Bulgaristan'da 5 Temmuzda yap\u0131lacak parlamento se\u00e7imiyle ilgili kampanya t\u00fcm h\u0131z\u0131yla s\u00fcrerken, yurt d\u0131\u015f\u0131ndaki vatanda\u015flar\u0131n oy kullanmas\u0131 i\u00e7in en fazla merkez T\u00fcrkiye'de a\u00e7\u0131lacak.Bulgaristan D\u0131\u015fi\u015fleri Bakanl\u0131\u011f\u0131n\u0131n se\u00e7imin yurt d\u0131\u015f\u0131ndaki organizasyon \u00e7al\u0131\u015fmalar\u0131yla ilgili a\u00e7\u0131klamas\u0131nda, 58 \u00fclkede yakla\u015f\u0131k 200 oy kullanma merkezinin a\u00e7\u0131laca\u011f\u0131 belirtilirken, bu merkezlerden 123'\u00fcn\u00fcn T\u00fcrkiye'de olaca\u011f\u0131 kaydedildi.A\u00e7\u0131klamaya g\u00f6re \u0130stanbul'da\u2026","rel":"","context":"&quot;Haberler&quot; i\u00e7inde","block_context":{"text":"Haberler","link":"https:\/\/www.gocmeniz.biz\/?cat=5"},"img":{"alt_text":"","src":"","width":0,"height":0},"classes":[]},{"id":1427,"url":"https:\/\/www.gocmeniz.biz\/?p=1427","url_meta":{"origin":1892,"position":1},"title":"Bulgar B\u00fcy\u00fckel\u00e7i: Erdo\u011fan Ailesi olay\u0131 \u00e7ok \u00fcz\u00fcc\u00fc","author":"Haberci","date":"25 Haziran 2009","format":false,"excerpt":"Bulgaristan\u2019\u0131n Ankara B\u00fcy\u00fckel\u00e7isi Branimir Mladenov, Almanya\u2019dan T\u00fcrkiye\u2019ye giden Erdo\u011fan ailesinin Bulgaristan\u2019da sald\u0131r\u0131ya u\u011framas\u0131 olay\u0131n\u0131n \u201c\u00e7ok \u00fcz\u00fcnt\u00fc verici\u201d oldu\u011funu belirterek, \u00fclkesinde bu t\u00fcr olaylar\u0131n \u00e7ok azald\u0131\u011f\u0131n\u0131, \u201cm\u00fcnferit\u201d hale geldi\u011fini s\u00f6yledi. B\u00fcy\u00fckel\u00e7i Branimir Mladenov, Diplomasi Muhabirler Derne\u011fi \u00fcyeleri ile bulu\u015fmas\u0131nda bir soru \u00fczerine Almanya\u2019dan T\u00fcrkiye\u2019ye karayolu ile gelen \u00fc\u00e7 ki\u015filik Erdo\u011fan ailesinin\u2026","rel":"","context":"&quot;Haberler&quot; i\u00e7inde","block_context":{"text":"Haberler","link":"https:\/\/www.gocmeniz.biz\/?cat=5"},"img":{"alt_text":"","src":"","width":0,"height":0},"classes":[]},{"id":1896,"url":"https:\/\/www.gocmeniz.biz\/?p=1896","url_meta":{"origin":1892,"position":2},"title":"Bulgaristan Se\u00e7imi B\u00fcy\u00fckel\u00e7i Mladenov&#8217;u Yakt\u0131","author":"Haberci","date":"05 Kas\u0131m 2009","format":false,"excerpt":"Bulgaristan D\u0131\u015fi\u015fleri Bakan\u0131 Rumyana Jeleva, a\u015f\u0131r\u0131 sa\u011fc\u0131 Ataka ile D\u00fczen Me\u015fruiyet ve G\u00fcvenlik (RZS) Partisi\u2019nden gelen bask\u0131lara dayanamayarak, \u00fclkesinin Ankara B\u00fcy\u00fckel\u00e7isi Branimir Mladenov ile Washington B\u00fcy\u00fckel\u00e7isi Li\u00e7ezar Petkov\u2019u g\u00f6revden ald\u0131. Karar\u0131n y\u00fcr\u00fcrl\u00fc\u011fe girmesi i\u00e7in Bakanlar Kurulu ile Cumhurba\u015fkan\u0131\u2019n\u0131n onay\u0131 gerekiyor. B\u00fcy\u00fckel\u00e7i Mladenov\u2019un d\u00fcn itibariyle Ankara\u2019da oldu\u011fu \u00f6\u011frenildi.A\u015f\u0131r\u0131 sa\u011f\u0131n hedefi Bulgaristan\u2019da\u2026","rel":"","context":"&quot;Haberler&quot; i\u00e7inde","block_context":{"text":"Haberler","link":"https:\/\/www.gocmeniz.biz\/?cat=5"},"img":{"alt_text":"","src":"","width":0,"height":0},"classes":[]},{"id":942,"url":"https:\/\/www.gocmeniz.biz\/?p=942","url_meta":{"origin":1892,"position":3},"title":"Bulgaristan&#8217;da parti 340 oldu","author":"Haberci","date":"23 Mart 2009","format":false,"excerpt":"Siyasal parti enflasyonunun ya\u015fand\u0131\u011f\u0131 Bulgaristan'da siyaset sahnesine yeni bir parti daha eklendi. ''Di\u011fer Bulgaristan'' (DB) ad\u0131 alt\u0131nda kurulan yeni partiyle birlikte \u00fclkedeki siyasal partilerin say\u0131s\u0131 340'a \u00e7\u0131kt\u0131.DB'nin kurultay\u0131 Sofya Kempinski Oteli'nde bug\u00fcn yap\u0131ld\u0131. \u00c7o\u011funlu\u011funu s\u00fcrekli olarak yurtd\u0131\u015f\u0131nda ya\u015fayan Bulgarlar'\u0131n olu\u015fturdu\u011fu 620 delegenin kat\u0131ld\u0131\u011f\u0131 kurultayda, parti genel ba\u015fkanl\u0131\u011f\u0131na Bojidar Tomalevski se\u00e7ildi.Yeni\u2026","rel":"","context":"&quot;Haberler&quot; i\u00e7inde","block_context":{"text":"Haberler","link":"https:\/\/www.gocmeniz.biz\/?cat=5"},"img":{"alt_text":"","src":"","width":0,"height":0},"classes":[]},{"id":8478,"url":"https:\/\/www.gocmeniz.biz\/?p=8478","url_meta":{"origin":1892,"position":4},"title":"T\u00fcrkiye&#8217;deki \u00e7ifte vatanda\u015flara 19 Nisan Bulgaristan se\u00e7imleri i\u00e7in &#8220;sand\u0131\u011fa gidin&#8221; \u00e7a\u011fr\u0131s\u0131","author":"Admin","date":"28 Mart 2026","format":false,"excerpt":"Trakya Balkan T\u00fcrkleri K\u00fclt\u00fcr ve Dayan\u0131\u015fma Derne\u011fi Ba\u015fkan\u0131 Cevat G\u00fcne\u015f, 19 Nisan'da Bulgaristan'da yap\u0131lacak milletvekili se\u00e7imleri i\u00e7in T\u00fcrkiye'de ya\u015fayan \u00e7ifte vatanda\u015flara \"sand\u0131\u011fa gidin\" \u00e7a\u011fr\u0131s\u0131nda bulundu. Bulgaristan'\u0131n erken genel se\u00e7im s\u00fcrecine ili\u015fkin AA muhabirine de\u011ferlendirmelerde bulunan G\u00fcne\u015f, \u00fclkede siyasal zeminin uzun s\u00fcredir \u00e7\u0131kmazda oldu\u011funu s\u00f6yledi. Kurulan h\u00fck\u00fcmetlerin devaml\u0131l\u0131k sa\u011flayamad\u0131\u011f\u0131n\u0131 belirten G\u00fcne\u015f,\u2026","rel":"","context":"&quot;Haberler&quot; i\u00e7inde","block_context":{"text":"Haberler","link":"https:\/\/www.gocmeniz.biz\/?cat=5"},"img":{"alt_text":"","src":"https:\/\/i0.wp.com\/www.gocmeniz.biz\/wp-content\/turkiye-deki-cifte-vatandaslara-19-nisan-19695039_amp.jpg?fit=1200%2C800&ssl=1&resize=350%2C200","width":350,"height":200,"srcset":"https:\/\/i0.wp.com\/www.gocmeniz.biz\/wp-content\/turkiye-deki-cifte-vatandaslara-19-nisan-19695039_amp.jpg?fit=1200%2C800&ssl=1&resize=350%2C200 1x, https:\/\/i0.wp.com\/www.gocmeniz.biz\/wp-content\/turkiye-deki-cifte-vatandaslara-19-nisan-19695039_amp.jpg?fit=1200%2C800&ssl=1&resize=525%2C300 1.5x, https:\/\/i0.wp.com\/www.gocmeniz.biz\/wp-content\/turkiye-deki-cifte-vatandaslara-19-nisan-19695039_amp.jpg?fit=1200%2C800&ssl=1&resize=700%2C400 2x, https:\/\/i0.wp.com\/www.gocmeniz.biz\/wp-content\/turkiye-deki-cifte-vatandaslara-19-nisan-19695039_amp.jpg?fit=1200%2C800&ssl=1&resize=1050%2C600 3x"},"classes":[]},{"id":1494,"url":"https:\/\/www.gocmeniz.biz\/?p=1494","url_meta":{"origin":1892,"position":5},"title":"T\u00fcrkiye`deki 300 bin Bulgaristan vatanda\u015f\u0131n\u0131n g\u00f6z\u00fc se\u00e7imlerde","author":"Haberci","date":"05 Temmuz 2009","format":false,"excerpt":"Bulgaristan`\u0131n devrik liderlerinden Jivkov d\u00f6neminde asimilasyon tehdidine maruz kald\u0131\u011f\u0131 i\u00e7in T\u00fcrkiye`ye g\u00f6\u00e7 etmek zorunda kalan 300 bin T\u00fcrk`\u00fcn kalbi, bir kez daha se\u00e7imler i\u00e7in \u00e7arp\u0131yor. Bulgaristan T\u00fcrkleri K\u00fclt\u00fcr ve Yard\u0131mla\u015fma Derne\u011fi`nin verdi\u011fi bilgiye g\u00f6re 250 bine yak\u0131n T\u00fcrk, T\u00fcrkiye`de, geri kalan\u0131 ise Bulgaristan`da se\u00e7ime kat\u0131lacak.Bu rakam Bulgaristan d\u0131\u015f\u0131nda, genel se\u00e7imlerde\u2026","rel":"","context":"&quot;Haberler&quot; i\u00e7inde","block_context":{"text":"Haberler","link":"https:\/\/www.gocmeniz.biz\/?cat=5"},"img":{"alt_text":"","src":"","width":0,"height":0},"classes":[]}],"jetpack_sharing_enabled":true,"jetpack_likes_enabled":true,"_links":{"self":[{"href":"https:\/\/www.gocmeniz.biz\/index.php?rest_route=\/wp\/v2\/posts\/1892","targetHints":{"allow":["GET"]}}],"collection":[{"href":"https:\/\/www.gocmeniz.biz\/index.php?rest_route=\/wp\/v2\/posts"}],"about":[{"href":"https:\/\/www.gocmeniz.biz\/index.php?rest_route=\/wp\/v2\/types\/post"}],"author":[{"embeddable":true,"href":"https:\/\/www.gocmeniz.biz\/index.php?rest_route=\/wp\/v2\/users\/331"}],"replies":[{"embeddable":true,"href":"https:\/\/www.gocmeniz.biz\/index.php?rest_route=%2Fwp%2Fv2%2Fcomments&post=1892"}],"version-history":[{"count":1,"href":"https:\/\/www.gocmeniz.biz\/index.php?rest_route=\/wp\/v2\/posts\/1892\/revisions"}],"predecessor-version":[{"id":8683,"href":"https:\/\/www.gocmeniz.biz\/index.php?rest_route=\/wp\/v2\/posts\/1892\/revisions\/8683"}],"wp:attachment":[{"href":"https:\/\/www.gocmeniz.biz\/index.php?rest_route=%2Fwp%2Fv2%2Fmedia&parent=1892"}],"wp:term":[{"taxonomy":"category","embeddable":true,"href":"https:\/\/www.gocmeniz.biz\/index.php?rest_route=%2Fwp%2Fv2%2Fcategories&post=1892"},{"taxonomy":"post_tag","embeddable":true,"href":"https:\/\/www.gocmeniz.biz\/index.php?rest_route=%2Fwp%2Fv2%2Ftags&post=1892"}],"curies":[{"name":"wp","href":"https:\/\/api.w.org\/{rel}","templated":true}]}}