{"id":1896,"date":"2009-11-05T09:32:27","date_gmt":"2009-11-05T06:32:27","guid":{"rendered":"http:\/\/www.gocmeniz.biz\/?p=1896"},"modified":"2026-04-03T12:25:37","modified_gmt":"2026-04-03T09:25:37","slug":"bulgaristan-secimi-buyukelci-mladenovu-yakti","status":"publish","type":"post","link":"https:\/\/www.gocmeniz.biz\/?p=1896","title":{"rendered":"Bulgaristan Se\u00e7imi B\u00fcy\u00fckel\u00e7i Mladenov&#8217;u Yakt\u0131"},"content":{"rendered":"<p><b><img data-recalc-dims=\"1\"  title=\"\"  alt=\"bulgaristan-secimi-buyukelci-mladenov-u-yakti_o Bulgaristan Se\u00e7imi B\u00fcy\u00fckel\u00e7i Mladenov&#039;u Yakt\u0131\" decoding=\"async\" style=\"float: left; margin-top: 10px; margin-bottom: 10px; margin-right: 10px;\" src=\"https:\/\/i0.wp.com\/img.haberler.com\/haber\/958\/bulgaristan-secimi-buyukelci-mladenov-u-yakti_o.jpg?w=640\" \/>Bulgaristan D\u0131\u015fi\u015fleri Bakan\u0131 Rumyana Jeleva, a\u015f\u0131r\u0131 sa\u011fc\u0131 Ataka ile D\u00fczen Me\u015fruiyet ve G\u00fcvenlik (RZS) Partisi\u2019nden gelen bask\u0131lara dayanamayarak, \u00fclkesinin Ankara B\u00fcy\u00fckel\u00e7isi Branimir Mladenov ile Washington B\u00fcy\u00fckel\u00e7isi Li\u00e7ezar Petkov\u2019u g\u00f6revden ald\u0131. <\/b><\/p>\n<p>Karar\u0131n y\u00fcr\u00fcrl\u00fc\u011fe girmesi i\u00e7in Bakanlar Kurulu ile Cumhurba\u015fkan\u0131\u2019n\u0131n onay\u0131 gerekiyor. B\u00fcy\u00fckel\u00e7i Mladenov\u2019un d\u00fcn itibariyle Ankara\u2019da oldu\u011fu \u00f6\u011frenildi.<\/p>\n<p><b>A\u015f\u0131r\u0131 sa\u011f\u0131n hedefi <\/b><\/p>\n<p>Bulgaristan\u2019da 5 Temmuz\u2019da yap\u0131lan genel se\u00e7imlerde T\u00fcrkiye\u2019de ya\u015fayan Bulgaristan vatanda\u015f\u0131 T\u00fcrklere oy kullanmada kolayl\u0131k sa\u011flad\u0131\u011f\u0131 i\u00e7in a\u015f\u0131r\u0131 sa\u011f\u0131n hedefi haline gelen B\u00fcy\u00fckel\u00e7i Mladenov, g\u00f6\u00e7men derneklerince haz\u0131rland\u0131\u011f\u0131 ileri s\u00fcr\u00fclen Se\u00e7im listelerinde usuls\u00fczl\u00fcklere g\u00f6zyummakla su\u00e7land\u0131. Sa\u011flanan kolayl\u0131k nedeniyle T\u00fcrklerin partisi Hak ve \u00d6zg\u00fcrl\u00fckler Hareketi\u2019nin (H\u00d6H) 7 milletvekili fazla \u00e7\u0131kard\u0131\u011f\u0131 \u00f6ne s\u00fcr\u00fclerek, h\u00fck\u00fcmet aleyhine kampanya ba\u015flat\u0131ld\u0131. A\u015f\u0131r\u0131 sa\u011fdan gelen bask\u0131lar\u0131n artmas\u0131 \u00fczerine Mladenov, ge\u00e7en hafta Sofya\u2019ya \u00e7a\u011fr\u0131ld\u0131. Mladenov, D\u0131\u015fi\u015fleri Bakanl\u0131\u011f\u0131 Disiplin ve Denetleme Kurulu\u2019na ifade verdi. <\/p>\n<p>5 Temmuz\u2019da yap\u0131lan se\u00e7imlerde T\u00fcrkiye\u2019de ya\u015fayan 90 bin Bulgaristan T\u00fcrk\u2019\u00fc oy kulland\u0131. Bu rakam bir \u00f6nceki se\u00e7imde 50 bin civar\u0131ndayd\u0131. <\/p>\n<p>Daha \u00f6nce Bulgaristan\u2019\u0131n \u0130stanbul Ba\u015fkonsolosu g\u00f6revini de yapan Mladenov, 10 y\u0131ld\u0131r T\u00fcrkiye\u2019de bulunuyor. 22 y\u0131ll\u0131k diplomat olan ve \u00e7ok iyi derecede T\u00fcrk\u00e7e bilen B\u00fcy\u00fckel\u00e7i Mladenov\u2019un ad\u0131 \u00f6nceki Bulgaristan H\u00fck\u00fcmeti\u2019nde D\u0131\u015fi\u015fleri Bakan Yard\u0131mc\u0131l\u0131\u011f\u0131 g\u00f6revi i\u00e7in de ge\u00e7mi\u015fti.<\/p>\n<div class=\"zemanta-pixie\"><img data-recalc-dims=\"1\"  title=\"\" decoding=\"async\" class=\"zemanta-pixie-img\"  alt=\"pixy Bulgaristan Se\u00e7imi B\u00fcy\u00fckel\u00e7i Mladenov&#039;u Yakt\u0131\"  src=\"https:\/\/i0.wp.com\/img.zemanta.com\/pixy.gif?w=640\" \/><\/div>\n","protected":false},"excerpt":{"rendered":"<p>Bulgaristan D\u0131\u015fi\u015fleri Bakan\u0131 Rumyana Jeleva, a\u015f\u0131r\u0131 sa\u011fc\u0131 Ataka ile D\u00fczen Me\u015fruiyet ve G\u00fcvenlik (RZS) Partisi\u2019nden gelen bask\u0131lara dayanamayarak, \u00fclkesinin Ankara B\u00fcy\u00fckel\u00e7isi Branimir Mladenov ile Washington B\u00fcy\u00fckel\u00e7isi Li\u00e7ezar Petkov\u2019u g\u00f6revden ald\u0131. Karar\u0131n y\u00fcr\u00fcrl\u00fc\u011fe girmesi i\u00e7in Bakanlar Kurulu ile Cumhurba\u015fkan\u0131\u2019n\u0131n onay\u0131 gerekiyor. B\u00fcy\u00fckel\u00e7i Mladenov\u2019un d\u00fcn itibariyle Ankara\u2019da oldu\u011fu \u00f6\u011frenildi. A\u015f\u0131r\u0131 sa\u011f\u0131n hedefi Bulgaristan\u2019da 5 Temmuz\u2019da yap\u0131lan genel [&hellip;]<\/p>\n","protected":false},"author":331,"featured_media":0,"comment_status":"open","ping_status":"open","sticky":false,"template":"","format":"standard","meta":{"advanced_seo_description":"","jetpack_seo_html_title":"","jetpack_seo_noindex":false,"ngg_post_thumbnail":0,"jetpack_post_was_ever_published":false,"_jetpack_newsletter_access":"","_jetpack_dont_email_post_to_subs":false,"_jetpack_newsletter_tier_id":0,"_jetpack_memberships_contains_paywalled_content":false,"_jetpack_memberships_contains_paid_content":false,"footnotes":""},"categories":[5],"tags":[],"class_list":["post-1896","post","type-post","status-publish","format-standard","hentry","category-haberler"],"jetpack_featured_media_url":"","jetpack_shortlink":"https:\/\/wp.me\/paHHlZ-uA","jetpack-related-posts":[{"id":1427,"url":"https:\/\/www.gocmeniz.biz\/?p=1427","url_meta":{"origin":1896,"position":0},"title":"Bulgar B\u00fcy\u00fckel\u00e7i: Erdo\u011fan Ailesi olay\u0131 \u00e7ok \u00fcz\u00fcc\u00fc","author":"Haberci","date":"25 Haziran 2009","format":false,"excerpt":"Bulgaristan\u2019\u0131n Ankara B\u00fcy\u00fckel\u00e7isi Branimir Mladenov, Almanya\u2019dan T\u00fcrkiye\u2019ye giden Erdo\u011fan ailesinin Bulgaristan\u2019da sald\u0131r\u0131ya u\u011framas\u0131 olay\u0131n\u0131n \u201c\u00e7ok \u00fcz\u00fcnt\u00fc verici\u201d oldu\u011funu belirterek, \u00fclkesinde bu t\u00fcr olaylar\u0131n \u00e7ok azald\u0131\u011f\u0131n\u0131, \u201cm\u00fcnferit\u201d hale geldi\u011fini s\u00f6yledi. B\u00fcy\u00fckel\u00e7i Branimir Mladenov, Diplomasi Muhabirler Derne\u011fi \u00fcyeleri ile bulu\u015fmas\u0131nda bir soru \u00fczerine Almanya\u2019dan T\u00fcrkiye\u2019ye karayolu ile gelen \u00fc\u00e7 ki\u015filik Erdo\u011fan ailesinin\u2026","rel":"","context":"&quot;Haberler&quot; i\u00e7inde","block_context":{"text":"Haberler","link":"https:\/\/www.gocmeniz.biz\/?cat=5"},"img":{"alt_text":"","src":"","width":0,"height":0},"classes":[]},{"id":321,"url":"https:\/\/www.gocmeniz.biz\/?p=321","url_meta":{"origin":1896,"position":1},"title":"Bulgaristan Bursa&#8217;ya Konsolosluk A\u00e7\u0131yor","author":"Haberci","date":"05 Nisan 2008","format":false,"excerpt":"Bulgaristan Ankara B\u00fcy\u00fckel\u00e7isi Branimir Mladenov, onbinlerce Bulgaristan vatanda\u015f\u0131 T\u00fcrk'\u00fcn ya\u015fad\u0131\u011f\u0131 Bursa'ya konsolosluk a\u00e7acaklar\u0131n\u0131 s\u00f6yledi. Bursa Valisi \u015eahabettin Harput'u makam\u0131nda ziyaret eden Bulgar B\u00fcy\u00fckel\u00e7i, \"Uzun zamand\u0131r \u00fczernide \u00e7al\u0131\u015ft\u0131\u011f\u0131m\u0131z bir konuydu. Bursa'daki vatanda\u015flar\u0131m\u0131z i\u00e7in \u0130stanbul Ba\u015fkonsoloslu\u011fu'na ba\u011fl\u0131 bir konsolosluk a\u00e7aca\u011f\u0131z. Bina in\u015faat\u0131na k\u0131sa s\u00fcrede ba\u015flay\u0131p, k\u0131sa s\u00fcrede bitirmeyi hedefliyoruz.\" dedi. Valilik binas\u0131nda\u2026","rel":"","context":"&quot;Haberler&quot; i\u00e7inde","block_context":{"text":"Haberler","link":"https:\/\/www.gocmeniz.biz\/?cat=5"},"img":{"alt_text":"","src":"","width":0,"height":0},"classes":[]},{"id":1914,"url":"https:\/\/www.gocmeniz.biz\/?p=1914","url_meta":{"origin":1896,"position":2},"title":"Bulgaristan&#8217;\u0131n Ankara b\u00fcy\u00fckel\u00e7isi istifa etti","author":"Haberci","date":"13 Kas\u0131m 2009","format":false,"excerpt":"A.A.\u00a0\u00a0\u00a0 Bulgaristan'\u0131n Ankara B\u00fcy\u00fckel\u00e7isi Branimir Mladenov g\u00f6revinden istifa etti.D\u0131\u015fi\u015fleri Bakanl\u0131\u011f\u0131 S\u00f6zc\u00fcs\u00fc Dragovest Goranov, A.A muhabirine yapt\u0131\u011f\u0131 a\u00e7\u0131klamada, Mladenov'un istifa dilek\u00e7esini verdi\u011fini ve Bulgaristan'a geri d\u00f6nece\u011fini bildirdi.Goranov, Ankara'ya g\u00f6nderilecek yeni b\u00fcy\u00fckel\u00e7inin en k\u0131sa s\u00fcrede belirlenece\u011fini de s\u00f6yledi.Branimir Mladenov, Bulgaristan'\u0131n Washington B\u00fcy\u00fckel\u00e7isi L\u0131\u00e7ezar Petkov ile birlikte, Bulgaristan'da 5 Temmuzda yap\u0131lan parlamento se\u00e7iminde\u2026","rel":"","context":"&quot;Haberler&quot; i\u00e7inde","block_context":{"text":"Haberler","link":"https:\/\/www.gocmeniz.biz\/?cat=5"},"img":{"alt_text":"","src":"","width":0,"height":0},"classes":[]},{"id":1075,"url":"https:\/\/www.gocmeniz.biz\/?p=1075","url_meta":{"origin":1896,"position":3},"title":"BULGAR\u0130STAN&#8217;IN BURSA KONSOLOSLUK OF\u0130S\u0130, MAYIS&#8217;TA A\u00c7ILACAK","author":"Haberci","date":"16 Nisan 2009","format":false,"excerpt":"Bursal\u0131 Vatanda\u015flara Hizmet Verecek Olan I\u00fc\u00fcbulgaristan Konsolosluk Ofisi, May\u0131s Ay\u0131nda Hizmete Girecek. Bulgaristan Cumhuriyeti Ankara B\u00fcy\u00fckel\u00e7isi Branimir Mladenov May\u0131s ay\u0131nda a\u00e7\u0131l\u0131\u015f\u0131 ger\u00e7ekle\u015ftirilerek, Bursa halk\u0131n\u0131n hizmetine sunulacak olan konsolosluk ofisi ile ilgili olarak valili\u011fi ziyaret etti. Bursa'da sadece vize olarak de\u011fil ekonomik ve k\u00fclt\u00fcrel a\u00e7\u0131dan da hizmet edecek konsolosluk ofisinin hizmete\u2026","rel":"","context":"&quot;Haberler&quot; i\u00e7inde","block_context":{"text":"Haberler","link":"https:\/\/www.gocmeniz.biz\/?cat=5"},"img":{"alt_text":"","src":"","width":0,"height":0},"classes":[]},{"id":2316,"url":"https:\/\/www.gocmeniz.biz\/?p=2316","url_meta":{"origin":1896,"position":4},"title":"Bozuk yollar\u0131 bizzat tarad\u0131m","author":"Haberci","date":"29 A\u011fustos 2014","format":false,"excerpt":"\u0130zincilerin, Bulgaristan\u2019da ya\u015fad\u0131\u011f\u0131 s\u0131k\u0131nt\u0131lar\u0131 T\u00fcrkiye\u2019nin Sofya B\u00fcy\u00fckel\u00e7isi S\u00fcleyman G\u00f6k\u00e7e ile konu\u015ftuk. B\u00fcy\u00fckel\u00e7i, izincilere \u00e7\u0131kar\u0131lan b\u00fct\u00fcn sorunlar\u0131 \u00e7\u00f6zmek i\u00e7in \u00e7aba g\u00f6sterdiklerin s\u00f6yledi. YAZ aylar\u0131nda mesai saatlerinin b\u00fcy\u00fck bir k\u0131sm\u0131n\u0131 izincilerden gelen \u015fikayet ve istekleri takip etmekle ge\u00e7irdiklerini anlatan B\u00fcy\u00fckel\u00e7i G\u00f6k\u00e7e, \u201cBas\u0131na yans\u0131yan b\u00fct\u00fcn sorunlar\u0131 yak\u0131ndan biliyoruz. G\u00f6rev yetkilerimiz dahilinde bunlar\u0131 \u00e7\u00f6zmek\u2026","rel":"","context":"&quot;Haberler&quot; i\u00e7inde","block_context":{"text":"Haberler","link":"https:\/\/www.gocmeniz.biz\/?cat=5"},"img":{"alt_text":"","src":"https:\/\/i0.wp.com\/img.hurriyet.com.tr\/_np\/6942\/25716942.jpg?resize=350%2C200","width":350,"height":200},"classes":[]},{"id":1892,"url":"https:\/\/www.gocmeniz.biz\/?p=1892","url_meta":{"origin":1896,"position":5},"title":"Bulgaristan, yurt d\u0131\u015f\u0131ndaki vatanda\u015flar\u0131n\u0131n oy kullanmas\u0131n\u0131 yasaklamay\u0131 planl\u0131yor","author":"Haberci","date":"05 Kas\u0131m 2009","format":false,"excerpt":"Bulgaristan D\u0131\u015fileri Bakan\u0131 Rumyana Jeleva, yurt d\u0131\u015f\u0131ndaki Bulgaristan vatanda\u015flar\u0131n\u0131n bulunduklar\u0131 \u00fclkelerde oy kullanmalar\u0131n\u0131 yasaklayacak bir yasa tasar\u0131s\u0131 haz\u0131rlamay\u0131 d\u00fc\u015f\u00fcnd\u00fcklerini a\u00e7\u0131klad\u0131. Jeleva, \u00f6zel bir televizyon kanal\u0131na yapt\u0131\u011f\u0131 a\u00e7\u0131klamada, se\u00e7imler dolay\u0131s\u0131yla Bulgaristan vatanda\u015flar\u0131n\u0131n ya\u015fad\u0131\u011f\u0131 \u00fclkelerde kurulan se\u00e7im merkezlerinde oy verme i\u015flemi s\u0131ras\u0131nda ve sonras\u0131nda \u00e7ok say\u0131da sorun ve yasa ihlalleri oldu\u011funun tespit\u2026","rel":"","context":"&quot;Haberler&quot; i\u00e7inde","block_context":{"text":"Haberler","link":"https:\/\/www.gocmeniz.biz\/?cat=5"},"img":{"alt_text":"","src":"","width":0,"height":0},"classes":[]}],"jetpack_sharing_enabled":true,"jetpack_likes_enabled":true,"_links":{"self":[{"href":"https:\/\/www.gocmeniz.biz\/index.php?rest_route=\/wp\/v2\/posts\/1896","targetHints":{"allow":["GET"]}}],"collection":[{"href":"https:\/\/www.gocmeniz.biz\/index.php?rest_route=\/wp\/v2\/posts"}],"about":[{"href":"https:\/\/www.gocmeniz.biz\/index.php?rest_route=\/wp\/v2\/types\/post"}],"author":[{"embeddable":true,"href":"https:\/\/www.gocmeniz.biz\/index.php?rest_route=\/wp\/v2\/users\/331"}],"replies":[{"embeddable":true,"href":"https:\/\/www.gocmeniz.biz\/index.php?rest_route=%2Fwp%2Fv2%2Fcomments&post=1896"}],"version-history":[{"count":1,"href":"https:\/\/www.gocmeniz.biz\/index.php?rest_route=\/wp\/v2\/posts\/1896\/revisions"}],"predecessor-version":[{"id":8976,"href":"https:\/\/www.gocmeniz.biz\/index.php?rest_route=\/wp\/v2\/posts\/1896\/revisions\/8976"}],"wp:attachment":[{"href":"https:\/\/www.gocmeniz.biz\/index.php?rest_route=%2Fwp%2Fv2%2Fmedia&parent=1896"}],"wp:term":[{"taxonomy":"category","embeddable":true,"href":"https:\/\/www.gocmeniz.biz\/index.php?rest_route=%2Fwp%2Fv2%2Fcategories&post=1896"},{"taxonomy":"post_tag","embeddable":true,"href":"https:\/\/www.gocmeniz.biz\/index.php?rest_route=%2Fwp%2Fv2%2Ftags&post=1896"}],"curies":[{"name":"wp","href":"https:\/\/api.w.org\/{rel}","templated":true}]}}