{"id":1899,"date":"2009-11-09T18:29:44","date_gmt":"2009-11-09T15:29:44","guid":{"rendered":"http:\/\/www.gocmeniz.biz\/?p=1899"},"modified":"2026-04-03T12:25:37","modified_gmt":"2026-04-03T09:25:37","slug":"olumumden-ailem-sorumludur","status":"publish","type":"post","link":"https:\/\/www.gocmeniz.biz\/?p=1899","title":{"rendered":"&#8220;\u00d6l\u00fcm\u00fcmden ailem sorumludur&#8221;"},"content":{"rendered":"<p><img data-recalc-dims=\"1\"  title=\"\"  alt=\"9212771 &quot;\u00d6l\u00fcm\u00fcmden ailem sorumludur&quot;\" decoding=\"async\" style=\"max-width: 800px; float: left; margin-top: 10px; margin-bottom: 10px; margin-right: 10px;\" src=\"https:\/\/i0.wp.com\/www.hurriyet.com.tr\/_np\/2771\/9212771.jpg?w=640\" \/><i>Mehmet Y\u0130RUN\/\u00c7ORLU(Tekirda\u011f), (DHA)<\/i><\/p>\n<p><b>TEK\u0130RDA\u011e\u2019\u0131n \u00c7orlu \u0130l\u00e7esi\u2019nde e\u015fi ve \u00e7ocuklar\u0131n\u0131n kendisini terk etmesi \u00fczerine bunal\u0131ma giren ve k\u0131sa bir s\u00fcre \u00f6nce de \u00e7al\u0131\u015ft\u0131\u011f\u0131 i\u015fyerinden \u00e7\u0131kart\u0131lan 41 ya\u015f\u0131ndaki Kaz\u0131m \u00c7al\u0131\u015fkan, \u2018\u00d6l\u00fcm\u00fcmden e\u015fim ve \u00e7ocuklar\u0131m sorumludur\u2019 yaz\u0131l\u0131 not b\u0131rakt\u0131ktan sonra oturdu\u011fu apartman\u0131n k\u00f6m\u00fcrl\u00fc\u011f\u00fcnde kendini iple asarak intihar etti.<br \/><\/b><br \/>\u015eiddetli ge\u00e7imsizlik nedeniyle 2 y\u0131l \u00f6nce e\u015fiyle ayr\u0131lan Kaz\u0131m \u00c7al\u0131\u015fkan, annesine ait \u015eeyhsinan Mahallesi Ak\u015femsettin Sokak K\u0131l\u0131\u00e7 Apartman\u0131ndaki evde ya\u015famaya ba\u015flad\u0131. Bu s\u00fcre i\u00e7inde ise Kaz\u0131m \u00c7al\u0131\u015fkan\u2019\u0131n e\u015fi ve 2 \u00e7ocu\u011fu Bulgaristan\u2019a yerle\u015fti. A\u015f\u00e7\u0131l\u0131k yapan \u00c7al\u0131\u015fkan k\u0131sa bir s\u00fcre \u00f6nce i\u015ften \u00e7\u0131kart\u0131ld\u0131. \u00c7ocuklar\u0131 ile de g\u00f6r\u00fc\u015femeyince bunal\u0131ma girdi\u011fi belirtilen Kaz\u0131m \u00c7al\u0131\u015fkan, oturdu\u011fu apartman\u0131n k\u00f6m\u00fcrl\u00fc\u011f\u00fcnde kendini iple asarak can\u0131na k\u0131yd\u0131.<\/p>\n<p>Kaz\u0131m \u00c7al\u0131\u015fkan\u2019\u0131n cans\u0131z bedenini g\u00f6ren apartman sakinlerinin haber vermesi \u00fczerine gelen polis ekibi, \u2018\u00d6l\u00fcm\u00fcmden e\u015fim ve \u00e7ocuklar\u0131m sorumludur\u2019 yaz\u0131l\u0131 bir not buldu. Cumhuriyet Savc\u0131s\u0131n\u0131n yapt\u0131\u011f\u0131 incelemenin ard\u0131ndan Kaz\u0131m \u00c7al\u0131\u015fkan\u2019\u0131n cesedi otopsi i\u00e7in \u00c7orlu Devlet Hastanesi morguna kald\u0131r\u0131ld\u0131. Polis olayla ilgili soru\u015fturmay\u0131 s\u00fcrd\u00fcr\u00fcyor.<\/p>\n<div class=\"zemanta-pixie\"><img data-recalc-dims=\"1\"  title=\"\" decoding=\"async\" class=\"zemanta-pixie-img\"  alt=\"pixy &quot;\u00d6l\u00fcm\u00fcmden ailem sorumludur&quot;\"  src=\"https:\/\/i0.wp.com\/img.zemanta.com\/pixy.gif?w=640\" \/><\/div>\n","protected":false},"excerpt":{"rendered":"<p>Mehmet Y\u0130RUN\/\u00c7ORLU(Tekirda\u011f), (DHA) TEK\u0130RDA\u011e\u2019\u0131n \u00c7orlu \u0130l\u00e7esi\u2019nde e\u015fi ve \u00e7ocuklar\u0131n\u0131n kendisini terk etmesi \u00fczerine bunal\u0131ma giren ve k\u0131sa bir s\u00fcre \u00f6nce de \u00e7al\u0131\u015ft\u0131\u011f\u0131 i\u015fyerinden \u00e7\u0131kart\u0131lan 41 ya\u015f\u0131ndaki Kaz\u0131m \u00c7al\u0131\u015fkan, \u2018\u00d6l\u00fcm\u00fcmden e\u015fim ve \u00e7ocuklar\u0131m sorumludur\u2019 yaz\u0131l\u0131 not b\u0131rakt\u0131ktan sonra oturdu\u011fu apartman\u0131n k\u00f6m\u00fcrl\u00fc\u011f\u00fcnde kendini iple asarak intihar etti.\u015eiddetli ge\u00e7imsizlik nedeniyle 2 y\u0131l \u00f6nce e\u015fiyle ayr\u0131lan Kaz\u0131m \u00c7al\u0131\u015fkan, annesine [&hellip;]<\/p>\n","protected":false},"author":331,"featured_media":0,"comment_status":"open","ping_status":"open","sticky":false,"template":"","format":"standard","meta":{"advanced_seo_description":"","jetpack_seo_html_title":"","jetpack_seo_noindex":false,"ngg_post_thumbnail":0,"jetpack_post_was_ever_published":false,"_jetpack_newsletter_access":"","_jetpack_dont_email_post_to_subs":false,"_jetpack_newsletter_tier_id":0,"_jetpack_memberships_contains_paywalled_content":false,"_jetpack_memberships_contains_paid_content":false,"footnotes":""},"categories":[5],"tags":[],"class_list":["post-1899","post","type-post","status-publish","format-standard","hentry","category-haberler"],"jetpack_featured_media_url":"","jetpack_shortlink":"https:\/\/wp.me\/paHHlZ-uD","jetpack-related-posts":[{"id":1939,"url":"https:\/\/www.gocmeniz.biz\/?p=1939","url_meta":{"origin":1899,"position":0},"title":"18 ayl\u0131k \u00e7ocu\u011fun katili ka\u00e7arken \u00f6ld\u00fc","author":"Haberci","date":"19 Kas\u0131m 2009","format":false,"excerpt":"Bulgaristan'\u0131n Yambol kentinde bunal\u0131ma girdi\u011fi belirtilen bir ki\u015fi, bir \u00e7ocu\u011fu \u00f6ld\u00fcr\u00fcp 2 ki\u015fiyi yaralad\u0131ktan sonra polisten ka\u00e7arken yapt\u0131\u011f\u0131 trafik kazas\u0131nda \u00f6ld\u00fc.\u0130\u00e7i\u015fleri Bakanl\u0131\u011f\u0131ndan edinilen bilgiye g\u00f6re, Ten\u00f6 Penkov (53) adl\u0131 ki\u015fi, oturdu\u011fu apartman\u0131n \u00f6n\u00fcnde, kom\u015fusu olan ve annesi ile birlikte sokakta y\u00fcr\u00fcyen 18 ayl\u0131k k\u0131z \u00e7ocu\u011funa ate\u015f etti. \u00c7ocuk g\u00f6\u011fs\u00fcne isabet\u2026","rel":"","context":"&quot;Haberler&quot; i\u00e7inde","block_context":{"text":"Haberler","link":"https:\/\/www.gocmeniz.biz\/?cat=5"},"img":{"alt_text":"","src":"","width":0,"height":0},"classes":[]},{"id":1157,"url":"https:\/\/www.gocmeniz.biz\/?p=1157","url_meta":{"origin":1899,"position":1},"title":"BULGAR\u0130STAN DO\u011eUMLU YA\u015eLI ADAM KEND\u0130N\u0130 ASARAK \u0130NT\u0130HAR ETT\u0130","author":"Haberci","date":"04 May\u0131s 2009","format":false,"excerpt":"Bursa'da bir \u015fah\u0131s, kendisini iple asarak intihar etti.Edinilen bilgiye g\u00f6re, Osmangazi il\u00e7esi Yeni Ba\u011flar Mahallesi'nde ikamet eden Bulgaristan do\u011fumlu Ahmet Mahmudov (79), kendini evinin merdiven bo\u015flu\u011funa iple asarak intihar etti.Olayla ilgili tahkikat ba\u015flat\u0131ld\u0131.(C\u0130HAN)","rel":"","context":"&quot;Haberler&quot; i\u00e7inde","block_context":{"text":"Haberler","link":"https:\/\/www.gocmeniz.biz\/?cat=5"},"img":{"alt_text":"","src":"","width":0,"height":0},"classes":[]},{"id":234,"url":"https:\/\/www.gocmeniz.biz\/?p=234","url_meta":{"origin":1899,"position":2},"title":"Halk Otob\u00fcs\u00fcnde Ya\u015fam Sava\u015f\u0131","author":"Admin","date":"07 Aral\u0131k 2007","format":false,"excerpt":"Ba\u011fc\u0131lar'da 82 ya\u015f\u0131ndaki Bulgar g\u00f6\u00e7meni bir nine, o\u011flu ve torunuyla birlikte terk edilmi\u015f halk otob\u00fcs\u00fcnde ya\u015fam m\u00fccadelesi veriyor. Y\u0131llar \u00f6nce yeni bir hayata ba\u015flamak d\u00fc\u015f\u00fcncesiyle Bulgaristan'dan T\u00fcrkiye'ye g\u00f6\u00e7 eden \u00c7al\u0131\u015fkan ailesi, maddi imkans\u0131zl\u0131klar nedeniyle daha \u00f6nce kirada oturduklar\u0131 evden \u00e7\u0131kmak zorunda kal\u0131nca Yavuz Selim Mahallesi'nde mahkemelik oldu\u011fu i\u00e7in yol kenar\u0131na\u2026","rel":"","context":"&quot;Haberler&quot; i\u00e7inde","block_context":{"text":"Haberler","link":"https:\/\/www.gocmeniz.biz\/?cat=5"},"img":{"alt_text":"","src":"","width":0,"height":0},"classes":[]},{"id":1521,"url":"https:\/\/www.gocmeniz.biz\/?p=1521","url_meta":{"origin":1899,"position":3},"title":"Bulgaristan&#8217;da kaza yapan gurbet\u00e7i cenazeleri yurda getirildi","author":"Haberci","date":"08 Temmuz 2009","format":false,"excerpt":"A.A.\u00a0\u00a0\u00a0 Bulgaristan'\u0131n L\u00fcbimets ile Svilengrad kasabas\u0131 aras\u0131nda 4 Temmuz g\u00fcn\u00fc ge\u00e7irdikleri trafik kazas\u0131nda hayat\u0131n\u0131 kaybeden 1'i \u00e7ocuk 7 gurbet\u00e7inin cenazeleri, topra\u011fa verilmek \u00fczere Kap\u0131kule S\u0131n\u0131r Kap\u0131s\u0131'ndan yurda getirildi. Kazada ya\u015famlar\u0131n\u0131 yitiren Memi\u015f (49) ve e\u015fi Kezban (45), \u00e7ocuklar\u0131 Murat (18), U\u011furcan (11), \u00d6zlem (22) ve Abd\u00fclsamet B\u00fcy\u00fckk\u0131l\u0131\u00e7o\u011flu (19) ile Hollanda'da\u2026","rel":"","context":"&quot;Haberler&quot; i\u00e7inde","block_context":{"text":"Haberler","link":"https:\/\/www.gocmeniz.biz\/?cat=5"},"img":{"alt_text":"","src":"","width":0,"height":0},"classes":[]},{"id":1684,"url":"https:\/\/www.gocmeniz.biz\/?p=1684","url_meta":{"origin":1899,"position":4},"title":"Tarihi komedi","author":"Haberci","date":"11 A\u011fustos 2009","format":false,"excerpt":"Bulgar profes\u00f6r, kaz\u0131larda buldu\u011fu ta\u015ftaki yaz\u0131n\u0131n 15 y\u00fczy\u0131ll\u0131k oldu\u011funu s\u00f6yledi. Ama ta\u015ftaki yaz\u0131, T\u00fcrk \u00e7oban Niyazi Kaz\u0131m`\u0131n, kendi kaz\u0131d\u0131\u011f\u0131 ad\u0131ndan ba\u015fka bir \u015fey de\u011fildi. Antik d\u00f6nem yaz\u0131s\u0131 T\u00fcrk \u00e7oban\u0131n \u00e7\u0131kt\u0131 Antik \u015fehirdeki ta\u015flar\u0131n \u00fczerine ad\u0131n\u0131 kaz\u0131yan T\u00fcrk \u00e7oban neredeyse Bulgaristan`da tarihe ge\u00e7ecekti! Filmleri aratmayan ilgin\u00e7 olay, Bulgar profes\u00f6r Nikolay Ov\u00e7arov`un,\u2026","rel":"","context":"&quot;Haberler&quot; i\u00e7inde","block_context":{"text":"Haberler","link":"https:\/\/www.gocmeniz.biz\/?cat=5"},"img":{"alt_text":"","src":"","width":0,"height":0},"classes":[]},{"id":383,"url":"https:\/\/www.gocmeniz.biz\/?p=383","url_meta":{"origin":1899,"position":5},"title":"Kar\u0131m\u0131 Diskoda G\u00f6rd\u00fcm, Vurdum","author":"Haberci","date":"14 May\u0131s 2008","format":false,"excerpt":"TEK\u0130RDA\u011e Marmara Ere\u011flisi\u2019nde ge\u00e7en y\u0131l Bulgaristan uyruklu e\u015fi Ayfer Ramieva Yuse\u0131nova\u2019y\u0131 (32) bir diskoda e\u011flenirken g\u00f6r\u00fcp k\u0131skan\u00e7l\u0131k krizine girerek sokak ortas\u0131nda silahla vurarak \u00f6ld\u00fcren \u0130brahim Bilkaya (35), \u00c7orlu A\u011f\u0131r Ceza Mahkemesi\u2019nde karar duru\u015fmas\u0131na \u00e7\u0131kt\u0131.Ba\u015fka erkekle g\u00f6rd\u00fcmBilkaya son savunmas\u0131nda, \"\u00c7ok g\u00fczel bir e\u015fim vard\u0131. Ancak son zamanlarda aram\u0131zda tart\u0131\u015fmalar ya\u015fanmaya ba\u015flad\u0131.\u2026","rel":"","context":"Benzer yaz\u0131","block_context":{"text":"Benzer yaz\u0131","link":""},"img":{"alt_text":"","src":"","width":0,"height":0},"classes":[]}],"jetpack_sharing_enabled":true,"jetpack_likes_enabled":true,"_links":{"self":[{"href":"https:\/\/www.gocmeniz.biz\/index.php?rest_route=\/wp\/v2\/posts\/1899","targetHints":{"allow":["GET"]}}],"collection":[{"href":"https:\/\/www.gocmeniz.biz\/index.php?rest_route=\/wp\/v2\/posts"}],"about":[{"href":"https:\/\/www.gocmeniz.biz\/index.php?rest_route=\/wp\/v2\/types\/post"}],"author":[{"embeddable":true,"href":"https:\/\/www.gocmeniz.biz\/index.php?rest_route=\/wp\/v2\/users\/331"}],"replies":[{"embeddable":true,"href":"https:\/\/www.gocmeniz.biz\/index.php?rest_route=%2Fwp%2Fv2%2Fcomments&post=1899"}],"version-history":[{"count":1,"href":"https:\/\/www.gocmeniz.biz\/index.php?rest_route=\/wp\/v2\/posts\/1899\/revisions"}],"predecessor-version":[{"id":8975,"href":"https:\/\/www.gocmeniz.biz\/index.php?rest_route=\/wp\/v2\/posts\/1899\/revisions\/8975"}],"wp:attachment":[{"href":"https:\/\/www.gocmeniz.biz\/index.php?rest_route=%2Fwp%2Fv2%2Fmedia&parent=1899"}],"wp:term":[{"taxonomy":"category","embeddable":true,"href":"https:\/\/www.gocmeniz.biz\/index.php?rest_route=%2Fwp%2Fv2%2Fcategories&post=1899"},{"taxonomy":"post_tag","embeddable":true,"href":"https:\/\/www.gocmeniz.biz\/index.php?rest_route=%2Fwp%2Fv2%2Ftags&post=1899"}],"curies":[{"name":"wp","href":"https:\/\/api.w.org\/{rel}","templated":true}]}}