{"id":1905,"date":"2009-11-11T18:00:15","date_gmt":"2009-11-11T15:00:15","guid":{"rendered":"http:\/\/www.gocmeniz.biz\/?p=1905"},"modified":"2026-04-03T12:25:37","modified_gmt":"2026-04-03T09:25:37","slug":"bulgaristanda-cumhurbaskanini-gorevden-alma-girisimi","status":"publish","type":"post","link":"https:\/\/www.gocmeniz.biz\/?p=1905","title":{"rendered":"Bulgaristan&#8217;da cumhurba\u015fkan\u0131n\u0131 g\u00f6revden alma giri\u015fimi"},"content":{"rendered":"<p><img data-recalc-dims=\"1\"  title=\"\"  alt=\"9227498 Bulgaristan&#039;da cumhurba\u015fkan\u0131n\u0131 g\u00f6revden alma giri\u015fimi\" decoding=\"async\" style=\"max-width: 800px; float: left; margin-top: 10px; margin-bottom: 10px; margin-right: 10px;\" src=\"https:\/\/i0.wp.com\/www.hurriyet.com.tr\/_np\/7498\/9227498.jpg?w=640\" \/><i>A.A.<\/i><br \/>\n<b>Bulgaristan&#8217;da Cumhurba\u015fkan\u0131 Georgi P\u0131rvanov ile Ba\u015fbakan Boyko Borisov aras\u0131ndaki g\u00f6r\u00fc\u015f ayr\u0131l\u0131\u011f\u0131n\u0131n yol a\u00e7t\u0131\u011f\u0131 gerginlik, az\u0131nl\u0131k h\u00fck\u00fcmetine parlamentoda destek veren sa\u011f partilerin, cumhurba\u015fkan\u0131n\u0131n g\u00f6revden al\u0131nmas\u0131 y\u00f6n\u00fcnde giri\u015fimde bulunmas\u0131 \u00fczerine siyasi krize d\u00f6n\u00fc\u015ft\u00fc.<\/b><\/p>\n<p>Borisov&#8217;un kurdu\u011fu az\u0131nl\u0131k h\u00fck\u00fcmetine d\u0131\u015far\u0131dan destek veren \u0131rk\u00e7\u0131 ve a\u015f\u0131r\u0131 milliyet\u00e7i ATAKA ve eski ba\u015fbakanlardan \u0130van Kostov&#8217;un lideri oldu\u011fu &#8220;G\u00fc\u00e7l\u00fc Bulgaristan i\u00e7in Demokratlar&#8221; (DSB) partileri ile iktidardaki GERB partisi, Cumhurba\u015fkan\u0131 Georgi P\u0131rvanov&#8217;un g\u00f6revinden al\u0131nmas\u0131 i\u00e7in ortak teklif haz\u0131rl\u0131yor. <\/p>\n<p>Teklifin gerek\u00e7elerinin belirlenmesi i\u00e7in \u00fc\u00e7 parti aras\u0131nda g\u00f6r\u00fc\u015fmeler s\u00fcrerken, Ba\u015fbakan Boyko Borisov bug\u00fcn yapt\u0131\u011f\u0131 a\u00e7\u0131klamada, cumhurba\u015fkan\u0131n\u0131n g\u00f6revden al\u0131nmas\u0131n\u0131n &#8220;mant\u0131kl\u0131&#8221; olaca\u011f\u0131n\u0131 s\u00f6yledi. Borisov, &#8220;Teklifi destekleyece\u011fiz. H\u00fck\u00fcmetimizi destekleyen partiler, bizim i\u00e7in bu cumhurba\u015fkan\u0131ndan daha de\u011ferlidir&#8221; diye konu\u015ftu.<br \/>\nCumhurba\u015fkan\u0131 Georgi P\u0131rvanov ile Ba\u015fbakan Boyko Borisov aras\u0131ndaki gerginlik, h\u00fck\u00fcmetin, 5 Temmuzda yap\u0131lan genel se\u00e7imlerde sorumlu olduklar\u0131 \u00fclkelerde &#8220;oy kullanma ve sonras\u0131ndaki i\u015flemler s\u0131ras\u0131nda usuls\u00fczl\u00fck yap\u0131lmas\u0131na g\u00f6z yumduklar\u0131&#8221; gerek\u00e7esiyle Ankara ve Washington b\u00fcy\u00fckel\u00e7ilerini g\u00f6revden almak istemesiyle ba\u015flad\u0131. Bakanlar kurulunun iki b\u00fcy\u00fckel\u00e7inin g\u00f6revden al\u0131nmas\u0131 i\u00e7in haz\u0131rlad\u0131\u011f\u0131 kararname, P\u0131rvanov taraf\u0131ndan &#8220;kesin kan\u0131t bulunmad\u0131\u011f\u0131&#8221; gerek\u00e7esiyle veto edildi.<!--more--><\/p>\n<p>P\u0131rvanov&#8217;un, ba\u015fbakanl\u0131k yapt\u0131\u011f\u0131 d\u00f6nemde baz\u0131 istihbarat raporlar\u0131n\u0131 kaybetti\u011fi su\u00e7lamas\u0131yla dokunulmazl\u0131\u011f\u0131 kald\u0131r\u0131lan eski Ba\u015fbakan Sergey Stani\u015fev&#8217;e destek vererek bu konuda h\u00fck\u00fcmeti ele\u015ftirmesi \u00fczerine de gerginlik iyice t\u0131rmand\u0131.<\/p>\n<p>Ba\u015fbakan Borisov, cumhurba\u015fkan\u0131n\u0131 &#8220;yarg\u0131ya m\u00fcdahale etmek&#8221; ve &#8220;eski h\u00fck\u00fcmetin yolsuzluklar\u0131n\u0131 kapatmaya \u00e7al\u0131\u015fmakla&#8221; su\u00e7lad\u0131.<\/p>\n<p>Bu tart\u0131\u015fmalar\u0131n ard\u0131ndan, P\u0131rvanov&#8217;un g\u00f6revden al\u0131nmas\u0131 i\u00e7in giri\u015fimler ba\u015flad\u0131. Bulgaristan anayasas\u0131na g\u00f6re cumhurba\u015fkan\u0131n\u0131n g\u00f6revden al\u0131nabilmesi i\u00e7in teklifin 240 sandalyeli parlamentoda en az 160 oyla kabul edilmesi ve anayasa mahkemesinin teklifin gerek\u00e7elerini anayasaya uygun bulup onaylamas\u0131 gerekiyor.<\/p>\n<p>Az\u0131nl\u0131k h\u00fck\u00fcmetini destekleyen partilerin toplam 162 sandalyeye sahip olmalar\u0131ndan dolay\u0131, P\u0131rvanov&#8217;un g\u00f6revden al\u0131nmas\u0131 i\u00e7in haz\u0131rlanacak teklifin parlamentoda kabul edilmesi bekleniyor.<\/p>\n<div class=\"zemanta-pixie\"><img data-recalc-dims=\"1\"  title=\"\" decoding=\"async\" class=\"zemanta-pixie-img\"  alt=\"pixy Bulgaristan&#039;da cumhurba\u015fkan\u0131n\u0131 g\u00f6revden alma giri\u015fimi\"  src=\"https:\/\/i0.wp.com\/img.zemanta.com\/pixy.gif?w=640\" \/><\/div>\n","protected":false},"excerpt":{"rendered":"<p>A.A. Bulgaristan&#8217;da Cumhurba\u015fkan\u0131 Georgi P\u0131rvanov ile Ba\u015fbakan Boyko Borisov aras\u0131ndaki g\u00f6r\u00fc\u015f ayr\u0131l\u0131\u011f\u0131n\u0131n yol a\u00e7t\u0131\u011f\u0131 gerginlik, az\u0131nl\u0131k h\u00fck\u00fcmetine parlamentoda destek veren sa\u011f partilerin, cumhurba\u015fkan\u0131n\u0131n g\u00f6revden al\u0131nmas\u0131 y\u00f6n\u00fcnde giri\u015fimde bulunmas\u0131 \u00fczerine siyasi krize d\u00f6n\u00fc\u015ft\u00fc. Borisov&#8217;un kurdu\u011fu az\u0131nl\u0131k h\u00fck\u00fcmetine d\u0131\u015far\u0131dan destek veren \u0131rk\u00e7\u0131 ve a\u015f\u0131r\u0131 milliyet\u00e7i ATAKA ve eski ba\u015fbakanlardan \u0130van Kostov&#8217;un lideri oldu\u011fu &#8220;G\u00fc\u00e7l\u00fc Bulgaristan i\u00e7in Demokratlar&#8221; [&hellip;]<\/p>\n","protected":false},"author":331,"featured_media":0,"comment_status":"open","ping_status":"open","sticky":false,"template":"","format":"standard","meta":{"advanced_seo_description":"","jetpack_seo_html_title":"","jetpack_seo_noindex":false,"ngg_post_thumbnail":0,"jetpack_post_was_ever_published":false,"_jetpack_newsletter_access":"","_jetpack_dont_email_post_to_subs":false,"_jetpack_newsletter_tier_id":0,"_jetpack_memberships_contains_paywalled_content":false,"_jetpack_memberships_contains_paid_content":false,"footnotes":""},"categories":[5],"tags":[],"class_list":["post-1905","post","type-post","status-publish","format-standard","hentry","category-haberler"],"jetpack_featured_media_url":"","jetpack_shortlink":"https:\/\/wp.me\/paHHlZ-uJ","jetpack-related-posts":[{"id":1981,"url":"https:\/\/www.gocmeniz.biz\/?p=1981","url_meta":{"origin":1905,"position":0},"title":"\u2018T\u00fcrk\u00e7e haberlerde tuza\u011fa d\u00fc\u015f\u00fcr\u00fcld\u00fcm\u2019","author":"Haberci","date":"21 Aral\u0131k 2009","format":false,"excerpt":"Irk\u00e7\u0131 partinin ATAKA\u2019n\u0131n referandum \u00f6nerisine destek veren Ba\u015fbakan geri ad\u0131m att\u0131Merkez sa\u011fc\u0131 Ba\u015fbakan Borisov, \u201cReferandum az\u0131nl\u0131k haklar\u0131na ayk\u0131r\u0131 olur\u201d dedi.Bulgaristan\u2019da \u0131rk\u00e7\u0131 parti ATAKA\u2019n\u0131n \u201cDevlet televizyonundaki T\u00fcrk\u00e7e haberlerin kald\u0131r\u0131lmas\u0131 i\u00e7in referandum yap\u0131ls\u0131n\u201d \u00f6nerisine destek veren Ba\u015fbakan Borisov geri ad\u0131m att\u0131. Borisov \u201cKarar\u0131m yanl\u0131\u015ft\u0131. Tuza\u011fa d\u00fc\u015ft\u00fcm\u201d dedi.BULGAR\u0130STAN\u2019DA \u0131rk\u00e7\u0131 ve a\u015f\u0131r\u0131 milliyet\u00e7i ATAKA\u2026","rel":"","context":"&quot;Haberler&quot; i\u00e7inde","block_context":{"text":"Haberler","link":"https:\/\/www.gocmeniz.biz\/?cat=5"},"img":{"alt_text":"","src":"","width":0,"height":0},"classes":[]},{"id":1914,"url":"https:\/\/www.gocmeniz.biz\/?p=1914","url_meta":{"origin":1905,"position":1},"title":"Bulgaristan&#8217;\u0131n Ankara b\u00fcy\u00fckel\u00e7isi istifa etti","author":"Haberci","date":"13 Kas\u0131m 2009","format":false,"excerpt":"A.A.\u00a0\u00a0\u00a0 Bulgaristan'\u0131n Ankara B\u00fcy\u00fckel\u00e7isi Branimir Mladenov g\u00f6revinden istifa etti.D\u0131\u015fi\u015fleri Bakanl\u0131\u011f\u0131 S\u00f6zc\u00fcs\u00fc Dragovest Goranov, A.A muhabirine yapt\u0131\u011f\u0131 a\u00e7\u0131klamada, Mladenov'un istifa dilek\u00e7esini verdi\u011fini ve Bulgaristan'a geri d\u00f6nece\u011fini bildirdi.Goranov, Ankara'ya g\u00f6nderilecek yeni b\u00fcy\u00fckel\u00e7inin en k\u0131sa s\u00fcrede belirlenece\u011fini de s\u00f6yledi.Branimir Mladenov, Bulgaristan'\u0131n Washington B\u00fcy\u00fckel\u00e7isi L\u0131\u00e7ezar Petkov ile birlikte, Bulgaristan'da 5 Temmuzda yap\u0131lan parlamento se\u00e7iminde\u2026","rel":"","context":"&quot;Haberler&quot; i\u00e7inde","block_context":{"text":"Haberler","link":"https:\/\/www.gocmeniz.biz\/?cat=5"},"img":{"alt_text":"","src":"","width":0,"height":0},"classes":[]},{"id":1599,"url":"https:\/\/www.gocmeniz.biz\/?p=1599","url_meta":{"origin":1905,"position":2},"title":"Bulgaristan&#8217;da Borisov d\u00f6nemi ba\u015flad\u0131","author":"Haberci","date":"28 Temmuz 2009","format":false,"excerpt":"Bulgaristan'da 7 Temmuzda yap\u0131lan parlamento se\u00e7imini kazanan GERB (arma) partisinin fahri ba\u015fkan\u0131, Sofya Belediye Ba\u015fkan\u0131 Boyko Borisov'un (50) kurdu\u011fu 16 bakandan olu\u015fan yeni Bulgaristan h\u00fck\u00fcmeti parlamentoda g\u00fcvenoyu ald\u0131. Borisov'un kurdu\u011fu az\u0131nl\u0131k h\u00fck\u00fcmeti i\u00e7in yap\u0131lan g\u00fcven oylamas\u0131na 240 milletvekili kat\u0131ld\u0131. H\u00fck\u00fcmet 77'ye kar\u015f\u0131 162 milletvekilinin deste\u011fiyle g\u00fcvenoyu al\u0131rken, bir milletvekili \u00e7ekimser\u2026","rel":"","context":"&quot;Haberler&quot; i\u00e7inde","block_context":{"text":"Haberler","link":"https:\/\/www.gocmeniz.biz\/?cat=5"},"img":{"alt_text":"","src":"","width":0,"height":0},"classes":[]},{"id":2518,"url":"https:\/\/www.gocmeniz.biz\/?p=2518","url_meta":{"origin":1905,"position":3},"title":"Bulgaristan&#8217;da Cumhurba\u015fkan\u0131 ile Ba\u015fbakan Aras\u0131ndaki Gerilim","author":"Haberci","date":"28 Ocak 2019","format":false,"excerpt":"Bulgaristan\u00a0Cumhurba\u015fkan\u0131\u00a0Rumen Radev, Ba\u015fbakan Boyko Borisov h\u00fck\u00fcmetini ele\u015ftirerek, \"H\u00fck\u00fcmetle i\u015f birli\u011fi yapmayaca\u011f\u0131m. \u00dclkenin siyasi ortam ve y\u00f6netiminde k\u00f6kl\u00fc de\u011fi\u015fiklik \u015fart.\" dedi. Cumhurba\u015fkan\u0131 Radev, d\u00fczenledi\u011fi bas\u0131n toplant\u0131s\u0131nda, Borisov h\u00fck\u00fcmetini ele\u015ftirdi. \u0130ki y\u0131ll\u0131k g\u00f6revi boyunca \"yasall\u0131k, adalet ve ba\u011f\u0131ms\u0131zl\u0131k\" ilkelerinden vazge\u00e7medi\u011fini belirten Radev, \"H\u00fck\u00fcmetle art\u0131k i\u015f birli\u011fi yapmayaca\u011f\u0131m. \u00dclkenin siyasi ortam ve y\u00f6netiminde\u2026","rel":"","context":"&quot;Haberler&quot; i\u00e7inde","block_context":{"text":"Haberler","link":"https:\/\/www.gocmeniz.biz\/?cat=5"},"img":{"alt_text":"","src":"https:\/\/i0.wp.com\/www.gocmeniz.biz\/wp-content\/rumenradevboykob.jpeg?fit=991%2C656&ssl=1&resize=350%2C200","width":350,"height":200,"srcset":"https:\/\/i0.wp.com\/www.gocmeniz.biz\/wp-content\/rumenradevboykob.jpeg?fit=991%2C656&ssl=1&resize=350%2C200 1x, https:\/\/i0.wp.com\/www.gocmeniz.biz\/wp-content\/rumenradevboykob.jpeg?fit=991%2C656&ssl=1&resize=525%2C300 1.5x, https:\/\/i0.wp.com\/www.gocmeniz.biz\/wp-content\/rumenradevboykob.jpeg?fit=991%2C656&ssl=1&resize=700%2C400 2x"},"classes":[]},{"id":2017,"url":"https:\/\/www.gocmeniz.biz\/?p=2017","url_meta":{"origin":1905,"position":4},"title":"Bulgar Ba\u015fbakan&#8217;dan tazminat\u00e7\u0131 bakana f\u0131r\u00e7a","author":"Haberci","date":"07 Ocak 2010","format":false,"excerpt":"Bulgaristan'da, Devlet Bakan\u0131 Bojidar Dimitrov'un, \u201c1913 y\u0131l\u0131ndan sonra T\u00fcrkiye'den g\u00f6\u00e7 eden Bulgarlar\u0131n T\u00fcrkiye'de b\u0131rakmak zorunda kald\u0131klar\u0131 mal ve m\u00fclkleri i\u00e7in en az 10 milyar dolar tazminat istenece\u011fi\u201d y\u00f6n\u00fcndeki a\u00e7\u0131klamalar\u0131 h\u00fck\u00fcmet i\u00e7inde siyasi krize neden oldu. Ne h\u00fck\u00fcmetin ne de parlamentonun b\u00f6yle bir giri\u015fimi oldu\u011funu s\u00f6yleyen Ba\u015fbakan Boyko Borisov, Dimitrov\u2019u sert\u2026","rel":"","context":"&quot;Haberler&quot; i\u00e7inde","block_context":{"text":"Haberler","link":"https:\/\/www.gocmeniz.biz\/?cat=5"},"img":{"alt_text":"","src":"","width":0,"height":0},"classes":[]},{"id":571,"url":"https:\/\/www.gocmeniz.biz\/?p=571","url_meta":{"origin":1905,"position":5},"title":"BULGAR\u0130STAN&#8217;DA AS\u0130M\u0130LASYON TARTI\u015eMASI YEN\u0130DEN ALEVLEND\u0130","author":"Haberci","date":"01 Kas\u0131m 2008","format":false,"excerpt":"Bulgaristan'da T\u00fcrk ve M\u00fcsl\u00fcmanlara uygulanan ve 1989 y\u0131l\u0131nda y\u0131k\u0131lan totaliter rejimle sona eren asimilasyon kampanyas\u0131yla ilgili tart\u0131\u015fmalar yeniden alevlendi. Kamuoyu ara\u015ft\u0131rmalar\u0131na g\u00f6re en b\u00fcy\u00fck siyasi parti GERB'in lideri Sofya Belediye Ba\u015fkan\u0131 Boyko Borisov, \u00f6zel BTV televizyonunda, \u00fcyelerin \u00e7o\u011funlu\u011funu T\u00fcrklerin olu\u015fturdu\u011fu Hak ve \u00d6zg\u00fcrl\u00fckler Hareketine (DPS-H\u00d6H) cephe alarak sert s\u00f6zler sarf\u2026","rel":"","context":"&quot;Haberler&quot; i\u00e7inde","block_context":{"text":"Haberler","link":"https:\/\/www.gocmeniz.biz\/?cat=5"},"img":{"alt_text":"","src":"","width":0,"height":0},"classes":[]}],"jetpack_sharing_enabled":true,"jetpack_likes_enabled":true,"_links":{"self":[{"href":"https:\/\/www.gocmeniz.biz\/index.php?rest_route=\/wp\/v2\/posts\/1905","targetHints":{"allow":["GET"]}}],"collection":[{"href":"https:\/\/www.gocmeniz.biz\/index.php?rest_route=\/wp\/v2\/posts"}],"about":[{"href":"https:\/\/www.gocmeniz.biz\/index.php?rest_route=\/wp\/v2\/types\/post"}],"author":[{"embeddable":true,"href":"https:\/\/www.gocmeniz.biz\/index.php?rest_route=\/wp\/v2\/users\/331"}],"replies":[{"embeddable":true,"href":"https:\/\/www.gocmeniz.biz\/index.php?rest_route=%2Fwp%2Fv2%2Fcomments&post=1905"}],"version-history":[{"count":1,"href":"https:\/\/www.gocmeniz.biz\/index.php?rest_route=\/wp\/v2\/posts\/1905\/revisions"}],"predecessor-version":[{"id":8973,"href":"https:\/\/www.gocmeniz.biz\/index.php?rest_route=\/wp\/v2\/posts\/1905\/revisions\/8973"}],"wp:attachment":[{"href":"https:\/\/www.gocmeniz.biz\/index.php?rest_route=%2Fwp%2Fv2%2Fmedia&parent=1905"}],"wp:term":[{"taxonomy":"category","embeddable":true,"href":"https:\/\/www.gocmeniz.biz\/index.php?rest_route=%2Fwp%2Fv2%2Fcategories&post=1905"},{"taxonomy":"post_tag","embeddable":true,"href":"https:\/\/www.gocmeniz.biz\/index.php?rest_route=%2Fwp%2Fv2%2Ftags&post=1905"}],"curies":[{"name":"wp","href":"https:\/\/api.w.org\/{rel}","templated":true}]}}