{"id":1907,"date":"2009-11-12T14:58:12","date_gmt":"2009-11-12T12:58:12","guid":{"rendered":"http:\/\/www.gocmeniz.biz\/?p=1907"},"modified":"2026-04-03T12:17:07","modified_gmt":"2026-04-03T09:17:07","slug":"bulgaristan-milli-takimi-ile-shaktar-donetsk-antalyaya-gelecek","status":"publish","type":"post","link":"https:\/\/www.gocmeniz.biz\/?p=1907","title":{"rendered":"Bulgaristan Milli tak\u0131m\u0131 ile Shaktar Donetsk Antalya`ya gelecek"},"content":{"rendered":"<p>Bulgaristan Milli tak\u0131m\u0131 ile Ukrayna`n\u0131n Shaktar Donetsk tak\u0131m\u0131 \u00f6zel ma\u00e7 yapmak i\u00e7in Antalya`ya gelecek.<\/p>\n<p>Regna Sports Travel Genel M\u00fcd\u00fcr\u00fc Emre Almak, AA muhabirine yapt\u0131\u011f\u0131 a\u00e7\u0131klamada, kendileri taraf\u0131ndan organize edilen haz\u0131rl\u0131k ma\u00e7lar\u0131 kapsam\u0131nda, Bulgaristan A Milli Tak\u0131m\u0131 ile UEFA Kupas\u0131`n\u0131n son \u015fampiyonu Mircea Lucescu`nun \u00e7al\u0131\u015ft\u0131rd\u0131\u011f\u0131 Ukrayna`n\u0131n Shaktar Donetsk tak\u0131m\u0131n\u0131n 13 Kas\u0131m Cuma ak\u015fam\u0131 saat 19.00`da Atat\u00fcrk Stadyumu`nda \u00f6zel bir ma\u00e7 yapaca\u011f\u0131n\u0131 belirtti.<\/p>\n<p>Bulgaristan A Milli Tak\u0131m\u0131`n\u0131n ma\u00e7\u0131n ard\u0131ndan Bulgaristan`a d\u00f6nece\u011fini ifade eden Almak, Shaktar Donetsk tak\u0131m\u0131n\u0131n ise 15 Kas\u0131m Pazar g\u00fcn\u00fc Antalyaspor ile Atat\u00fcrk Stadyumu`nda saat 16.00`da \u00f6zel ma\u00e7 yapt\u0131ktan sonra \u00fclkesine geri d\u00f6nece\u011fini kaydetti.<\/p>\n<div class=\"zemanta-pixie\"><img data-recalc-dims=\"1\"  title=\"\" decoding=\"async\" class=\"zemanta-pixie-img\"  alt=\"pixy Bulgaristan Milli tak\u0131m\u0131 ile Shaktar Donetsk Antalya`ya gelecek\"  src=\"https:\/\/i0.wp.com\/img.zemanta.com\/pixy.gif?w=640\" \/><\/div>\n","protected":false},"excerpt":{"rendered":"<p>Bulgaristan Milli tak\u0131m\u0131 ile Ukrayna`n\u0131n Shaktar Donetsk tak\u0131m\u0131 \u00f6zel ma\u00e7 yapmak i\u00e7in Antalya`ya gelecek. Regna Sports Travel Genel M\u00fcd\u00fcr\u00fc Emre Almak, AA muhabirine yapt\u0131\u011f\u0131 a\u00e7\u0131klamada, kendileri taraf\u0131ndan organize edilen haz\u0131rl\u0131k ma\u00e7lar\u0131 kapsam\u0131nda, Bulgaristan A Milli Tak\u0131m\u0131 ile UEFA Kupas\u0131`n\u0131n son \u015fampiyonu Mircea Lucescu`nun \u00e7al\u0131\u015ft\u0131rd\u0131\u011f\u0131 Ukrayna`n\u0131n Shaktar Donetsk tak\u0131m\u0131n\u0131n 13 Kas\u0131m Cuma ak\u015fam\u0131 saat 19.00`da Atat\u00fcrk [&hellip;]<\/p>\n","protected":false},"author":331,"featured_media":0,"comment_status":"open","ping_status":"open","sticky":false,"template":"","format":"standard","meta":{"advanced_seo_description":"","jetpack_seo_html_title":"","jetpack_seo_noindex":false,"ngg_post_thumbnail":0,"jetpack_post_was_ever_published":false,"_jetpack_newsletter_access":"","_jetpack_dont_email_post_to_subs":false,"_jetpack_newsletter_tier_id":0,"_jetpack_memberships_contains_paywalled_content":false,"_jetpack_memberships_contains_paid_content":false,"footnotes":""},"categories":[5],"tags":[],"class_list":["post-1907","post","type-post","status-publish","format-standard","hentry","category-haberler"],"jetpack_featured_media_url":"","jetpack_shortlink":"https:\/\/wp.me\/paHHlZ-uL","jetpack-related-posts":[{"id":1550,"url":"https:\/\/www.gocmeniz.biz\/?p=1550","url_meta":{"origin":1907,"position":0},"title":"Yankov Be\u015fikta\u015f`ta!","author":"Haberci","date":"16 Temmuz 2009","format":false,"excerpt":"Bulgaristan Milli Tak\u0131m\u0131 ve Be\u015fikta\u015f`\u0131n eski oyuncusu Zlatko Yankov, tatil i\u00e7in geldi\u011fi T\u00fcrkiye`de 1991 do\u011fumlu o\u011flunu Be\u015fikta\u015f altyap\u0131s\u0131n\u0131n \u00e7al\u0131\u015fmalar\u0131na g\u00f6t\u00fcrd\u00fc. Zlatko Yankov, Bulgaristan`\u0131n \u00f6nde gelen tak\u0131mlar\u0131ndan Levski Sofya`n\u0131n altyap\u0131s\u0131nda forma giyen o\u011flunun farkl\u0131 bir tak\u0131m ortam\u0131na uyum sa\u011flayabilmesi ve e\u011fitimleri izleyerek farkl\u0131 bir tecr\u00fcbe kazanmas\u0131 i\u00e7in Be\u015fikta\u015f`\u0131 tercih etti. Be\u015fikta\u015f\u2026","rel":"","context":"&quot;Haberler&quot; i\u00e7inde","block_context":{"text":"Haberler","link":"https:\/\/www.gocmeniz.biz\/?cat=5"},"img":{"alt_text":"","src":"","width":0,"height":0},"classes":[]},{"id":1779,"url":"https:\/\/www.gocmeniz.biz\/?p=1779","url_meta":{"origin":1907,"position":1},"title":"Bulgaristan&#8217;la 54. randevu","author":"Haberci","date":"07 Eyl\u00fcl 2009","format":false,"excerpt":"T\u00fcrkiye, 36. Avrupa Erkekler Basketbol \u015eampiyonas\u0131 Finalleri'nde (D) Grubu'nda ikinci ma\u00e7\u0131nda yar\u0131n Bulgaristan ile kar\u015f\u0131la\u015facak (A) Milli Tak\u0131m\u0131, rakibiyle 54. kez kar\u015f\u0131 kar\u015f\u0131ya gelecek.T\u00fcrkiye, bug\u00fcne dek Bulgaristan ile yapt\u0131\u011f\u0131 53 ma\u00e7\u0131n 21'ini kazand\u0131, 32 ma\u00e7ta salondan yenilgiyle ayr\u0131ld\u0131.Bulgaristan ile tarihinde ilk kez Paris'te yap\u0131lan Avrupa \u015eampiyonas\u0131 Finalleri'nde, 8 May\u0131s 1951'de\u2026","rel":"","context":"&quot;Haberler&quot; i\u00e7inde","block_context":{"text":"Haberler","link":"https:\/\/www.gocmeniz.biz\/?cat=5"},"img":{"alt_text":"","src":"","width":0,"height":0},"classes":[]},{"id":574,"url":"https:\/\/www.gocmeniz.biz\/?p=574","url_meta":{"origin":1907,"position":2},"title":"SHORT TRACK M\u0130LL\u0130 TAKIMI, 2011 \u0130\u00c7\u0130N BULGAR\u0130STAN&#8217;A G\u0130TT\u0130","author":"Haberci","date":"01 Kas\u0131m 2008","format":false,"excerpt":"T\u00fcrkiye Buz Federasyonu, 2011 \u00dcniversiad K\u0131\u015f Oyunlar\u0131 \u00e7al\u0131\u015fmalar\u0131 \u00e7er\u00e7evesinde Short track Milli Tak\u0131m\u0131'n\u0131 kamp \u00e7al\u0131\u015fmalar\u0131 i\u00e7in Bulgaristan'a g\u00f6nderdi. Buz Pateni Federasyonu, Erzurum'da yap\u0131lacak 2011 \u00dcniversiteler K\u0131\u015f Oyunlar\u0131 haz\u0131rl\u0131klar\u0131n\u0131 s\u00fcrd\u00fcr\u00fcyor. 2011 Erzurum \u00dcniversiteleraras\u0131 D\u00fcnya K\u0131\u015f Oyunlar\u0131 hazrl\u0131klar\u0131n\u0131 s\u00fcrd\u00fcren federasyon, Short Track Skating (s\u00fcrat pateni) konusunda y\u00fcr\u00fctt\u00fc\u011f\u00fc \u00e7al\u0131\u015fmalar\u0131 \u00e7er\u00e7evesinde 26 Eyl\u00fcl'de Ankara'da\u2026","rel":"","context":"&quot;Haberler&quot; i\u00e7inde","block_context":{"text":"Haberler","link":"https:\/\/www.gocmeniz.biz\/?cat=5"},"img":{"alt_text":"","src":"https:\/\/i0.wp.com\/resimler.haberler.com\/haber\/620\/short-track-milli-takimi-2011-icin-bulgaristan-a_o.jpg?resize=350%2C200","width":350,"height":200},"classes":[]},{"id":1937,"url":"https:\/\/www.gocmeniz.biz\/?p=1937","url_meta":{"origin":1907,"position":3},"title":"Ivankov milli tak\u0131m\u0131 b\u0131rakt\u0131","author":"Haberci","date":"19 Kas\u0131m 2009","format":false,"excerpt":"A.A. Bursaspor'un Bulgar kalecisi Dimitar Ivankov, milli tak\u0131m\u0131 b\u0131rakt\u0131\u011f\u0131n\u0131 a\u00e7\u0131klad\u0131.Ivankov, d\u00fcn Malta'ya 4-1 \u00fcst\u00fcnl\u00fckle biten dostluk ma\u00e7\u0131ndan sonra gazetecilere yapt\u0131\u011f\u0131 a\u00e7\u0131klamada, Bulgaristan Milli Tak\u0131m\u0131'n\u0131 b\u0131rakt\u0131\u011f\u0131n\u0131 duyurdu.34 ya\u015f\u0131ndaki futbolcu, \u201cMilli formay\u0131 b\u0131rakt\u0131m ve bu, benim son karar\u0131m\u201d dedi. Ivankov, 62 kez milli olmu\u015ftu.","rel":"","context":"&quot;Haberler&quot; i\u00e7inde","block_context":{"text":"Haberler","link":"https:\/\/www.gocmeniz.biz\/?cat=5"},"img":{"alt_text":"","src":"","width":0,"height":0},"classes":[]},{"id":1361,"url":"https:\/\/www.gocmeniz.biz\/?p=1361","url_meta":{"origin":1907,"position":4},"title":"T\u00fcrk binicileri Balkanlar\u0131 sallad\u0131","author":"Haberci","date":"12 Haziran 2009","format":false,"excerpt":"Romanya Piatraneamt kentinde ikincisi d\u00fczenlenen Balkan Tur`da Binicilik Milli Tak\u0131m\u0131 birinci oldu. \u00dclkan Delikan, Avni Atabek, Sevil Sabanc\u0131, Efe Siyahi, Filip Amram, Sencer Horasan, \u0130zzet Aboresi ve Ey\u00fcp Soyel`den olu\u015fan Binicilik Milli Tak\u0131m\u0131, Tak\u0131m Birincisi olmay\u0131 ba\u015fard\u0131. Balkan Tur`un 3. aya\u011f\u0131 12-14 Haziran`da Bulgaristan`da yap\u0131lacak.","rel":"","context":"&quot;Haberler&quot; i\u00e7inde","block_context":{"text":"Haberler","link":"https:\/\/www.gocmeniz.biz\/?cat=5"},"img":{"alt_text":"","src":"","width":0,"height":0},"classes":[]},{"id":2173,"url":"https:\/\/www.gocmeniz.biz\/?p=2173","url_meta":{"origin":1907,"position":5},"title":"T\u00fcrkiye:3 Bulgaristan:0","author":"Haberci","date":"22 Temmuz 2010","format":false,"excerpt":"\u00a0 Voleybolda, Y\u0131ld\u0131z K\u0131zlar Balkan \u015eampiyonas\u0131'n\u0131n ilk g\u00fcn\u00fcnde T\u00fcrkiye, Bulgaristan'\u0131 3-0 yendi. Y\u0131ld\u0131z Milli Tak\u0131m\u0131 ma\u00e7\u0131n setlerini, 25-11, 25-21 ve 25-21 kazand\u0131. Karada\u011f'daki \u015fampiyonan\u0131n ikinci g\u00fcn\u00fcnde T\u00fcrkiye, yar\u0131n TS\u0130 21.00'de Yunanistan ile kar\u015f\u0131la\u015facak. \u00a0","rel":"","context":"&quot;Haberler&quot; i\u00e7inde","block_context":{"text":"Haberler","link":"https:\/\/www.gocmeniz.biz\/?cat=5"},"img":{"alt_text":"","src":"","width":0,"height":0},"classes":[]}],"jetpack_sharing_enabled":true,"jetpack_likes_enabled":true,"_links":{"self":[{"href":"https:\/\/www.gocmeniz.biz\/index.php?rest_route=\/wp\/v2\/posts\/1907","targetHints":{"allow":["GET"]}}],"collection":[{"href":"https:\/\/www.gocmeniz.biz\/index.php?rest_route=\/wp\/v2\/posts"}],"about":[{"href":"https:\/\/www.gocmeniz.biz\/index.php?rest_route=\/wp\/v2\/types\/post"}],"author":[{"embeddable":true,"href":"https:\/\/www.gocmeniz.biz\/index.php?rest_route=\/wp\/v2\/users\/331"}],"replies":[{"embeddable":true,"href":"https:\/\/www.gocmeniz.biz\/index.php?rest_route=%2Fwp%2Fv2%2Fcomments&post=1907"}],"version-history":[{"count":1,"href":"https:\/\/www.gocmeniz.biz\/index.php?rest_route=\/wp\/v2\/posts\/1907\/revisions"}],"predecessor-version":[{"id":8680,"href":"https:\/\/www.gocmeniz.biz\/index.php?rest_route=\/wp\/v2\/posts\/1907\/revisions\/8680"}],"wp:attachment":[{"href":"https:\/\/www.gocmeniz.biz\/index.php?rest_route=%2Fwp%2Fv2%2Fmedia&parent=1907"}],"wp:term":[{"taxonomy":"category","embeddable":true,"href":"https:\/\/www.gocmeniz.biz\/index.php?rest_route=%2Fwp%2Fv2%2Fcategories&post=1907"},{"taxonomy":"post_tag","embeddable":true,"href":"https:\/\/www.gocmeniz.biz\/index.php?rest_route=%2Fwp%2Fv2%2Ftags&post=1907"}],"curies":[{"name":"wp","href":"https:\/\/api.w.org\/{rel}","templated":true}]}}