{"id":1912,"date":"2009-11-12T22:22:49","date_gmt":"2009-11-12T20:22:49","guid":{"rendered":"http:\/\/www.gocmeniz.biz\/?p=1912"},"modified":"2026-04-03T12:25:37","modified_gmt":"2026-04-03T09:25:37","slug":"bnt-muduru-turkce-haberleri-yasaklamiyoruz","status":"publish","type":"post","link":"https:\/\/www.gocmeniz.biz\/?p=1912","title":{"rendered":"BNT M\u00fcd\u00fcr\u00fc: T\u00fcrk\u00e7e haberleri yasaklam\u0131yoruz"},"content":{"rendered":"<p><b>T\u00fcrk\u00e7e haber yay\u0131nlar\u0131na tepkilerin y\u00fckseldi\u011fi Bulgaristan&#8217;da ulusal televizyon genel m\u00fcd\u00fcr\u00fc, &#8220;T\u00fcrk\u00e7e haberlerin yasaklanmas\u0131na gerek\u00e7e yok, T\u00fcrkiye ileri giderken biz geri mi gidelim&#8221; dedi.<\/b><\/p>\n<p>SOFYA &#8211; Bulgaristan Ulusal Televizyonu (BNT) Genel M\u00fcd\u00fcr\u00fc Ulyana Pr\u0131mova, BNT&#8217;de hafta i\u00e7i her g\u00fcn yay\u0131mlanan T\u00fcrk\u00e7e haber program\u0131n\u0131n yasaklanmas\u0131n\u0131n s\u00f6z konusu olmad\u0131\u011f\u0131n\u0131, ayr\u0131ca kabul edilebilir bir gerek\u00e7enin de bulunmad\u0131\u011f\u0131n\u0131 s\u00f6yledi.<\/p>\n<p>Pr\u0131mova, bug\u00fcn bas\u0131n toplant\u0131s\u0131 d\u00fczenleyerek, ba\u015fta \u0131rk\u00e7\u0131 ve a\u015f\u0131r\u0131 milliyet\u00e7i ATAKA partisi olmak \u00fczere baz\u0131 radikal gruplarca BNT&#8217;deki T\u00fcrk\u00e7e haber program\u0131n\u0131n yasaklanmas\u0131 y\u00f6n\u00fcnde yap\u0131lan giri\u015fimlerle ilgili g\u00f6r\u00fc\u015flerini a\u00e7\u0131klad\u0131.<\/p>\n<p>Ulyana Pr\u0131mova, parlamento taraf\u0131ndan 1999 y\u0131l\u0131nda kabul edilen Bulgaristan Radyo ve Televizyon Yasas\u0131&#8217;nda ana dili Bulgarca olmayan ki\u015filerin ulusal TV kanal\u0131ndan kendi ana dilinde program g\u00f6rme hakk\u0131na sahip olduklar\u0131n\u0131n a\u00e7\u0131k olarak belirtildi\u011fini s\u00f6yledi.<\/p>\n<p>BNT&#8217;nin bir program\u0131 yay\u0131ndan kald\u0131rmas\u0131 veya yasaklamas\u0131 i\u00e7in kabul edilebilir bir gerek\u00e7e ortaya koymas\u0131 gerekti\u011fini ifade eden Pr\u0131mova, &#8220;Siyasi bask\u0131lar, imza kampanyalar\u0131 veya protesto g\u00f6sterileri bizim i\u00e7in bir gerek\u00e7e say\u0131lmaz. Ayr\u0131ca \u015fu anda T\u00fcrk\u00e7e haber pogram\u0131n\u0131n yay\u0131ndan kald\u0131r\u0131lmas\u0131 hem etik olmaz hem de Avrupal\u0131 bir yakla\u015f\u0131m olarak kabul edilmez&#8221; dedi.<\/p>\n<p><b>T\u00dcRK\u0130YE \u0130LER\u0130 G\u0130D\u0130YOR, B\u0130Z GER\u0130YE M\u0130 G\u0130DEL\u0130M<\/b><br \/>T\u00fcrkiye&#8217;de 24 saat K\u00fcrt\u00e7e yay\u0131n yapan &#8220;TRT6&#8221; kanal\u0131n\u0131 \u00f6rnek g\u00f6steren Pr\u0131mova, &#8220;Ba\u015fkalar\u0131 ileriye giderken maalesef biz eskiye g\u00f6re \u00e7ok daha az toleransl\u0131 bir toplum haline geldik&#8221; diye konu\u015ftu.<\/p>\n<p>BNT Genel M\u00fcd\u00fcr\u00fc Pr\u0131mova, T\u00fcrk\u00e7e haber program\u0131 konusunda ba\u011f\u0131ms\u0131z bir kuruma kamuoyu ara\u015ft\u0131rmas\u0131 yapt\u0131r\u0131ld\u0131\u011f\u0131n\u0131, bu ara\u015ft\u0131rman\u0131n sonu\u00e7lar\u0131n\u0131n bir aya kadar bas\u0131na, kamuoyuna ve Elektronik Medya Kuruluna bildirilece\u011fini de a\u00e7\u0131klad\u0131 <\/p>\n<div class=\"zemanta-pixie\"><img data-recalc-dims=\"1\"  title=\"\" decoding=\"async\" class=\"zemanta-pixie-img\"  alt=\"pixy BNT M\u00fcd\u00fcr\u00fc: T\u00fcrk\u00e7e haberleri yasaklam\u0131yoruz\"  src=\"https:\/\/i0.wp.com\/img.zemanta.com\/pixy.gif?w=640\" \/><\/div>\n","protected":false},"excerpt":{"rendered":"<p>T\u00fcrk\u00e7e haber yay\u0131nlar\u0131na tepkilerin y\u00fckseldi\u011fi Bulgaristan&#8217;da ulusal televizyon genel m\u00fcd\u00fcr\u00fc, &#8220;T\u00fcrk\u00e7e haberlerin yasaklanmas\u0131na gerek\u00e7e yok, T\u00fcrkiye ileri giderken biz geri mi gidelim&#8221; dedi. SOFYA &#8211; Bulgaristan Ulusal Televizyonu (BNT) Genel M\u00fcd\u00fcr\u00fc Ulyana Pr\u0131mova, BNT&#8217;de hafta i\u00e7i her g\u00fcn yay\u0131mlanan T\u00fcrk\u00e7e haber program\u0131n\u0131n yasaklanmas\u0131n\u0131n s\u00f6z konusu olmad\u0131\u011f\u0131n\u0131, ayr\u0131ca kabul edilebilir bir gerek\u00e7enin de bulunmad\u0131\u011f\u0131n\u0131 s\u00f6yledi. Pr\u0131mova, [&hellip;]<\/p>\n","protected":false},"author":331,"featured_media":0,"comment_status":"open","ping_status":"open","sticky":false,"template":"","format":"standard","meta":{"advanced_seo_description":"","jetpack_seo_html_title":"","jetpack_seo_noindex":false,"ngg_post_thumbnail":0,"jetpack_post_was_ever_published":false,"_jetpack_newsletter_access":"","_jetpack_dont_email_post_to_subs":false,"_jetpack_newsletter_tier_id":0,"_jetpack_memberships_contains_paywalled_content":false,"_jetpack_memberships_contains_paid_content":false,"footnotes":""},"categories":[5],"tags":[],"class_list":["post-1912","post","type-post","status-publish","format-standard","hentry","category-haberler"],"jetpack_featured_media_url":"","jetpack_shortlink":"https:\/\/wp.me\/paHHlZ-uQ","jetpack-related-posts":[{"id":2039,"url":"https:\/\/www.gocmeniz.biz\/?p=2039","url_meta":{"origin":1912,"position":0},"title":"Tazminattan vazge\u00e7ti T\u00fcrk\u00e7e yay\u0131na takt\u0131","author":"Haberci","date":"12 Ocak 2010","format":false,"excerpt":"T\u00fcrkiye\u2019den 1915 y\u0131l\u0131nda Bulgaristan\u2019a g\u00f6\u00e7 edenlerin T\u00fcrkiye\u2019deki mal varl\u0131klar\u0131 i\u00e7in 20 milyar dolar tazminat isteyen ama Ba\u015fbakan Boyko Borisov\u2019un uyar\u0131s\u0131yla s\u00f6zlerini geri alan Devlet Bakan\u0131 Bojidar Dimitrov, \u015fimdi de T\u00fcrk\u00e7e haber programlar\u0131n\u0131 hedef ald\u0131.Dimitrov, Bulgaristan devlet televizyonunda (BNT) hafta i\u00e7i her g\u00fcn 10 dakika olarak yay\u0131mlanan T\u00fcrk\u00e7e haber program\u0131n\u0131n yasaklanmas\u0131n\u0131\u2026","rel":"","context":"&quot;Haberler&quot; i\u00e7inde","block_context":{"text":"Haberler","link":"https:\/\/www.gocmeniz.biz\/?cat=5"},"img":{"alt_text":"","src":"","width":0,"height":0},"classes":[]},{"id":1741,"url":"https:\/\/www.gocmeniz.biz\/?p=1741","url_meta":{"origin":1912,"position":1},"title":"&#8220;T\u00fcrk\u00e7e yay\u0131n durdurulsun&#8221;","author":"Haberci","date":"28 A\u011fustos 2009","format":false,"excerpt":"AABulgaristan'da \u0131rk\u00e7\u0131 ve a\u015f\u0131r\u0131 milliyet\u00e7i ATAKA partisinin yay\u0131n organ\u0131 olarak bilinen \"Skat TV\" adl\u0131 \u00f6zel televizyon kanal\u0131 Bulgaristan Devlet Televizyonu'nda (BNT) T\u00fcrk\u00e7e haberlerin yay\u0131ndan kald\u0131r\u0131lmas\u0131 i\u00e7in imza kampanyas\u0131 ba\u015flatt\u0131.\u00dclkede 8 y\u0131ld\u0131r g\u00fcnde 15 dakika olarak yay\u0131nlanan T\u00fcrk\u00e7e haber b\u00fclteninin yasaklanmas\u0131n\u0131 talep eden ATAKA partisinin iste\u011fi \u00fczerine ba\u015flat\u0131lan kampanya \u00e7er\u00e7evesinde SKAT\u2026","rel":"","context":"&quot;Haberler&quot; i\u00e7inde","block_context":{"text":"Haberler","link":"https:\/\/www.gocmeniz.biz\/?cat=5"},"img":{"alt_text":"","src":"","width":0,"height":0},"classes":[]},{"id":2618,"url":"https:\/\/www.gocmeniz.biz\/?p=2618","url_meta":{"origin":1912,"position":2},"title":"72 Y\u0131ld\u0131r Bulgaristan&#8217;daki T\u00fcrklerin Sesi Oldu","author":"Haberci","date":"15 \u015eubat 2019","format":false,"excerpt":"Bulgaristan Ulusal Radyosu (BNR) T\u00fcrk\u00e7e Yay\u0131nlar Edit\u00f6rl\u00fc\u011f\u00fc, 72 y\u0131ld\u0131r \u00fclkedeki T\u00fcrkleri ilgilendiren konularda yay\u0131nlar ger\u00e7ekle\u015ftiriyor. Ulusal Radyo T\u00fcrk\u00e7e Yay\u0131nlar\u0131 Edit\u00f6rl\u00fc\u011f\u00fc, 13 \u015eubat D\u00fcnya Radyo G\u00fcn\u00fc kapsam\u0131nda 72 y\u0131ll\u0131k yay\u0131n hayat\u0131n\u0131 kutluyor. BNR T\u00fcrk\u00e7e Yay\u0131nlar\u0131 Edit\u00f6rl\u00fc\u011f\u00fc \u00e7al\u0131\u015fanlar\u0131, 13 \u015eubat D\u00fcnya Radyo G\u00fcn\u00fc vesilesiyle T\u00fcrk Bulgar Kad\u0131nlar\u0131 Dostluk Derne\u011fi (TUBUKADD) \u00fcyeleriyle bir\u2026","rel":"","context":"&quot;Haberler&quot; i\u00e7inde","block_context":{"text":"Haberler","link":"https:\/\/www.gocmeniz.biz\/?cat=5"},"img":{"alt_text":"","src":"https:\/\/i0.wp.com\/www.gocmeniz.biz\/wp-content\/bnr.jpg?fit=645%2C423&ssl=1&resize=350%2C200","width":350,"height":200,"srcset":"https:\/\/i0.wp.com\/www.gocmeniz.biz\/wp-content\/bnr.jpg?fit=645%2C423&ssl=1&resize=350%2C200 1x, https:\/\/i0.wp.com\/www.gocmeniz.biz\/wp-content\/bnr.jpg?fit=645%2C423&ssl=1&resize=525%2C300 1.5x"},"classes":[]},{"id":1704,"url":"https:\/\/www.gocmeniz.biz\/?p=1704","url_meta":{"origin":1912,"position":3},"title":"Bulgaristan&#8217;da T\u00fcrk\u00e7e haber tart\u0131\u015fmas\u0131","author":"Haberci","date":"18 A\u011fustos 2009","format":false,"excerpt":"Devlet televizyonunda T\u00fcrk\u00e7e haber b\u00fcltenlerinin yay\u0131n\u0131na devam edilip edilmeyece\u011fi, Bulgaristan'da siyasi g\u00fcndemi me\u015fgul ediyor. Karar\u0131 h\u00fck\u00fcmet verecek. Bulgaristan k\u0131sa bir s\u00fcre \u00f6ncesine kadar daha \u00e7ok, yolsuzluk olaylar\u0131yla gazete man\u015fetlerine ta\u015f\u0131n\u0131yordu. Yeni se\u00e7ilen merkez sa\u011f h\u00fck\u00fcmet de geni\u015f kapsaml\u0131 bir temizlik operasyonu vaadiyle i\u015f ba\u015f\u0131na gelmi\u015fti. Bu y\u00fczden Sofya\u2019daki yeni h\u00fck\u00fcmetin\u2026","rel":"","context":"&quot;Haberler&quot; i\u00e7inde","block_context":{"text":"Haberler","link":"https:\/\/www.gocmeniz.biz\/?cat=5"},"img":{"alt_text":"","src":"","width":0,"height":0},"classes":[]},{"id":1923,"url":"https:\/\/www.gocmeniz.biz\/?p=1923","url_meta":{"origin":1912,"position":4},"title":"Bulgaristan`da,M\u00fcsl\u00fcman T\u00fcrklere tav\u0131r","author":"Haberci","date":"16 Kas\u0131m 2009","format":false,"excerpt":"FHA- Halk\u0131 M\u00fcsl\u00fcman olan T\u00fcrkiye`nin AB`ye girmesini istemeyen g\u00fc\u00e7ler, olmad\u0131k oyunlara ba\u015fvuruyorlar. Milli duygular\u0131n s\u00f6m\u00fcr\u00fcs\u00fc,bunun en kolay ve pis olan\u0131..FHA-M\u00fcsl\u00fcman n\u00fcfusun da ya\u015fad\u0131\u011f\u0131 Bulgaristan`da \u0131rk\u00e7\u0131 lider Rosen Markov`un, devlet kanal\u0131nda T\u00fcrk\u00e7e haber yay\u0131n\u0131 yap\u0131lmas\u0131n\u0131 protesto etmek i\u00e7in kendini yakmas\u0131 hayretle kar\u015f\u0131land\u0131.\"Bulgar Erkekleri Partisi\" lideri Markov d\u00fcn gece Bulgar Ulusal Kanal\u0131(BRT)\u2026","rel":"","context":"&quot;Haberler&quot; i\u00e7inde","block_context":{"text":"Haberler","link":"https:\/\/www.gocmeniz.biz\/?cat=5"},"img":{"alt_text":"","src":"","width":0,"height":0},"classes":[]},{"id":1981,"url":"https:\/\/www.gocmeniz.biz\/?p=1981","url_meta":{"origin":1912,"position":5},"title":"\u2018T\u00fcrk\u00e7e haberlerde tuza\u011fa d\u00fc\u015f\u00fcr\u00fcld\u00fcm\u2019","author":"Haberci","date":"21 Aral\u0131k 2009","format":false,"excerpt":"Irk\u00e7\u0131 partinin ATAKA\u2019n\u0131n referandum \u00f6nerisine destek veren Ba\u015fbakan geri ad\u0131m att\u0131Merkez sa\u011fc\u0131 Ba\u015fbakan Borisov, \u201cReferandum az\u0131nl\u0131k haklar\u0131na ayk\u0131r\u0131 olur\u201d dedi.Bulgaristan\u2019da \u0131rk\u00e7\u0131 parti ATAKA\u2019n\u0131n \u201cDevlet televizyonundaki T\u00fcrk\u00e7e haberlerin kald\u0131r\u0131lmas\u0131 i\u00e7in referandum yap\u0131ls\u0131n\u201d \u00f6nerisine destek veren Ba\u015fbakan Borisov geri ad\u0131m att\u0131. Borisov \u201cKarar\u0131m yanl\u0131\u015ft\u0131. Tuza\u011fa d\u00fc\u015ft\u00fcm\u201d dedi.BULGAR\u0130STAN\u2019DA \u0131rk\u00e7\u0131 ve a\u015f\u0131r\u0131 milliyet\u00e7i ATAKA\u2026","rel":"","context":"&quot;Haberler&quot; i\u00e7inde","block_context":{"text":"Haberler","link":"https:\/\/www.gocmeniz.biz\/?cat=5"},"img":{"alt_text":"","src":"","width":0,"height":0},"classes":[]}],"jetpack_sharing_enabled":true,"jetpack_likes_enabled":true,"_links":{"self":[{"href":"https:\/\/www.gocmeniz.biz\/index.php?rest_route=\/wp\/v2\/posts\/1912","targetHints":{"allow":["GET"]}}],"collection":[{"href":"https:\/\/www.gocmeniz.biz\/index.php?rest_route=\/wp\/v2\/posts"}],"about":[{"href":"https:\/\/www.gocmeniz.biz\/index.php?rest_route=\/wp\/v2\/types\/post"}],"author":[{"embeddable":true,"href":"https:\/\/www.gocmeniz.biz\/index.php?rest_route=\/wp\/v2\/users\/331"}],"replies":[{"embeddable":true,"href":"https:\/\/www.gocmeniz.biz\/index.php?rest_route=%2Fwp%2Fv2%2Fcomments&post=1912"}],"version-history":[{"count":1,"href":"https:\/\/www.gocmeniz.biz\/index.php?rest_route=\/wp\/v2\/posts\/1912\/revisions"}],"predecessor-version":[{"id":8972,"href":"https:\/\/www.gocmeniz.biz\/index.php?rest_route=\/wp\/v2\/posts\/1912\/revisions\/8972"}],"wp:attachment":[{"href":"https:\/\/www.gocmeniz.biz\/index.php?rest_route=%2Fwp%2Fv2%2Fmedia&parent=1912"}],"wp:term":[{"taxonomy":"category","embeddable":true,"href":"https:\/\/www.gocmeniz.biz\/index.php?rest_route=%2Fwp%2Fv2%2Fcategories&post=1912"},{"taxonomy":"post_tag","embeddable":true,"href":"https:\/\/www.gocmeniz.biz\/index.php?rest_route=%2Fwp%2Fv2%2Ftags&post=1912"}],"curies":[{"name":"wp","href":"https:\/\/api.w.org\/{rel}","templated":true}]}}