{"id":1914,"date":"2009-11-13T16:33:25","date_gmt":"2009-11-13T14:33:25","guid":{"rendered":"http:\/\/www.gocmeniz.biz\/?p=1914"},"modified":"2026-04-03T12:25:37","modified_gmt":"2026-04-03T09:25:37","slug":"bulgaristanin-ankara-buyukelcisi-istifa-etti","status":"publish","type":"post","link":"https:\/\/www.gocmeniz.biz\/?p=1914","title":{"rendered":"Bulgaristan&#8217;\u0131n Ankara b\u00fcy\u00fckel\u00e7isi istifa etti"},"content":{"rendered":"<p><i>A.A.&nbsp;&nbsp;&nbsp; <\/i><br \/><b>Bulgaristan&#8217;\u0131n Ankara B\u00fcy\u00fckel\u00e7isi Branimir Mladenov g\u00f6revinden istifa etti.<\/b><\/p>\n<p>D\u0131\u015fi\u015fleri Bakanl\u0131\u011f\u0131 S\u00f6zc\u00fcs\u00fc Dragovest Goranov, A.A muhabirine yapt\u0131\u011f\u0131 a\u00e7\u0131klamada, Mladenov&#8217;un istifa dilek\u00e7esini verdi\u011fini ve Bulgaristan&#8217;a geri d\u00f6nece\u011fini bildirdi.<\/p>\n<p>Goranov, Ankara&#8217;ya g\u00f6nderilecek yeni b\u00fcy\u00fckel\u00e7inin en k\u0131sa s\u00fcrede belirlenece\u011fini de s\u00f6yledi.<\/p>\n<p>Branimir Mladenov, Bulgaristan&#8217;\u0131n Washington B\u00fcy\u00fckel\u00e7isi L\u0131\u00e7ezar Petkov ile birlikte, Bulgaristan&#8217;da 5 Temmuzda yap\u0131lan parlamento se\u00e7iminde sorumlu olduklar\u0131 \u00fclkelerde oy kullan\u0131m\u0131 s\u0131ras\u0131nda usuls\u00fczl\u00fck yap\u0131lmas\u0131na g\u00f6z yumduklar\u0131 gerek\u00e7eleriyle h\u00fck\u00fcmet taraf\u0131ndan g\u00f6revden al\u0131nmak istenmi\u015fti. Ancak iki b\u00fcy\u00fckel\u00e7i hakk\u0131nda haz\u0131rlanan g\u00f6revden alma kararnamesi Cumhurba\u015fkan\u0131 Georgi P\u0131rvanov taraf\u0131ndan veto edilmi\u015fti.<\/p>\n<p>P\u0131rvanov&#8217;un &#8220;yeterli kan\u0131t yok&#8221; gerek\u00e7esiyle kararnameyi veto etmesi, h\u00fck\u00fcmet ile cumhurba\u015fkanl\u0131\u011f\u0131 aras\u0131nda ciddi gerginli\u011fe neden olmu\u015f, Ba\u015fbakan<\/p>\n<p>Boyko Borisov &#8220;Cumhurba\u015fkan\u0131 \u00f6yle ya da b\u00f6yle bu kararnameyi imzalayacak&#8221; diyerek tepki g\u00f6stermi\u015fti.<\/p>\n<p>Bu arada parlamentoda Mavi Koalisyon milletvekili ve eski \u0130stihbarat Servisi Genel M\u00fcd\u00fcr\u00fc Dimo Gyurov, Bulgar Ulusal Televizyonuna yapt\u0131\u011f\u0131 a\u00e7\u0131klamada, B\u00fcy\u00fckel\u00e7i Mladenov&#8217;un cumhurba\u015fkanl\u0131\u011f\u0131ndan gelen bask\u0131 y\u00fcz\u00fcnden g\u00f6revinden istifa etti\u011fini ileri s\u00fcrd\u00fc.<\/p>\n<p>Gyurov, Washington b\u00fcy\u00fckel\u00e7isi Petkov&#8217;un da en k\u0131sa s\u00fcrede istifa edece\u011fine inand\u0131\u011f\u0131n\u0131 bildirdi.<\/p>\n<div class=\"zemanta-pixie\"><img data-recalc-dims=\"1\"  title=\"\" decoding=\"async\" class=\"zemanta-pixie-img\"  alt=\"pixy Bulgaristan&#039;\u0131n Ankara b\u00fcy\u00fckel\u00e7isi istifa etti\"  src=\"https:\/\/i0.wp.com\/img.zemanta.com\/pixy.gif?w=640\" \/><\/div>\n","protected":false},"excerpt":{"rendered":"<p>A.A.&nbsp;&nbsp;&nbsp; Bulgaristan&#8217;\u0131n Ankara B\u00fcy\u00fckel\u00e7isi Branimir Mladenov g\u00f6revinden istifa etti. D\u0131\u015fi\u015fleri Bakanl\u0131\u011f\u0131 S\u00f6zc\u00fcs\u00fc Dragovest Goranov, A.A muhabirine yapt\u0131\u011f\u0131 a\u00e7\u0131klamada, Mladenov&#8217;un istifa dilek\u00e7esini verdi\u011fini ve Bulgaristan&#8217;a geri d\u00f6nece\u011fini bildirdi. Goranov, Ankara&#8217;ya g\u00f6nderilecek yeni b\u00fcy\u00fckel\u00e7inin en k\u0131sa s\u00fcrede belirlenece\u011fini de s\u00f6yledi. Branimir Mladenov, Bulgaristan&#8217;\u0131n Washington B\u00fcy\u00fckel\u00e7isi L\u0131\u00e7ezar Petkov ile birlikte, Bulgaristan&#8217;da 5 Temmuzda yap\u0131lan parlamento se\u00e7iminde sorumlu olduklar\u0131 [&hellip;]<\/p>\n","protected":false},"author":331,"featured_media":0,"comment_status":"open","ping_status":"open","sticky":false,"template":"","format":"standard","meta":{"advanced_seo_description":"","jetpack_seo_html_title":"","jetpack_seo_noindex":false,"ngg_post_thumbnail":0,"jetpack_post_was_ever_published":false,"_jetpack_newsletter_access":"","_jetpack_dont_email_post_to_subs":false,"_jetpack_newsletter_tier_id":0,"_jetpack_memberships_contains_paywalled_content":false,"_jetpack_memberships_contains_paid_content":false,"footnotes":""},"categories":[5],"tags":[],"class_list":["post-1914","post","type-post","status-publish","format-standard","hentry","category-haberler"],"jetpack_featured_media_url":"","jetpack_shortlink":"https:\/\/wp.me\/paHHlZ-uS","jetpack-related-posts":[{"id":1896,"url":"https:\/\/www.gocmeniz.biz\/?p=1896","url_meta":{"origin":1914,"position":0},"title":"Bulgaristan Se\u00e7imi B\u00fcy\u00fckel\u00e7i Mladenov&#8217;u Yakt\u0131","author":"Haberci","date":"05 Kas\u0131m 2009","format":false,"excerpt":"Bulgaristan D\u0131\u015fi\u015fleri Bakan\u0131 Rumyana Jeleva, a\u015f\u0131r\u0131 sa\u011fc\u0131 Ataka ile D\u00fczen Me\u015fruiyet ve G\u00fcvenlik (RZS) Partisi\u2019nden gelen bask\u0131lara dayanamayarak, \u00fclkesinin Ankara B\u00fcy\u00fckel\u00e7isi Branimir Mladenov ile Washington B\u00fcy\u00fckel\u00e7isi Li\u00e7ezar Petkov\u2019u g\u00f6revden ald\u0131. Karar\u0131n y\u00fcr\u00fcrl\u00fc\u011fe girmesi i\u00e7in Bakanlar Kurulu ile Cumhurba\u015fkan\u0131\u2019n\u0131n onay\u0131 gerekiyor. B\u00fcy\u00fckel\u00e7i Mladenov\u2019un d\u00fcn itibariyle Ankara\u2019da oldu\u011fu \u00f6\u011frenildi.A\u015f\u0131r\u0131 sa\u011f\u0131n hedefi Bulgaristan\u2019da\u2026","rel":"","context":"&quot;Haberler&quot; i\u00e7inde","block_context":{"text":"Haberler","link":"https:\/\/www.gocmeniz.biz\/?cat=5"},"img":{"alt_text":"","src":"","width":0,"height":0},"classes":[]},{"id":382,"url":"https:\/\/www.gocmeniz.biz\/?p=382","url_meta":{"origin":1914,"position":1},"title":"Bulgaristan h\u00fck\u00fcmetinde deprem","author":"Haberci","date":"13 May\u0131s 2008","format":false,"excerpt":"Bulgaristan\u2019da \u00fc\u00e7l\u00fc koalisyon h\u00fck\u00fcmetinde uzun s\u00fcredir beklenen de\u011fi\u015fiklikler bug\u00fcn yap\u0131ld\u0131. H\u00fck\u00fcmete 5 yeni bakan atan\u0131rken, 3 bakan g\u00f6revden al\u0131nd\u0131.SOFYA - Bulgaristan\u2019da koalisyonu olu\u015fturan, Bulgaristan Sosyalist Partisi (BSP), Ulusal Y\u00fckseli\u015f ve \u00d6zg\u00fcrl\u00fck Hareketi (NDSV) ile \u00fcyelerinin \u00e7o\u011funlu\u011funu T\u00fcrklerin olu\u015fturdu\u011fu Hak ve \u00d6zg\u00fcrl\u00fckler Hareketi (H\u00d6H-DPS) genel ba\u015fkanlar\u0131n\u0131n bug\u00fcn ger\u00e7ekle\u015ftirdi\u011fi toplant\u0131dan kabinede de\u011fi\u015fiklik\u2026","rel":"","context":"Benzer yaz\u0131","block_context":{"text":"Benzer yaz\u0131","link":""},"img":{"alt_text":"","src":"","width":0,"height":0},"classes":[]},{"id":1075,"url":"https:\/\/www.gocmeniz.biz\/?p=1075","url_meta":{"origin":1914,"position":2},"title":"BULGAR\u0130STAN&#8217;IN BURSA KONSOLOSLUK OF\u0130S\u0130, MAYIS&#8217;TA A\u00c7ILACAK","author":"Haberci","date":"16 Nisan 2009","format":false,"excerpt":"Bursal\u0131 Vatanda\u015flara Hizmet Verecek Olan I\u00fc\u00fcbulgaristan Konsolosluk Ofisi, May\u0131s Ay\u0131nda Hizmete Girecek. Bulgaristan Cumhuriyeti Ankara B\u00fcy\u00fckel\u00e7isi Branimir Mladenov May\u0131s ay\u0131nda a\u00e7\u0131l\u0131\u015f\u0131 ger\u00e7ekle\u015ftirilerek, Bursa halk\u0131n\u0131n hizmetine sunulacak olan konsolosluk ofisi ile ilgili olarak valili\u011fi ziyaret etti. Bursa'da sadece vize olarak de\u011fil ekonomik ve k\u00fclt\u00fcrel a\u00e7\u0131dan da hizmet edecek konsolosluk ofisinin hizmete\u2026","rel":"","context":"&quot;Haberler&quot; i\u00e7inde","block_context":{"text":"Haberler","link":"https:\/\/www.gocmeniz.biz\/?cat=5"},"img":{"alt_text":"","src":"","width":0,"height":0},"classes":[]},{"id":1892,"url":"https:\/\/www.gocmeniz.biz\/?p=1892","url_meta":{"origin":1914,"position":3},"title":"Bulgaristan, yurt d\u0131\u015f\u0131ndaki vatanda\u015flar\u0131n\u0131n oy kullanmas\u0131n\u0131 yasaklamay\u0131 planl\u0131yor","author":"Haberci","date":"05 Kas\u0131m 2009","format":false,"excerpt":"Bulgaristan D\u0131\u015fileri Bakan\u0131 Rumyana Jeleva, yurt d\u0131\u015f\u0131ndaki Bulgaristan vatanda\u015flar\u0131n\u0131n bulunduklar\u0131 \u00fclkelerde oy kullanmalar\u0131n\u0131 yasaklayacak bir yasa tasar\u0131s\u0131 haz\u0131rlamay\u0131 d\u00fc\u015f\u00fcnd\u00fcklerini a\u00e7\u0131klad\u0131. Jeleva, \u00f6zel bir televizyon kanal\u0131na yapt\u0131\u011f\u0131 a\u00e7\u0131klamada, se\u00e7imler dolay\u0131s\u0131yla Bulgaristan vatanda\u015flar\u0131n\u0131n ya\u015fad\u0131\u011f\u0131 \u00fclkelerde kurulan se\u00e7im merkezlerinde oy verme i\u015flemi s\u0131ras\u0131nda ve sonras\u0131nda \u00e7ok say\u0131da sorun ve yasa ihlalleri oldu\u011funun tespit\u2026","rel":"","context":"&quot;Haberler&quot; i\u00e7inde","block_context":{"text":"Haberler","link":"https:\/\/www.gocmeniz.biz\/?cat=5"},"img":{"alt_text":"","src":"","width":0,"height":0},"classes":[]},{"id":341,"url":"https:\/\/www.gocmeniz.biz\/?p=341","url_meta":{"origin":1914,"position":4},"title":"Bulgaristan&#8217;a \u00c7ifte Nota","author":"Haberci","date":"19 Nisan 2008","format":false,"excerpt":"BULGAR\u0130STAN Sahil G\u00fcvenli\u011fi\u2019nin ate\u015f a\u00e7t\u0131\u011f\u0131 bal\u0131k\u00e7\u0131 teknesinde Yal\u00e7\u0131n Ercan isimli T\u00fcrk bal\u0131k\u00e7\u0131n\u0131n \u00f6lmesi, Ankara ile Sofya aras\u0131ndaki ili\u015fkileri gerdi. T\u00fcrkiye, \u00f6nceki sabah meydana gelen olayla ilgili Bulgaristan\u2019a \u00e7ifte nota verdi.T\u00fcrkiye\u2019nin Sofya B\u00fcy\u00fckel\u00e7isi Mehmet G\u00fcc\u00fck, Bulgaristan D\u0131\u015fi\u015fleri Bakanl\u0131\u011f\u0131\u2019na giderek T\u00fcrk bal\u0131k\u00e7\u0131n\u0131n \u00f6ld\u00fcr\u00fclmesini protesto eden bir nota verdi. T\u00fcrkiye\u2019nin notas\u0131nda, T\u00fcrk bal\u0131k\u00e7\u0131lar\u0131n\u2026","rel":"","context":"&quot;Haberler&quot; i\u00e7inde","block_context":{"text":"Haberler","link":"https:\/\/www.gocmeniz.biz\/?cat=5"},"img":{"alt_text":"","src":"","width":0,"height":0},"classes":[]},{"id":1427,"url":"https:\/\/www.gocmeniz.biz\/?p=1427","url_meta":{"origin":1914,"position":5},"title":"Bulgar B\u00fcy\u00fckel\u00e7i: Erdo\u011fan Ailesi olay\u0131 \u00e7ok \u00fcz\u00fcc\u00fc","author":"Haberci","date":"25 Haziran 2009","format":false,"excerpt":"Bulgaristan\u2019\u0131n Ankara B\u00fcy\u00fckel\u00e7isi Branimir Mladenov, Almanya\u2019dan T\u00fcrkiye\u2019ye giden Erdo\u011fan ailesinin Bulgaristan\u2019da sald\u0131r\u0131ya u\u011framas\u0131 olay\u0131n\u0131n \u201c\u00e7ok \u00fcz\u00fcnt\u00fc verici\u201d oldu\u011funu belirterek, \u00fclkesinde bu t\u00fcr olaylar\u0131n \u00e7ok azald\u0131\u011f\u0131n\u0131, \u201cm\u00fcnferit\u201d hale geldi\u011fini s\u00f6yledi. B\u00fcy\u00fckel\u00e7i Branimir Mladenov, Diplomasi Muhabirler Derne\u011fi \u00fcyeleri ile bulu\u015fmas\u0131nda bir soru \u00fczerine Almanya\u2019dan T\u00fcrkiye\u2019ye karayolu ile gelen \u00fc\u00e7 ki\u015filik Erdo\u011fan ailesinin\u2026","rel":"","context":"&quot;Haberler&quot; i\u00e7inde","block_context":{"text":"Haberler","link":"https:\/\/www.gocmeniz.biz\/?cat=5"},"img":{"alt_text":"","src":"","width":0,"height":0},"classes":[]}],"jetpack_sharing_enabled":true,"jetpack_likes_enabled":true,"_links":{"self":[{"href":"https:\/\/www.gocmeniz.biz\/index.php?rest_route=\/wp\/v2\/posts\/1914","targetHints":{"allow":["GET"]}}],"collection":[{"href":"https:\/\/www.gocmeniz.biz\/index.php?rest_route=\/wp\/v2\/posts"}],"about":[{"href":"https:\/\/www.gocmeniz.biz\/index.php?rest_route=\/wp\/v2\/types\/post"}],"author":[{"embeddable":true,"href":"https:\/\/www.gocmeniz.biz\/index.php?rest_route=\/wp\/v2\/users\/331"}],"replies":[{"embeddable":true,"href":"https:\/\/www.gocmeniz.biz\/index.php?rest_route=%2Fwp%2Fv2%2Fcomments&post=1914"}],"version-history":[{"count":1,"href":"https:\/\/www.gocmeniz.biz\/index.php?rest_route=\/wp\/v2\/posts\/1914\/revisions"}],"predecessor-version":[{"id":8971,"href":"https:\/\/www.gocmeniz.biz\/index.php?rest_route=\/wp\/v2\/posts\/1914\/revisions\/8971"}],"wp:attachment":[{"href":"https:\/\/www.gocmeniz.biz\/index.php?rest_route=%2Fwp%2Fv2%2Fmedia&parent=1914"}],"wp:term":[{"taxonomy":"category","embeddable":true,"href":"https:\/\/www.gocmeniz.biz\/index.php?rest_route=%2Fwp%2Fv2%2Fcategories&post=1914"},{"taxonomy":"post_tag","embeddable":true,"href":"https:\/\/www.gocmeniz.biz\/index.php?rest_route=%2Fwp%2Fv2%2Ftags&post=1914"}],"curies":[{"name":"wp","href":"https:\/\/api.w.org\/{rel}","templated":true}]}}