{"id":1918,"date":"2009-11-14T09:09:18","date_gmt":"2009-11-14T07:09:18","guid":{"rendered":"http:\/\/www.gocmeniz.biz\/?p=1918"},"modified":"2026-04-03T12:24:55","modified_gmt":"2026-04-03T09:24:55","slug":"bu-habere-bir-goz-atin-nukleerle-yasamaya-hazir-misin","status":"publish","type":"post","link":"https:\/\/www.gocmeniz.biz\/?p=1918","title":{"rendered":"Bu habere bir g\u00f6z at\u0131n: N\u00fckleerle ya\u015famaya haz\u0131r m\u0131s\u0131n?"},"content":{"rendered":"<p>Bu habere mutlaka bakmal\u0131s\u0131n:\u00a0<a href=\"http:\/\/gotaf.socialtwist.com\/redirect?l=391231082183303878821\">N\u00fckleerle ya\u015famaya haz\u0131r m\u0131s\u0131n?<\/a>\u00a0<\/p>\n","protected":false},"excerpt":{"rendered":"<p>Bu habere mutlaka bakmal\u0131s\u0131n:\u00a0N\u00fckleerle ya\u015famaya haz\u0131r m\u0131s\u0131n?\u00a0<\/p>\n","protected":false},"author":331,"featured_media":0,"comment_status":"open","ping_status":"open","sticky":false,"template":"","format":"standard","meta":{"advanced_seo_description":"","jetpack_seo_html_title":"","jetpack_seo_noindex":false,"ngg_post_thumbnail":0,"jetpack_post_was_ever_published":false,"_jetpack_newsletter_access":"","_jetpack_dont_email_post_to_subs":false,"_jetpack_newsletter_tier_id":0,"_jetpack_memberships_contains_paywalled_content":false,"_jetpack_memberships_contains_paid_content":false,"footnotes":""},"categories":[5],"tags":[],"class_list":["post-1918","post","type-post","status-publish","format-standard","hentry","category-haberler"],"jetpack_featured_media_url":"","jetpack_shortlink":"https:\/\/wp.me\/paHHlZ-uW","jetpack-related-posts":[{"id":1903,"url":"https:\/\/www.gocmeniz.biz\/?p=1903","url_meta":{"origin":1918,"position":0},"title":"T\u00fcrk\u00e7e yay\u0131n\u0131 protesto i\u00e7in kendini yakt\u0131","author":"Haberci","date":"11 Kas\u0131m 2009","format":false,"excerpt":"Bulgaristan\u2019da \u0131rk\u00e7\u0131 lider Rosen Markov, devlet kanal\u0131nda T\u00fcrk\u00e7e haber yay\u0131n\u0131 yap\u0131lmas\u0131n\u0131 protesto etmek i\u00e7in kendini yakt\u0131.KEND\u0130N\u0130 B\u00d6YLE YAKTI\u201cBulgar Erkekleri Partisi\u201d lideri Markov d\u00fcn gece Bulgar Ulusal Kanal\u0131 (BRT) \u00f6n\u00fcne gelerek cadde ortas\u0131na bir masa kurdu ve \u00fczerinde \u201cBNT\u2019de T\u00fcrk\u00e7e habere hay\u0131r. Bu rezillere ne gerek var?\u201d yaz\u0131l\u0131 bir pankart a\u00e7t\u0131.Markov\u2026","rel":"","context":"&quot;Haberler&quot; i\u00e7inde","block_context":{"text":"Haberler","link":"https:\/\/www.gocmeniz.biz\/?cat=5"},"img":{"alt_text":"","src":"","width":0,"height":0},"classes":[]},{"id":1923,"url":"https:\/\/www.gocmeniz.biz\/?p=1923","url_meta":{"origin":1918,"position":1},"title":"Bulgaristan`da,M\u00fcsl\u00fcman T\u00fcrklere tav\u0131r","author":"Haberci","date":"16 Kas\u0131m 2009","format":false,"excerpt":"FHA- Halk\u0131 M\u00fcsl\u00fcman olan T\u00fcrkiye`nin AB`ye girmesini istemeyen g\u00fc\u00e7ler, olmad\u0131k oyunlara ba\u015fvuruyorlar. Milli duygular\u0131n s\u00f6m\u00fcr\u00fcs\u00fc,bunun en kolay ve pis olan\u0131..FHA-M\u00fcsl\u00fcman n\u00fcfusun da ya\u015fad\u0131\u011f\u0131 Bulgaristan`da \u0131rk\u00e7\u0131 lider Rosen Markov`un, devlet kanal\u0131nda T\u00fcrk\u00e7e haber yay\u0131n\u0131 yap\u0131lmas\u0131n\u0131 protesto etmek i\u00e7in kendini yakmas\u0131 hayretle kar\u015f\u0131land\u0131.\"Bulgar Erkekleri Partisi\" lideri Markov d\u00fcn gece Bulgar Ulusal Kanal\u0131(BRT)\u2026","rel":"","context":"&quot;Haberler&quot; i\u00e7inde","block_context":{"text":"Haberler","link":"https:\/\/www.gocmeniz.biz\/?cat=5"},"img":{"alt_text":"","src":"","width":0,"height":0},"classes":[]},{"id":510,"url":"https:\/\/www.gocmeniz.biz\/?p=510","url_meta":{"origin":1918,"position":2},"title":"Bulgar terc\u00fcmana uyu\u015fturucu davas\u0131nda tahliye","author":"Haberci","date":"12 Eyl\u00fcl 2008","format":false,"excerpt":"Gine ve Mali'den getirilen 11 kilogram eroini Avrupa'ya g\u00f6t\u00fcrmek istekleri iddias\u0131yla yarg\u0131lanan Bulgaristan uyruklu kad\u0131n terc\u00fcman Elis Amdi Idiriz ile 2 su\u00e7 orta\u011f\u0131, 3 y\u0131l 1,5 ay hapisle cezaland\u0131r\u0131ld\u0131.\u0130stanbul 13. A\u011f\u0131r Ceza Mahkemesindeki duru\u015fmada, tutuklu yarg\u0131lanan Bulgaristan uyruklu terc\u00fcman Eliz Amdi Idiriz ile yabanc\u0131 uyruklu Turan Ramis Ahmed ve Simeon\u2026","rel":"","context":"&quot;Haberler&quot; i\u00e7inde","block_context":{"text":"Haberler","link":"https:\/\/www.gocmeniz.biz\/?cat=5"},"img":{"alt_text":"","src":"","width":0,"height":0},"classes":[]},{"id":2723,"url":"https:\/\/www.gocmeniz.biz\/?p=2723","url_meta":{"origin":1918,"position":3},"title":"Bulgaristan&#8217;da sa\u011fl\u0131k \u00e7al\u0131\u015fanlar\u0131ndan toplu istifa!","author":"Haberci","date":"19 Mart 2020","format":false,"excerpt":"Bulgaristan\u00b4\u0131n ba\u015fkenti Sofya\u00b4da koronavir\u00fcs (Covid-19) hastalar\u0131n\u0131n sevk edilmesi i\u00e7in belirlenen baz\u0131 hastanelerde sa\u011fl\u0131k g\u00f6revlileri toplu istifa etti. \u00dclkenin ba\u015fkenti Sofya\u00b4da `2. \u015eehir Hastanesi\u00b4nden 85 ki\u015filik sa\u011fl\u0131k g\u00f6revlisi, salg\u0131n hastanesine d\u00f6n\u00fc\u015ft\u00fcr\u00fclmek istenen hastanenin salg\u0131nla m\u00fccadele i\u00e7in haz\u0131r olmad\u0131\u011f\u0131 gerek\u00e7esiyle topluca istifalar\u0131n\u0131 sundu. Sa\u011fl\u0131k g\u00f6revlilerinin, hastanenin salg\u0131nla m\u00fccadele i\u00e7in haz\u0131r olmad\u0131\u011f\u0131n\u0131, solunum\u2026","rel":"","context":"&quot;Haberler&quot; i\u00e7inde","block_context":{"text":"Haberler","link":"https:\/\/www.gocmeniz.biz\/?cat=5"},"img":{"alt_text":"","src":"https:\/\/i0.wp.com\/www.gocmeniz.biz\/wp-content\/2617949_810x458.jpg?fit=810%2C458&ssl=1&resize=350%2C200","width":350,"height":200,"srcset":"https:\/\/i0.wp.com\/www.gocmeniz.biz\/wp-content\/2617949_810x458.jpg?fit=810%2C458&ssl=1&resize=350%2C200 1x, https:\/\/i0.wp.com\/www.gocmeniz.biz\/wp-content\/2617949_810x458.jpg?fit=810%2C458&ssl=1&resize=525%2C300 1.5x, https:\/\/i0.wp.com\/www.gocmeniz.biz\/wp-content\/2617949_810x458.jpg?fit=810%2C458&ssl=1&resize=700%2C400 2x"},"classes":[]},{"id":1927,"url":"https:\/\/www.gocmeniz.biz\/?p=1927","url_meta":{"origin":1918,"position":4},"title":"\u00c7ek Cumhuriyeti Formula 1`e talip","author":"Haberci","date":"16 Kas\u0131m 2009","format":false,"excerpt":"Bulgaristan`\u0131n Formula 1 yar\u0131\u015fmas\u0131 d\u00fczenlemekten vazge\u00e7mesinin ard\u0131ndan \u00c7ek Cumhuriyeti bu yar\u0131\u015fmay\u0131 d\u00fczenlemek i\u00e7in d\u00fc\u011fmeye bast\u0131. \u00c7ek yetkililer, 3 y\u0131l i\u00e7inde Formula 1 yar\u0131\u015fmas\u0131n\u0131n Prag`da d\u00fczenlenebilmesini \u00e7ok istediklerini, Prag caddelerinde kurulacak olan ge\u00e7ici pist kurarak yar\u0131\u015fman\u0131n \u015fehrin merkezinde yap\u0131lmas\u0131n\u0131 istediklerini a\u00e7\u0131klad\u0131. Formula 1`in sahibi Bernie Ecclestone ile bir dizi toplant\u0131 yapt\u0131klar\u0131n\u0131\u2026","rel":"","context":"&quot;Haberler&quot; i\u00e7inde","block_context":{"text":"Haberler","link":"https:\/\/www.gocmeniz.biz\/?cat=5"},"img":{"alt_text":"","src":"","width":0,"height":0},"classes":[]},{"id":1929,"url":"https:\/\/www.gocmeniz.biz\/?p=1929","url_meta":{"origin":1918,"position":5},"title":"Ka\u00e7ak\u00e7\u0131larla yol arkada\u015fl\u0131\u011f\u0131 yapt\u0131m","author":"Haberci","date":"16 Kas\u0131m 2009","format":false,"excerpt":"\u00dcnl\u00fc oyuncu Fadik Sevin Atasoy, ge\u00e7mi\u015fte bir d\u00f6nem Bulgaristan`da tiyatro yaparken, \u00e7ok daha ucuz oldu\u011fu i\u00e7in i\u00e7ki ka\u00e7ak\u00e7\u0131lar\u0131n\u0131n kamyonuyla T\u00fcrkiye`ye gelip gitti\u011fini s\u00f6ylediOyuncu Fadik Sevin Atasoy, ge\u00e7mi\u015f y\u0131llarda bir d\u00f6nem i\u00e7ki ka\u00e7ak\u00e7\u0131lar\u0131yla yol arkada\u015fl\u0131\u011f\u0131 yapt\u0131\u011f\u0131n\u0131 itiraf etti! CNNTURK`te Saba T\u00fcmer`in program\u0131na konuk olan Atasoy, bir d\u00f6nem Bulgaristan`da ya\u015fad\u0131\u011f\u0131n\u0131 anlatt\u0131:\u00c7ok ucuzdu`K\u00fc\u00e7\u00fckt\u00fcm.\u2026","rel":"","context":"&quot;Haberler&quot; i\u00e7inde","block_context":{"text":"Haberler","link":"https:\/\/www.gocmeniz.biz\/?cat=5"},"img":{"alt_text":"","src":"","width":0,"height":0},"classes":[]}],"jetpack_sharing_enabled":true,"jetpack_likes_enabled":true,"_links":{"self":[{"href":"https:\/\/www.gocmeniz.biz\/index.php?rest_route=\/wp\/v2\/posts\/1918","targetHints":{"allow":["GET"]}}],"collection":[{"href":"https:\/\/www.gocmeniz.biz\/index.php?rest_route=\/wp\/v2\/posts"}],"about":[{"href":"https:\/\/www.gocmeniz.biz\/index.php?rest_route=\/wp\/v2\/types\/post"}],"author":[{"embeddable":true,"href":"https:\/\/www.gocmeniz.biz\/index.php?rest_route=\/wp\/v2\/users\/331"}],"replies":[{"embeddable":true,"href":"https:\/\/www.gocmeniz.biz\/index.php?rest_route=%2Fwp%2Fv2%2Fcomments&post=1918"}],"version-history":[{"count":1,"href":"https:\/\/www.gocmeniz.biz\/index.php?rest_route=\/wp\/v2\/posts\/1918\/revisions"}],"predecessor-version":[{"id":8855,"href":"https:\/\/www.gocmeniz.biz\/index.php?rest_route=\/wp\/v2\/posts\/1918\/revisions\/8855"}],"wp:attachment":[{"href":"https:\/\/www.gocmeniz.biz\/index.php?rest_route=%2Fwp%2Fv2%2Fmedia&parent=1918"}],"wp:term":[{"taxonomy":"category","embeddable":true,"href":"https:\/\/www.gocmeniz.biz\/index.php?rest_route=%2Fwp%2Fv2%2Fcategories&post=1918"},{"taxonomy":"post_tag","embeddable":true,"href":"https:\/\/www.gocmeniz.biz\/index.php?rest_route=%2Fwp%2Fv2%2Ftags&post=1918"}],"curies":[{"name":"wp","href":"https:\/\/api.w.org\/{rel}","templated":true}]}}