{"id":1921,"date":"2009-11-14T11:43:45","date_gmt":"2009-11-14T09:43:45","guid":{"rendered":"http:\/\/www.gocmeniz.biz\/?p=1921"},"modified":"2026-04-03T12:25:37","modified_gmt":"2026-04-03T09:25:37","slug":"yeni-yilda-100-bin-calisanin-daha-issiz-kalmasi-bekleniyor","status":"publish","type":"post","link":"https:\/\/www.gocmeniz.biz\/?p=1921","title":{"rendered":"Yeni y\u0131lda 100 bin \u00e7al\u0131\u015fan\u0131n daha i\u015fsiz kalmas\u0131 bekleniyor"},"content":{"rendered":"<p><b>\u00c7al\u0131\u015fma ve Sosyal Politika Bakan\u0131 Totyu Mladenov yapt\u0131\u011f\u0131 a\u00e7\u0131klamas\u0131nda, son zamanlarda krizden dolay\u0131 i\u015f\u00e7i \u00e7\u0131karmalar\u0131n\u0131n artt\u0131\u011f\u0131n\u0131 ve \u00fclkedeki istihdam b\u00fcrolar\u0131nda kay\u0131tl\u0131 i\u015fsiz say\u0131s\u0131n\u0131n art\u0131k 300 bini a\u015ft\u0131\u011f\u0131n\u0131 dile getirdi.<\/b><\/p>\n<p>Eyl\u00fcl ay\u0131nda i\u015fsizlik oran\u0131n\u0131n y\u00fczde 8.03 oldu\u011funu hat\u0131rlatan Bakan Mladenov,&nbsp; ekim\u2019de bu oran\u0131n y\u00fczde 8.23\u2019e y\u00fckseldi\u011fini bildirdi. Ancak bu istatistiklerin kay\u0131t d\u0131\u015f\u0131 ekonomi sekt\u00f6r\u00fcn\u00fc kapsamad\u0131\u011f\u0131 a\u00e7\u0131kland\u0131 ve Bulgaristan Sanayi Odas\u0131 (BSK) verilerine g\u00f6re bu sekt\u00f6rde \u00e7al\u0131\u015fan say\u0131s\u0131n\u0131n 160 bin oldu\u011fu tahmin ediliyor. Bakan Mladenov\u2019un y\u0131l sonuna kadar i\u015fsizlik oran\u0131n\u0131n&nbsp; y\u00fczde 9.5\u2019i a\u015fmayaca\u011f\u0131 g\u00f6r\u00fc\u015f\u00fcne kat\u0131lmayan sendikalar ve i\u015fveren kurulu\u015flar\u0131, bu oran\u0131n daha da y\u00fcksek olaca\u011f\u0131n\u0131 ve&nbsp; y\u0131l sonunda 80 ila 100 bin \u00e7al\u0131\u015fan\u0131n daha i\u015fsiz kalaca\u011f\u0131n\u0131 tahmin ediyor.<\/p>\n<p><\/p>\n<div class=\"zemanta-pixie\"><img data-recalc-dims=\"1\"  title=\"\" decoding=\"async\" class=\"zemanta-pixie-img\"  alt=\"pixy Yeni y\u0131lda 100 bin \u00e7al\u0131\u015fan\u0131n daha i\u015fsiz kalmas\u0131 bekleniyor\"  src=\"https:\/\/i0.wp.com\/img.zemanta.com\/pixy.gif?w=640\" \/><\/div>\n","protected":false},"excerpt":{"rendered":"<p>\u00c7al\u0131\u015fma ve Sosyal Politika Bakan\u0131 Totyu Mladenov yapt\u0131\u011f\u0131 a\u00e7\u0131klamas\u0131nda, son zamanlarda krizden dolay\u0131 i\u015f\u00e7i \u00e7\u0131karmalar\u0131n\u0131n artt\u0131\u011f\u0131n\u0131 ve \u00fclkedeki istihdam b\u00fcrolar\u0131nda kay\u0131tl\u0131 i\u015fsiz say\u0131s\u0131n\u0131n art\u0131k 300 bini a\u015ft\u0131\u011f\u0131n\u0131 dile getirdi. Eyl\u00fcl ay\u0131nda i\u015fsizlik oran\u0131n\u0131n y\u00fczde 8.03 oldu\u011funu hat\u0131rlatan Bakan Mladenov,&nbsp; ekim\u2019de bu oran\u0131n y\u00fczde 8.23\u2019e y\u00fckseldi\u011fini bildirdi. Ancak bu istatistiklerin kay\u0131t d\u0131\u015f\u0131 ekonomi sekt\u00f6r\u00fcn\u00fc kapsamad\u0131\u011f\u0131 a\u00e7\u0131kland\u0131 [&hellip;]<\/p>\n","protected":false},"author":331,"featured_media":0,"comment_status":"open","ping_status":"open","sticky":false,"template":"","format":"standard","meta":{"advanced_seo_description":"","jetpack_seo_html_title":"","jetpack_seo_noindex":false,"ngg_post_thumbnail":0,"jetpack_post_was_ever_published":false,"_jetpack_newsletter_access":"","_jetpack_dont_email_post_to_subs":false,"_jetpack_newsletter_tier_id":0,"_jetpack_memberships_contains_paywalled_content":false,"_jetpack_memberships_contains_paid_content":false,"footnotes":""},"categories":[5],"tags":[],"class_list":["post-1921","post","type-post","status-publish","format-standard","hentry","category-haberler"],"jetpack_featured_media_url":"","jetpack_shortlink":"https:\/\/wp.me\/paHHlZ-uZ","jetpack-related-posts":[{"id":2089,"url":"https:\/\/www.gocmeniz.biz\/?p=2089","url_meta":{"origin":1921,"position":0},"title":"AB\u2019den yard\u0131m isteme s\u0131ras\u0131 Bulgaristan\u2019da","author":"Haberci","date":"24 \u015eubat 2010","format":false,"excerpt":"EKONOM\u0130K krizin olumsuz etkilerinin giderek daha fazla hissedilmeye ba\u015fland\u0131\u011f\u0131 Bulgaristan\u2019da i\u015fsizlik oran\u0131 rekor d\u00fczeyde art\u0131yor. Bulgaristan i\u015f ve i\u015f\u00e7i bulma kurumundan yap\u0131lan a\u00e7\u0131klamada, ge\u00e7en Ocak ay\u0131nda i\u015fsizler ordusuna 28 bin ki\u015finin daha eklendi\u011fi ve i\u015fsiz say\u0131s\u0131n\u0131n 366 bin 887\u2019ye ula\u015ft\u0131\u011f\u0131 bildirildi. A\u00e7\u0131klamada, \u00e7al\u0131\u015fabilir n\u00fcfus aras\u0131nda resmi i\u015fsizlik oran\u0131n\u0131n y\u00fczde 9.9\u2026","rel":"","context":"&quot;Haberler&quot; i\u00e7inde","block_context":{"text":"Haberler","link":"https:\/\/www.gocmeniz.biz\/?cat=5"},"img":{"alt_text":"","src":"","width":0,"height":0},"classes":[]},{"id":157,"url":"https:\/\/www.gocmeniz.biz\/?p=157","url_meta":{"origin":1921,"position":1},"title":"Bulgaristan\u2019da i\u015fsizlik oran\u0131 Avrupa normlar\u0131na yakla\u015ft\u0131","author":"Admin","date":"17 A\u011fustos 2007","format":false,"excerpt":"Bulgaristan \u0130stihdam Ajans\u0131, Temmuz ay\u0131 itibar\u0131yla \u00fclkede i\u015fsizlik oran\u0131n\u0131n y\u00fczde 7,25 ve temmuz 2006\u2019ya k\u0131yasla 1,71 puan d\u00fc\u015ft\u00fc\u011f\u00fcn\u00fc ve b\u00f6ylece Avrupa\u2019daki ortalama d\u00fczeye yakla\u015ft\u0131\u011f\u0131n\u0131 a\u00e7\u0131klad\u0131. \u0130\u015f bulma kurumlar\u0131nda Temmuz ay\u0131nda kay\u0131tlar yakla\u015f\u0131k 268 500\u2019ye kadar azald\u0131. Bir y\u0131l i\u00e7inde 63 bin azal\u0131yorlar. \u0130\u015fsizlerin toplam say\u0131s\u0131nda en b\u00fcy\u00fck pay\u0131 y\u00fczde 58,8\u2026","rel":"","context":"&quot;Haberler&quot; i\u00e7inde","block_context":{"text":"Haberler","link":"https:\/\/www.gocmeniz.biz\/?cat=5"},"img":{"alt_text":"","src":"","width":0,"height":0},"classes":[]},{"id":1894,"url":"https:\/\/www.gocmeniz.biz\/?p=1894","url_meta":{"origin":1921,"position":2},"title":"Domuz gribi \u00e7apk\u0131nlar\u0131n ka\u00e7amak turizmini bitirdi","author":"Haberci","date":"05 Kas\u0131m 2009","format":false,"excerpt":"T\u00fcrk \u00e7apk\u0131nlar\u0131n g\u00f6zde mekanlar\u0131 aras\u0131nda yer alan Ukrayna, Romanya ve Rusya`da domuz gribi salg\u0131n\u0131 h\u0131zlan\u0131nca bu \u00fclkelere turlar y\u00fczde 75 azald\u0131. Domuz gribinin yaratt\u0131\u011f\u0131 panik `uluslararas\u0131` T\u00fcrk \u00e7apk\u0131nlar\u0131n g\u00f6zde mekanlar\u0131ndan Ukrayna, Rusya, Romanya ve \u00c7ek Cumhuriyeti gibi \u00fclkelere yap\u0131lan turlar\u0131 vurdu. Gribe neden olan H1N1 vir\u00fcs\u00fcn\u00fcn d\u00fc\u015f\u00fck hava s\u0131cakl\u0131\u011f\u0131nda aktifle\u015fmesi\u2026","rel":"","context":"&quot;Haberler&quot; i\u00e7inde","block_context":{"text":"Haberler","link":"https:\/\/www.gocmeniz.biz\/?cat=5"},"img":{"alt_text":"","src":"","width":0,"height":0},"classes":[]},{"id":1570,"url":"https:\/\/www.gocmeniz.biz\/?p=1570","url_meta":{"origin":1921,"position":3},"title":"AB`nin `E\u011fitim Verileri` raporunda `T\u00fcrkiye hari\u00e7` bollu\u011fu","author":"Haberci","date":"20 Temmuz 2009","format":false,"excerpt":"Avrupa Komisyonu`nun ge\u00e7en hafta sonu a\u00e7\u0131klad\u0131\u011f\u0131 `E\u011fitim \u00dczerine Ana Veriler 2009` raporunda T\u00fcrkiye ve Avrupa`n\u0131n e\u011fitim verileri kar\u015f\u0131la\u015ft\u0131r\u0131ld\u0131, e\u011fitimde olumlu geli\u015fmelerle ilgili bir\u00e7ok b\u00f6l\u00fcme `T\u00fcrkiye hari\u00e7` kayd\u0131 d\u00fc\u015f\u00fclmesi dikkat \u00e7ekti. Rapordan: Avrupa \u00fclkelerinde \u00f6\u011fretmen ba\u015f\u0131na 10 \u00f6\u011frenci d\u00fc\u015f\u00fcyor, T\u00fcrkiye`de ise `dikkati \u00e7ekecek kadar fazla` 25 \u00f6\u011frenci bir \u00f6\u011fretmenden yararlan\u0131yor\u2026 \u00dcniversite\u2026","rel":"","context":"&quot;Haberler&quot; i\u00e7inde","block_context":{"text":"Haberler","link":"https:\/\/www.gocmeniz.biz\/?cat=5"},"img":{"alt_text":"","src":"","width":0,"height":0},"classes":[]},{"id":1494,"url":"https:\/\/www.gocmeniz.biz\/?p=1494","url_meta":{"origin":1921,"position":4},"title":"T\u00fcrkiye`deki 300 bin Bulgaristan vatanda\u015f\u0131n\u0131n g\u00f6z\u00fc se\u00e7imlerde","author":"Haberci","date":"05 Temmuz 2009","format":false,"excerpt":"Bulgaristan`\u0131n devrik liderlerinden Jivkov d\u00f6neminde asimilasyon tehdidine maruz kald\u0131\u011f\u0131 i\u00e7in T\u00fcrkiye`ye g\u00f6\u00e7 etmek zorunda kalan 300 bin T\u00fcrk`\u00fcn kalbi, bir kez daha se\u00e7imler i\u00e7in \u00e7arp\u0131yor. Bulgaristan T\u00fcrkleri K\u00fclt\u00fcr ve Yard\u0131mla\u015fma Derne\u011fi`nin verdi\u011fi bilgiye g\u00f6re 250 bine yak\u0131n T\u00fcrk, T\u00fcrkiye`de, geri kalan\u0131 ise Bulgaristan`da se\u00e7ime kat\u0131lacak.Bu rakam Bulgaristan d\u0131\u015f\u0131nda, genel se\u00e7imlerde\u2026","rel":"","context":"&quot;Haberler&quot; i\u00e7inde","block_context":{"text":"Haberler","link":"https:\/\/www.gocmeniz.biz\/?cat=5"},"img":{"alt_text":"","src":"","width":0,"height":0},"classes":[]},{"id":2031,"url":"https:\/\/www.gocmeniz.biz\/?p=2031","url_meta":{"origin":1921,"position":5},"title":"Bulgaristan&#8217;da 380 bin ki\u015fi sa\u011fl\u0131k sigortas\u0131 hakk\u0131n\u0131 kaybedecek","author":"Haberci","date":"11 Ocak 2010","format":false,"excerpt":"Sa\u011fl\u0131k Sigortas\u0131 Yasas\u0131\u2019nda 1 Ocak\u2019tan itibaren y\u00fcr\u00fcrl\u00fc\u011fe giren de\u011fi\u015fiklikler sonucu yakla\u015f\u0131k 380 bin ki\u015finin sa\u011fl\u0131k sigortas\u0131 hakk\u0131n\u0131 kaybetme tehlikesi bulundu\u011fu a\u00e7\u0131kland\u0131. Ulusal Gelirler Ajans\u0131 (NAP) \u2018Sigorta Metodolojisi\u2019 dairesi ba\u015fkan\u0131 Katya Ka\u015f\u0131mova, yeni yasan\u0131n 36 ay i\u00e7inde 3 aydan fazla sigorta borcunu \u00f6demeyenlerin sa\u011fl\u0131k haklar\u0131ndan mahrum olaca\u011f\u0131n\u0131 \u00f6ng\u00f6rd\u00fc\u011f\u00fcn\u00fc s\u00f6yledi. \u00d6nceki uygulamaya\u2026","rel":"","context":"&quot;Haberler&quot; i\u00e7inde","block_context":{"text":"Haberler","link":"https:\/\/www.gocmeniz.biz\/?cat=5"},"img":{"alt_text":"","src":"","width":0,"height":0},"classes":[]}],"jetpack_sharing_enabled":true,"jetpack_likes_enabled":true,"_links":{"self":[{"href":"https:\/\/www.gocmeniz.biz\/index.php?rest_route=\/wp\/v2\/posts\/1921","targetHints":{"allow":["GET"]}}],"collection":[{"href":"https:\/\/www.gocmeniz.biz\/index.php?rest_route=\/wp\/v2\/posts"}],"about":[{"href":"https:\/\/www.gocmeniz.biz\/index.php?rest_route=\/wp\/v2\/types\/post"}],"author":[{"embeddable":true,"href":"https:\/\/www.gocmeniz.biz\/index.php?rest_route=\/wp\/v2\/users\/331"}],"replies":[{"embeddable":true,"href":"https:\/\/www.gocmeniz.biz\/index.php?rest_route=%2Fwp%2Fv2%2Fcomments&post=1921"}],"version-history":[{"count":1,"href":"https:\/\/www.gocmeniz.biz\/index.php?rest_route=\/wp\/v2\/posts\/1921\/revisions"}],"predecessor-version":[{"id":8970,"href":"https:\/\/www.gocmeniz.biz\/index.php?rest_route=\/wp\/v2\/posts\/1921\/revisions\/8970"}],"wp:attachment":[{"href":"https:\/\/www.gocmeniz.biz\/index.php?rest_route=%2Fwp%2Fv2%2Fmedia&parent=1921"}],"wp:term":[{"taxonomy":"category","embeddable":true,"href":"https:\/\/www.gocmeniz.biz\/index.php?rest_route=%2Fwp%2Fv2%2Fcategories&post=1921"},{"taxonomy":"post_tag","embeddable":true,"href":"https:\/\/www.gocmeniz.biz\/index.php?rest_route=%2Fwp%2Fv2%2Ftags&post=1921"}],"curies":[{"name":"wp","href":"https:\/\/api.w.org\/{rel}","templated":true}]}}