{"id":1927,"date":"2009-11-16T10:37:01","date_gmt":"2009-11-16T08:37:01","guid":{"rendered":"http:\/\/www.gocmeniz.biz\/?p=1927"},"modified":"2026-04-03T12:17:07","modified_gmt":"2026-04-03T09:17:07","slug":"cek-cumhuriyeti-formula-1e-talip","status":"publish","type":"post","link":"https:\/\/www.gocmeniz.biz\/?p=1927","title":{"rendered":"\u00c7ek Cumhuriyeti Formula 1`e talip"},"content":{"rendered":"<p><b>Bulgaristan`\u0131n Formula 1 yar\u0131\u015fmas\u0131 d\u00fczenlemekten vazge\u00e7mesinin ard\u0131ndan \u00c7ek Cumhuriyeti bu yar\u0131\u015fmay\u0131 d\u00fczenlemek i\u00e7in d\u00fc\u011fmeye bast\u0131. <\/b><\/p>\n<p>\u00c7ek yetkililer, 3 y\u0131l i\u00e7inde Formula 1 yar\u0131\u015fmas\u0131n\u0131n Prag`da d\u00fczenlenebilmesini \u00e7ok istediklerini, Prag caddelerinde kurulacak olan ge\u00e7ici pist kurarak yar\u0131\u015fman\u0131n \u015fehrin merkezinde yap\u0131lmas\u0131n\u0131 istediklerini a\u00e7\u0131klad\u0131. Formula 1`in sahibi Bernie Ecclestone ile bir dizi toplant\u0131 yapt\u0131klar\u0131n\u0131 a\u00e7\u0131klayan \u00c7ek yetkililer, Ecclestone`nin projeye \u00e7ok s\u0131cak bakt\u0131\u011f\u0131n\u0131, projenin beklendi\u011fi gibi gitmesi halinde Formula 1`in \u00c7ek Cumhuriyeti aya\u011f\u0131n\u0131n 2012 y\u0131l\u0131nda d\u00fczenlenebilece\u011fi a\u00e7\u0131kland\u0131.<!--more--><\/p>\n<p>16.11.2009<\/p>\n<p><i>Yasal Uyar\u0131: Yay\u0131nlanan k\u00f6\u015fe yaz\u0131s\u0131\/haberin t\u00fcm haklar\u0131 Diyalog Gazetecilik San. ve Tic. Ltd. \u015eti.`ne aittir. Kaynak g\u00f6sterilse dahi k\u00f6\u015fe yaz\u0131s\u0131\/haberin tamam\u0131 \u00f6zel izin al\u0131nmadan kullan\u0131lamaz. Ancak al\u0131nt\u0131lanan k\u00f6\u015fe yaz\u0131s\u0131\/haberin bir b\u00f6l\u00fcm\u00fc, al\u0131nt\u0131lanan k\u00f6\u015fe yaz\u0131s\u0131\/habere aktif link verilerek kullan\u0131labilir.<\/i><\/p>\n<div class=\"zemanta-pixie\"><img data-recalc-dims=\"1\"  title=\"\" decoding=\"async\" class=\"zemanta-pixie-img\"  alt=\"pixy \u00c7ek Cumhuriyeti Formula 1`e talip\"  src=\"https:\/\/i0.wp.com\/img.zemanta.com\/pixy.gif?w=640\" \/><\/div>\n","protected":false},"excerpt":{"rendered":"<p>Bulgaristan`\u0131n Formula 1 yar\u0131\u015fmas\u0131 d\u00fczenlemekten vazge\u00e7mesinin ard\u0131ndan \u00c7ek Cumhuriyeti bu yar\u0131\u015fmay\u0131 d\u00fczenlemek i\u00e7in d\u00fc\u011fmeye bast\u0131. \u00c7ek yetkililer, 3 y\u0131l i\u00e7inde Formula 1 yar\u0131\u015fmas\u0131n\u0131n Prag`da d\u00fczenlenebilmesini \u00e7ok istediklerini, Prag caddelerinde kurulacak olan ge\u00e7ici pist kurarak yar\u0131\u015fman\u0131n \u015fehrin merkezinde yap\u0131lmas\u0131n\u0131 istediklerini a\u00e7\u0131klad\u0131. Formula 1`in sahibi Bernie Ecclestone ile bir dizi toplant\u0131 yapt\u0131klar\u0131n\u0131 a\u00e7\u0131klayan \u00c7ek yetkililer, Ecclestone`nin projeye [&hellip;]<\/p>\n","protected":false},"author":331,"featured_media":0,"comment_status":"open","ping_status":"open","sticky":false,"template":"","format":"standard","meta":{"advanced_seo_description":"","jetpack_seo_html_title":"","jetpack_seo_noindex":false,"ngg_post_thumbnail":0,"jetpack_post_was_ever_published":false,"_jetpack_newsletter_access":"","_jetpack_dont_email_post_to_subs":false,"_jetpack_newsletter_tier_id":0,"_jetpack_memberships_contains_paywalled_content":false,"_jetpack_memberships_contains_paid_content":false,"footnotes":""},"categories":[5],"tags":[],"class_list":["post-1927","post","type-post","status-publish","format-standard","hentry","category-haberler"],"jetpack_featured_media_url":"","jetpack_shortlink":"https:\/\/wp.me\/paHHlZ-v5","jetpack-related-posts":[{"id":1931,"url":"https:\/\/www.gocmeniz.biz\/?p=1931","url_meta":{"origin":1927,"position":0},"title":"Bulgaristan`\u0131n do\u011falgaz\u0131 T\u00fcrkiye`den ge\u00e7ecek","author":"Haberci","date":"16 Kas\u0131m 2009","format":false,"excerpt":"Bulgaristan, Azerbaycan`dan do\u011falgaz sat\u0131n alacak. Do\u011falgazda Rusya`ya ba\u011f\u0131ml\u0131l\u0131ktan kurtulmay\u0131 ama\u00e7layan Bulgaristan ile Azerbaycan aras\u0131ndaki do\u011fal gaz anla\u015fmas\u0131 uyar\u0131nca, Azerbaycan, 2011 y\u0131l\u0131ndan itibaren, her y\u0131l Bulgaristan`a 1 milyar metre k\u00fcp do\u011fal gaz sa\u011flayacak. AB ENERJ\u0130 ORTAKLI\u011eI Anla\u015fmay\u0131 Azerbaycan ad\u0131na imzalayan Cumhurba\u015fkan\u0131 \u0130lham Aliyev, Bulgaristan ile imzalanan do\u011falgaz tedarik anla\u015fmas\u0131n\u0131n, Azerbaycan`\u0131n, Avrupa\u2026","rel":"","context":"&quot;Haberler&quot; i\u00e7inde","block_context":{"text":"Haberler","link":"https:\/\/www.gocmeniz.biz\/?cat=5"},"img":{"alt_text":"","src":"","width":0,"height":0},"classes":[]},{"id":778,"url":"https:\/\/www.gocmeniz.biz\/?p=778","url_meta":{"origin":1927,"position":1},"title":"\u00c7EK CUMHUR\u0130YET\u0130, BULGAR\u0130STAN&#8217;DAN \u00d6Z\u00dcR D\u0130LED\u0130","author":"Haberci","date":"15 Ocak 2009","format":false,"excerpt":"Avrupa Birli\u011fi (AB) D\u00f6nem Ba\u015fkan\u0131 \u00c7ek Cumhuriyeti, AB Konseyi binas\u0131ndaki sergide Bulgaristan'\u0131 bir alaturka tuvalet olarak resmedilmesi nedeniyle \u00f6z\u00fcr diledi.\u00c7ek Cumhuriyeti'nin alt\u0131 ay s\u00fcreli AB d\u00f6nem ba\u015fkanl\u0131\u011f\u0131n\u0131n ba\u015flamas\u0131 dolay\u0131s\u0131yla temsiller Br\u00fcksel'deki Justus Lipsius binas\u0131na yerle\u015ftirilmi\u015fti. Bulgaristan, alaturka tuvalet olarak temsil edilmesini k\u0131nam\u0131\u015ft\u0131. \u00c7ek yetkililer, temsillerin 27 ayr\u0131 Avrupa sanat\u00e7\u0131s\u0131na sipari\u015f\u2026","rel":"","context":"&quot;Haberler&quot; i\u00e7inde","block_context":{"text":"Haberler","link":"https:\/\/www.gocmeniz.biz\/?cat=5"},"img":{"alt_text":"","src":"","width":0,"height":0},"classes":[]},{"id":44,"url":"https:\/\/www.gocmeniz.biz\/?p=44","url_meta":{"origin":1927,"position":2},"title":"K\u00f6\u015fe yaz\u0131s\u0131..","author":"Admin","date":"04 Nisan 2007","format":false,"excerpt":"","rel":"","context":"&quot;Duyurular&quot; i\u00e7inde","block_context":{"text":"Duyurular","link":"https:\/\/www.gocmeniz.biz\/?cat=8"},"img":{"alt_text":"Melek - Bir \u00c7ocu\u011fun G\u00f6z\u00fcnden ","src":"https:\/\/i0.wp.com\/www.gocmeniz.biz\/images\/uzguncocuk.gif?resize=350%2C200","width":350,"height":200},"classes":[]},{"id":855,"url":"https:\/\/www.gocmeniz.biz\/?p=855","url_meta":{"origin":1927,"position":3},"title":"Melih A\u015f\u0131k&#8217;\u0131n K\u00f6\u015fe Yaz\u0131s\u0131ndan;","author":"Haberci","date":"23 \u015eubat 2009","format":false,"excerpt":"Uyumay\u0131n beyler!G\u00f6z\u00fcm\u00fcz ayd\u0131n! Ermeni, Pontus, S\u00fcryani, Keldani derken nurtopu gibi bir \u00e7ocu\u011fumuz daha oldu: Bulgar soyk\u0131r\u0131m\u0131. Bulgaristan\u2019daki a\u015f\u0131r\u0131 sa\u011fc\u0131 Ataka (Sald\u0131r\u0131) partisi Sofya B\u00fcy\u00fckel\u00e7ili\u011fimiz \u00f6n\u00fcnde d\u00fczenledi\u011fi protesto g\u00f6sterisinde T\u00fcrkiye\u2019nin, \u201cOsmanl\u0131 \u0130mparatorlu\u011fu d\u00f6neminde uygulad\u0131\u011f\u0131 Bulgar soyk\u0131r\u0131m\u0131\u201d nedeniyle \u00f6z\u00fcr dilemesini istedi. Okurumuz Ercan D\u00fcz, g\u00f6nderdi\u011fi notta aynen \u015f\u00f6yle diyor:\u201cHaberi gazetelerde okuyunca fena\u2026","rel":"","context":"&quot;Haberler&quot; i\u00e7inde","block_context":{"text":"Haberler","link":"https:\/\/www.gocmeniz.biz\/?cat=5"},"img":{"alt_text":"","src":"https:\/\/i0.wp.com\/www.internethaber.com\/images\/news\/32386.jpg?resize=350%2C200","width":350,"height":200},"classes":[]},{"id":1579,"url":"https:\/\/www.gocmeniz.biz\/?p=1579","url_meta":{"origin":1927,"position":4},"title":"Yunan Filarmoni Orkestras\u0131 Sar\u0131yer`de Konser Verecek","author":"Haberci","date":"23 Temmuz 2009","format":false,"excerpt":"Yunanistan`\u0131n Egion kenti filarmoni orkestras\u0131 Efterpi, 29 Temmuz \u00c7ar\u015famba g\u00fcn\u00fc Sar\u0131yer`de konser verecek.Sar\u0131yer Belediyesi`nden yap\u0131lan yaz\u0131l\u0131 a\u00e7\u0131klamaya g\u00f6re, belediye ile Sar\u0131yer Rum Cemaat Vak\u0131flar\u0131 taraf\u0131ndan d\u00fczenlenen konser, Sar\u0131yer`deki Dar\u00fcl\u015fafaka Tesisleri Anfi Tiyatrosu`nda yap\u0131lacak. Konsere, Fener Rum Patri\u011fi Bartholomeos ile Ermeni Patrik Vekili Aram Ate\u015f ba\u015fta olmak \u00fczere sanat ve siyaset\u2026","rel":"","context":"&quot;Haberler&quot; i\u00e7inde","block_context":{"text":"Haberler","link":"https:\/\/www.gocmeniz.biz\/?cat=5"},"img":{"alt_text":"","src":"","width":0,"height":0},"classes":[]},{"id":476,"url":"https:\/\/www.gocmeniz.biz\/?p=476","url_meta":{"origin":1927,"position":5},"title":"GAZ\u00dc&#8217;L\u00dc \u00d6\u011eRENC\u0130LER, AB FONLARIYLA BULGAR\u0130STAN&#8217;DA PEDAL \u00c7EV\u0130RECEK","author":"Haberci","date":"29 Temmuz 2008","format":false,"excerpt":"Gaziantep \u00dcniversitesi (GAZ\u00dc) \u00f6\u011frencileri, Avrupa Birli\u011fi E\u011fitim ve Gen\u00e7lik Programlar\u0131 Merkezi Ba\u015fkanl\u0131\u011f\u0131 taraf\u0131ndan y\u00fcr\u00fct\u00fclen 'Avrupa G\u00f6n\u00fcll\u00fc Hizmeti Program\u0131 \u00e7er\u00e7evesinde Bulgaristan'a gitti. \u00dcniversiteli gen\u00e7ler, bu \u00fclkedeki bir ayl\u0131k zaman diliminde bisiklet kullan\u0131m e\u011fitiminin yan\u0131 s\u0131ra dil kursu ve bisiklet turlar\u0131na kat\u0131lacak. GAZ\u00dc AB Ofisi Koordinat\u00f6r\u00fc Prof. Dr. Mustafa \u00d6zak\u00e7a, \"Bikearea Association\"un\u2026","rel":"","context":"&quot;Haberler&quot; i\u00e7inde","block_context":{"text":"Haberler","link":"https:\/\/www.gocmeniz.biz\/?cat=5"},"img":{"alt_text":"","src":"","width":0,"height":0},"classes":[]}],"jetpack_sharing_enabled":true,"jetpack_likes_enabled":true,"_links":{"self":[{"href":"https:\/\/www.gocmeniz.biz\/index.php?rest_route=\/wp\/v2\/posts\/1927","targetHints":{"allow":["GET"]}}],"collection":[{"href":"https:\/\/www.gocmeniz.biz\/index.php?rest_route=\/wp\/v2\/posts"}],"about":[{"href":"https:\/\/www.gocmeniz.biz\/index.php?rest_route=\/wp\/v2\/types\/post"}],"author":[{"embeddable":true,"href":"https:\/\/www.gocmeniz.biz\/index.php?rest_route=\/wp\/v2\/users\/331"}],"replies":[{"embeddable":true,"href":"https:\/\/www.gocmeniz.biz\/index.php?rest_route=%2Fwp%2Fv2%2Fcomments&post=1927"}],"version-history":[{"count":1,"href":"https:\/\/www.gocmeniz.biz\/index.php?rest_route=\/wp\/v2\/posts\/1927\/revisions"}],"predecessor-version":[{"id":8679,"href":"https:\/\/www.gocmeniz.biz\/index.php?rest_route=\/wp\/v2\/posts\/1927\/revisions\/8679"}],"wp:attachment":[{"href":"https:\/\/www.gocmeniz.biz\/index.php?rest_route=%2Fwp%2Fv2%2Fmedia&parent=1927"}],"wp:term":[{"taxonomy":"category","embeddable":true,"href":"https:\/\/www.gocmeniz.biz\/index.php?rest_route=%2Fwp%2Fv2%2Fcategories&post=1927"},{"taxonomy":"post_tag","embeddable":true,"href":"https:\/\/www.gocmeniz.biz\/index.php?rest_route=%2Fwp%2Fv2%2Ftags&post=1927"}],"curies":[{"name":"wp","href":"https:\/\/api.w.org\/{rel}","templated":true}]}}