{"id":1937,"date":"2009-11-19T16:12:15","date_gmt":"2009-11-19T14:12:15","guid":{"rendered":"http:\/\/www.gocmeniz.biz\/?p=1937"},"modified":"2026-04-03T12:25:37","modified_gmt":"2026-04-03T09:25:37","slug":"ivankov-milli-takimi-birakti","status":"publish","type":"post","link":"https:\/\/www.gocmeniz.biz\/?p=1937","title":{"rendered":"Ivankov milli tak\u0131m\u0131 b\u0131rakt\u0131"},"content":{"rendered":"<p><i>A.A.<\/i>\t<br \/><b>Bursaspor&#8217;un Bulgar kalecisi Dimitar Ivankov, milli tak\u0131m\u0131 b\u0131rakt\u0131\u011f\u0131n\u0131 a\u00e7\u0131klad\u0131.<\/b><\/p>\n<p>Ivankov, d\u00fcn Malta&#8217;ya 4-1 \u00fcst\u00fcnl\u00fckle biten dostluk ma\u00e7\u0131ndan sonra gazetecilere yapt\u0131\u011f\u0131 a\u00e7\u0131klamada, Bulgaristan Milli Tak\u0131m\u0131&#8217;n\u0131 b\u0131rakt\u0131\u011f\u0131n\u0131 duyurdu.<\/p>\n<p>34 ya\u015f\u0131ndaki futbolcu, \u201cMilli formay\u0131 b\u0131rakt\u0131m ve bu, benim son karar\u0131m\u201d dedi. Ivankov, 62 kez milli olmu\u015ftu.<\/p>\n<div class=\"zemanta-pixie\"><img data-recalc-dims=\"1\"  title=\"\" decoding=\"async\" class=\"zemanta-pixie-img\"  alt=\"pixy Ivankov milli tak\u0131m\u0131 b\u0131rakt\u0131\"  src=\"https:\/\/i0.wp.com\/img.zemanta.com\/pixy.gif?w=640\" \/><\/div>\n","protected":false},"excerpt":{"rendered":"<p>A.A. Bursaspor&#8217;un Bulgar kalecisi Dimitar Ivankov, milli tak\u0131m\u0131 b\u0131rakt\u0131\u011f\u0131n\u0131 a\u00e7\u0131klad\u0131. Ivankov, d\u00fcn Malta&#8217;ya 4-1 \u00fcst\u00fcnl\u00fckle biten dostluk ma\u00e7\u0131ndan sonra gazetecilere yapt\u0131\u011f\u0131 a\u00e7\u0131klamada, Bulgaristan Milli Tak\u0131m\u0131&#8217;n\u0131 b\u0131rakt\u0131\u011f\u0131n\u0131 duyurdu. 34 ya\u015f\u0131ndaki futbolcu, \u201cMilli formay\u0131 b\u0131rakt\u0131m ve bu, benim son karar\u0131m\u201d dedi. Ivankov, 62 kez milli olmu\u015ftu.<\/p>\n","protected":false},"author":331,"featured_media":0,"comment_status":"open","ping_status":"open","sticky":false,"template":"","format":"standard","meta":{"advanced_seo_description":"","jetpack_seo_html_title":"","jetpack_seo_noindex":false,"ngg_post_thumbnail":0,"jetpack_post_was_ever_published":false,"_jetpack_newsletter_access":"","_jetpack_dont_email_post_to_subs":false,"_jetpack_newsletter_tier_id":0,"_jetpack_memberships_contains_paywalled_content":false,"_jetpack_memberships_contains_paid_content":false,"footnotes":""},"categories":[5],"tags":[],"class_list":["post-1937","post","type-post","status-publish","format-standard","hentry","category-haberler"],"jetpack_featured_media_url":"","jetpack_shortlink":"https:\/\/wp.me\/paHHlZ-vf","jetpack-related-posts":[{"id":404,"url":"https:\/\/www.gocmeniz.biz\/?p=404","url_meta":{"origin":1937,"position":0},"title":"BURSASPOR KALEC\u0130 \u0130VANKOV \u0130LE PRENS\u0130PTE ANLA\u015eTI","author":"Admin","date":"31 May\u0131s 2008","format":false,"excerpt":"Yeni sezonda g\u00fc\u00e7l\u00fc bir kadro kurmak i\u00e7in \u00e7al\u0131\u015fan Bursaspor, Kayserispor'un Bulgar kalecisi Dimitar Ivankov anla\u015ft\u0131. 1.88 boyundaki kaleci ile 2 y\u0131ll\u0131k anla\u015fma sa\u011fland\u0131\u011f\u0131 ifade edildi.2008-2009 sezonunda revizyona gidecek olan Bursaspor ge\u00e7en sezon Venezuela Milli Tak\u0131m\u0131 kalecisi Renny Vega'dan istedi\u011fi verimi alamam\u0131\u015ft\u0131. Bursaspor'un, Kayserispor'un ve Bulgaristan Milli Tak\u0131m\u0131'n\u0131n file bek\u00e7isi Ivankov\u2026","rel":"","context":"Benzer yaz\u0131","block_context":{"text":"Benzer yaz\u0131","link":""},"img":{"alt_text":"","src":"","width":0,"height":0},"classes":[]},{"id":1226,"url":"https:\/\/www.gocmeniz.biz\/?p=1226","url_meta":{"origin":1937,"position":1},"title":"Ivankov&#8217;a milli davet!","author":"Haberci","date":"21 May\u0131s 2009","format":false,"excerpt":"Bursaspor'un Bulgar file bek\u00e7isi Dimitar Ivankov, Bulgaristan Milli Tak\u0131m\u0131'n\u0131n 6 Haziran 2009'da Sofya'da oynayaca\u011f\u0131 D\u00fcnya Kupas\u0131 eleme grubu ma\u00e7\u0131 milli tak\u0131m aday kadrosuna \u00e7a\u011fr\u0131ld\u0131. Bursaspor'un ba\u015far\u0131l\u0131 file bek\u00e7isi Dimitar Ivankov'a milli g\u00f6rev. Bulgar kalecisi, Bulgaristan'\u0131n 6 Haziran'da \u0130rlanda Cumhuriyeti ile oynayaca\u011f\u0131 2010 D\u00fcnya Kupas\u0131 Elemeleri grup ma\u00e7\u0131n\u0131n aday kadrosuna davet\u2026","rel":"","context":"&quot;Haberler&quot; i\u00e7inde","block_context":{"text":"Haberler","link":"https:\/\/www.gocmeniz.biz\/?cat=5"},"img":{"alt_text":"","src":"https:\/\/i0.wp.com\/www.ajansspor.com\/resim\/ivankov_bursa_alkis.jpg?resize=350%2C200","width":350,"height":200},"classes":[]},{"id":1907,"url":"https:\/\/www.gocmeniz.biz\/?p=1907","url_meta":{"origin":1937,"position":2},"title":"Bulgaristan Milli tak\u0131m\u0131 ile Shaktar Donetsk Antalya`ya gelecek","author":"Haberci","date":"12 Kas\u0131m 2009","format":false,"excerpt":"Bulgaristan Milli tak\u0131m\u0131 ile Ukrayna`n\u0131n Shaktar Donetsk tak\u0131m\u0131 \u00f6zel ma\u00e7 yapmak i\u00e7in Antalya`ya gelecek.Regna Sports Travel Genel M\u00fcd\u00fcr\u00fc Emre Almak, AA muhabirine yapt\u0131\u011f\u0131 a\u00e7\u0131klamada, kendileri taraf\u0131ndan organize edilen haz\u0131rl\u0131k ma\u00e7lar\u0131 kapsam\u0131nda, Bulgaristan A Milli Tak\u0131m\u0131 ile UEFA Kupas\u0131`n\u0131n son \u015fampiyonu Mircea Lucescu`nun \u00e7al\u0131\u015ft\u0131rd\u0131\u011f\u0131 Ukrayna`n\u0131n Shaktar Donetsk tak\u0131m\u0131n\u0131n 13 Kas\u0131m Cuma\u2026","rel":"","context":"&quot;Haberler&quot; i\u00e7inde","block_context":{"text":"Haberler","link":"https:\/\/www.gocmeniz.biz\/?cat=5"},"img":{"alt_text":"","src":"","width":0,"height":0},"classes":[]},{"id":1361,"url":"https:\/\/www.gocmeniz.biz\/?p=1361","url_meta":{"origin":1937,"position":3},"title":"T\u00fcrk binicileri Balkanlar\u0131 sallad\u0131","author":"Haberci","date":"12 Haziran 2009","format":false,"excerpt":"Romanya Piatraneamt kentinde ikincisi d\u00fczenlenen Balkan Tur`da Binicilik Milli Tak\u0131m\u0131 birinci oldu. \u00dclkan Delikan, Avni Atabek, Sevil Sabanc\u0131, Efe Siyahi, Filip Amram, Sencer Horasan, \u0130zzet Aboresi ve Ey\u00fcp Soyel`den olu\u015fan Binicilik Milli Tak\u0131m\u0131, Tak\u0131m Birincisi olmay\u0131 ba\u015fard\u0131. Balkan Tur`un 3. aya\u011f\u0131 12-14 Haziran`da Bulgaristan`da yap\u0131lacak.","rel":"","context":"&quot;Haberler&quot; i\u00e7inde","block_context":{"text":"Haberler","link":"https:\/\/www.gocmeniz.biz\/?cat=5"},"img":{"alt_text":"","src":"","width":0,"height":0},"classes":[]},{"id":574,"url":"https:\/\/www.gocmeniz.biz\/?p=574","url_meta":{"origin":1937,"position":4},"title":"SHORT TRACK M\u0130LL\u0130 TAKIMI, 2011 \u0130\u00c7\u0130N BULGAR\u0130STAN&#8217;A G\u0130TT\u0130","author":"Haberci","date":"01 Kas\u0131m 2008","format":false,"excerpt":"T\u00fcrkiye Buz Federasyonu, 2011 \u00dcniversiad K\u0131\u015f Oyunlar\u0131 \u00e7al\u0131\u015fmalar\u0131 \u00e7er\u00e7evesinde Short track Milli Tak\u0131m\u0131'n\u0131 kamp \u00e7al\u0131\u015fmalar\u0131 i\u00e7in Bulgaristan'a g\u00f6nderdi. Buz Pateni Federasyonu, Erzurum'da yap\u0131lacak 2011 \u00dcniversiteler K\u0131\u015f Oyunlar\u0131 haz\u0131rl\u0131klar\u0131n\u0131 s\u00fcrd\u00fcr\u00fcyor. 2011 Erzurum \u00dcniversiteleraras\u0131 D\u00fcnya K\u0131\u015f Oyunlar\u0131 hazrl\u0131klar\u0131n\u0131 s\u00fcrd\u00fcren federasyon, Short Track Skating (s\u00fcrat pateni) konusunda y\u00fcr\u00fctt\u00fc\u011f\u00fc \u00e7al\u0131\u015fmalar\u0131 \u00e7er\u00e7evesinde 26 Eyl\u00fcl'de Ankara'da\u2026","rel":"","context":"&quot;Haberler&quot; i\u00e7inde","block_context":{"text":"Haberler","link":"https:\/\/www.gocmeniz.biz\/?cat=5"},"img":{"alt_text":"","src":"https:\/\/i0.wp.com\/resimler.haberler.com\/haber\/620\/short-track-milli-takimi-2011-icin-bulgaristan-a_o.jpg?resize=350%2C200","width":350,"height":200},"classes":[]},{"id":2142,"url":"https:\/\/www.gocmeniz.biz\/?p=2142","url_meta":{"origin":1937,"position":5},"title":"Oryantiring milli tak\u0131m\u0131 Bulgaristan&#8217;da","author":"Haberci","date":"28 May\u0131s 2010","format":false,"excerpt":"Avrupa \u015eampiyonas\u0131na kat\u0131lacak Oryantiring Milli Tak\u0131m\u0131, Bulgaristan'a gitti.Bulgaristan'\u0131n Primorsko kentinde 28 May\u0131s-6 Haziran tarihleri aras\u0131nda yap\u0131lacak B\u00fcy\u00fckler Avrupa \u015eampiyonas\u0131'nda T\u00fcrkiye'yi erkeklerde Hasan Ayaz ile bayanlarda Emine Sezg\u00fcnsay ve \u015eeng\u00fcl \u00dczen temsil edecek.Oryantiring Federasyonu Ba\u015fkan\u0131 Mehmet Gen\u00e7, bu y\u0131l ilk kez uluslararas\u0131 bir \u015fampiyonaya kat\u0131ld\u0131klar\u0131n\u0131 belirterek, \u201c\u015eampiyonada bir\u00e7ok \u00fclke m\u00fccadele edecek.\u2026","rel":"","context":"&quot;Haberler&quot; i\u00e7inde","block_context":{"text":"Haberler","link":"https:\/\/www.gocmeniz.biz\/?cat=5"},"img":{"alt_text":"","src":"","width":0,"height":0},"classes":[]}],"jetpack_sharing_enabled":true,"jetpack_likes_enabled":true,"_links":{"self":[{"href":"https:\/\/www.gocmeniz.biz\/index.php?rest_route=\/wp\/v2\/posts\/1937","targetHints":{"allow":["GET"]}}],"collection":[{"href":"https:\/\/www.gocmeniz.biz\/index.php?rest_route=\/wp\/v2\/posts"}],"about":[{"href":"https:\/\/www.gocmeniz.biz\/index.php?rest_route=\/wp\/v2\/types\/post"}],"author":[{"embeddable":true,"href":"https:\/\/www.gocmeniz.biz\/index.php?rest_route=\/wp\/v2\/users\/331"}],"replies":[{"embeddable":true,"href":"https:\/\/www.gocmeniz.biz\/index.php?rest_route=%2Fwp%2Fv2%2Fcomments&post=1937"}],"version-history":[{"count":1,"href":"https:\/\/www.gocmeniz.biz\/index.php?rest_route=\/wp\/v2\/posts\/1937\/revisions"}],"predecessor-version":[{"id":8966,"href":"https:\/\/www.gocmeniz.biz\/index.php?rest_route=\/wp\/v2\/posts\/1937\/revisions\/8966"}],"wp:attachment":[{"href":"https:\/\/www.gocmeniz.biz\/index.php?rest_route=%2Fwp%2Fv2%2Fmedia&parent=1937"}],"wp:term":[{"taxonomy":"category","embeddable":true,"href":"https:\/\/www.gocmeniz.biz\/index.php?rest_route=%2Fwp%2Fv2%2Fcategories&post=1937"},{"taxonomy":"post_tag","embeddable":true,"href":"https:\/\/www.gocmeniz.biz\/index.php?rest_route=%2Fwp%2Fv2%2Ftags&post=1937"}],"curies":[{"name":"wp","href":"https:\/\/api.w.org\/{rel}","templated":true}]}}