{"id":1943,"date":"2009-11-19T16:19:29","date_gmt":"2009-11-19T14:19:29","guid":{"rendered":"http:\/\/www.gocmeniz.biz\/?p=1943"},"modified":"2026-04-03T12:17:07","modified_gmt":"2026-04-03T09:17:07","slug":"krizin-balkan-ulkelerine-etkisi","status":"publish","type":"post","link":"https:\/\/www.gocmeniz.biz\/?p=1943","title":{"rendered":"Krizin Balkan \u00dclkelerine Etkisi"},"content":{"rendered":"<p><b><img data-recalc-dims=\"1\"  title=\"\"  alt=\"logo_dw Krizin Balkan \u00dclkelerine Etkisi\" decoding=\"async\" style=\"max-width: 800px; float: left; margin-top: 10px; margin-bottom: 10px; margin-right: 10px;\" src=\"https:\/\/i0.wp.com\/img.haberler.com\/images\/logos\/logo_dw.gif?w=640\" \/>K\u00fcresel Mali ve Ekonomik Kriz, Reform S\u00fcrecinin Tam Ortas\u0131nda Gafil Avlad\u0131\u011f\u0131 G\u00fcneydo\u011fu Avrupa \u00dclkelerini Fena Vurdu. Ancak Kriz Baz\u0131 \u00dclkeler \u0130\u00e7in F\u0131rsatlar da Do\u011furdu.<\/b><\/p>\n<p>Budape\u015fte&#8217;deki Alman \u0130\u015fadamlar\u0131 Derne\u011finden Manfred Bey, Durumu En K\u00f6t\u00fc G\u00fcneydo\u011fu Avrupa \u00dclkesinin, Macaristan Oldu\u011fu G\u00f6r\u00fc\u015f\u00fcnde. Bey,&#8221;kriz Yat\u0131r\u0131mc\u0131n\u0131n Belini B\u00fck\u00fcyor. Unutmay\u0131n Ki Bu \u00dclkedeki Yerli ve Yabanc\u0131 Yat\u0131r\u0131mc\u0131 Taraf\u0131ndan \u00dcretilen Mallar\u0131n B\u00fcy\u00fck B\u00f6l\u00fcm\u00fc \u0130hra\u00e7 Ediliyor. Global \u0130hra\u00e7 Pazarlar\u0131n\u0131n \u00c7\u00f6kmesi Macaristan&#8217;\u0131 \u00d6zellikle Etkiliyor&#8221; Diye Konu\u015ftu.<\/p>\n<p><b>Macaristan Krizden Nas\u0131l Kurtulur?<\/b><\/p>\n<p>Macar Siyaset Bilimcisi Zoltan Kiszely \u0130se Macaristan&#8217;\u0131n Ekonomik Canlanmadan Fayda Sa\u011flayamad\u0131\u011f\u0131n\u0131 S\u00f6yledi. Kiszely,&#8221;k\u00e2r\u0131 B\u00fcy\u00fck Yabanc\u0131 \u015eirketler Al\u0131p G\u00f6t\u00fcr\u00fcyor. Macaristan&#8217;da Sermaye Birikmiyor, \u0130\u015fletme K\u00e2r\u0131 \u00dclkeden Ka\u00e7\u0131yor. Orta Boy Macar \u015eirketlerinin Ayakta Kalmas\u0131 M\u00fcmk\u00fcn De\u011fil&#8221; Dedi.<\/p>\n<p>Zoltan Kiszely, \u0130\u00e7 ve D\u0131\u015f Bor\u00e7lar\u0131n Da\u011f Gibi Birikmesinin \u00dclkesini Krize Daha Duyarl\u0131 K\u0131ld\u0131\u011f\u0131n\u0131 ve Kriz Sonras\u0131nda Ekonomik Bak\u0131mdan H\u0131zla Toparlanmay\u0131 da \u00d6nledi\u011fi G\u00f6r\u00fc\u015f\u00fcnde. Macar Siyaset Bilimci \u015e\u00f6yme Konu\u015ftu: &#8220;Krediler Cari Harcamalara Gitti. Yat\u0131r\u0131m Yap\u0131lmad\u0131\u011f\u0131 \u0130\u00e7in Bor\u00e7lar\u0131n Ekonomik B\u00fcy\u00fcmeyle \u00d6denmesi M\u00fcmk\u00fcn De\u011fil.<\/p>\n<p>B\u00fcy\u00fck Zorluk \u00c7ekti\u011fimizi ve Getirisini \u0130lerde Payla\u015fmak \u00dczere Herkesin Belli Bir S\u00fcre Fedak\u00e2rl\u0131k Etmesi Gerekti\u011fini Halka Anlatmal\u0131y\u0131z.bunu Yapmad\u0131\u011f\u0131m\u0131z M\u00fcddet\u00e7e Macaristan Krizden Kurtulamaz.&#8221;<\/p>\n<p><b>Bulgaristan&#8217;da \u0130\u015fsizlik Kabusu<\/b><!--more--><\/p>\n<p>Bulgaristan&#8217;\u0131n Durumu da Pek Farkl\u0131 De\u011fil. Y\u00fcksek Bor\u00e7la Finanse Edilen On \u0130ki Y\u0131ll\u0131k B\u00fcy\u00fcmenin Ard\u0131ndan K\u00fcresel Krizin Pen\u00e7esine D\u00fc\u015fen Bu Balkan \u00dclkesinde Yat\u0131r\u0131mc\u0131 Beklemeyi Tercih Ederken, \u0130\u015fsizlik H\u0131zla Art\u0131yor. Ekonomik Reformlar\u0131n Bekletilmesi ve Yolsuzlukla Etkili M\u00fccadele Edilmemesi Bulgaristan Ekonomisine Toparlanma F\u0131rsat\u0131 Vermiyor.<\/p>\n<p>Global Ekonominin Akt\u00f6rleri Aras\u0131nda Yer Almayan Arnavutluk Y\u00fczde \u00dc\u00e7l\u00fck B\u00fcy\u00fcme H\u0131z\u0131n\u0131 Koruyabildi\u011fi \u0130\u00e7in \u0130stihdam Art\u0131yor ve Yurtd\u0131\u015f\u0131nda Yeti\u015fmi\u015f Vas\u0131fl\u0131 \u0130\u015fg\u00fcc\u00fc de \u00dclkesine D\u00f6n\u00fcyor.<\/p>\n<p>Balkanlar&#8217;\u0131n G\u00f6z\u00fc Ya\u015fl\u0131 \u00dclkelerinden Biri de Romanya. En B\u00fcy\u00fck Sorunu Kamu Bor\u00e7lar\u0131 Olan Romanya, H\u00fck\u00fcmet Krizi Y\u00fcz\u00fcnden Reform ve Konjonkt\u00fcr Programlar\u0131 Uygulayam\u0131yor. Milyoner \u0130on Blazac&#8217;\u0131n, &#8220;Mali Kriz Y\u00fcz\u00fcnden Para Adeta \u0130mha Ediliyor. En \u0130yisi Ferrari Almak. Bu L\u00fcks Oto, Y\u0131lda En Fazla Y\u00fczde Be\u015f De\u011fer Kaybediyor&#8221; Demesine \u015ea\u015f\u0131rmamak Gerekiyor.<\/p>\n<p><b>S\u0131rbistan Cazip<\/b><\/p>\n<p>S\u0131rbistan \u0130se Avrupa Birli\u011fi ile \u0130mzalad\u0131\u011f\u0131 Serbest Ticaret Anla\u015fmas\u0131 Sayesinde Yabanc\u0131 Yat\u0131r\u0131mc\u0131ya Cazip Geliyor. 600 Milyon Euro&#8217;luk Altyap\u0131 Yat\u0131r\u0131mlar\u0131n\u0131 Kriz Sonras\u0131na Erteleyen S\u0131rbistan Birlik \u00dcyeli\u011fi \u015eans\u0131n\u0131 Kaybetmemek \u0130\u00e7in Reformlar\u0131 H\u0131zla Devreye Sokuyor.<\/p>\n<p>Siyasi \u00c7eki\u015fmelerin Bir T\u00fcrl\u00fc Sona Ermedi\u011fi Bosna Hersek&#8217;in Bo\u015fnak, H\u0131rvat ve S\u0131rp Halk Guruplar\u0131 Bir T\u00fcrl\u00fc Ortak Menfaatler \u00dczerinde Anla\u015fam\u0131yor. Oslobodenje Gazetesinin Yaz\u0131 \u0130\u015fleri M\u00fcdiresi Vildana Selimbegovic&#8217;e G\u00f6re, \u00d6nemli Bir Kalk\u0131nma Potansiyeli Bulunan Bosna Hersek&#8217;teki Ataletten Siyaseti Sorumlu. Selimbegovic,&#8221;krizde Yaprak K\u0131p\u0131rdam\u0131yor. Siyaset B\u00fct\u00fcn Reformlar\u0131 Bloke Ediyor&#8221; Diye Konu\u015ftu.<\/p>\n<p><i>\u00a9 Deutsche Welle T\u00fcrk\u00e7e<\/p>\n<p>Andreas Meyer-feist\/ \u00c7eviren Ahmet G\u00fcnaltay<\/p>\n<p>Edit\u00f6r: De\u011fer Akal (Deutsche Welle) <\/i><\/p>\n<div class=\"zemanta-pixie\"><img data-recalc-dims=\"1\"  title=\"\" decoding=\"async\" class=\"zemanta-pixie-img\"  alt=\"pixy Krizin Balkan \u00dclkelerine Etkisi\"  src=\"https:\/\/i0.wp.com\/img.zemanta.com\/pixy.gif?w=640\" \/><\/div>\n","protected":false},"excerpt":{"rendered":"<p>K\u00fcresel Mali ve Ekonomik Kriz, Reform S\u00fcrecinin Tam Ortas\u0131nda Gafil Avlad\u0131\u011f\u0131 G\u00fcneydo\u011fu Avrupa \u00dclkelerini Fena Vurdu. Ancak Kriz Baz\u0131 \u00dclkeler \u0130\u00e7in F\u0131rsatlar da Do\u011furdu. Budape\u015fte&#8217;deki Alman \u0130\u015fadamlar\u0131 Derne\u011finden Manfred Bey, Durumu En K\u00f6t\u00fc G\u00fcneydo\u011fu Avrupa \u00dclkesinin, Macaristan Oldu\u011fu G\u00f6r\u00fc\u015f\u00fcnde. Bey,&#8221;kriz Yat\u0131r\u0131mc\u0131n\u0131n Belini B\u00fck\u00fcyor. Unutmay\u0131n Ki Bu \u00dclkedeki Yerli ve Yabanc\u0131 Yat\u0131r\u0131mc\u0131 Taraf\u0131ndan \u00dcretilen Mallar\u0131n B\u00fcy\u00fck [&hellip;]<\/p>\n","protected":false},"author":331,"featured_media":0,"comment_status":"open","ping_status":"open","sticky":false,"template":"","format":"standard","meta":{"advanced_seo_description":"","jetpack_seo_html_title":"","jetpack_seo_noindex":false,"ngg_post_thumbnail":0,"jetpack_post_was_ever_published":false,"_jetpack_newsletter_access":"","_jetpack_dont_email_post_to_subs":false,"_jetpack_newsletter_tier_id":0,"_jetpack_memberships_contains_paywalled_content":false,"_jetpack_memberships_contains_paid_content":false,"footnotes":""},"categories":[5],"tags":[],"class_list":["post-1943","post","type-post","status-publish","format-standard","hentry","category-haberler"],"jetpack_featured_media_url":"","jetpack_shortlink":"https:\/\/wp.me\/paHHlZ-vl","jetpack-related-posts":[{"id":1581,"url":"https:\/\/www.gocmeniz.biz\/?p=1581","url_meta":{"origin":1943,"position":0},"title":"BULGAR TUR\u0130ST T\u00dcRK\u0130YE`Y\u0130 TERC\u0130H ETT\u0130","author":"Haberci","date":"23 Temmuz 2009","format":false,"excerpt":"Ekonomik kriz nedeniyle \u00fclkeye gelen yabanc\u0131 turist say\u0131s\u0131nda b\u00fcy\u00fck azalma oldu\u011funu kaydeden Kru\u015fkova, yerli turistlerin T\u00fcrkiye ve Yunanistan`a gittiklerini s\u00f6yledi.BULGAR\u0130STAN da bakanl\u0131k stat\u00fcs\u00fcne sahip Devlet Turizm Ajans\u0131n\u0131n(DTA) Ba\u015fkan\u0131 Aneliya Kru\u015fkova, ajans\u0131n t\u00fcm \u00e7abalar\u0131na ra\u011fmen, yerli turistin yaz tatili i\u00e7in yurt d\u0131\u015f\u0131na gitmesinin \u00f6n\u00fcne ge\u00e7emediklerini s\u00f6yledi.Kru\u015fkova, DTA n\u0131n i\u00e7 turizmi canland\u0131rmak\u2026","rel":"","context":"&quot;Haberler&quot; i\u00e7inde","block_context":{"text":"Haberler","link":"https:\/\/www.gocmeniz.biz\/?cat=5"},"img":{"alt_text":"","src":"","width":0,"height":0},"classes":[]},{"id":1459,"url":"https:\/\/www.gocmeniz.biz\/?p=1459","url_meta":{"origin":1943,"position":1},"title":"AB&#8217;nin en zengin ve fakir \u00fclkeleri","author":"Haberci","date":"26 Haziran 2009","format":false,"excerpt":"Avrupa'n\u0131n en zengini L\u00fcksemburglular, en fakir halk\u0131 ise Bulgarlar.Son ekonomik kriz \u0131\u015f\u0131\u011f\u0131nda haz\u0131rlanan rapor L\u00fcksemburg'un, AB ortalamas\u0131ndan 2,5 kat daha zengin oldu\u011funu ortaya koydu.Avrupa istatistik kurumu Eurostat taraf\u0131ndan yay\u0131nlanan rapor, GSMH ve yerel sat\u0131n al\u0131m g\u00fcc\u00fc kar\u015f\u0131la\u015ft\u0131rmas\u0131yla 27 \u00fcye \u00fclke aras\u0131ndaki gelir dengesizli\u011fini g\u00f6steriyor. Raporda, L\u00fcksemburg'ta ya\u015fayan bir ki\u015fi, AB\u2026","rel":"","context":"&quot;Haberler&quot; i\u00e7inde","block_context":{"text":"Haberler","link":"https:\/\/www.gocmeniz.biz\/?cat=5"},"img":{"alt_text":"","src":"https:\/\/i0.wp.com\/images.superonline.com\/haber\/2009\/06\/09\/31395.jpg?resize=350%2C200","width":350,"height":200},"classes":[]},{"id":1312,"url":"https:\/\/www.gocmeniz.biz\/?p=1312","url_meta":{"origin":1943,"position":2},"title":"Bulgaristan&#8217;da emeklilere zam","author":"Haberci","date":"05 Haziran 2009","format":false,"excerpt":"Bulgaristan'da 7 Haziranda yap\u0131lacak Avrupa Parlamentosu (AP) se\u00e7imi arifesinde, \u00fcst d\u00fczey devlet memurlar\u0131n\u0131n maa\u015flar\u0131na 1 Temmuzda yap\u0131lmas\u0131 \u00f6ng\u00f6r\u00fclen zamm\u0131n iptal edilece\u011fi ve yerine y\u00fczde 15 oran\u0131nda maa\u015f indirimi yap\u0131laca\u011f\u0131 bildirildi. \u00a0H\u00fck\u00fcmet taraf\u0131ndan ekonomik kriz gerek\u00e7e g\u00f6sterilerek al\u0131nan karar\u0131, Maliye Bakan\u0131 Plamen Ore\u015farski a\u00e7\u0131klad\u0131. Ore\u015farski kriz dolay\u0131s\u0131yla b\u00fct\u00e7e harcamalar\u0131na ciddi k\u0131s\u0131tlamalar\u2026","rel":"","context":"&quot;Haberler&quot; i\u00e7inde","block_context":{"text":"Haberler","link":"https:\/\/www.gocmeniz.biz\/?cat=5"},"img":{"alt_text":"","src":"https:\/\/i0.wp.com\/www.morleyindependent.com\/images\/pensioner.jpg?resize=350%2C200","width":350,"height":200},"classes":[]},{"id":1316,"url":"https:\/\/www.gocmeniz.biz\/?p=1316","url_meta":{"origin":1943,"position":3},"title":"Bulgaristan`da b\u00fcrokratlar\u0131n maa\u015flar\u0131 indirilecek","author":"Haberci","date":"06 Haziran 2009","format":false,"excerpt":"Bulgaristan`da 7 Hazirandaki AP se\u00e7imi \u00f6ncesi, \u00fcst d\u00fczey devlet memurlar\u0131n\u0131n maa\u015flar\u0131na yap\u0131lmas\u0131 \u00f6ng\u00f6r\u00fclen zamm\u0131n iptal edilece\u011fini ve maa\u015flar\u0131n\u0131n indirilece\u011fini a\u00e7\u0131klad\u0131. Bulgaristan`da 7 Haziranda yap\u0131lacak Avrupa Parlamentosu(AP) se\u00e7imi arifesinde, \u00fcst d\u00fczey devlet memurlar\u0131n\u0131n maa\u015flar\u0131na 1 Temmuzda yap\u0131lmas\u0131 \u00f6ng\u00f6r\u00fclen zamm\u0131n iptal edilece\u011fi ve yerine y\u00fczde 15 oran\u0131nda maa\u015f indirimi yap\u0131laca\u011f\u0131 bildirildi. H\u00fck\u00fcmet\u2026","rel":"","context":"&quot;Haberler&quot; i\u00e7inde","block_context":{"text":"Haberler","link":"https:\/\/www.gocmeniz.biz\/?cat=5"},"img":{"alt_text":"","src":"","width":0,"height":0},"classes":[]},{"id":1593,"url":"https:\/\/www.gocmeniz.biz\/?p=1593","url_meta":{"origin":1943,"position":4},"title":"Bulgaristan \u0130\u00e7 Turizme \u00c7a\u011f\u0131rd\u0131 Bulgar Turist T\u00fcrkiye&#8217;ye Geldi","author":"Haberci","date":"24 Temmuz 2009","format":false,"excerpt":"BULGAR\u0130STAN\u2019da bakanl\u0131k stat\u00fcs\u00fcne sahip Devlet Turizm Ajans\u0131n\u0131n (DTA) Ba\u015fkan\u0131 Aneliya Kru\u015fkova, ajans\u0131n t\u00fcm \u00e7abalar\u0131na ra\u011fmen, yerli turistin yaz tatili i\u00e7in yurt d\u0131\u015f\u0131na gitmesinin \u00f6n\u00fcne\u00a0 ge\u00e7emediklerini s\u00f6yledi. Kru\u015fkova, DTA\u2019n\u0131n i\u00e7 turizmi canland\u0131rmak amac\u0131yla yakla\u015f\u0131k 6 milyon leva (3 milyon Euro) reklam harcamas\u0131 yapt\u0131\u011f\u0131n\u0131 belirterek, \u201cBuna ra\u011fmen maalesef Bulgar turistler yine T\u00fcrkiye\u2026","rel":"","context":"&quot;Haberler&quot; i\u00e7inde","block_context":{"text":"Haberler","link":"https:\/\/www.gocmeniz.biz\/?cat=5"},"img":{"alt_text":"","src":"","width":0,"height":0},"classes":[]},{"id":682,"url":"https:\/\/www.gocmeniz.biz\/?p=682","url_meta":{"origin":1943,"position":5},"title":"Balkan-Avrupa kriz i\u015fbirli\u011fi","author":"Haberci","date":"16 Aral\u0131k 2008","format":false,"excerpt":"T\u00fcm d\u00fcnyay\u0131 etkisi alt\u0131na alan ekonomik krizin hasar\u0131n\u0131 hafifletebilmek i\u00e7in Avrupa ve Balkan \u00fclkeleri aras\u0131nda i\u015fbirli\u011fi anla\u015fmalar\u0131 imzaland\u0131.\u0130ske\u00e7e Ticaret ve Sanayi Odas\u0131 evsahipli\u011finde d\u00fczenlenen toplant\u0131ya T\u00fcrkiye, Yunanistan, Romanya, Bulgaristan, Bosna-Hersek, Moldova, K\u0131br\u0131s, Letonya ve \u0130talya \u00fclkeleri ad\u0131na \u0130zmir Ticaret Odas\u0131, \u0130ske\u00e7e Ticaret ve Sanayi Odas\u0131, B\u00fckre\u015f Ticaret ve Sanayi Odas\u0131,\u2026","rel":"","context":"&quot;Haberler&quot; i\u00e7inde","block_context":{"text":"Haberler","link":"https:\/\/www.gocmeniz.biz\/?cat=5"},"img":{"alt_text":"","src":"","width":0,"height":0},"classes":[]}],"jetpack_sharing_enabled":true,"jetpack_likes_enabled":true,"_links":{"self":[{"href":"https:\/\/www.gocmeniz.biz\/index.php?rest_route=\/wp\/v2\/posts\/1943","targetHints":{"allow":["GET"]}}],"collection":[{"href":"https:\/\/www.gocmeniz.biz\/index.php?rest_route=\/wp\/v2\/posts"}],"about":[{"href":"https:\/\/www.gocmeniz.biz\/index.php?rest_route=\/wp\/v2\/types\/post"}],"author":[{"embeddable":true,"href":"https:\/\/www.gocmeniz.biz\/index.php?rest_route=\/wp\/v2\/users\/331"}],"replies":[{"embeddable":true,"href":"https:\/\/www.gocmeniz.biz\/index.php?rest_route=%2Fwp%2Fv2%2Fcomments&post=1943"}],"version-history":[{"count":1,"href":"https:\/\/www.gocmeniz.biz\/index.php?rest_route=\/wp\/v2\/posts\/1943\/revisions"}],"predecessor-version":[{"id":8677,"href":"https:\/\/www.gocmeniz.biz\/index.php?rest_route=\/wp\/v2\/posts\/1943\/revisions\/8677"}],"wp:attachment":[{"href":"https:\/\/www.gocmeniz.biz\/index.php?rest_route=%2Fwp%2Fv2%2Fmedia&parent=1943"}],"wp:term":[{"taxonomy":"category","embeddable":true,"href":"https:\/\/www.gocmeniz.biz\/index.php?rest_route=%2Fwp%2Fv2%2Fcategories&post=1943"},{"taxonomy":"post_tag","embeddable":true,"href":"https:\/\/www.gocmeniz.biz\/index.php?rest_route=%2Fwp%2Fv2%2Ftags&post=1943"}],"curies":[{"name":"wp","href":"https:\/\/api.w.org\/{rel}","templated":true}]}}