{"id":1956,"date":"2009-11-30T13:28:03","date_gmt":"2009-11-30T11:28:03","guid":{"rendered":"http:\/\/www.gocmeniz.biz\/?p=1956"},"modified":"2026-04-03T12:09:43","modified_gmt":"2026-04-03T09:09:43","slug":"aramizda-uzaylilar-var","status":"publish","type":"post","link":"https:\/\/www.gocmeniz.biz\/?p=1956","title":{"rendered":"&#8220;Aram\u0131zda uzayl\u0131lar var&#8221;"},"content":{"rendered":"<p><i>A.A.<\/i>&nbsp;&nbsp;&nbsp; <br \/><b>Bulgaristan Uzay Ara\u015ft\u0131rmalar\u0131 Enstit\u00fcs\u00fc bilim adamlar\u0131, D\u00fcnya&#8217;da halihaz\u0131rda uzayl\u0131lar\u0131n oldu\u011funu ileri s\u00fcrd\u00fc.<\/b><\/p>\n<p>Daily Telegraph gazetesinin Bulgar bas\u0131n\u0131na dayanarak verdi\u011fi habere g\u00f6re, Enstit\u00fcn\u00fcn Ba\u015fkan Yard\u0131mc\u0131s\u0131 Lachezar Filipov, uzayl\u0131lar\u0131n varl\u0131\u011f\u0131yla ilgili ara\u015ft\u0131rman\u0131n, bunlar\u0131n ger\u00e7ekten D\u00fcnya&#8217;da var olduklar\u0131na i\u015faret etti\u011fini ve varl\u0131klar\u0131n\u0131 aram\u0131zda dost\u00e7a s\u00fcrd\u00fcrd\u00fcklerini g\u00f6sterdi\u011fi d\u00fc\u015f\u00fcncesinde oldu\u011funu belirtti.<\/p>\n<p>Enstit\u00fc, kendilerine g\u00f6nderilen bir\u00e7ok karma\u015f\u0131k sembol\u00fc \u00e7\u00f6zme \u00e7al\u0131\u015fmalar\u0131na ba\u015flad\u0131\u011f\u0131n\u0131 a\u00e7\u0131klarken, D\u00fcnya&#8217;n\u0131n d\u0131\u015f\u0131ndaki ya\u015famla ileti\u015fim halinde olduklar\u0131n\u0131 ileri s\u00fcren Filipov, bilinmeyenlere cevap olaca\u011f\u0131na inand\u0131klar\u0131 d\u00fcnya genelindeki 150 kadar ekin \u00e7emberini ara\u015ft\u0131rd\u0131klar\u0131n\u0131 kaydetti.<\/p>\n<p>Filipov, &#8220;Uzayl\u0131lar halihaz\u0131rda aram\u0131zda ya\u015f\u0131yor, bizi g\u00f6zlemliyor. Bize d\u00fc\u015fmanca yakla\u015fm\u0131yor, aksine yard\u0131m etmek istiyorlar. Ancak biz onlarla ileti\u015fim kuracak yeterlilikte de\u011filiz&#8221; diye konu\u015ftu.<\/p>\n<p>Vatikan&#8217;\u0131n dahi uzayl\u0131lar\u0131n varl\u0131\u011f\u0131n\u0131 kabul etti\u011fini belirten Filipov, insano\u011flunun D\u00fcnya d\u0131\u015f\u0131 ya\u015famla, radyo dalgalar\u0131yla de\u011fil, d\u00fc\u015f\u00fcnce g\u00fcc\u00fcyle ileti\u015fim kurabilece\u011fini ve bunun 10-15 y\u0131l i\u00e7inde kesinlikle olaca\u011f\u0131n\u0131 savundu.<\/p>\n<div class=\"zemanta-pixie\"><img data-recalc-dims=\"1\"  title=\"\" decoding=\"async\" class=\"zemanta-pixie-img\"  alt=\"pixy &quot;Aram\u0131zda uzayl\u0131lar var&quot;\"  src=\"https:\/\/i0.wp.com\/img.zemanta.com\/pixy.gif?w=640\" \/><\/div>\n","protected":false},"excerpt":{"rendered":"<p>A.A.&nbsp;&nbsp;&nbsp; Bulgaristan Uzay Ara\u015ft\u0131rmalar\u0131 Enstit\u00fcs\u00fc bilim adamlar\u0131, D\u00fcnya&#8217;da halihaz\u0131rda uzayl\u0131lar\u0131n oldu\u011funu ileri s\u00fcrd\u00fc. Daily Telegraph gazetesinin Bulgar bas\u0131n\u0131na dayanarak verdi\u011fi habere g\u00f6re, Enstit\u00fcn\u00fcn Ba\u015fkan Yard\u0131mc\u0131s\u0131 Lachezar Filipov, uzayl\u0131lar\u0131n varl\u0131\u011f\u0131yla ilgili ara\u015ft\u0131rman\u0131n, bunlar\u0131n ger\u00e7ekten D\u00fcnya&#8217;da var olduklar\u0131na i\u015faret etti\u011fini ve varl\u0131klar\u0131n\u0131 aram\u0131zda dost\u00e7a s\u00fcrd\u00fcrd\u00fcklerini g\u00f6sterdi\u011fi d\u00fc\u015f\u00fcncesinde oldu\u011funu belirtti. Enstit\u00fc, kendilerine g\u00f6nderilen bir\u00e7ok karma\u015f\u0131k sembol\u00fc \u00e7\u00f6zme \u00e7al\u0131\u015fmalar\u0131na [&hellip;]<\/p>\n","protected":false},"author":331,"featured_media":0,"comment_status":"open","ping_status":"open","sticky":false,"template":"","format":"standard","meta":{"advanced_seo_description":"","jetpack_seo_html_title":"","jetpack_seo_noindex":false,"ngg_post_thumbnail":0,"jetpack_post_was_ever_published":false,"_jetpack_newsletter_access":"","_jetpack_dont_email_post_to_subs":false,"_jetpack_newsletter_tier_id":0,"_jetpack_memberships_contains_paywalled_content":false,"_jetpack_memberships_contains_paid_content":false,"footnotes":""},"categories":[5],"tags":[],"class_list":["post-1956","post","type-post","status-publish","format-standard","hentry","category-haberler"],"jetpack_featured_media_url":"","jetpack_shortlink":"https:\/\/wp.me\/paHHlZ-vy","jetpack-related-posts":[{"id":1270,"url":"https:\/\/www.gocmeniz.biz\/?p=1270","url_meta":{"origin":1956,"position":0},"title":"Bulgaristan Cumhurba\u015fkan\u0131 Yard\u0131mc\u0131s\u0131, T\u00fcrkiye-Bulgaristan Bulu\u015fma Noktas\u0131&#8217;n\u0131n A\u00e7\u0131l\u0131\u015f\u0131na Kat\u0131ld\u0131","author":"Haberci","date":"28 May\u0131s 2009","format":false,"excerpt":"Bulgaristan Cumhurba\u015fkan\u0131 Yard\u0131mc\u0131s\u0131 Angel Marin, Trakya \u00dcniversitesi (T.\u00dc)'ndeki T\u00fcrkiye-Bulgaristan Bulu\u015fma Noktas\u0131 merkezinin a\u00e7\u0131l\u0131\u015f\u0131na kat\u0131ld\u0131. Bulu\u015fma noktas\u0131n\u0131n T\u00fcrk-Bulgar ili\u015fkilerinde yeni bir esinti olu\u015fturaca\u011f\u0131n\u0131 belirten Marin, merkezin daha iyiye giden ve de\u011fi\u015fen Balkanlar'daki \u00f6nemli faaliyetlerden biri olaca\u011f\u0131n\u0131 belirtti. Konuk Cumhurba\u015fkan\u0131 Yard\u0131mc\u0131s\u0131 Marin, \"Biz bug\u00fcn aram\u0131zda olan arkada\u015fl\u0131k ve ili\u015fkimizin daha da geli\u015fmesi\u2026","rel":"","context":"&quot;Haberler&quot; i\u00e7inde","block_context":{"text":"Haberler","link":"https:\/\/www.gocmeniz.biz\/?cat=5"},"img":{"alt_text":"","src":"","width":0,"height":0},"classes":[]},{"id":309,"url":"https:\/\/www.gocmeniz.biz\/?p=309","url_meta":{"origin":1956,"position":1},"title":"Bulgaristan K\u0131rcaali Belediye Ba\u015fkan\u0131 Hasan Aziz, Adana&#8217;n\u0131n Ceyhan \u0130l\u00e7esini Ziyaret Etti","author":"Admin","date":"06 Mart 2008","format":false,"excerpt":"Bulgaristan'\u0131n K\u0131rcaali Belediye Ba\u015fkan\u0131 Hasan Aziz, Adana'n\u0131n Ceyhan il\u00e7esine yapt\u0131\u011f\u0131 ziyarette \"\u00d6nemli olan aram\u0131zdaki mesafe de\u011fil, geli\u015ftirece\u011fimiz ortak projelerdir.\" dedi. Bulgaristan'\u0131n K\u0131rcaali Belediye Ba\u015fkan\u0131 Hasan Aziz, Adana'n\u0131n Ceyhan il\u00e7esine yapt\u0131\u011f\u0131 ziyarette \"\u00d6nemli olan aram\u0131zdaki mesafe de\u011fil, geli\u015ftirece\u011fimiz ortak projelerdir.\" dedi. Hasan Aziz ve beraberindeki heyet, bug\u00fcn Ceyhan Kaymakam\u0131 Ayhan Boyac\u0131,\u2026","rel":"","context":"&quot;Haberler&quot; i\u00e7inde","block_context":{"text":"Haberler","link":"https:\/\/www.gocmeniz.biz\/?cat=5"},"img":{"alt_text":"","src":"https:\/\/i0.wp.com\/resimler.haberler.com\/haber\/686\/bulgaristan-kircaali-belediye-baskani-hasan-aziz_o.jpg?resize=350%2C200","width":350,"height":200},"classes":[]},{"id":342,"url":"https:\/\/www.gocmeniz.biz\/?p=342","url_meta":{"origin":1956,"position":2},"title":"H\u00fcseyin G\u00fcntekin&#8217;den Duyuru","author":"Admin","date":"20 Nisan 2008","format":false,"excerpt":"13 TEMMUZ PAZAR G\u00dcN\u00dc YAN\u0130 TEMMUZ AYININ \u0130K\u0130NC\u0130 HAFTASINDA \u00c7ATALCA \u0130L\u0130NE BA\u011eLI \u0130HSAN\u0130YE K\u00d6Y\u00dc ORMANLIK B\u00d6LGES\u0130NDE BULUNAN P\u0130KN\u0130K ALANINDA BULU\u015eALIM.BU P\u0130KNE\u011eE RAZGRAT \u0130L\u0130NE BA\u011eLI OLAN TURSUNK\u00d6Y SAK\u0130NLER\u0130 B\u00dcT\u00dcN HEPS\u0130DAVETL\u0130D\u0130R. AYRICA M\u0130SAF\u0130RLER\u0130 ARAMIZDA G\u00d6RMEKTEN MEMNUN KALIRIZ. P\u0130KN\u0130K ALANI HERKESE A\u00c7IKTIR.NOT: 13 TEMMUZDA BU G\u00dcN K\u0130MSE D\u00dc\u011e\u00dcN N\u0130\u015eANMEVL\u0130T VE DO\u011eUM G\u00dcN\u00dc YAPILMAYACAKTIR.\u0130LG\u0130L\u0130LERE\u2026","rel":"","context":"&quot;Duyurular&quot; i\u00e7inde","block_context":{"text":"Duyurular","link":"https:\/\/www.gocmeniz.biz\/?cat=8"},"img":{"alt_text":"","src":"https:\/\/i0.wp.com\/www.gocmeniz.biz\/images\/huseyinguntekin.jpg?resize=350%2C200","width":350,"height":200},"classes":[]},{"id":1311,"url":"https:\/\/www.gocmeniz.biz\/?p=1311","url_meta":{"origin":1956,"position":3},"title":"Bulgaristan\u2019\u0131n Wikipedia&#8217;da iyi katk\u0131lar\u0131 var","author":"Haberci","date":"04 Haziran 2009","format":false,"excerpt":"En pop\u00fcler on-line ansiklopedisi Wikipedia\u2019n\u0131n kurucusu Jimmi Wales, Albena Karadeniz tatil beldesinde d\u00fczenlenen medya festivaline katl\u0131yor. Jimmi Wales, Bulgaristan Ulusal Radyosu\u2019na verdi\u011fi deme\u00e7te, Wikipedia\u2019n\u0131n olu\u015fturulmas\u0131nda Bulgaristan\u2019\u0131n iyi katk\u0131lar\u0131 oldu\u011funu belirtti. \u0130nternette, sa\u00e7ma bloglar de\u011fil olumlu mesajlar\u0131n \u00fcst\u00fcn gelmesi gerekti\u011fini ileri s\u00fcren Wales, Cuma g\u00fcn\u00fc, Sofya\u2019da , bili\u015fim teknolojileri ve yenilikler\u2026","rel":"","context":"&quot;Haberler&quot; i\u00e7inde","block_context":{"text":"Haberler","link":"https:\/\/www.gocmeniz.biz\/?cat=5"},"img":{"alt_text":"","src":"https:\/\/ekranmemuru.files.wordpress.com\/2009\/01\/wikipedia.jpg?w=350&h=200&crop=1","width":350,"height":200},"classes":[]},{"id":383,"url":"https:\/\/www.gocmeniz.biz\/?p=383","url_meta":{"origin":1956,"position":4},"title":"Kar\u0131m\u0131 Diskoda G\u00f6rd\u00fcm, Vurdum","author":"Haberci","date":"14 May\u0131s 2008","format":false,"excerpt":"TEK\u0130RDA\u011e Marmara Ere\u011flisi\u2019nde ge\u00e7en y\u0131l Bulgaristan uyruklu e\u015fi Ayfer Ramieva Yuse\u0131nova\u2019y\u0131 (32) bir diskoda e\u011flenirken g\u00f6r\u00fcp k\u0131skan\u00e7l\u0131k krizine girerek sokak ortas\u0131nda silahla vurarak \u00f6ld\u00fcren \u0130brahim Bilkaya (35), \u00c7orlu A\u011f\u0131r Ceza Mahkemesi\u2019nde karar duru\u015fmas\u0131na \u00e7\u0131kt\u0131.Ba\u015fka erkekle g\u00f6rd\u00fcmBilkaya son savunmas\u0131nda, \"\u00c7ok g\u00fczel bir e\u015fim vard\u0131. Ancak son zamanlarda aram\u0131zda tart\u0131\u015fmalar ya\u015fanmaya ba\u015flad\u0131.\u2026","rel":"","context":"Benzer yaz\u0131","block_context":{"text":"Benzer yaz\u0131","link":""},"img":{"alt_text":"","src":"","width":0,"height":0},"classes":[]},{"id":2372,"url":"https:\/\/www.gocmeniz.biz\/?p=2372","url_meta":{"origin":1956,"position":5},"title":"Bulgaristan&#8217;daki tekstil fuar\u0131na T\u00fcrk \u015firketlerinden yo\u011fun ilgi","author":"Haberci","date":"09 Kas\u0131m 2018","format":false,"excerpt":"Bulgaristan\u2019\u0131n g\u00fcneydo\u011fusundaki Filibe kentinde a\u00e7\u0131lan uluslararas\u0131 tekstil fuar\u0131na, T\u00fcrk \u015firketleri yo\u011fun ilgi g\u00f6sterdi. Fuara 38 T\u00fcrk \u015firketi kat\u0131ld\u0131. Filibe Fuar Merkezi'nde a\u00e7\u0131lan \"Uluslararas\u0131 Tex Tailor Expo 2018 Fuar\u0131\"na, 7 \u00fclkeden 38\u2019i T\u00fcrk, 97 \u015firket kat\u0131ld\u0131. \u00dc\u00e7 g\u00fcn s\u00fcrecek fuarda, gen\u00e7 moda tasar\u0131mc\u0131lar\u0131n sunum ve defilelerinin yan\u0131 s\u0131ra tekstil sekt\u00f6r\u00fcndeki yeni\u2026","rel":"","context":"&quot;Haberler&quot; i\u00e7inde","block_context":{"text":"Haberler","link":"https:\/\/www.gocmeniz.biz\/?cat=5"},"img":{"alt_text":"","src":"https:\/\/i0.wp.com\/www.gocmeniz.biz\/wp-content\/970300.jpg?fit=642%2C355&ssl=1&resize=350%2C200","width":350,"height":200,"srcset":"https:\/\/i0.wp.com\/www.gocmeniz.biz\/wp-content\/970300.jpg?fit=642%2C355&ssl=1&resize=350%2C200 1x, https:\/\/i0.wp.com\/www.gocmeniz.biz\/wp-content\/970300.jpg?fit=642%2C355&ssl=1&resize=525%2C300 1.5x"},"classes":[]}],"jetpack_sharing_enabled":true,"jetpack_likes_enabled":true,"_links":{"self":[{"href":"https:\/\/www.gocmeniz.biz\/index.php?rest_route=\/wp\/v2\/posts\/1956","targetHints":{"allow":["GET"]}}],"collection":[{"href":"https:\/\/www.gocmeniz.biz\/index.php?rest_route=\/wp\/v2\/posts"}],"about":[{"href":"https:\/\/www.gocmeniz.biz\/index.php?rest_route=\/wp\/v2\/types\/post"}],"author":[{"embeddable":true,"href":"https:\/\/www.gocmeniz.biz\/index.php?rest_route=\/wp\/v2\/users\/331"}],"replies":[{"embeddable":true,"href":"https:\/\/www.gocmeniz.biz\/index.php?rest_route=%2Fwp%2Fv2%2Fcomments&post=1956"}],"version-history":[{"count":1,"href":"https:\/\/www.gocmeniz.biz\/index.php?rest_route=\/wp\/v2\/posts\/1956\/revisions"}],"predecessor-version":[{"id":8557,"href":"https:\/\/www.gocmeniz.biz\/index.php?rest_route=\/wp\/v2\/posts\/1956\/revisions\/8557"}],"wp:attachment":[{"href":"https:\/\/www.gocmeniz.biz\/index.php?rest_route=%2Fwp%2Fv2%2Fmedia&parent=1956"}],"wp:term":[{"taxonomy":"category","embeddable":true,"href":"https:\/\/www.gocmeniz.biz\/index.php?rest_route=%2Fwp%2Fv2%2Fcategories&post=1956"},{"taxonomy":"post_tag","embeddable":true,"href":"https:\/\/www.gocmeniz.biz\/index.php?rest_route=%2Fwp%2Fv2%2Ftags&post=1956"}],"curies":[{"name":"wp","href":"https:\/\/api.w.org\/{rel}","templated":true}]}}