{"id":1958,"date":"2009-11-30T13:29:47","date_gmt":"2009-11-30T11:29:47","guid":{"rendered":"http:\/\/www.gocmeniz.biz\/?p=1958"},"modified":"2026-04-03T12:17:07","modified_gmt":"2026-04-03T09:17:07","slug":"kosovada-kurban-bayrami-coskusu","status":"publish","type":"post","link":"https:\/\/www.gocmeniz.biz\/?p=1958","title":{"rendered":"Kosova&#8217;da kurban bayram\u0131 co\u015fkusu"},"content":{"rendered":"<p><b>Kosova&#8217;da devam eden Kurban Bayram\u0131 kutlamalar\u0131nda bug\u00fcn T\u00fcrk K\u0131z\u0131lay&#8217;\u0131 Mamu\u015fa&#8217;da kesti\u011fi 65 b\u00fcy\u00fckba\u015f hayvandan elde edilen yakla\u015f\u0131k 40 ton kurban etini Kosova&#8217;daki ihtiya\u00e7 sahiplerine da\u011f\u0131tt\u0131.<\/b><\/p>\n<p>Mamu\u015fa Belediye Ba\u015fkan\u0131 Arif B\u00fct\u00fc\u00e7&#8217;\u00fcn ba\u015flatt\u0131\u011f\u0131 kurban kesim t\u00f6reninde konu\u015fan T\u00fcrk K\u0131z\u0131lay&#8217;\u0131 Y\u00f6netim Kurulu \u00fcyesi Hayati \u00c7etin, hay\u0131rsever T\u00fcrk insan\u0131n\u0131n vekaletini verdi\u011fi T\u00fcrk K\u0131z\u0131lay&#8217;\u0131n\u0131n, Balkan \u00fclkelerinde d\u00fcn Bosna Hersek ve S\u0131rbistan&#8217;\u0131n Sancak b\u00f6lgesinde, bug\u00fcn de Kosova&#8217;da kurban kesimi yapmaktan b\u00fcy\u00fck mutluluk duydu\u011funu belirtti.<\/p>\n<p>\u00c7etin, \u00e7e\u015fitli derneklerin deste\u011fiyle ve ayn\u0131 zamanda Kosova K\u0131z\u0131lha\u00e7&#8217;\u0131n\u0131n yard\u0131m\u0131yla Kosova&#8217;daki ihtiya\u00e7 sahiplerine yakla\u015f\u0131k 40 ton kurban etinin da\u011f\u0131t\u0131laca\u011f\u0131n\u0131, T\u00fcrk insan\u0131n\u0131n Kosova&#8217;da ayr\u0131m yapmadan herkesin yan\u0131nda oldu\u011funu vurgulad\u0131.<\/p>\n<p>Kosova K\u0131z\u0131lha\u00e7&#8217;\u0131 Ba\u015fkan\u0131 Cevat \u015ekodra da T\u00fcrk insan\u0131n\u0131n Kosova;ya uzatt\u0131\u011f\u0131 yard\u0131m elinin \u00f6nemini vurgulayarak, T\u00fcrkiye Cumhuriyeti kurumlar\u0131n\u0131n ve \u00f6zellikle T\u00fcrk K\u0131z\u0131lay&#8217;\u0131n\u0131n her zaman oldu\u011fu gibi bug\u00fcn de Kurban Bayram\u0131 yard\u0131mlar\u0131yla yanlar\u0131nda olmalar\u0131ndan duydu\u011fu mutlulu\u011fu belirtti.<\/p>\n<div class=\"zemanta-pixie\"><img data-recalc-dims=\"1\"  title=\"\" decoding=\"async\" class=\"zemanta-pixie-img\"  alt=\"pixy Kosova&#039;da kurban bayram\u0131 co\u015fkusu\"  src=\"https:\/\/i0.wp.com\/img.zemanta.com\/pixy.gif?w=640\" \/><\/div>\n","protected":false},"excerpt":{"rendered":"<p>Kosova&#8217;da devam eden Kurban Bayram\u0131 kutlamalar\u0131nda bug\u00fcn T\u00fcrk K\u0131z\u0131lay&#8217;\u0131 Mamu\u015fa&#8217;da kesti\u011fi 65 b\u00fcy\u00fckba\u015f hayvandan elde edilen yakla\u015f\u0131k 40 ton kurban etini Kosova&#8217;daki ihtiya\u00e7 sahiplerine da\u011f\u0131tt\u0131. Mamu\u015fa Belediye Ba\u015fkan\u0131 Arif B\u00fct\u00fc\u00e7&#8217;\u00fcn ba\u015flatt\u0131\u011f\u0131 kurban kesim t\u00f6reninde konu\u015fan T\u00fcrk K\u0131z\u0131lay&#8217;\u0131 Y\u00f6netim Kurulu \u00fcyesi Hayati \u00c7etin, hay\u0131rsever T\u00fcrk insan\u0131n\u0131n vekaletini verdi\u011fi T\u00fcrk K\u0131z\u0131lay&#8217;\u0131n\u0131n, Balkan \u00fclkelerinde d\u00fcn Bosna Hersek ve [&hellip;]<\/p>\n","protected":false},"author":331,"featured_media":0,"comment_status":"open","ping_status":"open","sticky":false,"template":"","format":"standard","meta":{"advanced_seo_description":"","jetpack_seo_html_title":"","jetpack_seo_noindex":false,"ngg_post_thumbnail":0,"jetpack_post_was_ever_published":false,"_jetpack_newsletter_access":"","_jetpack_dont_email_post_to_subs":false,"_jetpack_newsletter_tier_id":0,"_jetpack_memberships_contains_paywalled_content":false,"_jetpack_memberships_contains_paid_content":false,"footnotes":""},"categories":[5],"tags":[],"class_list":["post-1958","post","type-post","status-publish","format-standard","hentry","category-haberler"],"jetpack_featured_media_url":"","jetpack_shortlink":"https:\/\/wp.me\/paHHlZ-vA","jetpack-related-posts":[{"id":1964,"url":"https:\/\/www.gocmeniz.biz\/?p=1964","url_meta":{"origin":1958,"position":0},"title":"Kurban Bayram\u0131\u2019nda yard\u0131mla\u015fma ve kayna\u015fma \u00f6n plana \u00e7\u0131kt\u0131","author":"Haberci","date":"30 Kas\u0131m 2009","format":false,"excerpt":"Yard\u0131mla\u015fma ve kayna\u015fmay\u0131 \u00f6ne \u00e7\u0131karan Kurban Bayram\u0131 \u00fclke genelinde \u00e7o\u015fkulu bir \u015fekilde kutland\u0131. Kesilen kurbanlar\u0131n e\u015f, dost, akraba, kom\u015fu ve yoksullara da\u011f\u0131t\u0131lmas\u0131yla yard\u0131mla\u015fma ve kayna\u015fma atmosferi sa\u011flanmaya \u00e7al\u0131\u015f\u0131ld\u0131. Dialogue Bulgaria\u2019n\u0131n \u00fclke genelinde organize etti\u011fi farkl\u0131 etkinlikler ile T\u00fcrk ve Bulgar t\u00fcm toplum bayram\u0131 birlikte kutlad\u0131 ve da\u011f\u0131t\u0131lan etlerle yoksullar ve\u2026","rel":"","context":"&quot;Haberler&quot; i\u00e7inde","block_context":{"text":"Haberler","link":"https:\/\/www.gocmeniz.biz\/?cat=5"},"img":{"alt_text":"","src":"","width":0,"height":0},"classes":[]},{"id":1351,"url":"https:\/\/www.gocmeniz.biz\/?p=1351","url_meta":{"origin":1958,"position":1},"title":"BALKANLAR&#8217;DAK\u0130 T\u00dcRK GAZETEC\u0130LER KOSOVA&#8217;DA BULU\u015eUYOR","author":"Haberci","date":"12 Haziran 2009","format":false,"excerpt":"ED\u0130RNE - G\u00fcneydo\u011fu Avrupa Gazeteciler Derne\u011fi (AGD) Ba\u015fkan\u0131 B\u00fclent Ayan ''Piri\u015ftine'de yapaca\u011f\u0131m\u0131z toplant\u0131da Balkanlardaki T\u00fcrk gazetecilerin AB'ye entegrasyonunu g\u00f6r\u00fc\u015fece\u011fiz'' dedi.\u00a0\u00a0\u00a0\u00a0 Ayan, AA muhabirine yapt\u0131\u011f\u0131 a\u00e7\u0131klamada, 3 y\u0131l \u00f6nce Balkanlardaki T\u00fcrk gazetecileri Edirne'de bulu\u015fturduklar\u0131n\u0131, bu bulu\u015fman\u0131n ikincisinin de Kosova'da ger\u00e7ekle\u015ftireceklerini belirtti.\u00a0\u00a0\u00a0\u00a0 Edirne'deki gazetecilerle birlikte 3 g\u00fcn Kosova'da kalacaklar\u0131n\u0131 anlatan Ayan, \u015funlar\u0131\u2026","rel":"","context":"&quot;Haberler&quot; i\u00e7inde","block_context":{"text":"Haberler","link":"https:\/\/www.gocmeniz.biz\/?cat=5"},"img":{"alt_text":"","src":"","width":0,"height":0},"classes":[]},{"id":1960,"url":"https:\/\/www.gocmeniz.biz\/?p=1960","url_meta":{"origin":1958,"position":2},"title":"Balkan&#8217;dan Bulgaristan&#8217;a ele\u015ftiri","author":"Haberci","date":"30 Kas\u0131m 2009","format":false,"excerpt":"Balkan G\u00f6\u00e7menleri K\u00fclt\u00fcr ve Dayan\u0131\u015fma Derne\u011fi (Bal-G\u00f6\u00e7) Genel Ba\u015fkan\u0131 Prof. Dr. Emin Balkan, Bulgaristan'daki yeni h\u00fck\u00fcmetin T\u00fcrk az\u0131nl\u0131\u011fa y\u00f6nelik izledi\u011fi politikalar\u0131 ele\u015ftirdi.Bal-G\u00f6\u00e7 Genel Merkez\u2019inde yap\u0131lan bayramla\u015fma t\u00f6reninde konu\u015fan Balkan G\u00f6\u00e7menleri K\u00fclt\u00fcr ve Dayan\u0131\u015fma Derne\u011fi (Bal-G\u00f6\u00e7) Genel Ba\u015fkan\u0131 Prof. Dr. Emin Balkan, Kurban Bayram\u0131'n\u0131n insanlar\u0131n bir araya geldi\u011fi, birlik, beraberlik ve\u2026","rel":"","context":"&quot;Haberler&quot; i\u00e7inde","block_context":{"text":"Haberler","link":"https:\/\/www.gocmeniz.biz\/?cat=5"},"img":{"alt_text":"","src":"","width":0,"height":0},"classes":[]},{"id":57,"url":"https:\/\/www.gocmeniz.biz\/?p=57","url_meta":{"origin":1958,"position":3},"title":"Bulgaristanl\u0131 kad\u0131n, bir T\u00fcrk&#8217;\u00fc daha doland\u0131racakt\u0131.","author":"Admin","date":"22 Nisan 2007","format":false,"excerpt":"Benzer haberler son zamanlarda T\u00fcrk medyas\u0131nda dola\u015f\u0131yor. S\u0131k s\u0131k rastlan\u0131lan bu olaylara, maalesef baz\u0131 T\u00fcrk vatanda\u015flar\u0131 kurban olmaya devam ediyor. Uyar\u0131 amac\u0131yla son ya\u015fanan bir olaya daha yer veriyoruz... Ge\u00e7ti\u011fimiz haftalarda bir T\u00fcrk vatanda\u015f\u0131 daha, \"yard\u0131m\" niyetiyle paras\u0131n\u0131 Bulgaristanl\u0131 bir kad\u0131na \"kapt\u0131rd\u0131\". BG-T\u00dcRK'\u00fcn ara\u015ft\u0131rmas\u0131 sonucunda sahte kimlik ve doland\u0131r\u0131c\u0131l\u0131k s\u00f6zkonusu\u2026","rel":"","context":"&quot;Haberler&quot; i\u00e7inde","block_context":{"text":"Haberler","link":"https:\/\/www.gocmeniz.biz\/?cat=5"},"img":{"alt_text":"","src":"https:\/\/i0.wp.com\/img252.imageshack.us\/img252\/917\/sahtekimliked7.jpg?resize=350%2C200","width":350,"height":200},"classes":[]},{"id":8389,"url":"https:\/\/www.gocmeniz.biz\/?p=8389","url_meta":{"origin":1958,"position":4},"title":"Balkanlar&#8217;da M\u00fcsl\u00fcmanlar Ramazan Bayram\u0131 namaz\u0131n\u0131 k\u0131ld\u0131","author":"Admin","date":"20 Mart 2026","format":false,"excerpt":"Balkan \u00fclkeleri Kuzey Makedonya, Arnavutluk, Kosova, Bosna Hersek, S\u0131rbistan, H\u0131rvatistan, Bulgaristan ve Karada\u011f'da ya\u015fayan M\u00fcsl\u00fcmanlar, Ramazan Bayram\u0131 namaz\u0131n\u0131 k\u0131lmak i\u00e7in camilere ak\u0131n etti. Kuzey Makedonya'da Ramazan Bayram\u0131 dolay\u0131s\u0131yla merkezi t\u00f6ren, Kuzey Makedonya \u0130slam Birli\u011fi (Diyanet \u0130\u015fleri) himayelerinde ba\u015fkent \u00dcsk\u00fcp'teki Mustafa Pa\u015fa Camisi'nde d\u00fczenlendi. Program kapsam\u0131nda ilahiler okundu, dualar edildi. Ramazan\u2026","rel":"","context":"&quot;Haberler&quot; i\u00e7inde","block_context":{"text":"Haberler","link":"https:\/\/www.gocmeniz.biz\/?cat=5"},"img":{"alt_text":"","src":"https:\/\/i0.wp.com\/www.gocmeniz.biz\/wp-content\/balkanlar-da-muslumanlar-ramazan-bayrami-nama-19673761_amp.jpg?fit=1200%2C800&ssl=1&resize=350%2C200","width":350,"height":200,"srcset":"https:\/\/i0.wp.com\/www.gocmeniz.biz\/wp-content\/balkanlar-da-muslumanlar-ramazan-bayrami-nama-19673761_amp.jpg?fit=1200%2C800&ssl=1&resize=350%2C200 1x, https:\/\/i0.wp.com\/www.gocmeniz.biz\/wp-content\/balkanlar-da-muslumanlar-ramazan-bayrami-nama-19673761_amp.jpg?fit=1200%2C800&ssl=1&resize=525%2C300 1.5x, https:\/\/i0.wp.com\/www.gocmeniz.biz\/wp-content\/balkanlar-da-muslumanlar-ramazan-bayrami-nama-19673761_amp.jpg?fit=1200%2C800&ssl=1&resize=700%2C400 2x, https:\/\/i0.wp.com\/www.gocmeniz.biz\/wp-content\/balkanlar-da-muslumanlar-ramazan-bayrami-nama-19673761_amp.jpg?fit=1200%2C800&ssl=1&resize=1050%2C600 3x"},"classes":[]},{"id":301,"url":"https:\/\/www.gocmeniz.biz\/?p=301","url_meta":{"origin":1958,"position":5},"title":"Balkan Ara\u015ft\u0131rmalar\u0131 Derne\u011fi Kuruldu","author":"Admin","date":"27 \u015eubat 2008","format":false,"excerpt":"SAKARYA - \u0130\u015fadam\u0131 \u0130brahim Selamet, Doktor Sad\u0131k Canl\u0131, SA\u00dc \u00d6\u011fretim \u00dcyesi Salih \u015eim\u015fek, y\u00f6netici Naci \u0130ris, Gazeteci Zeki Ayd\u0131ntepe, Doktor Hasan Sa\u011flam, \u0130\u015fadam\u0131 Rahmi Sak, \u0130\u015fadam\u0131 Nedim Paker, Belediyeci Hasan Sayar ve emekli Recep Yanova taraf\u0131ndan kurulan Balkan Ara\u015ft\u0131rmalar\u0131 Derne\u011fi faaliyetlerine ba\u015flad\u0131. Dernek ad\u0131na a\u00e7\u0131klama yapan \u0130brahim Selamet, \"\u00dclkemizin Balkan\u2026","rel":"","context":"&quot;Haberler&quot; i\u00e7inde","block_context":{"text":"Haberler","link":"https:\/\/www.gocmeniz.biz\/?cat=5"},"img":{"alt_text":"","src":"","width":0,"height":0},"classes":[]}],"jetpack_sharing_enabled":true,"jetpack_likes_enabled":true,"_links":{"self":[{"href":"https:\/\/www.gocmeniz.biz\/index.php?rest_route=\/wp\/v2\/posts\/1958","targetHints":{"allow":["GET"]}}],"collection":[{"href":"https:\/\/www.gocmeniz.biz\/index.php?rest_route=\/wp\/v2\/posts"}],"about":[{"href":"https:\/\/www.gocmeniz.biz\/index.php?rest_route=\/wp\/v2\/types\/post"}],"author":[{"embeddable":true,"href":"https:\/\/www.gocmeniz.biz\/index.php?rest_route=\/wp\/v2\/users\/331"}],"replies":[{"embeddable":true,"href":"https:\/\/www.gocmeniz.biz\/index.php?rest_route=%2Fwp%2Fv2%2Fcomments&post=1958"}],"version-history":[{"count":1,"href":"https:\/\/www.gocmeniz.biz\/index.php?rest_route=\/wp\/v2\/posts\/1958\/revisions"}],"predecessor-version":[{"id":8676,"href":"https:\/\/www.gocmeniz.biz\/index.php?rest_route=\/wp\/v2\/posts\/1958\/revisions\/8676"}],"wp:attachment":[{"href":"https:\/\/www.gocmeniz.biz\/index.php?rest_route=%2Fwp%2Fv2%2Fmedia&parent=1958"}],"wp:term":[{"taxonomy":"category","embeddable":true,"href":"https:\/\/www.gocmeniz.biz\/index.php?rest_route=%2Fwp%2Fv2%2Fcategories&post=1958"},{"taxonomy":"post_tag","embeddable":true,"href":"https:\/\/www.gocmeniz.biz\/index.php?rest_route=%2Fwp%2Fv2%2Ftags&post=1958"}],"curies":[{"name":"wp","href":"https:\/\/api.w.org\/{rel}","templated":true}]}}