{"id":1960,"date":"2009-11-30T13:59:14","date_gmt":"2009-11-30T11:59:14","guid":{"rendered":"http:\/\/www.gocmeniz.biz\/?p=1960"},"modified":"2026-04-03T12:25:37","modified_gmt":"2026-04-03T09:25:37","slug":"balkandan-bulgaristana-elestiri","status":"publish","type":"post","link":"https:\/\/www.gocmeniz.biz\/?p=1960","title":{"rendered":"Balkan&#8217;dan Bulgaristan&#8217;a ele\u015ftiri"},"content":{"rendered":"<p><b><img data-recalc-dims=\"1\"  title=\"\"  alt=\"1emin Balkan&#039;dan Bulgaristan&#039;a ele\u015ftiri\" decoding=\"async\" style=\"max-width: 800px; float: left; margin-top: 10px; margin-bottom: 10px; margin-right: 10px;\" src=\"https:\/\/i0.wp.com\/www.kentgazetesi.com\/haberresimleri\/sehir-Toplum_ufak\/1emin.jpeg?w=640\" \/>Balkan G\u00f6\u00e7menleri K\u00fclt\u00fcr ve Dayan\u0131\u015fma Derne\u011fi (Bal-G\u00f6\u00e7) Genel Ba\u015fkan\u0131 Prof. Dr. Emin Balkan, Bulgaristan&#8217;daki yeni h\u00fck\u00fcmetin T\u00fcrk az\u0131nl\u0131\u011fa y\u00f6nelik izledi\u011fi politikalar\u0131 ele\u015ftirdi.<\/b><\/p>\n<p>Bal-G\u00f6\u00e7 Genel Merkez\u2019inde yap\u0131lan bayramla\u015fma t\u00f6reninde konu\u015fan Balkan G\u00f6\u00e7menleri K\u00fclt\u00fcr ve Dayan\u0131\u015fma Derne\u011fi (Bal-G\u00f6\u00e7) Genel Ba\u015fkan\u0131 Prof. Dr. Emin Balkan, Kurban Bayram\u0131&#8217;n\u0131n insanlar\u0131n bir araya geldi\u011fi, birlik, beraberlik ve dayan\u0131\u015fma duygular\u0131n\u0131n doruk noktas\u0131na \u00e7\u0131kt\u0131\u011f\u0131 \u00f6zel g\u00fcnlerden biri oldu\u011funu s\u00f6yledi. <\/p>\n<p>T\u00fcrkiye&#8217;de son d\u00f6nemde ya\u015fanan geli\u015fmeleri g\u00f6\u00e7menlerin b\u00fcy\u00fck bir kayg\u0131 ile izledi\u011fini belirten Balkan, bu s\u00fcre\u00e7te \u00e7ok dikkatli olunmas\u0131n\u0131 istedi. Balkan T\u00fcrkleri\u2019nin ve g\u00f6\u00e7menlerinin sorunlar\u0131n\u0131 anlatan Balkan, Bulgaristan&#8217;daki yeni h\u00fck\u00fcmetin T\u00fcrk az\u0131nl\u0131\u011fa y\u00f6nelik izledi\u011fi politikalar\u0131 sert bir dille ele\u015ftirdi. Balkanlar&#8217;daki T\u00fcrklere, y\u0131llard\u0131r etnik ayr\u0131mc\u0131l\u0131k siyasetinin uyguland\u0131\u011f\u0131n\u0131 vurgulayan Balkan, \u201cBiz vatan kaybetmenin ne oldu\u011funu iyi biliriz. T\u00fcrk ve M\u00fcsl\u00fcman olman\u0131n bedelini en a\u011f\u0131r \u015fekilde \u00f6dedik. Onun i\u00e7in, T\u00fcrkiye\u2019ye sahip \u00e7\u0131kmam\u0131z gerek\u201d dedi. Bayramla\u015fma t\u00f6renine, \u00e7ok say\u0131da milletvekili, b\u00fcrokrat, dernek ba\u015fkan\u0131 ile Osmangazi Belediye Ba\u015fkan\u0131 Mustafa D\u00fcndar ve Y\u0131ld\u0131r\u0131m Belediye Ba\u015fkan\u0131 \u00d6zgen Keskin de kat\u0131ld\u0131.<\/p>\n<div class=\"zemanta-pixie\"><img data-recalc-dims=\"1\"  title=\"\" decoding=\"async\" class=\"zemanta-pixie-img\"  alt=\"pixy Balkan&#039;dan Bulgaristan&#039;a ele\u015ftiri\"  src=\"https:\/\/i0.wp.com\/img.zemanta.com\/pixy.gif?w=640\" \/><\/div>\n","protected":false},"excerpt":{"rendered":"<p>Balkan G\u00f6\u00e7menleri K\u00fclt\u00fcr ve Dayan\u0131\u015fma Derne\u011fi (Bal-G\u00f6\u00e7) Genel Ba\u015fkan\u0131 Prof. Dr. Emin Balkan, Bulgaristan&#8217;daki yeni h\u00fck\u00fcmetin T\u00fcrk az\u0131nl\u0131\u011fa y\u00f6nelik izledi\u011fi politikalar\u0131 ele\u015ftirdi. Bal-G\u00f6\u00e7 Genel Merkez\u2019inde yap\u0131lan bayramla\u015fma t\u00f6reninde konu\u015fan Balkan G\u00f6\u00e7menleri K\u00fclt\u00fcr ve Dayan\u0131\u015fma Derne\u011fi (Bal-G\u00f6\u00e7) Genel Ba\u015fkan\u0131 Prof. Dr. Emin Balkan, Kurban Bayram\u0131&#8217;n\u0131n insanlar\u0131n bir araya geldi\u011fi, birlik, beraberlik ve dayan\u0131\u015fma duygular\u0131n\u0131n doruk noktas\u0131na [&hellip;]<\/p>\n","protected":false},"author":331,"featured_media":0,"comment_status":"open","ping_status":"open","sticky":false,"template":"","format":"standard","meta":{"advanced_seo_description":"","jetpack_seo_html_title":"","jetpack_seo_noindex":false,"ngg_post_thumbnail":0,"jetpack_post_was_ever_published":false,"_jetpack_newsletter_access":"","_jetpack_dont_email_post_to_subs":false,"_jetpack_newsletter_tier_id":0,"_jetpack_memberships_contains_paywalled_content":false,"_jetpack_memberships_contains_paid_content":false,"footnotes":""},"categories":[5],"tags":[],"class_list":["post-1960","post","type-post","status-publish","format-standard","hentry","category-haberler"],"jetpack_featured_media_url":"","jetpack_shortlink":"https:\/\/wp.me\/paHHlZ-vC","jetpack-related-posts":[{"id":1478,"url":"https:\/\/www.gocmeniz.biz\/?p=1478","url_meta":{"origin":1960,"position":0},"title":"Bulgaristan se\u00e7imleri \u00f6ncesi soyda\u015flara uyar\u0131: Ge\u00e7mi\u015fi unutmadan oy kullan\u0131n","author":"Haberci","date":"04 Temmuz 2009","format":false,"excerpt":"Bulgaristan vatanda\u015f\u0131 binlerce soyda\u015f da Bursa'da kurulan sand\u0131klarda oy kullanabilecek. Balkan G\u00f6\u00e7menleri K\u00fclt\u00fcr ve Dayan\u0131\u015fma Derne\u011fi (BAL-G\u00d6\u00c7) Genel Ba\u015fkan\u0131 Emin Balkan, T\u00fcrkiye ve Bulgaristan'daki T\u00fcrk soylu vatanda\u015flar\u0131n, ge\u00e7mi\u015fini unutmadan gelece\u011fine sahip \u00e7\u0131kmas\u0131 i\u00e7in sand\u0131klara ko\u015fmas\u0131n\u0131 beklediklerini belirtti.Se\u00e7imler \u00f6ncesi bir bas\u0131n toplant\u0131s\u0131 d\u00fczenleyen BAL-G\u00d6\u00c7 Genel Ba\u015fkan\u0131 Emin Balkan, Bulgaristan vatanda\u015fl\u0131klar\u0131n\u0131 devam\u2026","rel":"","context":"&quot;Haberler&quot; i\u00e7inde","block_context":{"text":"Haberler","link":"https:\/\/www.gocmeniz.biz\/?cat=5"},"img":{"alt_text":"","src":"http:\/\/www.stargundem.com\/thumbnail.php?file=muhacir_370861453.jpg&size=article_medium","width":350,"height":200},"classes":[]},{"id":1319,"url":"https:\/\/www.gocmeniz.biz\/?p=1319","url_meta":{"origin":1960,"position":1},"title":"BAL-G\u00d6\u00c7, g\u00f6\u00e7\u00fcn 20. y\u0131ld\u00f6n\u00fcm\u00fc etkinlikleri haz\u0131rlad\u0131","author":"Haberci","date":"06 Haziran 2009","format":false,"excerpt":"Balkan G\u00f6\u00e7menleri K\u00fclt\u00fcr ve Dayan\u0131\u015fma Derne\u011fi (BAL-G\u00d6\u00c7), Bulgaristan`dan zorunlu g\u00f6\u00e7\u00fcn 20. y\u0131ld\u00f6n\u00fcm\u00fc nedeniyle Bursa`da \u00e7e\u015fitli etkinlikler yapacak.BAL-G\u00d6\u00c7 Genel Ba\u015fkan\u0131 Emin Balkan, d\u00fczenledi\u011fi bas\u0131n toplant\u0131s\u0131nda, Bulgaristan`da 1984 y\u0131l\u0131nda ba\u015flayan T\u00fcrklere asimilasyon s\u00fcrecinde 7 Haziran 1989`da zorunlu g\u00f6\u00e7\u00fcn ba\u015flad\u0131\u011f\u0131n\u0131 belirtti. Y\u00f6netim kurulunda zorunlu g\u00f6\u00e7\u00fcn 20. y\u0131ld\u00f6n\u00fcm\u00fc nedeniyle neler yap\u0131labilece\u011fini g\u00f6r\u00fc\u015ft\u00fcklerini anlatan Balkan,\u2026","rel":"","context":"&quot;Haberler&quot; i\u00e7inde","block_context":{"text":"Haberler","link":"https:\/\/www.gocmeniz.biz\/?cat=5"},"img":{"alt_text":"","src":"","width":0,"height":0},"classes":[]},{"id":936,"url":"https:\/\/www.gocmeniz.biz\/?p=936","url_meta":{"origin":1960,"position":2},"title":"Balkan G\u00f6\u00e7menleri gecesi b\u00fcy\u00fck ilgi g\u00f6rd\u00fc.","author":"Haberci","date":"23 Mart 2009","format":false,"excerpt":"Balkan G\u00f6\u00e7menleri K\u00fclt\u00fcr ve Dayan\u0131\u015fma Derne\u011fi (Bal-G\u00f6\u00e7) Band\u0131rma \u015eubesi taraf\u0131ndan d\u00fczenlenen dayan\u0131\u015fma gecesi b\u00fcy\u00fck ilgi g\u00f6rd\u00fc.Oda Restoran'da d\u00fczenlenen geceye CHP Band\u0131rma Belediye Ba\u015fkan Aday\u0131 Sedat Pekel, MHP Band\u0131rma Belediye Ba\u015fkan Aday\u0131 Mustafa G\u00f6nenlio\u011flu ve Bursa'dan gelen Bal-G\u00f6\u00e7 Derne\u011fi Genel Ba\u015fkan\u0131 Prof.Dr. M\u00fcnir Balkanlar ile \u00e7ok say\u0131da dernek \u00fcyesi kat\u0131ld\u0131.Gecede konu\u015fan\u2026","rel":"","context":"&quot;Haberler&quot; i\u00e7inde","block_context":{"text":"Haberler","link":"https:\/\/www.gocmeniz.biz\/?cat=5"},"img":{"alt_text":"","src":"","width":0,"height":0},"classes":[]},{"id":456,"url":"https:\/\/www.gocmeniz.biz\/?p=456","url_meta":{"origin":1960,"position":3},"title":"BULGAR M\u0130LLETVEK\u0130LLER\u0130NDEN BAL-G\u00d6\u00c7&#8217;E Z\u0130YARET","author":"Haberci","date":"01 Temmuz 2008","format":false,"excerpt":"Bulgaristan koalisyon h\u00fck\u00fcmeti milletvekilleri, Bursa Balkan G\u00f6\u00e7menleri K\u00fclt\u00fcr ve Dayan\u0131\u015fma Derne\u011fi(BAL-G\u00d6\u00c7)'ni ziyaret etti. Bal-G\u00f6\u00e7 Genel Ba\u015fkan\u0131 Prof. Dr. Emin Balkan ile bir s\u00fcre g\u00f6r\u00fc\u015fen milletvekilleri, iki \u00fclke aras\u0131nda ya\u015fanan ili\u015fkilerin geli\u015ftirilmesini istedi. Bulgaristan'\u0131n koalisyon h\u00fck\u00fcmetinde bulunan Bulgaristan Sosyalist Partisi (BSP)'nden Mariya Volkanova, Kral\u0131n Partisi (NDSV)'nden Ermeni k\u00f6kenli milletvekili Rupen Kirkoryan\u2026","rel":"","context":"Benzer yaz\u0131","block_context":{"text":"Benzer yaz\u0131","link":""},"img":{"alt_text":"","src":"","width":0,"height":0},"classes":[]},{"id":376,"url":"https:\/\/www.gocmeniz.biz\/?p=376","url_meta":{"origin":1960,"position":4},"title":"Soyda\u015flara Bor\u00e7lanma M\u00fcjdesi","author":"Haberci","date":"08 May\u0131s 2008","format":false,"excerpt":"Balkan G\u00f6\u00e7menleri K\u00fclt\u00fcr ve Dayan\u0131\u015fma Derne\u011fi (BAL-G\u00d6\u00c7) Genel Ba\u015fkan\u0131 Prof. Dr. Emin Balkan, Sosyal Sigortalar ve Genel Sa\u011fl\u0131k Sigortas\u0131 Kanunu ile Bulgaristan'dan zorunlu g\u00f6\u00e7e tabi tutularak T\u00fcrkiye'ye gelen ve T\u00fcrk vatanda\u015fl\u0131\u011f\u0131na ge\u00e7enlere, T\u00fcrkiye'deki hizmetlerine eklenmek \u00fczere Bulgaristan hizmetlerinden istedi\u011fi kadar\u0131n\u0131 bor\u00e7lanma imkan\u0131 tan\u0131nd\u0131\u011f\u0131n\u0131 s\u00f6yledi.Konuyla ilgili yaz\u0131l\u0131 bir a\u00e7\u0131klama yapan Balkan;\u2026","rel":"","context":"&quot;Haberler&quot; i\u00e7inde","block_context":{"text":"Haberler","link":"https:\/\/www.gocmeniz.biz\/?cat=5"},"img":{"alt_text":"","src":"","width":0,"height":0},"classes":[]},{"id":826,"url":"https:\/\/www.gocmeniz.biz\/?p=826","url_meta":{"origin":1960,"position":5},"title":"Gen\u00e7o\u011flu unutulmad\u0131","author":"Haberci","date":"08 \u015eubat 2009","format":false,"excerpt":"Balkan G\u00f6\u00e7menleri K\u00fclt\u00fcr ve Dayan\u0131\u015fma Derne\u011fi'nin (Bal-G\u00f6\u00e7) kurucu ba\u015fkan\u0131 ve Bursa eski Milletvekili M\u00fcmin Gen\u00e7o\u011flu, \u00f6l\u00fcm\u00fcn\u00fcn 16. y\u0131ld\u00f6n\u00fcm\u00fcnde Emirsultan'daki kabri ba\u015f\u0131nda an\u0131ld\u0131.Bal-G\u00f6\u00e7'\u00fcn kurucusu ve Bursa eski Milletvekili M\u00fcmin Gen\u00e7o\u011flu'nun Emirsultan Mezarl\u0131\u011f\u0131'ndaki anma t\u00f6renine, o\u011fullar\u0131 Turhan Gen\u00e7o\u011flu, Orhan Gen\u00e7o\u011flu, ailesi, AKP Milletvekili Ali Kul, Bal-G\u00f6\u00e7 Ba\u015fkan\u0131 Prof. Dr. Emin Balkan, eski\u2026","rel":"","context":"&quot;Haberler&quot; i\u00e7inde","block_context":{"text":"Haberler","link":"https:\/\/www.gocmeniz.biz\/?cat=5"},"img":{"alt_text":"","src":"http:\/\/www.bursahakimiyet.com.tr\/Resim.aspx?gid=1&kid=3&iid=6237&w=300","width":350,"height":200},"classes":[]}],"jetpack_sharing_enabled":true,"jetpack_likes_enabled":true,"_links":{"self":[{"href":"https:\/\/www.gocmeniz.biz\/index.php?rest_route=\/wp\/v2\/posts\/1960","targetHints":{"allow":["GET"]}}],"collection":[{"href":"https:\/\/www.gocmeniz.biz\/index.php?rest_route=\/wp\/v2\/posts"}],"about":[{"href":"https:\/\/www.gocmeniz.biz\/index.php?rest_route=\/wp\/v2\/types\/post"}],"author":[{"embeddable":true,"href":"https:\/\/www.gocmeniz.biz\/index.php?rest_route=\/wp\/v2\/users\/331"}],"replies":[{"embeddable":true,"href":"https:\/\/www.gocmeniz.biz\/index.php?rest_route=%2Fwp%2Fv2%2Fcomments&post=1960"}],"version-history":[{"count":1,"href":"https:\/\/www.gocmeniz.biz\/index.php?rest_route=\/wp\/v2\/posts\/1960\/revisions"}],"predecessor-version":[{"id":8960,"href":"https:\/\/www.gocmeniz.biz\/index.php?rest_route=\/wp\/v2\/posts\/1960\/revisions\/8960"}],"wp:attachment":[{"href":"https:\/\/www.gocmeniz.biz\/index.php?rest_route=%2Fwp%2Fv2%2Fmedia&parent=1960"}],"wp:term":[{"taxonomy":"category","embeddable":true,"href":"https:\/\/www.gocmeniz.biz\/index.php?rest_route=%2Fwp%2Fv2%2Fcategories&post=1960"},{"taxonomy":"post_tag","embeddable":true,"href":"https:\/\/www.gocmeniz.biz\/index.php?rest_route=%2Fwp%2Fv2%2Ftags&post=1960"}],"curies":[{"name":"wp","href":"https:\/\/api.w.org\/{rel}","templated":true}]}}