{"id":1962,"date":"2009-11-30T14:02:36","date_gmt":"2009-11-30T12:02:36","guid":{"rendered":"http:\/\/www.gocmeniz.biz\/?p=1962"},"modified":"2026-04-03T12:17:06","modified_gmt":"2026-04-03T09:17:06","slug":"bulgarlari-cildirtti","status":"publish","type":"post","link":"https:\/\/www.gocmeniz.biz\/?p=1962","title":{"rendered":"Bulgarlar\u0131 \u00e7\u0131ld\u0131rtt\u0131!"},"content":{"rendered":"<p><b><img data-recalc-dims=\"1\"  title=\"\"  alt=\"291120092256546852268 Bulgarlar\u0131 \u00e7\u0131ld\u0131rtt\u0131!\" decoding=\"async\" style=\"max-width: 800px; float: left; margin-top: 10px; margin-bottom: 10px; margin-right: 10px;\" src=\"https:\/\/i0.wp.com\/haber.gazetevatan.com\/newpics\/news\/291120092256546852268.jpg?w=640\" \/>\u2018T\u00fcrkler size soyk\u0131r\u0131m falan yapmad\u0131, tarihiniz uydurma!\u2019<\/b><\/p>\n<p><i>VATAN DI\u015e HABERLER<\/i><\/p>\n<p>Berlin Do\u011fu Avrupa Entit\u00fcs\u00fc\u2019nde g\u00f6revli Avusturyal\u0131 tarih\u00e7i Ulf Brunbauer, Sofya\u2019da verdi\u011fi konferansta, \u201cOsmanl\u0131 y\u00f6netimi alt\u0131ndaki Bulgaristan\u2019\u0131n tarih kitaplar\u0131nda yazan hali uydurmad\u0131r. Bulgar isyan\u0131 s\u0131ras\u0131nda Batak\u2019ta soyk\u0131r\u0131m oldu\u011fu iddialar\u0131 da as\u0131ls\u0131zd\u0131r\u201d deyince Bulgar \u0131rk\u00e7\u0131lar \u00e7\u0131ld\u0131rd\u0131.<\/p>\n<p>Bulgaristan\u2019\u0131n Osmanl\u0131 egemenli\u011finde bulundu\u011fu s\u0131ralarda \u00fclkenin Batak k\u00f6y\u00fcnde, 131 y\u0131l \u00f6nce ya\u015fanan ve \u201cBatak Katliam\u0131\u201d olarak adland\u0131r\u0131lan olay\u0131 inceleyen Avusturyal\u0131 tarih profes\u00f6r\u00fcn\u00fcn \u201csoyk\u0131r\u0131m iddias\u0131 tam bir uydurma\u201d sonucuna varmas\u0131 \u00fclkedeki a\u015f\u0131r\u0131 milliyet\u00e7ileri \u00e7\u0131ld\u0131rtt\u0131. Berlin\u2019deki Do\u011fu Avrupa Enstit\u00fcs\u00fc \u00fcyesi tarih profes\u00f6r\u00fc Ulf Brunbauer Bulgar tarih\u00e7ilerin, \u201cOsmanl\u0131 y\u00f6netimine kar\u015f\u0131 21 Nisan 1876\u2019da ba\u015flat\u0131lan Batak isyan\u0131 s\u0131ras\u0131nda, \u00e7o\u011fu kad\u0131n ve \u00e7ocuk 5000 ki\u015finin Batak\u2019taki Sveta Nedelya kilisesinde Osmanl\u0131lar taraf\u0131ndan k\u0131l\u0131\u00e7tan ge\u00e7irildi\u011fi\u201d \u015feklindeki iddialar\u0131n\u0131 \u00e7\u00fcr\u00fctt\u00fc. Ulf Brunbauer bununla da kalmad\u0131, \u201cOsmanl\u0131 y\u00f6netimi alt\u0131ndaki Bulgaristan\u2019\u0131n tarih kitaplar\u0131nda yazan hali uydurmad\u0131r\u201d diyerek Bulgar tarih\u00e7ilere y\u00fcklendi. Sofya\u2019da bir konferansa kat\u0131lan Avusturyal\u0131 profes\u00f6r\u00fcn bu g\u00f6r\u00fc\u015fleri \u00fclkedeki a\u015f\u0131r\u0131 milliyet\u00e7ileri harekete ge\u00e7irdi.<\/p>\n<p><b>\u201cAptal milliyet\u00e7iler\u201d<\/b><\/p>\n<p>Ba\u015f\u0131n\u0131 T\u00fcrk kar\u015f\u0131t\u0131 ATAKA partisinin \u00e7ekti\u011fi y\u00fczlerce ki\u015filik grup Sofya\u2019da konferans\u0131n yap\u0131ld\u0131\u011f\u0131 otelin \u00f6n\u00fcnde Bulgar bayraklar\u0131 ile eylem d\u00fczenledi. Bu s\u0131rada tarih\u00e7iye de Bulgar halk\u0131ndan \u00f6z\u00fcr dilemesini talep eden bir not iletildi. Ancak bu notu konferans s\u0131ras\u0131nda alan tarih\u00e7i, \u201cAptal milliyet\u00e7iler\u201d diye tepki verince grup iyice \u00e7\u0131ld\u0131rd\u0131. Brunbauer konferansta, \u201cBulgaristan\u2019\u0131n tarih\u00e7ileri Batak\u2019taki olaylar\u0131 fazlas\u0131yla abartarak, Bulgar halk\u0131 aras\u0131nda M\u00fcsl\u00fcmanlara ve \u00f6zellikle T\u00fcrklere kar\u015f\u0131 nefret duygular\u0131 olu\u015fturmaya \u00e7al\u0131\u015f\u0131yor. Bu da herkesin bildi\u011fi gibi Kom\u00fcnizm d\u00f6neminde T\u00fcrklere kar\u015f\u0131 uygulanmaya \u00e7al\u0131\u015fan asimilasyon kampanyas\u0131na ilham vermi\u015ftir. \u00d6zellikle Kom\u00fcnizm d\u00f6neminde baz\u0131 \u00e7evrelerin Bulgar-T\u00fcrk ili\u015fkilerine zarar vermek i\u00e7in \u201dhayali efsaneler\u201c \u00fcretip tarihsel olaylar\u0131 sapt\u0131rd\u0131\u011f\u0131n\u0131 belirledik\u201d diye konu\u015ftu. ATAKA partisinden yap\u0131lan a\u00e7\u0131klamada ise \u201cBatak olay\u0131n\u0131n Bulgar halk\u0131na kar\u015f\u0131 bir soyk\u0131r\u0131m oldu\u011fu\u201d \u00f6ne s\u00fcr\u00fclerek, \u201cBatak katliam\u0131n\u0131 reddeden ki\u015filere 1 y\u0131ldan 5 y\u0131la kadar hapis ve 5 bin levadan 50 bin levaya (2500-25.000 euro) kadar para cezas\u0131 verilmesini\u201d \u00f6ng\u00f6ren bir yasa tasar\u0131s\u0131 haz\u0131rland\u0131\u011f\u0131 bildirildi. Bulgaristan Ba\u015fbakan\u0131 Boyko Borisov da bu t\u00fcr bir tasar\u0131n\u0131n meclise gelmesi durumunda yasa tasr\u0131s\u0131na destek vereceklerini duyurmu\u015ftu.<\/p>\n<p><b>Bulgarlar\u0131n \u201csoyk\u0131r\u0131m\u201d iddias\u0131 nereden \u00e7\u0131kt\u0131?<\/b><\/p>\n<p>Bulgar milliyet\u00e7ilerinin iddias\u0131na g\u00f6re 1876\u2019da ger\u00e7ekle\u015fen \u201csoyk\u0131r\u0131m\u201d \u015f\u00f6yle oldu: Bulgar isyan\u0131 s\u0131ras\u0131nda Batak kenti Osmanl\u0131\u2019dan ba\u011f\u0131ms\u0131zl\u0131\u011f\u0131n\u0131 ilan etti. Ahmet A\u011fa komutas\u0131ndaki 8 bin T\u00fcrk askeri 17 May\u0131s 1876\u2019da Batak\u2019\u0131 ku\u015fatt\u0131. \u0130lk \u00e7at\u0131\u015fmalar\u0131ndan ard\u0131ndan \u015fehir y\u00f6netimi Ahmet A\u011fa ile m\u00fczakere masas\u0131na oturmak istedi. Batak\u2019taki milislerin silahs\u0131zlanmas\u0131 durumunda Ahmet A\u011fa ku\u015fatmay\u0131 kald\u0131rma s\u00f6z\u00fc verdi. Ancak isyanc\u0131lar silahlar\u0131n\u0131 b\u0131rak\u0131nca Osmanl\u0131 askerleri \u015fehre sald\u0131rd\u0131 ve sadece Batak\u2019ta 5 bin ki\u015fiyi \u00f6ld\u00fcrd\u00fc. Ard\u0131ndan Plovdiv\u2019e sald\u0131r\u0131p 15 bin ki\u015fiyi de bir\u00e7o\u011funu kellesini u\u00e7urarak \u00f6ld\u00fcrd\u00fc.<\/p>\n<div class=\"zemanta-pixie\"><img data-recalc-dims=\"1\"  title=\"\" decoding=\"async\" class=\"zemanta-pixie-img\"  alt=\"pixy Bulgarlar\u0131 \u00e7\u0131ld\u0131rtt\u0131!\"  src=\"https:\/\/i0.wp.com\/img.zemanta.com\/pixy.gif?w=640\" \/><\/div>\n","protected":false},"excerpt":{"rendered":"<p>\u2018T\u00fcrkler size soyk\u0131r\u0131m falan yapmad\u0131, tarihiniz uydurma!\u2019 VATAN DI\u015e HABERLER Berlin Do\u011fu Avrupa Entit\u00fcs\u00fc\u2019nde g\u00f6revli Avusturyal\u0131 tarih\u00e7i Ulf Brunbauer, Sofya\u2019da verdi\u011fi konferansta, \u201cOsmanl\u0131 y\u00f6netimi alt\u0131ndaki Bulgaristan\u2019\u0131n tarih kitaplar\u0131nda yazan hali uydurmad\u0131r. Bulgar isyan\u0131 s\u0131ras\u0131nda Batak\u2019ta soyk\u0131r\u0131m oldu\u011fu iddialar\u0131 da as\u0131ls\u0131zd\u0131r\u201d deyince Bulgar \u0131rk\u00e7\u0131lar \u00e7\u0131ld\u0131rd\u0131. Bulgaristan\u2019\u0131n Osmanl\u0131 egemenli\u011finde bulundu\u011fu s\u0131ralarda \u00fclkenin Batak k\u00f6y\u00fcnde, 131 y\u0131l \u00f6nce [&hellip;]<\/p>\n","protected":false},"author":331,"featured_media":0,"comment_status":"open","ping_status":"open","sticky":false,"template":"","format":"standard","meta":{"advanced_seo_description":"","jetpack_seo_html_title":"","jetpack_seo_noindex":false,"ngg_post_thumbnail":0,"jetpack_post_was_ever_published":false,"_jetpack_newsletter_access":"","_jetpack_dont_email_post_to_subs":false,"_jetpack_newsletter_tier_id":0,"_jetpack_memberships_contains_paywalled_content":false,"_jetpack_memberships_contains_paid_content":false,"footnotes":""},"categories":[5],"tags":[],"class_list":["post-1962","post","type-post","status-publish","format-standard","hentry","category-haberler"],"jetpack_featured_media_url":"","jetpack_shortlink":"https:\/\/wp.me\/paHHlZ-vE","jetpack-related-posts":[{"id":890,"url":"https:\/\/www.gocmeniz.biz\/?p=890","url_meta":{"origin":1962,"position":0},"title":"Moskova ile belgesel krizi","author":"Haberci","date":"08 Mart 2009","format":false,"excerpt":"Rusya devlet televizyonunun g\u00f6sterdi\u011fi belgesel Ankara\u2019da s\u0131k\u0131nt\u0131 yaratt\u0131.Rusya devlet televizyonunun ikinci kanal\u0131nda, Bulgaristan\u2019\u0131n Osmanl\u0131 \u0130mparatorlu\u011fu\u2019ndan ba\u011f\u0131ms\u0131zl\u0131\u011f\u0131n\u0131 ilan edi\u015finin 131. y\u0131ld\u00f6n\u00fcm\u00fc nedeniyle g\u00f6sterilen ve \u201cT\u00fcrklerin 30 bin Bulgar\u0131 katletti\u011fi\u201d ileri s\u00fcr\u00fclen \u201cBalkanlar\u2019da Rus Ha\u00e7\u0131\u201d isimli belgesel Ankara\u2019da s\u0131k\u0131nt\u0131 yaratt\u0131. T\u00fcrkiye\u2019nin Moskova B\u00fcy\u00fckel\u00e7ili\u011fi\u2019nin Rus makamlar\u0131ndan bilgi istedi\u011fi \u00f6\u011frenildi.3 Mart\u2019ta Bulgaristan\u2019\u0131n Osmanl\u0131 \u0130mparatorlu\u011fu\u2019ndan\u2026","rel":"","context":"&quot;Haberler&quot; i\u00e7inde","block_context":{"text":"Haberler","link":"https:\/\/www.gocmeniz.biz\/?cat=5"},"img":{"alt_text":"","src":"","width":0,"height":0},"classes":[]},{"id":1537,"url":"https:\/\/www.gocmeniz.biz\/?p=1537","url_meta":{"origin":1962,"position":1},"title":"Bulgaristan Osmanl\u0131 an\u0131t\u0131n\u0131 y\u0131kacak","author":"Haberci","date":"10 Temmuz 2009","format":false,"excerpt":"Bulgaristan`da T\u0131rgovi\u015fte`nin Popovo il\u00e7esine ba\u011fl\u0131 Slavyanovo k\u00f6y\u00fcnde, Balkan Sava\u015f\u0131`nda \u00f6len Osmanl\u0131 askerleri i\u00e7in dikilen an\u0131t kanunsuz in\u015fa edildi\u011fi gerek\u00e7esiyle y\u0131k\u0131lacak.NAH\u0130T DO\u011eU \/ SOFYAK\u00f6ydeki caminin kar\u015f\u0131s\u0131nda bulunan an\u0131t\u0131n `Bulgaristan K\u0131z\u0131lay \u00d6rg\u00fct\u00fc` ad\u0131yla resmi kayd\u0131 bulunan yard\u0131mla\u015fma derne\u011fi taraf\u0131ndan yap\u0131ld\u0131\u011f\u0131 bildirildi.Ta\u015ftan yap\u0131lan piramit \u015feklindeki an\u0131t\u0131n y\u00fcksekli\u011fi 6, geni\u015fli\u011fi ise 2 metreye yak\u0131n.\u2026","rel":"","context":"&quot;Haberler&quot; i\u00e7inde","block_context":{"text":"Haberler","link":"https:\/\/www.gocmeniz.biz\/?cat=5"},"img":{"alt_text":"","src":"","width":0,"height":0},"classes":[]},{"id":2188,"url":"https:\/\/www.gocmeniz.biz\/?p=2188","url_meta":{"origin":1962,"position":2},"title":"Dr. Ahmet Tacemen&#8217;den; Bulgar, Bulgart\u00fcrk\u00fc, Bulgarslav\u0131 Etnonimleri ve Bulgarslav\u0131 Devletinin Kurulu\u015fu \u00dczerine Et\u00fctler.","author":"Haberci","date":"31 Ocak 2011","format":false,"excerpt":"Bu tebli\u011f S\u0131rp, Karada\u011f, Grek, Romen ve Bugarslav\u0131 devletleri\u00a0kurulu\u015flar\u0131nda katledilen milyonlarca masum M\u00fcsl\u00fcman\u0131n ruhlar\u0131na\u00a0ithaf edilir. Bulgar, Bulgart\u00fcrk\u00fc, Bulgarslav\u0131 Etnonimleri ve Bulgarslav\u0131 Devletinin Kurulu\u015fu \u00dczerine Et\u00fctler \u0130ngilizlerin, Frans\u0131zlar\u0131n, Almanlar\u0131n, \u0130spanyollar\u0131n, Portekizlerin, Vatikan\u0131n, Ruslar\u0131n, Mason G\u00fcruhunun; T\u00fcrke kar\u015f\u0131 i\u015fledikleri en b\u00fcy\u00fck su\u00e7; onun, Avrupa \u0131rk\u0131ndan olmad\u0131\u011f\u0131, Orta Asyadan Malazgirt harbinden sonra (1070)\u2026","rel":"","context":"&quot;Haberler&quot; i\u00e7inde","block_context":{"text":"Haberler","link":"https:\/\/www.gocmeniz.biz\/?cat=5"},"img":{"alt_text":"","src":"","width":0,"height":0},"classes":[]},{"id":855,"url":"https:\/\/www.gocmeniz.biz\/?p=855","url_meta":{"origin":1962,"position":3},"title":"Melih A\u015f\u0131k&#8217;\u0131n K\u00f6\u015fe Yaz\u0131s\u0131ndan;","author":"Haberci","date":"23 \u015eubat 2009","format":false,"excerpt":"Uyumay\u0131n beyler!G\u00f6z\u00fcm\u00fcz ayd\u0131n! Ermeni, Pontus, S\u00fcryani, Keldani derken nurtopu gibi bir \u00e7ocu\u011fumuz daha oldu: Bulgar soyk\u0131r\u0131m\u0131. Bulgaristan\u2019daki a\u015f\u0131r\u0131 sa\u011fc\u0131 Ataka (Sald\u0131r\u0131) partisi Sofya B\u00fcy\u00fckel\u00e7ili\u011fimiz \u00f6n\u00fcnde d\u00fczenledi\u011fi protesto g\u00f6sterisinde T\u00fcrkiye\u2019nin, \u201cOsmanl\u0131 \u0130mparatorlu\u011fu d\u00f6neminde uygulad\u0131\u011f\u0131 Bulgar soyk\u0131r\u0131m\u0131\u201d nedeniyle \u00f6z\u00fcr dilemesini istedi. Okurumuz Ercan D\u00fcz, g\u00f6nderdi\u011fi notta aynen \u015f\u00f6yle diyor:\u201cHaberi gazetelerde okuyunca fena\u2026","rel":"","context":"&quot;Haberler&quot; i\u00e7inde","block_context":{"text":"Haberler","link":"https:\/\/www.gocmeniz.biz\/?cat=5"},"img":{"alt_text":"","src":"https:\/\/i0.wp.com\/www.internethaber.com\/images\/news\/32386.jpg?resize=350%2C200","width":350,"height":200},"classes":[]},{"id":1682,"url":"https:\/\/www.gocmeniz.biz\/?p=1682","url_meta":{"origin":1962,"position":4},"title":"Bulgarlardan soyk\u0131r\u0131m siyaseti","author":"Haberci","date":"11 A\u011fustos 2009","format":false,"excerpt":"Bulgaristan`da a\u015f\u0131r\u0131 milliyet\u00e7i ATAKA partisi Osmanl\u0131 d\u00f6neminde Bulgarlar`a soyk\u0131r\u0131m yap\u0131ld\u0131\u011f\u0131n\u0131 iddia ederek ulusal bir anma g\u00fcn\u00fc ilan edilmesi talebinde bulundu. \u0130\u015fte bu \u015fok talep \u00fclkenin Ba\u015fbakan\u0131 Boyko Borisov taraf\u0131ndan olumlu kar\u015f\u0131land\u0131.Borisov`Bulgarlar`a soyk\u0131r\u0131m yap\u0131ld\u0131\u011f\u0131na ben de inan\u0131yorum. Soyk\u0131r\u0131m\u0131 anma g\u00fcn\u00fcne destek verebilirim` dedi. ATAKA`n\u0131n devlet televizyonlar\u0131na T\u00fcrk\u00e7e yay\u0131n yasa\u011f\u0131 \u00f6nerisinin de\u2026","rel":"","context":"&quot;Haberler&quot; i\u00e7inde","block_context":{"text":"Haberler","link":"https:\/\/www.gocmeniz.biz\/?cat=5"},"img":{"alt_text":"","src":"","width":0,"height":0},"classes":[]},{"id":71,"url":"https:\/\/www.gocmeniz.biz\/?p=71","url_meta":{"origin":1962,"position":5},"title":"BULGAR\u0130STAN REHBER\u0130","author":"Admin","date":"06 May\u0131s 2007","format":false,"excerpt":"Bulgaristan Bulgar Krall\u0131\u011f\u0131 14. y\u00fczy\u0131l sonlar\u0131ndan itibaren yakla\u015f\u0131k 500 y\u0131l Osmanl\u0131 egemenli\u011finde kald\u0131. 1878'te ise Rusya'yla yap\u0131lan bir anla\u015fma uyar\u0131nca, \u00f6zerk Bulgar Prensli\u011fi kuruldu. Bu d\u00f6nemde b\u00f6lge \u00fczerinde de Rusya'n\u0131n n\u00fcfuzu etkiliydi. GENEL B\u0130LG\u0130LER 1944'te Sovyet birlikleri taraf\u0131ndan i\u015fgal edilen \u00fclkede, 1946'da yap\u0131lan bir referandum sonunda halk cumhuriyeti se\u00e7ince, Kral\u2026","rel":"","context":"&quot;Haberler&quot; i\u00e7inde","block_context":{"text":"Haberler","link":"https:\/\/www.gocmeniz.biz\/?cat=5"},"img":{"alt_text":"","src":"","width":0,"height":0},"classes":[]}],"jetpack_sharing_enabled":true,"jetpack_likes_enabled":true,"_links":{"self":[{"href":"https:\/\/www.gocmeniz.biz\/index.php?rest_route=\/wp\/v2\/posts\/1962","targetHints":{"allow":["GET"]}}],"collection":[{"href":"https:\/\/www.gocmeniz.biz\/index.php?rest_route=\/wp\/v2\/posts"}],"about":[{"href":"https:\/\/www.gocmeniz.biz\/index.php?rest_route=\/wp\/v2\/types\/post"}],"author":[{"embeddable":true,"href":"https:\/\/www.gocmeniz.biz\/index.php?rest_route=\/wp\/v2\/users\/331"}],"replies":[{"embeddable":true,"href":"https:\/\/www.gocmeniz.biz\/index.php?rest_route=%2Fwp%2Fv2%2Fcomments&post=1962"}],"version-history":[{"count":1,"href":"https:\/\/www.gocmeniz.biz\/index.php?rest_route=\/wp\/v2\/posts\/1962\/revisions"}],"predecessor-version":[{"id":8675,"href":"https:\/\/www.gocmeniz.biz\/index.php?rest_route=\/wp\/v2\/posts\/1962\/revisions\/8675"}],"wp:attachment":[{"href":"https:\/\/www.gocmeniz.biz\/index.php?rest_route=%2Fwp%2Fv2%2Fmedia&parent=1962"}],"wp:term":[{"taxonomy":"category","embeddable":true,"href":"https:\/\/www.gocmeniz.biz\/index.php?rest_route=%2Fwp%2Fv2%2Fcategories&post=1962"},{"taxonomy":"post_tag","embeddable":true,"href":"https:\/\/www.gocmeniz.biz\/index.php?rest_route=%2Fwp%2Fv2%2Ftags&post=1962"}],"curies":[{"name":"wp","href":"https:\/\/api.w.org\/{rel}","templated":true}]}}