{"id":1964,"date":"2009-11-30T14:09:37","date_gmt":"2009-11-30T12:09:37","guid":{"rendered":"http:\/\/www.gocmeniz.biz\/?p=1964"},"modified":"2026-04-03T12:25:37","modified_gmt":"2026-04-03T09:25:37","slug":"kurban-bayraminda-yardimlasma-ve-kaynasma-on-plana-cikti","status":"publish","type":"post","link":"https:\/\/www.gocmeniz.biz\/?p=1964","title":{"rendered":"Kurban Bayram\u0131\u2019nda yard\u0131mla\u015fma ve kayna\u015fma \u00f6n plana \u00e7\u0131kt\u0131"},"content":{"rendered":"<p><b><img data-recalc-dims=\"1\"  title=\"\"  alt=\"Picture%20031 Kurban Bayram\u0131\u2019nda yard\u0131mla\u015fma ve kayna\u015fma \u00f6n plana \u00e7\u0131kt\u0131\" decoding=\"async\" style=\"max-width: 800px; float: left; margin-top: 10px; margin-bottom: 10px; margin-right: 10px;\" src=\"https:\/\/i0.wp.com\/medya.todayszaman.com\/bulgaristan-tr\/2009\/11\/30\/Picture%20031.jpg?w=640\" \/>Yard\u0131mla\u015fma ve kayna\u015fmay\u0131 \u00f6ne \u00e7\u0131karan Kurban Bayram\u0131 \u00fclke genelinde \u00e7o\u015fkulu bir \u015fekilde kutland\u0131. Kesilen kurbanlar\u0131n e\u015f, dost, akraba, kom\u015fu ve yoksullara da\u011f\u0131t\u0131lmas\u0131yla yard\u0131mla\u015fma ve kayna\u015fma atmosferi sa\u011flanmaya \u00e7al\u0131\u015f\u0131ld\u0131. Dialogue Bulgaria\u2019n\u0131n \u00fclke genelinde organize etti\u011fi farkl\u0131 etkinlikler ile T\u00fcrk ve Bulgar t\u00fcm toplum bayram\u0131 birlikte kutlad\u0131 ve da\u011f\u0131t\u0131lan etlerle yoksullar ve kimsesizler sevindirildi. Kurban Bayram\u0131 dolay\u0131s\u0131yla Plovdiv\u2019de kavurma ikram edildi.<\/b><\/p>\n<p>Dialogue Bulgaria Derne\u011fi ile Plovdiv B\u00fcy\u00fck\u015fehir Belediyesi\u2019nin Plovdiv\u2019de ortakla\u015fa d\u00fczenledikleri etkinlik B\u00fcy\u00fck\u015fehir Belediye meydan\u0131nda d\u00fczenlendi. Kutlama vatanda\u015flar taraf\u0131ndan b\u00fcy\u00fck ilgi g\u00f6rd\u00fc. Dialogue Bulgaria Derne\u011fi Ba\u015fkan\u0131 Habil Raif geleneksel hale getirdikleri Kurban Bayram\u0131 etkinli\u011fini bu y\u0131l da tekrarlad\u0131klar\u0131n\u0131 belirterek katk\u0131lar\u0131ndan dolay\u0131 Plovdiv Belediyesi\u2019ne te\u015fekk\u00fcr etti. Plovdiv Belediye Ba\u015fkan Yard\u0131mc\u0131s\u0131 Krasimir Angelov da konu\u015fmas\u0131nda Dialogue Bulgaria\u2019n\u0131n etkinli\u011finin \u00e7ok g\u00fczel bir organizasyon oldu\u011funu ve bunu beraber organize etmekten memnun olduklar\u0131n\u0131 belirtti. Geleneksel hale gelen Kurban Bayram\u0131 kutlamas\u0131 Dialogue Bulgaria derne\u011fi taraf\u0131ndan bu y\u0131l d\u00f6rd\u00fcnc\u00fc kez ger\u00e7ekle\u015ftiriliyor. Dialogue Bulgaria ayr\u0131ca, Plovdiv\u2019de kimsesiz \u00e7ocuklar yurdu, huzur evi ve yoksullara toplam 700 paket et yard\u0131m\u0131nda bulundu.<\/p>\n<p>\u00d6te yandan, T\u00fcrkiye\u2019nin Plovdiv Ba\u015fkonsoloslu\u011fu da Asenovgard\u2019\u0131n Dolni Voden semtinde bu y\u0131l ilk defa kavurma ile pilav da\u011f\u0131t\u0131m\u0131 ger\u00e7ekle\u015ftirdi. Organizasyon halk taraf\u0131ndan b\u00fcy\u00fck sevin\u00e7 ve mutlulukla kar\u015f\u0131land\u0131.<\/p>\n<p><b>Belediye Ba\u015fkan\u0131\u2019ndan halka kavurma<\/b><!--more--><\/p>\n<p>Bayram nedeniyle bir di\u011fer etkinlik de K\u0131rcali\u2019de d\u00fczenlendi. Bayram\u0131n ilk g\u00fcn\u00fc Diyalogue Bulgaria ve Zaman\u2019\u0131n organizasyonu ile&nbsp; K\u0131rcali\u2019de halka kavurma da\u011f\u0131t\u0131ld\u0131. K\u0131rcali Belediye Ba\u015fkan\u0131 Hasan Azis ve B\u00f6lge M\u00fcft\u00fcs\u00fc \u015eabanali Ahmet programa kat\u0131larak gelen misafirlere kavurma ikram etti. Belediye Ba\u015fkan\u0131 Hasan Azis \u201cBu g\u00fczel program\u0131 d\u00fczenleyen Zaman gazetesine, Diyalog Bulgaria derne\u011fine ve t\u00fcm eme\u011fi ge\u00e7enlere te\u015fekk\u00fcr ederim. Bayramlar payla\u015f\u0131lmal\u0131. Sadece M\u00fcsl\u00fcmanlar\u0131n bayramlar\u0131 de\u011fil,&nbsp; t\u00fcm dinler bu t\u00fcr programlar yaparak bayramlar\u0131n\u0131 payla\u015fmal\u0131\u201d diye konu\u015ftu. Yap\u0131lan programda yakla\u015f\u0131k&nbsp; 150 ki\u015fiye kavurma da\u011f\u0131t\u0131ld\u0131.<\/p>\n<p>Diyalog Bulgaria, ayn\u0131 zamanda K\u0131rcali\u2019de Kimsesiz \u00c7ocuklar yurduna, huzur evine ve Ruh ve Sinir hastal\u0131klar\u0131 hastanesine 200\u2019e yak\u0131n et yard\u0131m paketi da\u011f\u0131tt\u0131. Krumovgrad\u2019da da Huzur evi ile Sosyal Yard\u0131mla\u015fma Kompleksi\u2019ne yakla\u015f\u0131k 100 paket et yard\u0131m\u0131nda bulundu.<br \/>\nVarna\u2019da da baz\u0131 hay\u0131rsever i\u015fadamlar\u0131 bayram dolay\u0131s\u0131yla halka kavurma ikram etti. Ayr\u0131ca, bayram dolay\u0131s\u0131yla Diyalogue Bulgaria, Sofya\u2019da Teknik \u00dcniversitesi \u00f6n\u00fcnde \u00f6\u011frencilere kavurma ikram etti. \u00d6\u011frencilerin etkinli\u011fe yo\u011fun ilgi g\u00f6sterdi\u011fi ve ikramdan memnun oldu\u011fu g\u00f6zlendi.<\/p>\n<p><b>\u201cMaddi krizi manevi olarak g\u00fc\u00e7lenerek a\u015fabiliriz\u201d<\/b><\/p>\n<p>Kurban Bayram\u0131 dolay\u0131s\u0131yla Sofya\u2019da da bir kokteyl d\u00fczenlendi. Sofya Dedeman Otel\u2019de Dialogue Bulgaria, Zaman ve Bulgaristan Ba\u015fm\u00fcft\u00fcl\u00fc\u011f\u00fc taraf\u0131ndan organize edilen kokteyle Ba\u015fbakan Boyko Borisov tebrik mesaj\u0131 g\u00f6nderdi. Ba\u015fbakan Borisov,&nbsp; Kurban Bayram\u0131 vesilesiyle gazetemiz arac\u0131\u011f\u0131 ile t\u00fcm Bulgaristan M\u00fcsl\u00fcmanlar\u0131na esenlikler ve ba\u015far\u0131 temennisinde bulundu. Mesaj\u0131nda Kurban Bayram\u0131\u2019n\u0131n t\u00fcm vatanda\u015flar\u0131n birlik ve beraberli\u011finin tesisinde derin bir inan\u00e7 ta\u015f\u0131d\u0131\u011f\u0131n\u0131 ifade eden Borisov \u201cHer b\u00fcy\u00fck bayram, tekrar yan yana durmam\u0131z, sa\u011fl\u0131k ve iyili\u011fin artmas\u0131 konusunda temennilerimizin artmas\u0131 i\u00e7in bir vesiledir. Avrupai evimizin ba\u015far\u0131l\u0131 bir geli\u015fme kaydetmesi, bizim ortak yolumuzdur. \u0130leride de Bulgaristan\u2019da k\u00fclt\u00fcrler ve dinler aras\u0131 ho\u015fg\u00f6r\u00fc ve diyalo\u011fun muhafaza edilece\u011fine inanc\u0131m tamd\u0131r. \u00c7\u00fcnk\u00fc bunlar bizim olu\u015fturdu\u011fumuz ve y\u0131llarca korudu\u011fumuz ortak de\u011ferlerdir. Hepimiz, Bulgaristan ve Avrupa\u2019n\u0131n onurlu vatanda\u015flar\u0131 olarak bu de\u011ferleri kimseye kapt\u0131rmayaca\u011f\u0131z. Gelenek ve inanc\u0131n\u0131z\u0131n gereklerini muhafaza etmeye devam edin, \u00e7\u00fcnk\u00fc onlar bizim \u00fclkemiz i\u00e7in vazge\u00e7ilmez bir zenginliktir. Tekrar Kurban Bayram\u0131\u2019n\u0131z\u0131 tebrik eder, mutluluklar dilerim.\u201d dedi. Programa kat\u0131lan Ba\u015fm\u00fcft\u00fc Mustafa Hac\u0131, Bulgaristan\u2019daki M\u00fcsl\u00fcmanlar\u0131n \u00fclkedeki di\u011fer vatanda\u015flarla her zaman birlikte bayram etti\u011fini ve bunu geleneksel hale getirdi\u011fini aktard\u0131. Bu t\u00fcr bayramlar\u0131n beraberce ya\u015fam ad\u0131na \u00e7ok yak\u0131nl\u0131klara ve insanlar aras\u0131 sevginin artmas\u0131na vesile oldu\u011funu aktaran Haci, m\u00fcminlerin insan\u0131 \u2018Yaratan\u2019dan \u00f6t\u00fcr\u00fc sevdiklerini\u2019 hat\u0131rlatt\u0131. Ba\u015fm\u00fcft\u00fc t\u00fcm d\u00fcnyada krizin ya\u015fand\u0131\u011f\u0131 bir d\u00f6nemde bizlerin birlikte hareket ederek insanl\u0131\u011f\u0131 manevi krizden kurtarmaya \u00e7al\u0131\u015fmam\u0131z gerekti\u011fini, \u00e7\u00fcnk\u00fc maddi s\u0131k\u0131nt\u0131n\u0131n manevi olarak g\u00fc\u00e7lenerek daha iyi a\u015f\u0131labilece\u011fini s\u00f6yledi.<br \/>\nT\u00fcm m\u00fcsl\u00fcmanlar\u0131 tebrik eden Uluslar aras\u0131 Az\u0131nl\u0131klar ve K\u00fclt\u00fcrler Aras\u0131 \u0130li\u015fkiler Merkezi M\u00fcd\u00fcr\u00fc Antonina Jelyazkova da, bu y\u0131lki bayram\u0131n kendisi i\u00e7in \u00f6zel bir anlam ta\u015f\u0131d\u0131\u011f\u0131n\u0131, zira 20 y\u0131l \u00f6nce Berlin duvar\u0131n\u0131n y\u0131k\u0131ld\u0131\u011f\u0131n\u0131 ve de\u011fi\u015fimin ba\u015flad\u0131\u011f\u0131n\u0131 aktard\u0131. Tam 20 y\u0131l \u00f6nce bu tarihte Do\u011fu ve Bat\u0131 Rodoplar\u2019dan&nbsp; M\u00fcsl\u00fcmanlar\u0131n Sofya\u2019ya gelerek kendi haklar\u0131n\u0131n geri iade edilmesini iste\u011finde bulundu\u011funu aktaran Jelyazkova, o d\u00f6nemde Uzla\u015fma Komitesi\u2019nde yer ald\u0131\u011f\u0131n\u0131 ve radyoda Sofyal\u0131lardan kendi \u00fclke vatanda\u015flar\u0131n\u0131 desteklemelerini istediklerini aktard\u0131. Anlat\u0131rken duyguland\u0131\u011f\u0131 g\u00f6zlenen Jelyazkova \u201cHerkes o zaman \u015fa\u015f\u0131rm\u0131\u015ft\u0131, \u00e7\u00fcnk\u00fc o so\u011fuk k\u0131\u015f g\u00fcnlerinde bir de bakt\u0131k meclis \u00f6n\u00fcnde haklar\u0131n\u0131 arayan M\u00fcsl\u00fcmanlara kimi termoslarla \u00e7ay, kimi sandvi\u00e7 getiriyor. Bug\u00fcnlerde ben \u015fahsen demokrasi i\u00e7in ve az\u0131nl\u0131klar hakk\u0131nda iyi g\u00fcnlerin ya\u015fand\u0131\u011f\u0131n\u0131 d\u00fc\u015f\u00fcnm\u00fcyorum, bunun i\u00e7in herkes bu eski yard\u0131mseverlilik olaylar\u0131n\u0131 hat\u0131rlayarak kendine \u00e7eki d\u00fczen vermeleri gerekti\u011fini d\u00fc\u015f\u00fcn\u00fcyorum.\u201d diye konu\u015ftu. \u2018Allah birdir, sadece ona giden yollar farkl\u0131d\u0131r.\u2019 s\u00f6z\u00fcn\u00fc de kullanan Jelyazkova, organizat\u00f6rlerin di\u011fer dinlere a\u00e7\u0131lma ad\u0131na k\u00fc\u00e7\u00fck, fakat \u00f6nemli ad\u0131mlar\u0131n herkes taraf\u0131ndan kabul bulmas\u0131 temennisinde bulundu. Jelyazkova, zor zamanlarda dahi olsa insanlar\u0131n ellerini a\u00e7arak her zaman ba\u015fkas\u0131n\u0131 kucaklamaya haz\u0131r vaziyette olmas\u0131 i\u00e7in de dilekte bulundu.<\/p>\n<div class=\"zemanta-pixie\"><img data-recalc-dims=\"1\"  title=\"\" decoding=\"async\" class=\"zemanta-pixie-img\"  alt=\"pixy Kurban Bayram\u0131\u2019nda yard\u0131mla\u015fma ve kayna\u015fma \u00f6n plana \u00e7\u0131kt\u0131\"  src=\"https:\/\/i0.wp.com\/img.zemanta.com\/pixy.gif?w=640\" \/><\/div>\n","protected":false},"excerpt":{"rendered":"<p>Yard\u0131mla\u015fma ve kayna\u015fmay\u0131 \u00f6ne \u00e7\u0131karan Kurban Bayram\u0131 \u00fclke genelinde \u00e7o\u015fkulu bir \u015fekilde kutland\u0131. Kesilen kurbanlar\u0131n e\u015f, dost, akraba, kom\u015fu ve yoksullara da\u011f\u0131t\u0131lmas\u0131yla yard\u0131mla\u015fma ve kayna\u015fma atmosferi sa\u011flanmaya \u00e7al\u0131\u015f\u0131ld\u0131. Dialogue Bulgaria\u2019n\u0131n \u00fclke genelinde organize etti\u011fi farkl\u0131 etkinlikler ile T\u00fcrk ve Bulgar t\u00fcm toplum bayram\u0131 birlikte kutlad\u0131 ve da\u011f\u0131t\u0131lan etlerle yoksullar ve kimsesizler sevindirildi. Kurban Bayram\u0131 dolay\u0131s\u0131yla [&hellip;]<\/p>\n","protected":false},"author":331,"featured_media":0,"comment_status":"open","ping_status":"open","sticky":false,"template":"","format":"standard","meta":{"advanced_seo_description":"","jetpack_seo_html_title":"","jetpack_seo_noindex":false,"ngg_post_thumbnail":0,"jetpack_post_was_ever_published":false,"_jetpack_newsletter_access":"","_jetpack_dont_email_post_to_subs":false,"_jetpack_newsletter_tier_id":0,"_jetpack_memberships_contains_paywalled_content":false,"_jetpack_memberships_contains_paid_content":false,"footnotes":""},"categories":[5],"tags":[],"class_list":["post-1964","post","type-post","status-publish","format-standard","hentry","category-haberler"],"jetpack_featured_media_url":"","jetpack_shortlink":"https:\/\/wp.me\/paHHlZ-vG","jetpack-related-posts":[{"id":1958,"url":"https:\/\/www.gocmeniz.biz\/?p=1958","url_meta":{"origin":1964,"position":0},"title":"Kosova&#8217;da kurban bayram\u0131 co\u015fkusu","author":"Haberci","date":"30 Kas\u0131m 2009","format":false,"excerpt":"Kosova'da devam eden Kurban Bayram\u0131 kutlamalar\u0131nda bug\u00fcn T\u00fcrk K\u0131z\u0131lay'\u0131 Mamu\u015fa'da kesti\u011fi 65 b\u00fcy\u00fckba\u015f hayvandan elde edilen yakla\u015f\u0131k 40 ton kurban etini Kosova'daki ihtiya\u00e7 sahiplerine da\u011f\u0131tt\u0131.Mamu\u015fa Belediye Ba\u015fkan\u0131 Arif B\u00fct\u00fc\u00e7'\u00fcn ba\u015flatt\u0131\u011f\u0131 kurban kesim t\u00f6reninde konu\u015fan T\u00fcrk K\u0131z\u0131lay'\u0131 Y\u00f6netim Kurulu \u00fcyesi Hayati \u00c7etin, hay\u0131rsever T\u00fcrk insan\u0131n\u0131n vekaletini verdi\u011fi T\u00fcrk K\u0131z\u0131lay'\u0131n\u0131n, Balkan \u00fclkelerinde\u2026","rel":"","context":"&quot;Haberler&quot; i\u00e7inde","block_context":{"text":"Haberler","link":"https:\/\/www.gocmeniz.biz\/?cat=5"},"img":{"alt_text":"","src":"","width":0,"height":0},"classes":[]},{"id":346,"url":"https:\/\/www.gocmeniz.biz\/?p=346","url_meta":{"origin":1964,"position":1},"title":"Bosna Hersek ve Bulgaristanl\u0131 \u00d6\u011frencilerden Kaymakam ve Belediye Ba\u015fkan\u0131na Ziyaret","author":"Haberci","date":"22 Nisan 2008","format":false,"excerpt":"23 Nisan Ulusal Egemenlik ve \u00c7ocuk Bayram\u0131 etkinlikleri nedeniyle Bosna Hersek ve Bulgaristan'dan 70 \u00f6\u011frencinin bulundu\u011fu halk danslar\u0131 toplulu\u011fu \u00c7anakkale'nin \u00c7an il\u00e7esine geldi.\u00c7an'da \u00f6\u011frenci evlerinde kalan Bosna Hersek ve Bulgaristanl\u0131 \u00f6\u011frenciler,sabah \u00f6\u011fretmenleriyle birlikte Kaymakam Ahmet \u00dcmit ile Belediye Ba\u015fkan\u0131 Ali Sar\u0131ba\u015f'\u0131 makam\u0131nda ziyaret etti. Ziyaretlerde Kaymakam \u00dcmit, \u00f6\u011frencilere 23 Nisan\u2026","rel":"","context":"&quot;Haberler&quot; i\u00e7inde","block_context":{"text":"Haberler","link":"https:\/\/www.gocmeniz.biz\/?cat=5"},"img":{"alt_text":"","src":"","width":0,"height":0},"classes":[]},{"id":1876,"url":"https:\/\/www.gocmeniz.biz\/?p=1876","url_meta":{"origin":1964,"position":2},"title":"Ak\u015fam yeme\u011fi fiyat\u0131na tatil","author":"Haberci","date":"31 Ekim 2009","format":false,"excerpt":"Kurban Bayram\u0131, y\u0131lba\u015f\u0131 ve s\u00f6mestre tatilinde nereye gitmek istedi\u011finize karar veremediyseniz, Bulgaristan'da \u00e7ok \u00f6zel bir tatil f\u0131rsat\u0131 var. Grand Hotel International'den foto\u011fraflar... Yakla\u015f\u0131k 500 y\u0131l Osmanl\u0131 hakimiyetinde kalan Bulgaristan'\u0131n en b\u00fcy\u00fck \u015fehirlerinden Varna, tatilciler i\u00e7in \u00e7ok \u00f6nemli bir tatil arternatifi oldu. The Grand Hotel International & Casino ile Bulgaria Airways'in\u2026","rel":"","context":"&quot;Haberler&quot; i\u00e7inde","block_context":{"text":"Haberler","link":"https:\/\/www.gocmeniz.biz\/?cat=5"},"img":{"alt_text":"","src":"","width":0,"height":0},"classes":[]},{"id":349,"url":"https:\/\/www.gocmeniz.biz\/?p=349","url_meta":{"origin":1964,"position":3},"title":"23 Nisan Kutlu Olsun !","author":"Haberci","date":"23 Nisan 2008","format":false,"excerpt":"23 N\u0130SANULUSAL EGEMENL\u0130K VE \u00c7OCUK BAYRAMI23 Nisan 1920, T\u00fcrk milletinin iradesini temsil eden Birinci B\u00fcy\u00fck Millet Meclisi\u2019nin a\u00e7\u0131ld\u0131\u011f\u0131 ve T\u00fcrk halk\u0131n\u0131n egemenli\u011fini il\u00e2n etti\u011fi tarihtir.Atat\u00fcrk, 23 Nisan 1924'te '23 Nisan' g\u00fcn\u00fcn\u00fcn bayram olarak kutlanmas\u0131na karar vermi\u015ftir. Bu tarihten 5 y\u0131l sonra 23 Nisan 1929\u2019da Atat\u00fcrk bu bayram\u0131 \u00e7ocuklara arma\u011fan etmi\u015ftir\u2026","rel":"","context":"&quot;Duyurular&quot; i\u00e7inde","block_context":{"text":"Duyurular","link":"https:\/\/www.gocmeniz.biz\/?cat=8"},"img":{"alt_text":"","src":"https:\/\/i0.wp.com\/img210.imageshack.us\/img210\/1961\/ataturkhscw4.gif?resize=350%2C200","width":350,"height":200},"classes":[]},{"id":8389,"url":"https:\/\/www.gocmeniz.biz\/?p=8389","url_meta":{"origin":1964,"position":4},"title":"Balkanlar&#8217;da M\u00fcsl\u00fcmanlar Ramazan Bayram\u0131 namaz\u0131n\u0131 k\u0131ld\u0131","author":"Admin","date":"20 Mart 2026","format":false,"excerpt":"Balkan \u00fclkeleri Kuzey Makedonya, Arnavutluk, Kosova, Bosna Hersek, S\u0131rbistan, H\u0131rvatistan, Bulgaristan ve Karada\u011f'da ya\u015fayan M\u00fcsl\u00fcmanlar, Ramazan Bayram\u0131 namaz\u0131n\u0131 k\u0131lmak i\u00e7in camilere ak\u0131n etti. Kuzey Makedonya'da Ramazan Bayram\u0131 dolay\u0131s\u0131yla merkezi t\u00f6ren, Kuzey Makedonya \u0130slam Birli\u011fi (Diyanet \u0130\u015fleri) himayelerinde ba\u015fkent \u00dcsk\u00fcp'teki Mustafa Pa\u015fa Camisi'nde d\u00fczenlendi. Program kapsam\u0131nda ilahiler okundu, dualar edildi. Ramazan\u2026","rel":"","context":"&quot;Haberler&quot; i\u00e7inde","block_context":{"text":"Haberler","link":"https:\/\/www.gocmeniz.biz\/?cat=5"},"img":{"alt_text":"","src":"https:\/\/i0.wp.com\/www.gocmeniz.biz\/wp-content\/balkanlar-da-muslumanlar-ramazan-bayrami-nama-19673761_amp.jpg?fit=1200%2C800&ssl=1&resize=350%2C200","width":350,"height":200,"srcset":"https:\/\/i0.wp.com\/www.gocmeniz.biz\/wp-content\/balkanlar-da-muslumanlar-ramazan-bayrami-nama-19673761_amp.jpg?fit=1200%2C800&ssl=1&resize=350%2C200 1x, https:\/\/i0.wp.com\/www.gocmeniz.biz\/wp-content\/balkanlar-da-muslumanlar-ramazan-bayrami-nama-19673761_amp.jpg?fit=1200%2C800&ssl=1&resize=525%2C300 1.5x, https:\/\/i0.wp.com\/www.gocmeniz.biz\/wp-content\/balkanlar-da-muslumanlar-ramazan-bayrami-nama-19673761_amp.jpg?fit=1200%2C800&ssl=1&resize=700%2C400 2x, https:\/\/i0.wp.com\/www.gocmeniz.biz\/wp-content\/balkanlar-da-muslumanlar-ramazan-bayrami-nama-19673761_amp.jpg?fit=1200%2C800&ssl=1&resize=1050%2C600 3x"},"classes":[]},{"id":1960,"url":"https:\/\/www.gocmeniz.biz\/?p=1960","url_meta":{"origin":1964,"position":5},"title":"Balkan&#8217;dan Bulgaristan&#8217;a ele\u015ftiri","author":"Haberci","date":"30 Kas\u0131m 2009","format":false,"excerpt":"Balkan G\u00f6\u00e7menleri K\u00fclt\u00fcr ve Dayan\u0131\u015fma Derne\u011fi (Bal-G\u00f6\u00e7) Genel Ba\u015fkan\u0131 Prof. Dr. Emin Balkan, Bulgaristan'daki yeni h\u00fck\u00fcmetin T\u00fcrk az\u0131nl\u0131\u011fa y\u00f6nelik izledi\u011fi politikalar\u0131 ele\u015ftirdi.Bal-G\u00f6\u00e7 Genel Merkez\u2019inde yap\u0131lan bayramla\u015fma t\u00f6reninde konu\u015fan Balkan G\u00f6\u00e7menleri K\u00fclt\u00fcr ve Dayan\u0131\u015fma Derne\u011fi (Bal-G\u00f6\u00e7) Genel Ba\u015fkan\u0131 Prof. Dr. Emin Balkan, Kurban Bayram\u0131'n\u0131n insanlar\u0131n bir araya geldi\u011fi, birlik, beraberlik ve\u2026","rel":"","context":"&quot;Haberler&quot; i\u00e7inde","block_context":{"text":"Haberler","link":"https:\/\/www.gocmeniz.biz\/?cat=5"},"img":{"alt_text":"","src":"","width":0,"height":0},"classes":[]}],"jetpack_sharing_enabled":true,"jetpack_likes_enabled":true,"_links":{"self":[{"href":"https:\/\/www.gocmeniz.biz\/index.php?rest_route=\/wp\/v2\/posts\/1964","targetHints":{"allow":["GET"]}}],"collection":[{"href":"https:\/\/www.gocmeniz.biz\/index.php?rest_route=\/wp\/v2\/posts"}],"about":[{"href":"https:\/\/www.gocmeniz.biz\/index.php?rest_route=\/wp\/v2\/types\/post"}],"author":[{"embeddable":true,"href":"https:\/\/www.gocmeniz.biz\/index.php?rest_route=\/wp\/v2\/users\/331"}],"replies":[{"embeddable":true,"href":"https:\/\/www.gocmeniz.biz\/index.php?rest_route=%2Fwp%2Fv2%2Fcomments&post=1964"}],"version-history":[{"count":1,"href":"https:\/\/www.gocmeniz.biz\/index.php?rest_route=\/wp\/v2\/posts\/1964\/revisions"}],"predecessor-version":[{"id":8959,"href":"https:\/\/www.gocmeniz.biz\/index.php?rest_route=\/wp\/v2\/posts\/1964\/revisions\/8959"}],"wp:attachment":[{"href":"https:\/\/www.gocmeniz.biz\/index.php?rest_route=%2Fwp%2Fv2%2Fmedia&parent=1964"}],"wp:term":[{"taxonomy":"category","embeddable":true,"href":"https:\/\/www.gocmeniz.biz\/index.php?rest_route=%2Fwp%2Fv2%2Fcategories&post=1964"},{"taxonomy":"post_tag","embeddable":true,"href":"https:\/\/www.gocmeniz.biz\/index.php?rest_route=%2Fwp%2Fv2%2Ftags&post=1964"}],"curies":[{"name":"wp","href":"https:\/\/api.w.org\/{rel}","templated":true}]}}