{"id":1970,"date":"2009-12-12T08:29:44","date_gmt":"2009-12-12T06:29:44","guid":{"rendered":"http:\/\/www.gocmeniz.biz\/?p=1970"},"modified":"2026-04-03T12:25:37","modified_gmt":"2026-04-03T09:25:37","slug":"trakyada-kar-var-marmarada-firtina","status":"publish","type":"post","link":"https:\/\/www.gocmeniz.biz\/?p=1970","title":{"rendered":"Trakya\u2019da kar var Marmara\u2019da f\u0131rt\u0131na"},"content":{"rendered":"<p><b><img data-recalc-dims=\"1\"  title=\"\"  alt=\"9434425 Trakya\u2019da kar var Marmara\u2019da f\u0131rt\u0131na\" decoding=\"async\" style=\"max-width: 800px; float: left; margin-top: 10px; margin-bottom: 10px; margin-right: 10px;\" src=\"https:\/\/i0.wp.com\/www.hurriyet.com.tr\/_np\/4425\/9434425.jpg?w=640\" \/>Balkanlar \u00fczerinden gelen so\u011fuk ve ya\u011f\u0131\u015fl\u0131 havan\u0131n etkisi alt\u0131na giren Trakya\u2019da kar ya\u011f\u0131\u015f\u0131 ba\u015flad\u0131. Saatte 80 kilometre ile esen poyrazla birlikte Edirne ve K\u0131rklareli\u2019nde s\u0131cakl\u0131k s\u0131f\u0131r\u0131n alt\u0131na d\u00fc\u015ft\u00fc.<\/b><\/p>\n<p><b>G\u00fcnl\u00fck ya\u015fam\u0131 etkilemeyen kar ya\u011f\u0131\u015f\u0131 nedeniyle karayollar\u0131 ekipleri, Bulgaristan\u2019a ge\u00e7i\u015fi sa\u011flayan Derek\u00f6y G\u00fcmr\u00fck Kap\u0131s\u0131 yolunun buzlanma nedeniyle ula\u015f\u0131ma kapanmamas\u0131 i\u00e7in tuzlama \u00e7al\u0131\u015fmas\u0131 yap\u0131yor.<\/b><br \/>Bo\u011fazlardan ge\u00e7mek \u00fczere Marmara Denizi\u2019nde seyreden 67 yerli ve yabanc\u0131 band\u0131ral\u0131 gemi h\u0131z\u0131 zaman zaman 80 kilometreye ula\u015fan \u015fiddetli poyraz ve sa\u011fanak nedeniyle \u015eark\u00f6y\u2019de demirledi. Tekirda\u011f Meteoroloji M\u00fcd\u00fcrl\u00fc\u011f\u00fc, kent merkezine son 24 saatte 6,8 kilogram ya\u011f\u0131\u015f d\u00fc\u015ft\u00fc\u011f\u00fcn\u00fc belirterek, ya\u011f\u0131\u015f\u0131n bir hafta boyunca merkez ve il\u00e7elerinde devam edece\u011fini bildirdi.<\/p>\n<p>Antalya\u2019n\u0131n Demre \u0130l\u00e7esi\u2019nde d\u00fcn sabah meydana gelen hortum, Demre il\u00e7e merkezi, K\u00f6\u015fkerler ve \u00c7evreli k\u00f6ylerinde yakla\u015f\u0131k 100 dekar serada zarara yol a\u00e7t\u0131.<\/p>\n<p>Bodrum\u2019da metrekareye 80 kilogram ya\u011f\u0131\u015f\u0131n d\u00fc\u015f\u00fcnce, baz\u0131 sitelerin bah\u00e7e duvarlar\u0131 \u00e7\u00f6kt\u00fc.<\/p>\n<div class=\"zemanta-pixie\"><img data-recalc-dims=\"1\"  title=\"\" decoding=\"async\" class=\"zemanta-pixie-img\"  alt=\"pixy Trakya\u2019da kar var Marmara\u2019da f\u0131rt\u0131na\"  src=\"https:\/\/i0.wp.com\/img.zemanta.com\/pixy.gif?w=640\" \/><\/div>\n","protected":false},"excerpt":{"rendered":"<p>Balkanlar \u00fczerinden gelen so\u011fuk ve ya\u011f\u0131\u015fl\u0131 havan\u0131n etkisi alt\u0131na giren Trakya\u2019da kar ya\u011f\u0131\u015f\u0131 ba\u015flad\u0131. Saatte 80 kilometre ile esen poyrazla birlikte Edirne ve K\u0131rklareli\u2019nde s\u0131cakl\u0131k s\u0131f\u0131r\u0131n alt\u0131na d\u00fc\u015ft\u00fc. G\u00fcnl\u00fck ya\u015fam\u0131 etkilemeyen kar ya\u011f\u0131\u015f\u0131 nedeniyle karayollar\u0131 ekipleri, Bulgaristan\u2019a ge\u00e7i\u015fi sa\u011flayan Derek\u00f6y G\u00fcmr\u00fck Kap\u0131s\u0131 yolunun buzlanma nedeniyle ula\u015f\u0131ma kapanmamas\u0131 i\u00e7in tuzlama \u00e7al\u0131\u015fmas\u0131 yap\u0131yor.Bo\u011fazlardan ge\u00e7mek \u00fczere Marmara Denizi\u2019nde [&hellip;]<\/p>\n","protected":false},"author":331,"featured_media":0,"comment_status":"open","ping_status":"open","sticky":false,"template":"","format":"standard","meta":{"advanced_seo_description":"","jetpack_seo_html_title":"","jetpack_seo_noindex":false,"ngg_post_thumbnail":0,"jetpack_post_was_ever_published":false,"_jetpack_newsletter_access":"","_jetpack_dont_email_post_to_subs":false,"_jetpack_newsletter_tier_id":0,"_jetpack_memberships_contains_paywalled_content":false,"_jetpack_memberships_contains_paid_content":false,"footnotes":""},"categories":[5],"tags":[],"class_list":["post-1970","post","type-post","status-publish","format-standard","hentry","category-haberler"],"jetpack_featured_media_url":"","jetpack_shortlink":"https:\/\/wp.me\/paHHlZ-vM","jetpack-related-posts":[{"id":643,"url":"https:\/\/www.gocmeniz.biz\/?p=643","url_meta":{"origin":1970,"position":0},"title":"Kar kap\u0131ya dayand\u0131","author":"Haberci","date":"22 Kas\u0131m 2008","format":false,"excerpt":"Trakya'da y\u00fcksek b\u00f6lgelere kar ya\u011farken, Avrupa'n\u0131n bir \u00e7ok \u00fclkesini kar vurdu. Almanya'dan ba\u015flayan kar ya\u011f\u0131s\u0131 kom\u015fumuz Bulgaristan'a ula\u015ft\u0131. Almanya'da kar 2 can al\u0131rken, u\u00e7ak seferleri iptal edildi.AVRUPA'YI KARAKI\u015e B\u00d6YLE VURDU (Fotogaleri)Bulgaristan'da kar ya\u011f\u0131\u015f\u0131, ba\u015fkent Sofya'daki hayat\u0131 olumsuz etkiledi. Gece ba\u015flayan \u015fiddetli r\u00fczgar ve kar ya\u011f\u0131\u015f\u0131 trafi\u011fi adeta fel\u00e7 etti. R\u00fczgar\u0131n\u2026","rel":"","context":"&quot;Haberler&quot; i\u00e7inde","block_context":{"text":"Haberler","link":"https:\/\/www.gocmeniz.biz\/?cat=5"},"img":{"alt_text":"","src":"","width":0,"height":0},"classes":[]},{"id":2091,"url":"https:\/\/www.gocmeniz.biz\/?p=2091","url_meta":{"origin":1970,"position":1},"title":"Avrupa\u2019da buzul \u00e7a\u011f\u0131","author":"Haberci","date":"11 Mart 2010","format":false,"excerpt":"Avrupa\u2019y\u0131 k\u0131sa s\u00fcreli bir \u0131s\u0131nman\u0131n ard\u0131ndan etkisi alt\u0131na alan so\u011fuk hava dalgas\u0131, \u00f6zellikle do\u011fu ve kuzey kesimlerinde kar ya\u011f\u0131\u015f\u0131na neden oldu.Kar ya\u011f\u0131\u015f\u0131 \u0130svi\u00e7re, \u0130spanya, Fransa, Makedonya ve Bulgaristan\u2019da etkili oldu. \u0130svi\u00e7re de kar f\u0131rt\u0131nas\u0131ndan etkilendi, Cenevre\u2019nin bat\u0131s\u0131ndaki Neuchatel g\u00f6l\u00fcn\u00fcn k\u0131y\u0131lar\u0131 tamamen dondu. G\u00f6l\u00fcn kenar\u0131ndaki bisiklet yolunda y\u00fcr\u00fcy\u00fc\u015fe \u00e7\u0131kanlar ise havaya\u2026","rel":"","context":"&quot;Haberler&quot; i\u00e7inde","block_context":{"text":"Haberler","link":"https:\/\/www.gocmeniz.biz\/?cat=5"},"img":{"alt_text":"","src":"","width":0,"height":0},"classes":[]},{"id":645,"url":"https:\/\/www.gocmeniz.biz\/?p=645","url_meta":{"origin":1970,"position":2},"title":"Bir g\u00fcnde bembeyaz","author":"Haberci","date":"24 Kas\u0131m 2008","format":false,"excerpt":"Tam \"havalar \u00e7ok g\u00fczel gidiyor\" derken ani hava de\u011fi\u015fikli\u011fi yine \u015fa\u015f\u0131rtt\u0131. Avrupa'y\u0131 vuran kar ya\u011f\u0131\u015f\u0131 hayat\u0131 olumsuz etkiliyor. Almanya ve Avusturya'da \u015fiddetli kar ya\u011f\u0131\u015f\u0131 nedeniyle 6 ki\u015fi hayat\u0131n\u0131 kaybetti. Balkanlar'da da kar nedeniyle bir\u00e7ok yol ula\u015f\u0131ma kapal\u0131.\u0130NG\u0130LTERE, BALKANLAR, RUSYA'DA TAM KI\u015e KO\u015eULLARI Almanya ve \u0130ngiltere'de de kar ya\u011f\u0131\u015f\u0131 kara ula\u015f\u0131m\u0131n\u0131\u2026","rel":"","context":"&quot;Haberler&quot; i\u00e7inde","block_context":{"text":"Haberler","link":"https:\/\/www.gocmeniz.biz\/?cat=5"},"img":{"alt_text":"","src":"","width":0,"height":0},"classes":[]},{"id":734,"url":"https:\/\/www.gocmeniz.biz\/?p=734","url_meta":{"origin":1970,"position":3},"title":"Trakya beyaza b\u00fcr\u00fcnd\u00fc","author":"Haberci","date":"26 Aral\u0131k 2008","format":false,"excerpt":"ED\u0130RNE, (DHA)ED\u0130RNE ve K\u0131rklareli\u2019nde d\u00fcn gece etkili olan kar ya\u011f\u0131\u015f\u0131, kentleri beyaza b\u00fcr\u00fcd\u00fc. Belediye ve karayollar\u0131 ekipleri sabaha kadar kar k\u00fcreme ve tuzlama \u00e7al\u0131\u015fmas\u0131 yapt\u0131.Balkanlar \u00fczerinden gelen so\u011fuk ve ya\u011f\u0131\u015fl\u0131 hava Trakya genelinde etkili oluyor. Hava s\u0131cakl\u0131\u011f\u0131n\u0131n s\u0131f\u0131r\u0131n alt\u0131nda 5 dereceye kadar d\u00fc\u015ft\u00fc\u011f\u00fc Edirne ve K\u0131rklareli\u2019nde mevsimin ilk kar\u0131 gece\u2026","rel":"","context":"&quot;Haberler&quot; i\u00e7inde","block_context":{"text":"Haberler","link":"https:\/\/www.gocmeniz.biz\/?cat=5"},"img":{"alt_text":"","src":"","width":0,"height":0},"classes":[]},{"id":853,"url":"https:\/\/www.gocmeniz.biz\/?p=853","url_meta":{"origin":1970,"position":4},"title":"KAR YA\u011eI\u015eI NEDEN\u0130YLE BULGAR\u0130STAN \u0130LE KARA ULA\u015eIMI DURDU","author":"Haberci","date":"23 \u015eubat 2009","format":false,"excerpt":"Bulgaristan'da kar ya\u011f\u0131\u015f\u0131 nedeniyle yollar\u0131n kapanmas\u0131 Hamzabeyli S\u0131n\u0131r Kap\u0131s\u0131 \u00fczerinden bu \u00fclkeye yap\u0131lan kara ula\u015f\u0131m\u0131n\u0131 tamamen durdurdu. Bulgaristan taraf\u0131na ara\u00e7lar\u0131n ge\u00e7i\u015fine izin verilmemesi nedeniyle s\u0131n\u0131r kap\u0131s\u0131 yolunda ak\u015famdan bu yana yakla\u015f\u0131k 5 kilometrelik TIR kuyru\u011fu olu\u015ftu.Balkanlar'da etkili olan kar ya\u011f\u0131\u015f\u0131 ve tipi Trakya B\u00f6lgesi'nin y\u00fcksek kesimlerinde de etkisini hissettiriyor. B\u00f6lgenin\u2026","rel":"","context":"&quot;Haberler&quot; i\u00e7inde","block_context":{"text":"Haberler","link":"https:\/\/www.gocmeniz.biz\/?cat=5"},"img":{"alt_text":"","src":"","width":0,"height":0},"classes":[]},{"id":259,"url":"https:\/\/www.gocmeniz.biz\/?p=259","url_meta":{"origin":1970,"position":5},"title":"Yo\u011fun kar ya\u011f\u0131\u015f\u0131 Bulgaristan\u2019da hayat\u0131 fel\u00e7 etti","author":"Admin","date":"05 Ocak 2008","format":false,"excerpt":"Yo\u011fun kar ya\u011f\u0131\u015f\u0131 Bulgaristan'da hayat\u0131 fel\u00e7 etti. \u00dclkenin Kuzey b\u00f6lgelerinde daha \u00e7ok etkili olan kar ya\u011f\u0131\u015f\u0131 nedeniyle \u015fuanda 400 yak\u0131n yerle\u015fim yerine elektrik verilemiyor. 50'den fazla yerle\u015fim merkezi ise susuz. Sivil savunma ekipleri hemodiyaliz hastalar\u0131n\u0131 hastanelere paletli ara\u00e7larla ula\u015ft\u0131rmaya \u00e7al\u0131\u015f\u0131yor. Kar ya\u011f\u0131\u015f\u0131n\u0131n s\u00fcrd\u00fc\u011f\u00fc \u00fclkenin kuzeydo\u011fusunda ise 9 il\u00e7ede ola\u011fan\u00fcst\u00fc hal\u2026","rel":"","context":"&quot;Haberler&quot; i\u00e7inde","block_context":{"text":"Haberler","link":"https:\/\/www.gocmeniz.biz\/?cat=5"},"img":{"alt_text":"","src":"https:\/\/i0.wp.com\/bp3.blogger.com\/_1Mf-Mz8vkrM\/R335HaFvuPI\/AAAAAAAAAsY\/k8E7A1Aakds\/s400\/33333.gif?resize=350%2C200","width":350,"height":200},"classes":[]}],"jetpack_sharing_enabled":true,"jetpack_likes_enabled":true,"_links":{"self":[{"href":"https:\/\/www.gocmeniz.biz\/index.php?rest_route=\/wp\/v2\/posts\/1970","targetHints":{"allow":["GET"]}}],"collection":[{"href":"https:\/\/www.gocmeniz.biz\/index.php?rest_route=\/wp\/v2\/posts"}],"about":[{"href":"https:\/\/www.gocmeniz.biz\/index.php?rest_route=\/wp\/v2\/types\/post"}],"author":[{"embeddable":true,"href":"https:\/\/www.gocmeniz.biz\/index.php?rest_route=\/wp\/v2\/users\/331"}],"replies":[{"embeddable":true,"href":"https:\/\/www.gocmeniz.biz\/index.php?rest_route=%2Fwp%2Fv2%2Fcomments&post=1970"}],"version-history":[{"count":1,"href":"https:\/\/www.gocmeniz.biz\/index.php?rest_route=\/wp\/v2\/posts\/1970\/revisions"}],"predecessor-version":[{"id":8958,"href":"https:\/\/www.gocmeniz.biz\/index.php?rest_route=\/wp\/v2\/posts\/1970\/revisions\/8958"}],"wp:attachment":[{"href":"https:\/\/www.gocmeniz.biz\/index.php?rest_route=%2Fwp%2Fv2%2Fmedia&parent=1970"}],"wp:term":[{"taxonomy":"category","embeddable":true,"href":"https:\/\/www.gocmeniz.biz\/index.php?rest_route=%2Fwp%2Fv2%2Fcategories&post=1970"},{"taxonomy":"post_tag","embeddable":true,"href":"https:\/\/www.gocmeniz.biz\/index.php?rest_route=%2Fwp%2Fv2%2Ftags&post=1970"}],"curies":[{"name":"wp","href":"https:\/\/api.w.org\/{rel}","templated":true}]}}