{"id":1972,"date":"2009-12-14T10:51:23","date_gmt":"2009-12-14T08:51:23","guid":{"rendered":"http:\/\/www.gocmeniz.biz\/?p=1972"},"modified":"2026-04-03T12:25:37","modified_gmt":"2026-04-03T09:25:37","slug":"dogan-tekrar-hoh-baskani","status":"publish","type":"post","link":"https:\/\/www.gocmeniz.biz\/?p=1972","title":{"rendered":"Do\u011fan, tekrar H\u00d6H ba\u015fkan\u0131"},"content":{"rendered":"<p><b>BULGAR\u0130STAN`DA muhalefette olan Hak ve \u00d6zg\u00fcrl\u00fckler Hareketi(H\u00d6H) Ba\u015fkan\u0131 Ahmet Do\u011fan d\u00fcn partinin 769 delegesinin hepsinin deste\u011fini alarak bir d\u00f6nem daha ba\u015fkan se\u00e7ildi. <\/b><\/p>\n<p>D\u00fcn yap\u0131lan kongrede hem partinin hem de Do\u011fan`\u0131n liderli\u011finin 20`nci y\u0131ld\u00f6n\u00fcm\u00fc de kutland\u0131. Yapt\u0131\u011f\u0131 konu\u015fmada Do\u011fan, `Allah`a ve oy verenlere \u015f\u00fck\u00fcrler olsun ki muhalefetteyiz. Bu bizim i\u00e7in i\u00e7imizi temizleme vakti` dedi. Do\u011fan ayr\u0131ca T\u00fcrkiye`nin AB m\u00fczakerelerini desteklemenin \u00f6nemini vurgulad\u0131.<\/p>\n<div class=\"zemanta-pixie\"><img data-recalc-dims=\"1\"  title=\"\" decoding=\"async\" class=\"zemanta-pixie-img\"  alt=\"pixy Do\u011fan, tekrar H\u00d6H ba\u015fkan\u0131\"  src=\"https:\/\/i0.wp.com\/img.zemanta.com\/pixy.gif?w=640\" \/><\/div>\n","protected":false},"excerpt":{"rendered":"<p>BULGAR\u0130STAN`DA muhalefette olan Hak ve \u00d6zg\u00fcrl\u00fckler Hareketi(H\u00d6H) Ba\u015fkan\u0131 Ahmet Do\u011fan d\u00fcn partinin 769 delegesinin hepsinin deste\u011fini alarak bir d\u00f6nem daha ba\u015fkan se\u00e7ildi. D\u00fcn yap\u0131lan kongrede hem partinin hem de Do\u011fan`\u0131n liderli\u011finin 20`nci y\u0131ld\u00f6n\u00fcm\u00fc de kutland\u0131. Yapt\u0131\u011f\u0131 konu\u015fmada Do\u011fan, `Allah`a ve oy verenlere \u015f\u00fck\u00fcrler olsun ki muhalefetteyiz. Bu bizim i\u00e7in i\u00e7imizi temizleme vakti` dedi. Do\u011fan ayr\u0131ca [&hellip;]<\/p>\n","protected":false},"author":331,"featured_media":0,"comment_status":"open","ping_status":"open","sticky":false,"template":"","format":"standard","meta":{"advanced_seo_description":"","jetpack_seo_html_title":"","jetpack_seo_noindex":false,"ngg_post_thumbnail":0,"jetpack_post_was_ever_published":false,"_jetpack_newsletter_access":"","_jetpack_dont_email_post_to_subs":false,"_jetpack_newsletter_tier_id":0,"_jetpack_memberships_contains_paywalled_content":false,"_jetpack_memberships_contains_paid_content":false,"footnotes":""},"categories":[5],"tags":[],"class_list":["post-1972","post","type-post","status-publish","format-standard","hentry","category-haberler"],"jetpack_featured_media_url":"","jetpack_shortlink":"https:\/\/wp.me\/paHHlZ-vO","jetpack-related-posts":[{"id":2197,"url":"https:\/\/www.gocmeniz.biz\/?p=2197","url_meta":{"origin":1972,"position":0},"title":"Ahmed Do\u011fan: Bulgaristan \u0130\u00e7in 20 Y\u0131l\u0131n En B\u00fcy\u00fck Sermayesi Etnik Bar\u0131\u015ft\u0131r.","author":"Haberci","date":"23 May\u0131s 2011","format":false,"excerpt":"Haklar ve \u00d6zg\u00fcrl\u00fckler Hareketi (H\u00d6H) lideri Ahmed Do\u011fan d\u00fcn Sofya Camii \u00f6n\u00fcnde meydana gelen olaylar\u0131 '\u00e7irkin ve \u00e7ok b\u00fcy\u00fck bir tehlike arz eden geli\u015fmeler' olarak nitelendirdi. Razgrad \u015fehrinde Bekta\u015fi dedesi Demir Baba Tekkesi'nde yap\u0131lan anma t\u00f6renlerinde konu\u015fan Do\u011fan, d\u00fcnk\u00fc sald\u0131r\u0131n\u0131n ba\u015fkent ulusal \u00e7apta ve Avrupa'da meydana getirebilece\u011fi korkun\u00e7 sonu\u00e7tan \u00e7ekindi\u011fini\u2026","rel":"","context":"&quot;Haberler&quot; i\u00e7inde","block_context":{"text":"Haberler","link":"https:\/\/www.gocmeniz.biz\/?cat=5"},"img":{"alt_text":"","src":"","width":0,"height":0},"classes":[]},{"id":1334,"url":"https:\/\/www.gocmeniz.biz\/?p=1334","url_meta":{"origin":1972,"position":1},"title":"Bulgaristan&#8217;da se\u00e7imin yank\u0131lar\u0131","author":"Haberci","date":"08 Haziran 2009","format":false,"excerpt":"Bulgaristan'da siyasal partilerin liderleri, Avrupa Parlamentosunda \u00fclkeyi temsil edecek 17 milletvekillenin belirlenmesi i\u00e7in d\u00fcn yap\u0131lan se\u00e7imin sonu\u00e7lar\u0131n\u0131 de\u011ferlendirdi. Sofya'daki Ulusal K\u00fclt\u00fcr Merkezinde (NDK) kurulan uluslararas\u0131 se\u00e7im merkezinde art arda bas\u0131n toplant\u0131s\u0131 d\u00fczenleyen liderlerin hepsinin, se\u00e7imde kendi partilerinin b\u00fcy\u00fck ba\u015far\u0131 elde etti\u011fini s\u00f6ylemeleri dikkati \u00e7ekti. Bulgaristan'daki koalisyon h\u00fck\u00fcmetinde yer alan, \u00fcyelerin\u2026","rel":"","context":"&quot;Haberler&quot; i\u00e7inde","block_context":{"text":"Haberler","link":"https:\/\/www.gocmeniz.biz\/?cat=5"},"img":{"alt_text":"","src":"","width":0,"height":0},"classes":[]},{"id":571,"url":"https:\/\/www.gocmeniz.biz\/?p=571","url_meta":{"origin":1972,"position":2},"title":"BULGAR\u0130STAN&#8217;DA AS\u0130M\u0130LASYON TARTI\u015eMASI YEN\u0130DEN ALEVLEND\u0130","author":"Haberci","date":"01 Kas\u0131m 2008","format":false,"excerpt":"Bulgaristan'da T\u00fcrk ve M\u00fcsl\u00fcmanlara uygulanan ve 1989 y\u0131l\u0131nda y\u0131k\u0131lan totaliter rejimle sona eren asimilasyon kampanyas\u0131yla ilgili tart\u0131\u015fmalar yeniden alevlendi. Kamuoyu ara\u015ft\u0131rmalar\u0131na g\u00f6re en b\u00fcy\u00fck siyasi parti GERB'in lideri Sofya Belediye Ba\u015fkan\u0131 Boyko Borisov, \u00f6zel BTV televizyonunda, \u00fcyelerin \u00e7o\u011funlu\u011funu T\u00fcrklerin olu\u015fturdu\u011fu Hak ve \u00d6zg\u00fcrl\u00fckler Hareketine (DPS-H\u00d6H) cephe alarak sert s\u00f6zler sarf\u2026","rel":"","context":"&quot;Haberler&quot; i\u00e7inde","block_context":{"text":"Haberler","link":"https:\/\/www.gocmeniz.biz\/?cat=5"},"img":{"alt_text":"","src":"","width":0,"height":0},"classes":[]},{"id":354,"url":"https:\/\/www.gocmeniz.biz\/?p=354","url_meta":{"origin":1972,"position":3},"title":"Rezve suyu Karadeniz&#8217;den borularla \u0130stanbul&#8217;a gelecek","author":"Haberci","date":"28 Nisan 2008","format":false,"excerpt":"\u0130stanbul'a Rezve Deresi'nden (Rezovo) su getirme projesi tamamland\u0131. Daha \u00f6nce Rezve'den gelecek suyun Longoz ormanlar\u0131 i\u00e7inden ge\u00e7irilecek isale hatt\u0131 ile \u0130stanbul'a getirilmesi planlan\u0131rken bu proje \u00e7evreciler taraf\u0131ndan tepki ile kar\u015f\u0131lanm\u0131\u015ft\u0131. Baz\u0131 sivil toplum \u00f6rg\u00fctleri Rezve'den su getirme \u00e7al\u0131\u015fmalar\u0131ndan ormanlar\u0131n tahrip edilece\u011fi ve bu ormanlar\u0131n yok edilece\u011fini s\u00f6ylemi\u015fti. \u0130stanbul B\u00fcy\u00fck\u015fehir Belediyesi\u2026","rel":"","context":"&quot;Haberler&quot; i\u00e7inde","block_context":{"text":"Haberler","link":"https:\/\/www.gocmeniz.biz\/?cat=5"},"img":{"alt_text":"","src":"","width":0,"height":0},"classes":[]},{"id":1599,"url":"https:\/\/www.gocmeniz.biz\/?p=1599","url_meta":{"origin":1972,"position":4},"title":"Bulgaristan&#8217;da Borisov d\u00f6nemi ba\u015flad\u0131","author":"Haberci","date":"28 Temmuz 2009","format":false,"excerpt":"Bulgaristan'da 7 Temmuzda yap\u0131lan parlamento se\u00e7imini kazanan GERB (arma) partisinin fahri ba\u015fkan\u0131, Sofya Belediye Ba\u015fkan\u0131 Boyko Borisov'un (50) kurdu\u011fu 16 bakandan olu\u015fan yeni Bulgaristan h\u00fck\u00fcmeti parlamentoda g\u00fcvenoyu ald\u0131. Borisov'un kurdu\u011fu az\u0131nl\u0131k h\u00fck\u00fcmeti i\u00e7in yap\u0131lan g\u00fcven oylamas\u0131na 240 milletvekili kat\u0131ld\u0131. H\u00fck\u00fcmet 77'ye kar\u015f\u0131 162 milletvekilinin deste\u011fiyle g\u00fcvenoyu al\u0131rken, bir milletvekili \u00e7ekimser\u2026","rel":"","context":"&quot;Haberler&quot; i\u00e7inde","block_context":{"text":"Haberler","link":"https:\/\/www.gocmeniz.biz\/?cat=5"},"img":{"alt_text":"","src":"","width":0,"height":0},"classes":[]},{"id":509,"url":"https:\/\/www.gocmeniz.biz\/?p=509","url_meta":{"origin":1972,"position":5},"title":"Tehlike \u00e7anlar\u0131","author":"Haberci","date":"12 Eyl\u00fcl 2008","format":false,"excerpt":"Meri\u00e7\u2019te adac\u0131klarEdirne\u2019de a\u015f\u0131r\u0131 s\u0131cak ve kurakl\u0131k, Meri\u00e7 ve Tunca nehirlerinin debi oranlar\u0131n\u0131 b\u00fcy\u00fck \u00f6l\u00e7\u00fcde d\u00fc\u015f\u00fcrd\u00fc. Meri\u00e7 Nehri\u2019nde, ya\u015fanan kurakl\u0131k nedeniyle su y\u00fczeyinde b\u00fcy\u00fck kum adac\u0131klar\u0131 olu\u015ftu. Bulgaristan\u2019\u0131n baraj kapaklar\u0131n\u0131 a\u00e7mamas\u0131 nedeniyle bu \u00fclkede do\u011fan ve T\u00fcrkiye\u2019den 100 metrelik b\u00f6l\u00fcm\u00fc ge\u00e7tikten sonra Meri\u00e7 Nehri ile birle\u015fen Arda Nehri tamamen kurudu.","rel":"","context":"&quot;Haberler&quot; i\u00e7inde","block_context":{"text":"Haberler","link":"https:\/\/www.gocmeniz.biz\/?cat=5"},"img":{"alt_text":"","src":"","width":0,"height":0},"classes":[]}],"jetpack_sharing_enabled":true,"jetpack_likes_enabled":true,"_links":{"self":[{"href":"https:\/\/www.gocmeniz.biz\/index.php?rest_route=\/wp\/v2\/posts\/1972","targetHints":{"allow":["GET"]}}],"collection":[{"href":"https:\/\/www.gocmeniz.biz\/index.php?rest_route=\/wp\/v2\/posts"}],"about":[{"href":"https:\/\/www.gocmeniz.biz\/index.php?rest_route=\/wp\/v2\/types\/post"}],"author":[{"embeddable":true,"href":"https:\/\/www.gocmeniz.biz\/index.php?rest_route=\/wp\/v2\/users\/331"}],"replies":[{"embeddable":true,"href":"https:\/\/www.gocmeniz.biz\/index.php?rest_route=%2Fwp%2Fv2%2Fcomments&post=1972"}],"version-history":[{"count":1,"href":"https:\/\/www.gocmeniz.biz\/index.php?rest_route=\/wp\/v2\/posts\/1972\/revisions"}],"predecessor-version":[{"id":8957,"href":"https:\/\/www.gocmeniz.biz\/index.php?rest_route=\/wp\/v2\/posts\/1972\/revisions\/8957"}],"wp:attachment":[{"href":"https:\/\/www.gocmeniz.biz\/index.php?rest_route=%2Fwp%2Fv2%2Fmedia&parent=1972"}],"wp:term":[{"taxonomy":"category","embeddable":true,"href":"https:\/\/www.gocmeniz.biz\/index.php?rest_route=%2Fwp%2Fv2%2Fcategories&post=1972"},{"taxonomy":"post_tag","embeddable":true,"href":"https:\/\/www.gocmeniz.biz\/index.php?rest_route=%2Fwp%2Fv2%2Ftags&post=1972"}],"curies":[{"name":"wp","href":"https:\/\/api.w.org\/{rel}","templated":true}]}}