{"id":1976,"date":"2009-12-14T10:59:35","date_gmt":"2009-12-14T08:59:35","guid":{"rendered":"http:\/\/www.gocmeniz.biz\/?p=1976"},"modified":"2026-04-03T12:25:37","modified_gmt":"2026-04-03T09:25:37","slug":"naim-bana-degil-bulgaristana-para-verildi","status":"publish","type":"post","link":"https:\/\/www.gocmeniz.biz\/?p=1976","title":{"rendered":"Naim: &#8220;bana De\u011fil Bulgaristan&#8217;a Para Verildi&#8221;"},"content":{"rendered":"<p><b>Eski Olimpiyat ve D\u00fcnya \u015eampiyonu, Halter Federasyonu Asba\u015fkan\u0131 Naim S\u00fcleymano\u011flu, T\u00fcrkiye&#8217;ye getirili\u015fi s\u0131ras\u0131nda Bulgaristan&#8217;a para verildi\u011fini, ancak kendisine para verilmedi\u011fini, bunun i\u00e7in toplam ne kadar para harcand\u0131\u011f\u0131n\u0131 bilmedi\u011fini s\u00f6yledi.<\/b><\/p>\n<p>B\u00fcy\u00fckler Ferdi ve Masterler T\u00fcrkiye Halter \u015eampiyonas\u0131 i\u00e7in Alanya&#8217;da bulunan Naim S\u00fcleymano\u011flu, Eski maliye bakan\u0131 Ekrem Pakdemirli&#8217;nin, ge\u00e7ti\u011fimiz g\u00fcnlerde yay\u0131nlanan kitab\u0131nda yer alan &#8220;Naim S\u00fcleymano\u011flu&#8217;nun T\u00fcrkiye&#8217;ye getirilmesi s\u0131ras\u0131nda 7 milyon Dolar harcand\u0131&#8221; yolundaki iddias\u0131n\u0131 de\u011ferlendirdi. S\u00fcleymano\u011flu, \u015f\u00f6yle konu\u015ftu:<\/p>\n<p>&#8220;Zaten T\u00fcrkiye&#8217;ye gelmi\u015ftim. Benim bildi\u011fim, yar\u0131\u015fmalara kat\u0131lmam i\u00e7in, Bulgarlar yeti\u015ftirme paras\u0131 istediler. Onun i\u00e7in 1 milyon 250 bin Dolar verildi. Ama ailemin getirilebilmesi i\u00e7in ayr\u0131ca para verildiyse bilmiyorum. \u00c7\u00fcnk\u00fc daha sonra ailem de geldi. E\u011fer orada bir para verildiyse bunu bilmiyorum. Bana zaten para verilmedi.&#8221;<\/p>\n<p><b>-\u00d6RT\u00dcL\u00dc \u00d6DENEKTEN-<\/b><\/p>\n<p>Eski halterci Halil Mutlu da, Naim S\u00fcleymano\u011flu&#8217;nun T\u00fcrkiye&#8217;ye geli\u015fi s\u0131ras\u0131nda ne kadar para harcand\u0131\u011f\u0131n\u0131 tam olarak<!--more--> bilemedi\u011fini s\u00f6yledi. T\u00fcrk h\u00fck\u00fcmetinin, \u00f6rt\u00fcl\u00fc \u00f6denekten Bulgar h\u00fck\u00fcmetine 1 milyon 150 bin Dolar \u00f6dedi\u011fini bildi\u011fini anlatan Mutlu, \u015f\u00f6yle dedi:<\/p>\n<p>&#8220;O biraz da siyas\u0131 bir olayd\u0131. Naim S\u00fcleymano\u011flu da ka\u00e7arak geldi\u011fi i\u00e7in Bulgaristan yeti\u015ftirme paras\u0131 alm\u0131\u015ft\u0131r. \u00c7\u00fcnk\u00fc vize almad\u0131ktan sonra Naim S\u00fcleymano\u011flu 1988 Olimpiyatlar\u0131&#8217;nda yar\u0131\u015fam\u0131yordu. Onun yar\u0131\u015fmas\u0131 i\u00e7in de rahmetli \u00d6zal, bildi\u011fim kadar\u0131yla \u00f6rt\u00fcl\u00fc \u00f6denekten 1 milyon 150 bin Dolar verdi. Naim S\u00fcleymano\u011flu da bu paran\u0131n bo\u015fa gitmedi\u011fini g\u00f6sterdi. \u00c7\u00fcnk\u00fc yar\u0131\u015fman\u0131n ard\u0131ndan Times&#8217;a kapak oldu. D\u00fcnyada bir s\u00fcr\u00fc olaylar oldu. Bulgaristan&#8217;da T\u00fcrkler&#8217;in var oldu\u011fu ortaya \u00e7\u0131kt\u0131. O zaman biraz daha siyasi ve politik bir olay oldu\u011fu i\u00e7in de bu paray\u0131 vermek zorundayd\u0131n\u0131z i\u015fin ger\u00e7e\u011fi. Ama benim bildi\u011fim bu. E\u011fer 7 milyonu bulduysa bulmu\u015ftur. Benim bildi\u011fim ve herkesin bug\u00fcne kadar bildi\u011fi 1 milyon 150 bin dolard\u0131r. Bulgaristan&#8217;\u0131n hesab\u0131na yatan para. Ben de emin de\u011filim. Duydu\u011fum ve kendi aram\u0131zda konu\u015fmu\u015f olduklar\u0131m\u0131z. Ama ka\u00e7an, ka\u00e7\u0131ran, hi\u00e7bir \u015fey yapmay\u0131p da oturan. Onlar beni ilgilendirmiyor. Onlar bizim devletimizin i\u015fidir. \u00d6dene\u011fi y\u00f6neten ki\u015fileri ilgilendirir.&#8221; <i>(Anadolu Ajans\u0131)<\/i><\/p>\n<div class=\"zemanta-pixie\"><img data-recalc-dims=\"1\"  title=\"\" decoding=\"async\" class=\"zemanta-pixie-img\"  alt=\"pixy Naim: &quot;bana De\u011fil Bulgaristan&#039;a Para Verildi&quot;\"  src=\"https:\/\/i0.wp.com\/img.zemanta.com\/pixy.gif?w=640\" \/><\/div>\n","protected":false},"excerpt":{"rendered":"<p>Eski Olimpiyat ve D\u00fcnya \u015eampiyonu, Halter Federasyonu Asba\u015fkan\u0131 Naim S\u00fcleymano\u011flu, T\u00fcrkiye&#8217;ye getirili\u015fi s\u0131ras\u0131nda Bulgaristan&#8217;a para verildi\u011fini, ancak kendisine para verilmedi\u011fini, bunun i\u00e7in toplam ne kadar para harcand\u0131\u011f\u0131n\u0131 bilmedi\u011fini s\u00f6yledi. B\u00fcy\u00fckler Ferdi ve Masterler T\u00fcrkiye Halter \u015eampiyonas\u0131 i\u00e7in Alanya&#8217;da bulunan Naim S\u00fcleymano\u011flu, Eski maliye bakan\u0131 Ekrem Pakdemirli&#8217;nin, ge\u00e7ti\u011fimiz g\u00fcnlerde yay\u0131nlanan kitab\u0131nda yer alan &#8220;Naim S\u00fcleymano\u011flu&#8217;nun T\u00fcrkiye&#8217;ye [&hellip;]<\/p>\n","protected":false},"author":331,"featured_media":0,"comment_status":"open","ping_status":"open","sticky":false,"template":"","format":"standard","meta":{"advanced_seo_description":"","jetpack_seo_html_title":"","jetpack_seo_noindex":false,"ngg_post_thumbnail":0,"jetpack_post_was_ever_published":false,"_jetpack_newsletter_access":"","_jetpack_dont_email_post_to_subs":false,"_jetpack_newsletter_tier_id":0,"_jetpack_memberships_contains_paywalled_content":false,"_jetpack_memberships_contains_paid_content":false,"footnotes":""},"categories":[5],"tags":[],"class_list":["post-1976","post","type-post","status-publish","format-standard","hentry","category-haberler"],"jetpack_featured_media_url":"","jetpack_shortlink":"https:\/\/wp.me\/paHHlZ-vS","jetpack-related-posts":[{"id":1622,"url":"https:\/\/www.gocmeniz.biz\/?p=1622","url_meta":{"origin":1976,"position":0},"title":"D\u0131\u015fi\u015fleri, Bulgaristan g\u00f6\u00e7menlerinin mallar\u0131 i\u00e7in d\u00fc\u011fmeye bast\u0131","author":"Haberci","date":"31 Temmuz 2009","format":false,"excerpt":"D\u0131\u015fi\u015fleri Bakanl\u0131\u011f\u0131, sava\u015f ve bask\u0131 d\u00f6nemlerinde Bulgaristan`dan T\u00fcrkiye`ye gelmek zorunda kalan T\u00fcrk k\u00f6kenli g\u00f6\u00e7menlerin \u00fclkelerinde b\u0131rakt\u0131klar\u0131 mallar\u0131 geri alabilmeleri i\u00e7in harekete ge\u00e7ti. Balkan sava\u015flar\u0131 s\u0131ras\u0131nda ve asimilasyon politikalar\u0131n\u0131n uyguland\u0131\u011f\u0131 1980`li y\u0131llarda yurtlar\u0131n\u0131 terk ederek T\u00fcrkiye`ye s\u0131\u011f\u0131nmak zorunda kalan binlerce Bulgar g\u00f6\u00e7meni T\u00fcrk`\u00fcn, Bulgaristan`da kalan mallar\u0131n\u0131 geri alma imk\u00e2n\u0131 do\u011fdu. D\u0131\u015fi\u015fleri\u2026","rel":"","context":"&quot;Haberler&quot; i\u00e7inde","block_context":{"text":"Haberler","link":"https:\/\/www.gocmeniz.biz\/?cat=5"},"img":{"alt_text":"","src":"","width":0,"height":0},"classes":[]},{"id":1184,"url":"https:\/\/www.gocmeniz.biz\/?p=1184","url_meta":{"origin":1976,"position":1},"title":"Gen\u00e7 G\u00fcrhan vefal\u0131 \u00e7\u0131kt\u0131","author":"Haberci","date":"07 May\u0131s 2009","format":false,"excerpt":"Kanarya\u2019n\u0131n gen\u00e7 oyuncusu G\u00fcrhan G\u00fcrsoy, bir s\u00fcredir Bak\u0131rk\u00f6y Devlet Hastanesi\u2019nde yatan D\u00fcnya, Avrupa ve Olimpiyat \u015eampiyonu haltercimiz Naim S\u00fcleymano\u011flu\u2019nu ziyaret etti. Yo\u011fun bak\u0131mdan normal odaya \u00e7\u0131kar\u0131lan Naim\u2019le bir s\u00fcre sohbet edip, ge\u00e7mi\u015f olsun dileklerini ileten G\u00fcrhan, \u201cNaim a\u011fabeyle dostlu\u011fumuz \u00e7ok eskiye dayan\u0131yor. \u0130kimiz de Bulgaristan\u2019\u0131n Mestanl\u0131 kentinden T\u00fcrkiye\u2019ye g\u00f6\u00e7 ettik.\u2026","rel":"","context":"&quot;Haberler&quot; i\u00e7inde","block_context":{"text":"Haberler","link":"https:\/\/www.gocmeniz.biz\/?cat=5"},"img":{"alt_text":"","src":"","width":0,"height":0},"classes":[]},{"id":1162,"url":"https:\/\/www.gocmeniz.biz\/?p=1162","url_meta":{"origin":1976,"position":2},"title":"&#8216;G\u00f6z\u00fcm\u00fcz ayd\u0131n: Cep herk\u00fcl\u00fc iyi durumda&#8217;","author":"Haberci","date":"04 May\u0131s 2009","format":false,"excerpt":"Ge\u00e7ti\u011fimiz Per\u015fembe g\u00fcn\u00fc havale ge\u00e7irdi\u011fi tan\u0131s\u0131yla hastaneye kald\u0131r\u0131lan Naim S\u00fcleymonu\u011flu hakk\u0131nda, doktorlar \u2018g\u00f6z\u00fcm\u00fcz ayd\u0131n\u2019 dedi.\u00a0 Per\u015fembe g\u00fcn\u00fc hastaneye kald\u0131r\u0131lan D\u00fcnya ve Olimpiyat \u015eampiyonu eski milli halterci Naim S\u00fcleymano\u011flu'nun durumunun iyi gitti\u011fi a\u00e7\u0131kland\u0131.Naim S\u00fcleymano\u011flu'nun durumuyla ilgili a\u00e7\u0131klamay\u0131 karde\u015fi Muharrem S\u00fcleymano\u011flu yapt\u0131.Naim S\u00fcleymano\u011flu\u2019nun yo\u011fun bak\u0131mdaki tedavisinin s\u00fcrd\u00fc\u011f\u00fcn\u00fc belirten Muharrem S\u00fcleymano\u011flu, doktorlar\u0131n \u2018s\u0131k\u0131nt\u0131\u2026","rel":"","context":"&quot;Haberler&quot; i\u00e7inde","block_context":{"text":"Haberler","link":"https:\/\/www.gocmeniz.biz\/?cat=5"},"img":{"alt_text":"","src":"","width":0,"height":0},"classes":[]},{"id":1147,"url":"https:\/\/www.gocmeniz.biz\/?p=1147","url_meta":{"origin":1976,"position":3},"title":"Naim S\u00fcleymano\u011flu hastaneye kald\u0131r\u0131ld\u0131","author":"Haberci","date":"30 Nisan 2009","format":false,"excerpt":"D\u00fcnya ve olimpiyat \u015fampiyonu eski milli halterci Naim S\u00fcleymano\u011flu hastaneye kald\u0131r\u0131ld\u0131.Bak\u0131rk\u00f6y Dr. Sadi Konuk E\u011fitim ve Ara\u015ft\u0131rma Hastanesi Ba\u015fhekimi Dr. Zafer \u00c7ukurova, sabah saatlerinde hastaneye g\u00f6t\u00fcr\u00fclen S\u00fcleymano\u011flu'nun havale ge\u00e7irdi\u011finin tespit edildi\u011fini s\u00f6yledi.\u00c7ukurova, \"Havale beyin kanamas\u0131 veya diyabet sebebiyle olabilir.\" dedi. Dr. Zafer \u00c7ukurova, S\u00fcleymano\u011flu'nun yo\u011fum bak\u0131m servisinde g\u00f6zlem alt\u0131nda tutuldu\u011funu\u2026","rel":"","context":"&quot;Haberler&quot; i\u00e7inde","block_context":{"text":"Haberler","link":"https:\/\/www.gocmeniz.biz\/?cat=5"},"img":{"alt_text":"","src":"","width":0,"height":0},"classes":[]},{"id":1258,"url":"https:\/\/www.gocmeniz.biz\/?p=1258","url_meta":{"origin":1976,"position":4},"title":"Naim S\u00fclaymano\u011fu iddialar\u0131 cevaplad\u0131","author":"Haberci","date":"26 May\u0131s 2009","format":false,"excerpt":"Aniden hastaneye kald\u0131r\u0131ld\u0131. `Kronik alkolik` denildi, `diyabet y\u00fcz\u00fcnden` yorumu yap\u0131ld\u0131, `Kollar\u0131 d\u00fcnyalar\u0131 kald\u0131rd\u0131 ama b\u00fcnyesi alkol\u00fc kald\u0131ramad\u0131,` ba\u015fl\u0131klar\u0131 at\u0131ld\u0131. `Cep Herk\u00fcl\u00fc` ilk kez konu\u015ftu. `Ben sporu b\u0131rakm\u0131\u015f\u0131m, 42 ya\u015f\u0131mday\u0131m. \u0130stedi\u011fim kadar i\u00e7ebilirim, kime ne? D\u00fcnyan\u0131n her yerinde sayg\u0131 g\u00f6r\u00fcyoruz ama T\u00fcrkiye`de resmen ayaklar alt\u0131na al\u0131n\u0131yoruz. Benim rahats\u0131z oldu\u011fum \u015fey bu!`\u2026","rel":"","context":"&quot;Haberler&quot; i\u00e7inde","block_context":{"text":"Haberler","link":"https:\/\/www.gocmeniz.biz\/?cat=5"},"img":{"alt_text":"","src":"","width":0,"height":0},"classes":[]},{"id":1950,"url":"https:\/\/www.gocmeniz.biz\/?p=1950","url_meta":{"origin":1976,"position":5},"title":"G\u00f6\u00e7menlere konut paras\u0131 uyar\u0131s\u0131","author":"Haberci","date":"20 Kas\u0131m 2009","format":false,"excerpt":"Bulgaristan'dan 1989-1995 d\u00f6neminde zorunlu g\u00f6\u00e7le gelen, paras\u0131n\u0131 yat\u0131r\u0131p, devletten konut almak i\u00e7in ortalama 17 y\u0131ld\u0131r bekleyen, ancak konut alamayan vatanda\u015flar\u0131n, nemalanm\u0131\u015f bir \u015fekilde paras\u0131n\u0131 almak i\u00e7in 5 Aral\u0131k'a kadar TOK\u0130'ye ba\u015fvurmas\u0131 gerekiyor. Bu tarihe kadar ba\u015fvurmayan vatanda\u015flar\u0131n paras\u0131, g\u00f6\u00e7men konutlar\u0131 hesab\u0131na gelir kaydedilerek tasfiye edilecek. TOK\u0130'den verilen bilgiye g\u00f6re, g\u00f6\u00e7men\u2026","rel":"","context":"&quot;Haberler&quot; i\u00e7inde","block_context":{"text":"Haberler","link":"https:\/\/www.gocmeniz.biz\/?cat=5"},"img":{"alt_text":"","src":"","width":0,"height":0},"classes":[]}],"jetpack_sharing_enabled":true,"jetpack_likes_enabled":true,"_links":{"self":[{"href":"https:\/\/www.gocmeniz.biz\/index.php?rest_route=\/wp\/v2\/posts\/1976","targetHints":{"allow":["GET"]}}],"collection":[{"href":"https:\/\/www.gocmeniz.biz\/index.php?rest_route=\/wp\/v2\/posts"}],"about":[{"href":"https:\/\/www.gocmeniz.biz\/index.php?rest_route=\/wp\/v2\/types\/post"}],"author":[{"embeddable":true,"href":"https:\/\/www.gocmeniz.biz\/index.php?rest_route=\/wp\/v2\/users\/331"}],"replies":[{"embeddable":true,"href":"https:\/\/www.gocmeniz.biz\/index.php?rest_route=%2Fwp%2Fv2%2Fcomments&post=1976"}],"version-history":[{"count":1,"href":"https:\/\/www.gocmeniz.biz\/index.php?rest_route=\/wp\/v2\/posts\/1976\/revisions"}],"predecessor-version":[{"id":8955,"href":"https:\/\/www.gocmeniz.biz\/index.php?rest_route=\/wp\/v2\/posts\/1976\/revisions\/8955"}],"wp:attachment":[{"href":"https:\/\/www.gocmeniz.biz\/index.php?rest_route=%2Fwp%2Fv2%2Fmedia&parent=1976"}],"wp:term":[{"taxonomy":"category","embeddable":true,"href":"https:\/\/www.gocmeniz.biz\/index.php?rest_route=%2Fwp%2Fv2%2Fcategories&post=1976"},{"taxonomy":"post_tag","embeddable":true,"href":"https:\/\/www.gocmeniz.biz\/index.php?rest_route=%2Fwp%2Fv2%2Ftags&post=1976"}],"curies":[{"name":"wp","href":"https:\/\/api.w.org\/{rel}","templated":true}]}}