{"id":1981,"date":"2009-12-21T10:27:54","date_gmt":"2009-12-21T08:27:54","guid":{"rendered":"http:\/\/www.gocmeniz.biz\/?p=1981"},"modified":"2026-04-03T12:25:37","modified_gmt":"2026-04-03T09:25:37","slug":"turkce-haberlerde-tuzaga-dusuruldum","status":"publish","type":"post","link":"https:\/\/www.gocmeniz.biz\/?p=1981","title":{"rendered":"\u2018T\u00fcrk\u00e7e haberlerde tuza\u011fa d\u00fc\u015f\u00fcr\u00fcld\u00fcm\u2019"},"content":{"rendered":"<p><b><img data-recalc-dims=\"1\"  title=\"\"  alt=\"201220092248381910545 \u2018T\u00fcrk\u00e7e haberlerde tuza\u011fa d\u00fc\u015f\u00fcr\u00fcld\u00fcm\u2019\" decoding=\"async\" style=\"float: left; margin-top: 10px; margin-bottom: 10px; margin-right: 10px;\" src=\"https:\/\/i0.wp.com\/haber.gazetevatan.com\/newpics\/news\/201220092248381910545.jpg?w=640\" \/>Irk\u00e7\u0131 partinin ATAKA\u2019n\u0131n referandum \u00f6nerisine destek veren Ba\u015fbakan geri ad\u0131m att\u0131<\/b><\/p>\n<p><b>Merkez sa\u011fc\u0131 Ba\u015fbakan Borisov, \u201cReferandum az\u0131nl\u0131k haklar\u0131na ayk\u0131r\u0131 olur\u201d dedi.<\/b><\/p>\n<p>Bulgaristan\u2019da \u0131rk\u00e7\u0131 parti ATAKA\u2019n\u0131n \u201cDevlet televizyonundaki T\u00fcrk\u00e7e haberlerin kald\u0131r\u0131lmas\u0131 i\u00e7in referandum yap\u0131ls\u0131n\u201d \u00f6nerisine destek veren Ba\u015fbakan Borisov geri ad\u0131m att\u0131. Borisov \u201cKarar\u0131m yanl\u0131\u015ft\u0131. Tuza\u011fa d\u00fc\u015ft\u00fcm\u201d dedi.<\/p>\n<p>BULGAR\u0130STAN\u2019DA \u0131rk\u00e7\u0131 ve a\u015f\u0131r\u0131 milliyet\u00e7i ATAKA partisinin, devlet televizyonu BNT\u2019deki T\u00fcrk\u00e7e haber program\u0131n\u0131n kald\u0131r\u0131lmas\u0131 i\u00e7in sundu\u011fu referandum \u00f6nerisini desteklece\u011fini a\u00e7\u0131klayarak b\u00fcy\u00fck tepki \u00e7eken Ba\u015fbakan Boyko Borisov geri ad\u0131m att\u0131. Borisov T\u00fcrkiye ve Avrupa Birli\u011fi\u2019nden gelen tepkiler \u00fczerine tavr\u0131n\u0131 de\u011fi\u015ftirerek, \u201cATAKA\u2019n\u0131n tuza\u011f\u0131na d\u00fc\u015ft\u00fcm. T\u00fcrk\u00e7e haberler konusundaki referanduma destek verme karar\u0131 yanl\u0131\u015ft\u0131. Bu az\u0131nl\u0131k haklar\u0131na da ayk\u0131r\u0131 olur\u201d dedi. Ancak Borisov, T\u00fcrk\u00e7e haber program\u0131n\u0131n sadece T\u00fcrklerin yo\u011funlukta ya\u015fad\u0131\u011f\u0131 b\u00f6lgelerde yay\u0131mlanmas\u0131 y\u00f6n\u00fcnde \u00e7al\u0131\u015fmalar yapabilece\u011fini s\u00f6yledi. D\u0131\u015fi\u015fleri Bakan\u0131 Rumyana Jeleva da referandumla ilgili olarak \u201cAz\u0131nl\u0131kla ilgili bir konunun \u00e7o\u011funlu\u011fa sorulmas\u0131 anlams\u0131z olur. Sonucu belli bir konuda referandum yaparsak komik duruma d\u00fc\u015feriz\u201d diye konu\u015ftu.<\/p>\n<p>ATAKA partisi, BNT\u2019de 2000\u2019den beri hafta i\u00e7i her g\u00fcn 10 dakika s\u00fcreyle Bulgarca alt yaz\u0131 ile yay\u0131mlanan T\u00fcrk\u00e7e haber program\u0131n\u0131n yasaklanmas\u0131 i\u00e7in uzun s\u00fcredir kampanya y\u00fcr\u00fct\u00fcyor. ATAKA, son olarak T\u00fcrk\u00e7e haber program\u0131n\u0131n kald\u0131r\u0131l\u0131p kald\u0131r\u0131lmamas\u0131 konusunda referanduma gidilmesi \u00f6nerisini getirmi\u015f ve konuyu parlamentoya ta\u015f\u0131yabilmek i\u00e7in Ba\u015fbakan Boyko Borisov\u2019dan destek s\u00f6z\u00fc almay\u0131 ba\u015farm\u0131\u015ft\u0131.<\/p>\n<p><b>Erdo\u011fan aram\u0131\u015ft\u0131<\/b><\/p>\n<p>Borisov\u2019un referanduma destek a\u00e7\u0131klamas\u0131 T\u00fcrkiye ve AB\u2019den tepkilere yol a\u00e7m\u0131\u015ft\u0131. Ba\u015fbakan Tayyip Erdo\u011fan, Borisov\u2019u arayarak \u201cKonunun \u00e7o\u011fulcu demokrasi kurallar\u0131 ile temel hak ve \u00f6zg\u00fcrl\u00fckler \u00e7er\u00e7evesinde \u00e7\u00f6z\u00fcme kavu\u015fturulmas\u0131 yolunda gerekli \u00e7abay\u0131 g\u00f6stermesini\u201d istemi\u015fti. Avrupa Parlamentosu liberaller grubunun ba\u015fkan\u0131 Guy Verhofstadt da \u201cT\u00fcrk\u00e7e programlara son verilmesi Bulgar toplumunda gerilimi art\u0131racak ve \u00fclkenin itibar\u0131na darbe vuracakt\u0131r. Referandumun ger\u00e7ekle\u015ftirilmesi durumunda AB\u2019nin \u2019etnik ve dil temelli ayr\u0131mc\u0131l\u0131k yap\u0131lamaz\u2019 ilkesine de ters d\u00fc\u015f\u00fclecektir\u201d demi\u015fti.<\/p>\n<div class=\"zemanta-pixie\"><img data-recalc-dims=\"1\"  title=\"\" decoding=\"async\" class=\"zemanta-pixie-img\"  alt=\"pixy \u2018T\u00fcrk\u00e7e haberlerde tuza\u011fa d\u00fc\u015f\u00fcr\u00fcld\u00fcm\u2019\"  src=\"https:\/\/i0.wp.com\/img.zemanta.com\/pixy.gif?w=640\" \/><\/div>\n","protected":false},"excerpt":{"rendered":"<p>Irk\u00e7\u0131 partinin ATAKA\u2019n\u0131n referandum \u00f6nerisine destek veren Ba\u015fbakan geri ad\u0131m att\u0131 Merkez sa\u011fc\u0131 Ba\u015fbakan Borisov, \u201cReferandum az\u0131nl\u0131k haklar\u0131na ayk\u0131r\u0131 olur\u201d dedi. Bulgaristan\u2019da \u0131rk\u00e7\u0131 parti ATAKA\u2019n\u0131n \u201cDevlet televizyonundaki T\u00fcrk\u00e7e haberlerin kald\u0131r\u0131lmas\u0131 i\u00e7in referandum yap\u0131ls\u0131n\u201d \u00f6nerisine destek veren Ba\u015fbakan Borisov geri ad\u0131m att\u0131. Borisov \u201cKarar\u0131m yanl\u0131\u015ft\u0131. Tuza\u011fa d\u00fc\u015ft\u00fcm\u201d dedi. BULGAR\u0130STAN\u2019DA \u0131rk\u00e7\u0131 ve a\u015f\u0131r\u0131 milliyet\u00e7i ATAKA partisinin, devlet [&hellip;]<\/p>\n","protected":false},"author":331,"featured_media":0,"comment_status":"open","ping_status":"open","sticky":false,"template":"","format":"standard","meta":{"advanced_seo_description":"","jetpack_seo_html_title":"","jetpack_seo_noindex":false,"ngg_post_thumbnail":0,"jetpack_post_was_ever_published":false,"_jetpack_newsletter_access":"","_jetpack_dont_email_post_to_subs":false,"_jetpack_newsletter_tier_id":0,"_jetpack_memberships_contains_paywalled_content":false,"_jetpack_memberships_contains_paid_content":false,"footnotes":""},"categories":[5],"tags":[],"class_list":["post-1981","post","type-post","status-publish","format-standard","hentry","category-haberler"],"jetpack_featured_media_url":"","jetpack_shortlink":"https:\/\/wp.me\/paHHlZ-vX","jetpack-related-posts":[{"id":1905,"url":"https:\/\/www.gocmeniz.biz\/?p=1905","url_meta":{"origin":1981,"position":0},"title":"Bulgaristan&#8217;da cumhurba\u015fkan\u0131n\u0131 g\u00f6revden alma giri\u015fimi","author":"Haberci","date":"11 Kas\u0131m 2009","format":false,"excerpt":"A.A. Bulgaristan'da Cumhurba\u015fkan\u0131 Georgi P\u0131rvanov ile Ba\u015fbakan Boyko Borisov aras\u0131ndaki g\u00f6r\u00fc\u015f ayr\u0131l\u0131\u011f\u0131n\u0131n yol a\u00e7t\u0131\u011f\u0131 gerginlik, az\u0131nl\u0131k h\u00fck\u00fcmetine parlamentoda destek veren sa\u011f partilerin, cumhurba\u015fkan\u0131n\u0131n g\u00f6revden al\u0131nmas\u0131 y\u00f6n\u00fcnde giri\u015fimde bulunmas\u0131 \u00fczerine siyasi krize d\u00f6n\u00fc\u015ft\u00fc. Borisov'un kurdu\u011fu az\u0131nl\u0131k h\u00fck\u00fcmetine d\u0131\u015far\u0131dan destek veren \u0131rk\u00e7\u0131 ve a\u015f\u0131r\u0131 milliyet\u00e7i ATAKA ve eski ba\u015fbakanlardan \u0130van Kostov'un lideri\u2026","rel":"","context":"&quot;Haberler&quot; i\u00e7inde","block_context":{"text":"Haberler","link":"https:\/\/www.gocmeniz.biz\/?cat=5"},"img":{"alt_text":"","src":"","width":0,"height":0},"classes":[]},{"id":1741,"url":"https:\/\/www.gocmeniz.biz\/?p=1741","url_meta":{"origin":1981,"position":1},"title":"&#8220;T\u00fcrk\u00e7e yay\u0131n durdurulsun&#8221;","author":"Haberci","date":"28 A\u011fustos 2009","format":false,"excerpt":"AABulgaristan'da \u0131rk\u00e7\u0131 ve a\u015f\u0131r\u0131 milliyet\u00e7i ATAKA partisinin yay\u0131n organ\u0131 olarak bilinen \"Skat TV\" adl\u0131 \u00f6zel televizyon kanal\u0131 Bulgaristan Devlet Televizyonu'nda (BNT) T\u00fcrk\u00e7e haberlerin yay\u0131ndan kald\u0131r\u0131lmas\u0131 i\u00e7in imza kampanyas\u0131 ba\u015flatt\u0131.\u00dclkede 8 y\u0131ld\u0131r g\u00fcnde 15 dakika olarak yay\u0131nlanan T\u00fcrk\u00e7e haber b\u00fclteninin yasaklanmas\u0131n\u0131 talep eden ATAKA partisinin iste\u011fi \u00fczerine ba\u015flat\u0131lan kampanya \u00e7er\u00e7evesinde SKAT\u2026","rel":"","context":"&quot;Haberler&quot; i\u00e7inde","block_context":{"text":"Haberler","link":"https:\/\/www.gocmeniz.biz\/?cat=5"},"img":{"alt_text":"","src":"","width":0,"height":0},"classes":[]},{"id":1599,"url":"https:\/\/www.gocmeniz.biz\/?p=1599","url_meta":{"origin":1981,"position":2},"title":"Bulgaristan&#8217;da Borisov d\u00f6nemi ba\u015flad\u0131","author":"Haberci","date":"28 Temmuz 2009","format":false,"excerpt":"Bulgaristan'da 7 Temmuzda yap\u0131lan parlamento se\u00e7imini kazanan GERB (arma) partisinin fahri ba\u015fkan\u0131, Sofya Belediye Ba\u015fkan\u0131 Boyko Borisov'un (50) kurdu\u011fu 16 bakandan olu\u015fan yeni Bulgaristan h\u00fck\u00fcmeti parlamentoda g\u00fcvenoyu ald\u0131. Borisov'un kurdu\u011fu az\u0131nl\u0131k h\u00fck\u00fcmeti i\u00e7in yap\u0131lan g\u00fcven oylamas\u0131na 240 milletvekili kat\u0131ld\u0131. H\u00fck\u00fcmet 77'ye kar\u015f\u0131 162 milletvekilinin deste\u011fiyle g\u00fcvenoyu al\u0131rken, bir milletvekili \u00e7ekimser\u2026","rel":"","context":"&quot;Haberler&quot; i\u00e7inde","block_context":{"text":"Haberler","link":"https:\/\/www.gocmeniz.biz\/?cat=5"},"img":{"alt_text":"","src":"","width":0,"height":0},"classes":[]},{"id":1682,"url":"https:\/\/www.gocmeniz.biz\/?p=1682","url_meta":{"origin":1981,"position":3},"title":"Bulgarlardan soyk\u0131r\u0131m siyaseti","author":"Haberci","date":"11 A\u011fustos 2009","format":false,"excerpt":"Bulgaristan`da a\u015f\u0131r\u0131 milliyet\u00e7i ATAKA partisi Osmanl\u0131 d\u00f6neminde Bulgarlar`a soyk\u0131r\u0131m yap\u0131ld\u0131\u011f\u0131n\u0131 iddia ederek ulusal bir anma g\u00fcn\u00fc ilan edilmesi talebinde bulundu. \u0130\u015fte bu \u015fok talep \u00fclkenin Ba\u015fbakan\u0131 Boyko Borisov taraf\u0131ndan olumlu kar\u015f\u0131land\u0131.Borisov`Bulgarlar`a soyk\u0131r\u0131m yap\u0131ld\u0131\u011f\u0131na ben de inan\u0131yorum. Soyk\u0131r\u0131m\u0131 anma g\u00fcn\u00fcne destek verebilirim` dedi. ATAKA`n\u0131n devlet televizyonlar\u0131na T\u00fcrk\u00e7e yay\u0131n yasa\u011f\u0131 \u00f6nerisinin de\u2026","rel":"","context":"&quot;Haberler&quot; i\u00e7inde","block_context":{"text":"Haberler","link":"https:\/\/www.gocmeniz.biz\/?cat=5"},"img":{"alt_text":"","src":"","width":0,"height":0},"classes":[]},{"id":1704,"url":"https:\/\/www.gocmeniz.biz\/?p=1704","url_meta":{"origin":1981,"position":4},"title":"Bulgaristan&#8217;da T\u00fcrk\u00e7e haber tart\u0131\u015fmas\u0131","author":"Haberci","date":"18 A\u011fustos 2009","format":false,"excerpt":"Devlet televizyonunda T\u00fcrk\u00e7e haber b\u00fcltenlerinin yay\u0131n\u0131na devam edilip edilmeyece\u011fi, Bulgaristan'da siyasi g\u00fcndemi me\u015fgul ediyor. Karar\u0131 h\u00fck\u00fcmet verecek. Bulgaristan k\u0131sa bir s\u00fcre \u00f6ncesine kadar daha \u00e7ok, yolsuzluk olaylar\u0131yla gazete man\u015fetlerine ta\u015f\u0131n\u0131yordu. Yeni se\u00e7ilen merkez sa\u011f h\u00fck\u00fcmet de geni\u015f kapsaml\u0131 bir temizlik operasyonu vaadiyle i\u015f ba\u015f\u0131na gelmi\u015fti. Bu y\u00fczden Sofya\u2019daki yeni h\u00fck\u00fcmetin\u2026","rel":"","context":"&quot;Haberler&quot; i\u00e7inde","block_context":{"text":"Haberler","link":"https:\/\/www.gocmeniz.biz\/?cat=5"},"img":{"alt_text":"","src":"","width":0,"height":0},"classes":[]},{"id":2061,"url":"https:\/\/www.gocmeniz.biz\/?p=2061","url_meta":{"origin":1981,"position":5},"title":"Ba\u015fbakan Recep Tayyip Erdo\u011fan: AB&#8217;de T\u00fcrkiye&#8217;nin \u00d6n\u00fcne Sudan Bahaneler Getiriliyor","author":"Haberci","date":"30 Ocak 2010","format":false,"excerpt":"Ba\u015fbakan Recep Tayyip Erdo\u011fan, AB \u00fcyeli\u011fi s\u00fcrecinde T\u00fcrkiye'ye uygulananlar\u0131n ba\u015fka hi\u00e7bir \u00fclkeye uygulanmad\u0131\u011f\u0131na i\u015faret ederek, \"\u00d6ne s\u00fcr\u00fclen gerek\u00e7elere bakt\u0131\u011f\u0131n\u0131z zaman asl\u0131nda sudan bahaneler.\" dedi. Erdo\u011fan, Bulgaristan Ba\u015fbakan\u0131 Boyko Borisov ile bas\u0131n toplant\u0131s\u0131 d\u00fczenledi. Toplant\u0131da Erdo\u011fan ve Borisov bas\u0131n mensuplar\u0131n\u0131n sorular\u0131n\u0131 cevaplad\u0131. 'T\u00fcrkiye'nin AB \u00fcyeli\u011fi y\u00f6n\u00fcndeki hevesi az\u0131l\u0131yor mu?' y\u00f6n\u00fcndeki soruya\u2026","rel":"","context":"&quot;Haberler&quot; i\u00e7inde","block_context":{"text":"Haberler","link":"https:\/\/www.gocmeniz.biz\/?cat=5"},"img":{"alt_text":"","src":"","width":0,"height":0},"classes":[]}],"jetpack_sharing_enabled":true,"jetpack_likes_enabled":true,"_links":{"self":[{"href":"https:\/\/www.gocmeniz.biz\/index.php?rest_route=\/wp\/v2\/posts\/1981","targetHints":{"allow":["GET"]}}],"collection":[{"href":"https:\/\/www.gocmeniz.biz\/index.php?rest_route=\/wp\/v2\/posts"}],"about":[{"href":"https:\/\/www.gocmeniz.biz\/index.php?rest_route=\/wp\/v2\/types\/post"}],"author":[{"embeddable":true,"href":"https:\/\/www.gocmeniz.biz\/index.php?rest_route=\/wp\/v2\/users\/331"}],"replies":[{"embeddable":true,"href":"https:\/\/www.gocmeniz.biz\/index.php?rest_route=%2Fwp%2Fv2%2Fcomments&post=1981"}],"version-history":[{"count":1,"href":"https:\/\/www.gocmeniz.biz\/index.php?rest_route=\/wp\/v2\/posts\/1981\/revisions"}],"predecessor-version":[{"id":8954,"href":"https:\/\/www.gocmeniz.biz\/index.php?rest_route=\/wp\/v2\/posts\/1981\/revisions\/8954"}],"wp:attachment":[{"href":"https:\/\/www.gocmeniz.biz\/index.php?rest_route=%2Fwp%2Fv2%2Fmedia&parent=1981"}],"wp:term":[{"taxonomy":"category","embeddable":true,"href":"https:\/\/www.gocmeniz.biz\/index.php?rest_route=%2Fwp%2Fv2%2Fcategories&post=1981"},{"taxonomy":"post_tag","embeddable":true,"href":"https:\/\/www.gocmeniz.biz\/index.php?rest_route=%2Fwp%2Fv2%2Ftags&post=1981"}],"curies":[{"name":"wp","href":"https:\/\/api.w.org\/{rel}","templated":true}]}}