{"id":1983,"date":"2009-12-21T10:28:54","date_gmt":"2009-12-21T08:28:54","guid":{"rendered":"http:\/\/www.gocmeniz.biz\/?p=1983"},"modified":"2026-04-03T12:25:37","modified_gmt":"2026-04-03T09:25:37","slug":"edirnede-sel-alarmi","status":"publish","type":"post","link":"https:\/\/www.gocmeniz.biz\/?p=1983","title":{"rendered":"Edirne&#8217;de sel alarm\u0131"},"content":{"rendered":"<p><b>Bulgaristan a\u015f\u0131r\u0131 ya\u011f\u0131\u015flar nedeniyle baraj kapaklar\u0131n\u0131 a\u00e7\u0131nca Edirne&#8221;de ta\u015fk\u0131n alarm\u0131 verildi. Polis ve belediye ekipleri, debi oran\u0131n\u0131n y\u00fckseldi\u011fi k\u00f6pr\u00fcleri ara\u00e7 trafi\u011fine kapatt\u0131 ve \u00e7evrede ya\u015fayanlar\u0131 uyard\u0131.<\/b><\/p>\n<p>Edirne&#8221;de g\u00fcn boyu ya\u011fan ya\u011fmur ya\u011f\u0131\u015f\u0131n\u0131n ard\u0131ndan Bulgaristan&#8221;da saat 23.30 s\u0131ralar\u0131nda baraj kapaklar\u0131n a\u00e7t\u0131\u011f\u0131n\u0131 Edirne&#8221;deki yetkililere bildirince ta\u015fk\u0131n alarm\u0131 verildi. Tunca nehrinin her ge\u00e7en dakika debi oran\u0131 h\u0131zla y\u00fckselip, suyun y\u00fcksekli\u011fi de k\u00f6pr\u00fcn\u00fcn \u00fcst\u00fcne kadar gelince polis ekipleri Tarihi K\u0131rkp\u0131nar G\u00fcre\u015flerini yap\u0131ld\u0131\u011f\u0131 Sarayi\u00e7i meydan\u0131daki Sarayi\u00e7i ve Kanuni k\u00f6pr\u00fcs\u00fc ile Yeniimaret Mahallesi&#8221;ndeki Yaln\u0131zg\u00f6z k\u00f6pr\u00fcs\u00fcn\u00fc \u00e7ift tarafl\u0131 trafi\u011fe kapatt\u0131. Nehrin debi oran\u0131n\u0131n ilerleyen saatlerde daha da artaca\u011f\u0131n\u0131n tahmin edildi\u011fi bildirildi.<i>DHA<\/i><\/p>\n<div class=\"zemanta-pixie\"><img data-recalc-dims=\"1\"  title=\"\" decoding=\"async\" class=\"zemanta-pixie-img\"  alt=\"pixy Edirne&#039;de sel alarm\u0131\"  src=\"https:\/\/i0.wp.com\/img.zemanta.com\/pixy.gif?w=640\" \/><\/div>\n","protected":false},"excerpt":{"rendered":"<p>Bulgaristan a\u015f\u0131r\u0131 ya\u011f\u0131\u015flar nedeniyle baraj kapaklar\u0131n\u0131 a\u00e7\u0131nca Edirne&#8221;de ta\u015fk\u0131n alarm\u0131 verildi. Polis ve belediye ekipleri, debi oran\u0131n\u0131n y\u00fckseldi\u011fi k\u00f6pr\u00fcleri ara\u00e7 trafi\u011fine kapatt\u0131 ve \u00e7evrede ya\u015fayanlar\u0131 uyard\u0131. Edirne&#8221;de g\u00fcn boyu ya\u011fan ya\u011fmur ya\u011f\u0131\u015f\u0131n\u0131n ard\u0131ndan Bulgaristan&#8221;da saat 23.30 s\u0131ralar\u0131nda baraj kapaklar\u0131n a\u00e7t\u0131\u011f\u0131n\u0131 Edirne&#8221;deki yetkililere bildirince ta\u015fk\u0131n alarm\u0131 verildi. Tunca nehrinin her ge\u00e7en dakika debi oran\u0131 h\u0131zla y\u00fckselip, [&hellip;]<\/p>\n","protected":false},"author":331,"featured_media":0,"comment_status":"open","ping_status":"open","sticky":false,"template":"","format":"standard","meta":{"advanced_seo_description":"","jetpack_seo_html_title":"","jetpack_seo_noindex":false,"ngg_post_thumbnail":0,"jetpack_post_was_ever_published":false,"_jetpack_newsletter_access":"","_jetpack_dont_email_post_to_subs":false,"_jetpack_newsletter_tier_id":0,"_jetpack_memberships_contains_paywalled_content":false,"_jetpack_memberships_contains_paid_content":false,"footnotes":""},"categories":[5],"tags":[],"class_list":["post-1983","post","type-post","status-publish","format-standard","hentry","category-haberler"],"jetpack_featured_media_url":"","jetpack_shortlink":"https:\/\/wp.me\/paHHlZ-vZ","jetpack-related-posts":[{"id":9653,"url":"https:\/\/www.gocmeniz.biz\/?p=9653","url_meta":{"origin":1983,"position":0},"title":"Edirne&#8217;de su seviyesi y\u00fckselen Tunca ve Meri\u00e7&#8217;te &#8216;sar\u0131 alarm&#8217; uyar\u0131s\u0131 devam ediyor","author":"Admin","date":"05 Nisan 2026","format":false,"excerpt":"Bulgaristan'da etkili olan ya\u011f\u0131\u015flar\u0131n ard\u0131ndan Edirne'de su seviyelerinde art\u0131\u015f ya\u015fanan Tunca ve Meri\u00e7 nehirlerinde 'sar\u0131 alarm' uyar\u0131s\u0131 devam ediyor. Ta\u015fk\u0131n riski nedeniyle cuma g\u00fcn\u00fc kapat\u0131lan K\u0131rkp\u0131nar Ya\u011fl\u0131 G\u00fcre\u015fleri'nin yap\u0131ld\u0131\u011f\u0131 Sarayi\u00e7i'ne, giri\u015f yasa\u011f\u0131 da s\u00fcr\u00fcyor. + Edirne'de Tunca ve Meri\u00e7 nehirlerinde 'sar\u0131 alarm' uyar\u0131s\u0131 devam ediyor.+ Meri\u00e7 Nehri'nin debisi 849 metrek\u00fcp\/saniye,\u2026","rel":"","context":"&quot;Haberler&quot; i\u00e7inde","block_context":{"text":"Haberler","link":"https:\/\/www.gocmeniz.biz\/?cat=5"},"img":{"alt_text":"","src":"https:\/\/i0.wp.com\/www.gocmeniz.biz\/wp-content\/edirne-de-su-seviyesi-yukselen-tunca-ve-meric-19718301_amp.jpg?fit=1200%2C631&ssl=1&resize=350%2C200","width":350,"height":200,"srcset":"https:\/\/i0.wp.com\/www.gocmeniz.biz\/wp-content\/edirne-de-su-seviyesi-yukselen-tunca-ve-meric-19718301_amp.jpg?fit=1200%2C631&ssl=1&resize=350%2C200 1x, https:\/\/i0.wp.com\/www.gocmeniz.biz\/wp-content\/edirne-de-su-seviyesi-yukselen-tunca-ve-meric-19718301_amp.jpg?fit=1200%2C631&ssl=1&resize=525%2C300 1.5x, https:\/\/i0.wp.com\/www.gocmeniz.biz\/wp-content\/edirne-de-su-seviyesi-yukselen-tunca-ve-meric-19718301_amp.jpg?fit=1200%2C631&ssl=1&resize=700%2C400 2x, https:\/\/i0.wp.com\/www.gocmeniz.biz\/wp-content\/edirne-de-su-seviyesi-yukselen-tunca-ve-meric-19718301_amp.jpg?fit=1200%2C631&ssl=1&resize=1050%2C600 3x"},"classes":[]},{"id":508,"url":"https:\/\/www.gocmeniz.biz\/?p=508","url_meta":{"origin":1983,"position":1},"title":"Edirne\u2019de kurakl\u0131k alarm\u0131","author":"Haberci","date":"11 Eyl\u00fcl 2008","format":false,"excerpt":"ED\u0130RNE'de a\u015f\u0131r\u0131 s\u0131cak ve kurakl\u0131k, Meri\u00e7 ve Tunca nehirlerinin debi oranlar\u0131n\u0131 b\u00fcy\u00fck \u00f6l\u00e7\u00fcde d\u00fc\u015f\u00fcrd\u00fc. Bu y\u0131l Bulgaristan da baraj kapaklar\u0131n\u0131 a\u00e7may\u0131nca 100 metrelik b\u00f6l\u00fcm\u00fc T\u00fcrkiye'den ge\u00e7en Arda nehri tamamen kurudu. DS\u0130 yetkilileri, barajlarda yeterli su oldu\u011funu, nehir suyunun da \u015fimdilik \u00e7ift\u00e7iye yetti\u011fini belirterek, kurakl\u0131\u011f\u0131n devam etmesi halinde ileride su s\u0131k\u0131nt\u0131s\u0131\u2026","rel":"","context":"&quot;Haberler&quot; i\u00e7inde","block_context":{"text":"Haberler","link":"https:\/\/www.gocmeniz.biz\/?cat=5"},"img":{"alt_text":"","src":"","width":0,"height":0},"classes":[]},{"id":9577,"url":"https:\/\/www.gocmeniz.biz\/?p=9577","url_meta":{"origin":1983,"position":2},"title":"Tunca Nehri&#8217;nin debisi ya\u011f\u0131\u015flar nedeniyle 3 g\u00fcnde 3,5 kat artt\u0131","author":"Admin","date":"03 Nisan 2026","format":false,"excerpt":"Edirne'den ge\u00e7en ve kayna\u011f\u0131n\u0131 Bulgaristan'dan alan Tunca Nehri'nin debisi, havzas\u0131ndaki ya\u011f\u0131\u015flar\u0131n etkisiyle son 3 g\u00fcnde 3,5 kat artt\u0131. DS\u0130 verilerine g\u00f6re, 3 g\u00fcn \u00f6nce saniyede 44 metrek\u00fcp olarak \u00f6l\u00e7\u00fclen Tunca'n\u0131n debisi, son \u00f6l\u00e7\u00fcmlerde saniyede 155 metrek\u00fcpe y\u00fckseldi. Tarihi K\u0131rkp\u0131nar Ya\u011fl\u0131 G\u00fcre\u015fleri'nin yap\u0131ld\u0131\u011f\u0131 er meydan\u0131n\u0131n da yer ald\u0131\u011f\u0131 Sarayi\u00e7i Adas\u0131'nda nehir\u2026","rel":"","context":"&quot;Haberler&quot; i\u00e7inde","block_context":{"text":"Haberler","link":"https:\/\/www.gocmeniz.biz\/?cat=5"},"img":{"alt_text":"","src":"https:\/\/i0.wp.com\/www.gocmeniz.biz\/wp-content\/tunca-nehri-nin-debisi-yagislar-nedeniyle-3-g-19712671_amp.jpg?fit=1200%2C675&ssl=1&resize=350%2C200","width":350,"height":200,"srcset":"https:\/\/i0.wp.com\/www.gocmeniz.biz\/wp-content\/tunca-nehri-nin-debisi-yagislar-nedeniyle-3-g-19712671_amp.jpg?fit=1200%2C675&ssl=1&resize=350%2C200 1x, https:\/\/i0.wp.com\/www.gocmeniz.biz\/wp-content\/tunca-nehri-nin-debisi-yagislar-nedeniyle-3-g-19712671_amp.jpg?fit=1200%2C675&ssl=1&resize=525%2C300 1.5x, https:\/\/i0.wp.com\/www.gocmeniz.biz\/wp-content\/tunca-nehri-nin-debisi-yagislar-nedeniyle-3-g-19712671_amp.jpg?fit=1200%2C675&ssl=1&resize=700%2C400 2x, https:\/\/i0.wp.com\/www.gocmeniz.biz\/wp-content\/tunca-nehri-nin-debisi-yagislar-nedeniyle-3-g-19712671_amp.jpg?fit=1200%2C675&ssl=1&resize=1050%2C600 3x"},"classes":[]},{"id":1997,"url":"https:\/\/www.gocmeniz.biz\/?p=1997","url_meta":{"origin":1983,"position":3},"title":"K\u0131rkp\u0131nar meydan\u0131 sular alt\u0131nda","author":"Haberci","date":"22 Aral\u0131k 2009","format":false,"excerpt":"F\u0131rat KESK\u0130NKILI\u00c7\/ED\u0130RNE, (DHA)BULGAR\u0130STAN ve Edirne'de a\u015f\u0131r\u0131 ya\u011f\u0131\u015flar nedeniyle ta\u015fan Tunca Nehri\u2019nin debisinin d\u00fc\u015fmesine ra\u011fmen, Suakaca\u011f\u0131 K\u00f6y\u00fc\u2019nden yeni ula\u015fan su Sarayi\u00e7i alan\u0131nda bulunan Balkan \u015eehitli\u011fi ile K\u0131rkp\u0131nar Er Meydan\u0131'n\u0131 tamamen sular alt\u0131nda b\u0131rakt\u0131. Polis ekipleri ise ta\u015fk\u0131n\u0131n oldu\u011fu b\u00f6lgelerde 24 saat n\u00f6bet tutarak vatanda\u015flar\u0131n buralara giri\u015f ve \u00e7\u0131k\u0131\u015f\u0131na izin vermiyor.Bulgaristan ve\u2026","rel":"","context":"&quot;Haberler&quot; i\u00e7inde","block_context":{"text":"Haberler","link":"https:\/\/www.gocmeniz.biz\/?cat=5"},"img":{"alt_text":"","src":"","width":0,"height":0},"classes":[]},{"id":2295,"url":"https:\/\/www.gocmeniz.biz\/?p=2295","url_meta":{"origin":1983,"position":4},"title":"Pilotun kula\u011f\u0131na m\u00fczik sesi gelince Polis Radyosu kapat\u0131ld\u0131","author":"Haberci","date":"27 Haziran 2014","format":false,"excerpt":"Edirne Polis Radyosu'nun yay\u0131nlar\u0131na, frekans\u0131 baz\u0131 u\u00e7aklar\u0131n haberle\u015fme sistemini etkiledi\u011fi i\u00e7in ara verildi. 2007'de kurulan Polis Radyosu Edirne St\u00fcdyosu, 90,5 frekans\u0131ndan sabah ve \u00f6\u011fleden sonra iki\u015fer saat olmak \u00fczere g\u00fcnde 4 saat yay\u0131n yap\u0131yordu. Radyo, ilk kuruldu\u011funda, frekans g\u00fcc\u00fcn\u00fcn y\u00fcksekli\u011fi nedeniyle Bolu civar\u0131nda da dinlenebiliyordu. Yunan ve Bulgar makamlar\u0131n\u0131n, radyonun\u2026","rel":"","context":"&quot;Haberler&quot; i\u00e7inde","block_context":{"text":"Haberler","link":"https:\/\/www.gocmeniz.biz\/?cat=5"},"img":{"alt_text":"","src":"https:\/\/i0.wp.com\/img.hurriyet.com.tr\/_np\/1577\/24991577.jpg?resize=350%2C200","width":350,"height":200},"classes":[]},{"id":611,"url":"https:\/\/www.gocmeniz.biz\/?p=611","url_meta":{"origin":1983,"position":5},"title":"SU TA\u015eKINLARINA KAR\u015eI SINIR \u00d6TES\u0130 \u0130\u015eB\u0130RL\u0130\u011e\u0130 KARARI ALINDI","author":"Haberci","date":"11 Kas\u0131m 2008","format":false,"excerpt":"Su ta\u015fk\u0131nlar\u0131n\u0131n \u00f6nlenmesi amac\u0131yla \u00fc\u00e7 \u00fclke i\u015fbirli\u011fi i\u00e7inde hareket etme karar\u0131 ald\u0131. Bu kapsamda Edirne Valisi Mustafa B\u00fcy\u00fck, Yunanistan'\u0131n Evros B\u00f6lgesi Valisi Nikolas Zambounidis ve Bulgaristan'\u0131n Haskova Valisi Rayna Yovcheva Yunanistan'\u0131n Orestia Kenti'nde bir araya geldi.Su ta\u015fk\u0131nlar\u0131n\u0131n \u00f6nlenmesi konusunun ele al\u0131nd\u0131\u011f\u0131 toplant\u0131da Vali Mustafa B\u00fcy\u00fck'e DS\u0130 B\u00f6lge M\u00fcd\u00fcr\u00fc ve M\u00fcd\u00fcr\u2026","rel":"","context":"&quot;Haberler&quot; i\u00e7inde","block_context":{"text":"Haberler","link":"https:\/\/www.gocmeniz.biz\/?cat=5"},"img":{"alt_text":"","src":"","width":0,"height":0},"classes":[]}],"jetpack_sharing_enabled":true,"jetpack_likes_enabled":true,"_links":{"self":[{"href":"https:\/\/www.gocmeniz.biz\/index.php?rest_route=\/wp\/v2\/posts\/1983","targetHints":{"allow":["GET"]}}],"collection":[{"href":"https:\/\/www.gocmeniz.biz\/index.php?rest_route=\/wp\/v2\/posts"}],"about":[{"href":"https:\/\/www.gocmeniz.biz\/index.php?rest_route=\/wp\/v2\/types\/post"}],"author":[{"embeddable":true,"href":"https:\/\/www.gocmeniz.biz\/index.php?rest_route=\/wp\/v2\/users\/331"}],"replies":[{"embeddable":true,"href":"https:\/\/www.gocmeniz.biz\/index.php?rest_route=%2Fwp%2Fv2%2Fcomments&post=1983"}],"version-history":[{"count":1,"href":"https:\/\/www.gocmeniz.biz\/index.php?rest_route=\/wp\/v2\/posts\/1983\/revisions"}],"predecessor-version":[{"id":8953,"href":"https:\/\/www.gocmeniz.biz\/index.php?rest_route=\/wp\/v2\/posts\/1983\/revisions\/8953"}],"wp:attachment":[{"href":"https:\/\/www.gocmeniz.biz\/index.php?rest_route=%2Fwp%2Fv2%2Fmedia&parent=1983"}],"wp:term":[{"taxonomy":"category","embeddable":true,"href":"https:\/\/www.gocmeniz.biz\/index.php?rest_route=%2Fwp%2Fv2%2Fcategories&post=1983"},{"taxonomy":"post_tag","embeddable":true,"href":"https:\/\/www.gocmeniz.biz\/index.php?rest_route=%2Fwp%2Fv2%2Ftags&post=1983"}],"curies":[{"name":"wp","href":"https:\/\/api.w.org\/{rel}","templated":true}]}}