{"id":1989,"date":"2009-12-21T10:45:04","date_gmt":"2009-12-21T08:45:04","guid":{"rendered":"http:\/\/www.gocmeniz.biz\/?p=1989"},"modified":"2026-04-03T12:17:06","modified_gmt":"2026-04-03T09:17:06","slug":"makedonyalilar-schengen-ulkelerinde-vizesiz-seyahat-etmeye-basladi","status":"publish","type":"post","link":"https:\/\/www.gocmeniz.biz\/?p=1989","title":{"rendered":"Makedonyal\u0131lar Schengen \u00dclkelerinde Vizesiz Seyahat Etmeye Ba\u015flad\u0131"},"content":{"rendered":"<p><b>Makedonya vatanda\u015flar\u0131, Schengen \u00fclkelerine vizesi seyahat imkan\u0131na bug\u00fcnden itibaren kavu\u015ftu. Makedonyal\u0131lar\u0131n, bu \u00fclkelere 6 ay i\u00e7erisinde 90 g\u00fcn\u00fc a\u015fmayacak seyahatlerinde vize istenmeyecek.<\/b><\/p>\n<p>Makedonya vatanda\u015flar\u0131; \u0130ngiltere ve \u0130rlanda hari\u00e7 25 Avrupa Birli\u011fi \u00fcyesi ile Norve\u00e7, \u0130svi\u00e7re ve \u0130zlanda&#8217;ya vize almadan gidebilecek.<\/p>\n<p>Ba\u015fkent \u00dcsk\u00fcp&#8217;te yeni uygulama dolay\u0131s\u0131yla bu ak\u015fam bir kutlama yap\u0131lacak. Yar\u0131n ise Bulgaristan s\u0131n\u0131r\u0131nda yap\u0131lacak bir t\u00f6renle iki \u00fclke aras\u0131ndaki bariyer kald\u0131r\u0131lacak. Bunun yan\u0131ndan Makedon h\u00fck\u00fcmeti yar\u0131n 100 ki\u015fiyi Paris&#8217;e \u00fccretsiz olarak u\u00e7uracak.<\/p>\n<p>Avrupa Birli\u011fi; S\u0131rbistan ve Karada\u011f vatanda\u015flar\u0131 i\u00e7in de vize uygulamas\u0131n\u0131 kald\u0131rd\u0131. 1 Ocak&#8217;ta uygulamaya konulmas\u0131 \u00f6ng\u00f6r\u00fclen vize muafiyeti, Noel tatili nedeniyle bug\u00fcne \u00e7ekildi.<\/p>\n<div class=\"zemanta-pixie\"><img data-recalc-dims=\"1\"  title=\"\" decoding=\"async\" class=\"zemanta-pixie-img\"  alt=\"pixy Makedonyal\u0131lar Schengen \u00dclkelerinde Vizesiz Seyahat Etmeye Ba\u015flad\u0131\"  src=\"https:\/\/i0.wp.com\/img.zemanta.com\/pixy.gif?w=640\" \/><\/div>\n","protected":false},"excerpt":{"rendered":"<p>Makedonya vatanda\u015flar\u0131, Schengen \u00fclkelerine vizesi seyahat imkan\u0131na bug\u00fcnden itibaren kavu\u015ftu. Makedonyal\u0131lar\u0131n, bu \u00fclkelere 6 ay i\u00e7erisinde 90 g\u00fcn\u00fc a\u015fmayacak seyahatlerinde vize istenmeyecek. Makedonya vatanda\u015flar\u0131; \u0130ngiltere ve \u0130rlanda hari\u00e7 25 Avrupa Birli\u011fi \u00fcyesi ile Norve\u00e7, \u0130svi\u00e7re ve \u0130zlanda&#8217;ya vize almadan gidebilecek. Ba\u015fkent \u00dcsk\u00fcp&#8217;te yeni uygulama dolay\u0131s\u0131yla bu ak\u015fam bir kutlama yap\u0131lacak. Yar\u0131n ise Bulgaristan s\u0131n\u0131r\u0131nda yap\u0131lacak [&hellip;]<\/p>\n","protected":false},"author":331,"featured_media":0,"comment_status":"open","ping_status":"open","sticky":false,"template":"","format":"standard","meta":{"advanced_seo_description":"","jetpack_seo_html_title":"","jetpack_seo_noindex":false,"ngg_post_thumbnail":0,"jetpack_post_was_ever_published":false,"_jetpack_newsletter_access":"","_jetpack_dont_email_post_to_subs":false,"_jetpack_newsletter_tier_id":0,"_jetpack_memberships_contains_paywalled_content":false,"_jetpack_memberships_contains_paid_content":false,"footnotes":""},"categories":[5],"tags":[],"class_list":["post-1989","post","type-post","status-publish","format-standard","hentry","category-haberler"],"jetpack_featured_media_url":"","jetpack_shortlink":"https:\/\/wp.me\/paHHlZ-w5","jetpack-related-posts":[{"id":9718,"url":"https:\/\/www.gocmeniz.biz\/?p=9718","url_meta":{"origin":1989,"position":0},"title":"AB&#8217;nin Yeni Giri\u015f\/\u00c7\u0131k\u0131\u015f Sistemi EES 10 Nisan&#8217;da Tamamen Devreye Giriyor: Yolcular Dikkat!","author":"Admin","date":"07 Nisan 2026","format":false,"excerpt":"Avrupa'ya seyahat planlayanlar i\u00e7in \u00f6nemli bir de\u011fi\u015fiklik kap\u0131da. Ge\u00e7en y\u0131l Ekim ay\u0131nda 29 Avrupa \u00fclkesinde kademeli olarak ba\u015flat\u0131lan AB Giri\u015f\/\u00c7\u0131k\u0131\u015f Sistemi (EES), 10 Nisan 2026 itibar\u0131yla tamamen hayata ge\u00e7iyor. Bu sistem, pasaportlara vurulan damgalar\u0131n yerini dijital kay\u0131tlara b\u0131rakmas\u0131n\u0131 \u00f6ng\u00f6r\u00fcyor. AB \u00fcyesi olmayan ve k\u0131sa s\u00fcreli seyahat eden yolcular\u0131n y\u00fcz g\u00f6r\u00fcnt\u00fcs\u00fc\u2026","rel":"","context":"&quot;Haberler&quot; i\u00e7inde","block_context":{"text":"Haberler","link":"https:\/\/www.gocmeniz.biz\/?cat=5"},"img":{"alt_text":"","src":"https:\/\/i0.wp.com\/www.gocmeniz.biz\/wp-content\/1366x768_cmsv2_feb5042c-d113-5961-a562-fbd908ed4ea3-9711809.webp?fit=1200%2C675&ssl=1&resize=350%2C200","width":350,"height":200,"srcset":"https:\/\/i0.wp.com\/www.gocmeniz.biz\/wp-content\/1366x768_cmsv2_feb5042c-d113-5961-a562-fbd908ed4ea3-9711809.webp?fit=1200%2C675&ssl=1&resize=350%2C200 1x, https:\/\/i0.wp.com\/www.gocmeniz.biz\/wp-content\/1366x768_cmsv2_feb5042c-d113-5961-a562-fbd908ed4ea3-9711809.webp?fit=1200%2C675&ssl=1&resize=525%2C300 1.5x, https:\/\/i0.wp.com\/www.gocmeniz.biz\/wp-content\/1366x768_cmsv2_feb5042c-d113-5961-a562-fbd908ed4ea3-9711809.webp?fit=1200%2C675&ssl=1&resize=700%2C400 2x, https:\/\/i0.wp.com\/www.gocmeniz.biz\/wp-content\/1366x768_cmsv2_feb5042c-d113-5961-a562-fbd908ed4ea3-9711809.webp?fit=1200%2C675&ssl=1&resize=1050%2C600 3x"},"classes":[]},{"id":2204,"url":"https:\/\/www.gocmeniz.biz\/?p=2204","url_meta":{"origin":1989,"position":1},"title":"Bulgaristan&#8217;dan T\u00fcrkiye&#8217;ye vize kolayl\u0131\u011f\u0131","author":"Haberci","date":"26 Ocak 2012","format":false,"excerpt":"Bulgaristan h\u00fck\u00fcmeti ye\u015fil pasaport sahibi T\u00fcrkiye vatanda\u015flar\u0131na uygulad\u0131\u011f\u0131 vize rejimini kald\u0131rd\u0131. Bulgar D\u0131\u015fi\u015fleri Bakanl\u0131\u011f\u0131'n\u0131n a\u00e7\u0131klamas\u0131nda, bakanlar kurulunun bug\u00fcnk\u00fc toplant\u0131s\u0131nda ye\u015fil pasaport sahibi T\u00fcrkiye vatanda\u015flar\u0131n\u0131n \u00fclkeye vizesiz giri\u015f \u00e7\u0131k\u0131\u015f yapmalar\u0131n\u0131 \u00f6ng\u00f6ren karar al\u0131nd\u0131\u011f\u0131 bildirildi. Ye\u015fil pasaport sahibi T\u00fcrkiye vatanda\u015flar\u0131 her alt\u0131 ayda bir 3 ayl\u0131\u011f\u0131na Bulgaristan'da ikamet edebilecek. T\u00fcrkiye vatanda\u015flar\u0131n ikamet\u2026","rel":"","context":"&quot;Haberler&quot; i\u00e7inde","block_context":{"text":"Haberler","link":"https:\/\/www.gocmeniz.biz\/?cat=5"},"img":{"alt_text":"","src":"","width":0,"height":0},"classes":[]},{"id":1385,"url":"https:\/\/www.gocmeniz.biz\/?p=1385","url_meta":{"origin":1989,"position":2},"title":"AB&#8217;nin Bu Karar\u0131 A\u011fr\u0131m\u0131za Gidecek","author":"Haberci","date":"18 Haziran 2009","format":false,"excerpt":"40 y\u0131la a\u015fk\u0131n bir s\u00fcredir AB kap\u0131s\u0131nda bekletilen T\u00fcrkiye vize muhafiyeti i\u00e7in hukuk sava\u015f\u0131 verirken, AB bug\u00fcn, \u00fcye bile olmayan 3 Balkan \u00fclkesine vize muhafiyeti uygulamay\u0131 konu\u015fuyor. Hi\u00e7 olmazsa, AB \u00fclkelerinde i\u015f yapan i\u015fadamlar\u0131, TIR \u015fof\u00f6rleri, \u00f6\u011frenciler gibi gruplara vize muhafiyeti isteyen 40 y\u0131ll\u0131k AB aday\u0131 T\u00fcrkiye, karma\u015f\u0131k engellerle bo\u011fu\u015furken,\u2026","rel":"","context":"&quot;Haberler&quot; i\u00e7inde","block_context":{"text":"Haberler","link":"https:\/\/www.gocmeniz.biz\/?cat=5"},"img":{"alt_text":"","src":"","width":0,"height":0},"classes":[]},{"id":1427,"url":"https:\/\/www.gocmeniz.biz\/?p=1427","url_meta":{"origin":1989,"position":3},"title":"Bulgar B\u00fcy\u00fckel\u00e7i: Erdo\u011fan Ailesi olay\u0131 \u00e7ok \u00fcz\u00fcc\u00fc","author":"Haberci","date":"25 Haziran 2009","format":false,"excerpt":"Bulgaristan\u2019\u0131n Ankara B\u00fcy\u00fckel\u00e7isi Branimir Mladenov, Almanya\u2019dan T\u00fcrkiye\u2019ye giden Erdo\u011fan ailesinin Bulgaristan\u2019da sald\u0131r\u0131ya u\u011framas\u0131 olay\u0131n\u0131n \u201c\u00e7ok \u00fcz\u00fcnt\u00fc verici\u201d oldu\u011funu belirterek, \u00fclkesinde bu t\u00fcr olaylar\u0131n \u00e7ok azald\u0131\u011f\u0131n\u0131, \u201cm\u00fcnferit\u201d hale geldi\u011fini s\u00f6yledi. B\u00fcy\u00fckel\u00e7i Branimir Mladenov, Diplomasi Muhabirler Derne\u011fi \u00fcyeleri ile bulu\u015fmas\u0131nda bir soru \u00fczerine Almanya\u2019dan T\u00fcrkiye\u2019ye karayolu ile gelen \u00fc\u00e7 ki\u015filik Erdo\u011fan ailesinin\u2026","rel":"","context":"&quot;Haberler&quot; i\u00e7inde","block_context":{"text":"Haberler","link":"https:\/\/www.gocmeniz.biz\/?cat=5"},"img":{"alt_text":"","src":"","width":0,"height":0},"classes":[]},{"id":1716,"url":"https:\/\/www.gocmeniz.biz\/?p=1716","url_meta":{"origin":1989,"position":4},"title":"\u00dc\u00e7 g\u00fcnde \u00fc\u00e7 \u00fclke","author":"Haberci","date":"20 A\u011fustos 2009","format":false,"excerpt":"Edirne'de bir seyahat acentesi b\u00fct\u00fcn masraflar dahil 220 Avro'ya yerli ve yabanc\u0131 turistlere 3 g\u00fcnde 3 \u00fclke gezme f\u0131rsat\u0131 sunuyor.\u00c7a\u011flar \u015eirketler Grubu Sahibi Recep Z\u0131pk\u0131nkurt, T\u00fcrkiye'de \u015fengen vizesi olan vatanda\u015flara Edirne, Bulgaristan, Yunanistan ve Makedonya'y\u0131 kapsayan gezi d\u00fczenleyeceklerini belirtti.Geziye kat\u0131lan yerli turistlere Edirne'de ba\u015fta Selimiye Cami, Sa\u011fl\u0131k M\u00fczesi, Alipa\u015fa ve\u2026","rel":"","context":"&quot;Haberler&quot; i\u00e7inde","block_context":{"text":"Haberler","link":"https:\/\/www.gocmeniz.biz\/?cat=5"},"img":{"alt_text":"","src":"","width":0,"height":0},"classes":[]},{"id":540,"url":"https:\/\/www.gocmeniz.biz\/?p=540","url_meta":{"origin":1989,"position":5},"title":"ABD, 7 \u00fclkeye vizeyi kald\u0131rd\u0131","author":"Haberci","date":"18 Ekim 2008","format":false,"excerpt":"Beyaz Saray; Avrupa Birli\u011fi \u00fclkeleri Litvanya, Letonya, Estonya, Macaristan, \u00c7ek Cumhuriyeti ve Slovakya ile G\u00fcney Kore\u2019ye vize uygulamas\u0131n\u0131 kald\u0131rd\u0131. S\u0131rada 5 \u00fclke daha var... T\u00fcrkiye'nin ad\u0131 ge\u00e7miyor.Amerikan Ba\u015fkan\u0131 George Bush, Avrupa Birli\u011fi \u00fcyesi alt\u0131 \u00fclkeyle G\u00fcney Kore\u2019ye ABD\u2019ye giri\u015fte vize uygulanmayaca\u011f\u0131n\u0131 a\u00e7\u0131klad\u0131. ABD Ba\u015fkan\u0131 George Bush, vize konusunda tan\u0131nan ayr\u0131cal\u0131\u011f\u0131n\u2026","rel":"","context":"&quot;Haberler&quot; i\u00e7inde","block_context":{"text":"Haberler","link":"https:\/\/www.gocmeniz.biz\/?cat=5"},"img":{"alt_text":"","src":"","width":0,"height":0},"classes":[]}],"jetpack_sharing_enabled":true,"jetpack_likes_enabled":true,"_links":{"self":[{"href":"https:\/\/www.gocmeniz.biz\/index.php?rest_route=\/wp\/v2\/posts\/1989","targetHints":{"allow":["GET"]}}],"collection":[{"href":"https:\/\/www.gocmeniz.biz\/index.php?rest_route=\/wp\/v2\/posts"}],"about":[{"href":"https:\/\/www.gocmeniz.biz\/index.php?rest_route=\/wp\/v2\/types\/post"}],"author":[{"embeddable":true,"href":"https:\/\/www.gocmeniz.biz\/index.php?rest_route=\/wp\/v2\/users\/331"}],"replies":[{"embeddable":true,"href":"https:\/\/www.gocmeniz.biz\/index.php?rest_route=%2Fwp%2Fv2%2Fcomments&post=1989"}],"version-history":[{"count":1,"href":"https:\/\/www.gocmeniz.biz\/index.php?rest_route=\/wp\/v2\/posts\/1989\/revisions"}],"predecessor-version":[{"id":8672,"href":"https:\/\/www.gocmeniz.biz\/index.php?rest_route=\/wp\/v2\/posts\/1989\/revisions\/8672"}],"wp:attachment":[{"href":"https:\/\/www.gocmeniz.biz\/index.php?rest_route=%2Fwp%2Fv2%2Fmedia&parent=1989"}],"wp:term":[{"taxonomy":"category","embeddable":true,"href":"https:\/\/www.gocmeniz.biz\/index.php?rest_route=%2Fwp%2Fv2%2Fcategories&post=1989"},{"taxonomy":"post_tag","embeddable":true,"href":"https:\/\/www.gocmeniz.biz\/index.php?rest_route=%2Fwp%2Fv2%2Ftags&post=1989"}],"curies":[{"name":"wp","href":"https:\/\/api.w.org\/{rel}","templated":true}]}}