{"id":1991,"date":"2009-12-21T10:46:06","date_gmt":"2009-12-21T08:46:06","guid":{"rendered":"http:\/\/www.gocmeniz.biz\/?p=1991"},"modified":"2026-04-03T12:17:06","modified_gmt":"2026-04-03T09:17:06","slug":"avrupayi-kar-tuttu","status":"publish","type":"post","link":"https:\/\/www.gocmeniz.biz\/?p=1991","title":{"rendered":"Avrupa&#8217;y\u0131 Kar Tuttu"},"content":{"rendered":"<p><b><img data-recalc-dims=\"1\"  title=\"\"  alt=\"avrupa-yi-kar-tuttu_o Avrupa&#039;y\u0131 Kar Tuttu\" decoding=\"async\" style=\"max-width: 800px; float: left; margin-top: 10px; margin-bottom: 10px; margin-right: 10px;\" src=\"https:\/\/i0.wp.com\/img.haberler.com\/haber\/305\/avrupa-yi-kar-tuttu_o.jpg?w=640\" \/>Avrupa\u2019y\u0131 kara k\u0131\u015f vurdu \u0130ngiltere\u2019den Bulgaristan\u2019a kadar yo\u011fun kar ya\u011f\u0131\u015f\u0131 etkili oldu.<\/b><\/p>\n<p>\u0130ngiltere\u2019yi etkisi alt\u0131n alan \u015fiddetli kar ya\u011f\u0131\u015f\u0131 y\u00fcz\u00fcnden Londra\u2019n\u0131n Gatwick ve Luton havaalanlar\u0131 ula\u015f\u0131ma kapand\u0131.<\/p>\n<p>Uluslararas\u0131 havaliman\u0131 Heathrow\u2019da hava ula\u015f\u0131m\u0131 devam ederken, pistlerin temizlenmesi \u00fczerine Gatwick de devreye girdi. \u0130ngiltere\u2019nin do\u011fusunda okullar bir s\u00fcreli\u011fine tatil edildi.<\/p>\n<p>Ani bast\u0131ran kar ve so\u011fuk hava, kara ula\u015f\u0131m\u0131n\u0131 da olumsuz etkiledi. Almanya, Romanya, Fransa, Bel\u00e7ika ve Bulgaristan\u2019da kar ya\u011f\u0131\u015f\u0131, trafik kazalar\u0131n\u0131 da beraberinde getirdi. <\/p>\n<div class=\"zemanta-pixie\"><img data-recalc-dims=\"1\"  title=\"\" decoding=\"async\" class=\"zemanta-pixie-img\"  alt=\"pixy Avrupa&#039;y\u0131 Kar Tuttu\"  src=\"https:\/\/i0.wp.com\/img.zemanta.com\/pixy.gif?w=640\" \/><\/div>\n","protected":false},"excerpt":{"rendered":"<p>Avrupa\u2019y\u0131 kara k\u0131\u015f vurdu \u0130ngiltere\u2019den Bulgaristan\u2019a kadar yo\u011fun kar ya\u011f\u0131\u015f\u0131 etkili oldu. \u0130ngiltere\u2019yi etkisi alt\u0131n alan \u015fiddetli kar ya\u011f\u0131\u015f\u0131 y\u00fcz\u00fcnden Londra\u2019n\u0131n Gatwick ve Luton havaalanlar\u0131 ula\u015f\u0131ma kapand\u0131. Uluslararas\u0131 havaliman\u0131 Heathrow\u2019da hava ula\u015f\u0131m\u0131 devam ederken, pistlerin temizlenmesi \u00fczerine Gatwick de devreye girdi. \u0130ngiltere\u2019nin do\u011fusunda okullar bir s\u00fcreli\u011fine tatil edildi. Ani bast\u0131ran kar ve so\u011fuk hava, kara [&hellip;]<\/p>\n","protected":false},"author":331,"featured_media":0,"comment_status":"open","ping_status":"open","sticky":false,"template":"","format":"standard","meta":{"advanced_seo_description":"","jetpack_seo_html_title":"","jetpack_seo_noindex":false,"ngg_post_thumbnail":0,"jetpack_post_was_ever_published":false,"_jetpack_newsletter_access":"","_jetpack_dont_email_post_to_subs":false,"_jetpack_newsletter_tier_id":0,"_jetpack_memberships_contains_paywalled_content":false,"_jetpack_memberships_contains_paid_content":false,"footnotes":""},"categories":[5],"tags":[],"class_list":["post-1991","post","type-post","status-publish","format-standard","hentry","category-haberler"],"jetpack_featured_media_url":"","jetpack_shortlink":"https:\/\/wp.me\/paHHlZ-w7","jetpack-related-posts":[{"id":645,"url":"https:\/\/www.gocmeniz.biz\/?p=645","url_meta":{"origin":1991,"position":0},"title":"Bir g\u00fcnde bembeyaz","author":"Haberci","date":"24 Kas\u0131m 2008","format":false,"excerpt":"Tam \"havalar \u00e7ok g\u00fczel gidiyor\" derken ani hava de\u011fi\u015fikli\u011fi yine \u015fa\u015f\u0131rtt\u0131. Avrupa'y\u0131 vuran kar ya\u011f\u0131\u015f\u0131 hayat\u0131 olumsuz etkiliyor. Almanya ve Avusturya'da \u015fiddetli kar ya\u011f\u0131\u015f\u0131 nedeniyle 6 ki\u015fi hayat\u0131n\u0131 kaybetti. Balkanlar'da da kar nedeniyle bir\u00e7ok yol ula\u015f\u0131ma kapal\u0131.\u0130NG\u0130LTERE, BALKANLAR, RUSYA'DA TAM KI\u015e KO\u015eULLARI Almanya ve \u0130ngiltere'de de kar ya\u011f\u0131\u015f\u0131 kara ula\u015f\u0131m\u0131n\u0131\u2026","rel":"","context":"&quot;Haberler&quot; i\u00e7inde","block_context":{"text":"Haberler","link":"https:\/\/www.gocmeniz.biz\/?cat=5"},"img":{"alt_text":"","src":"","width":0,"height":0},"classes":[]},{"id":2091,"url":"https:\/\/www.gocmeniz.biz\/?p=2091","url_meta":{"origin":1991,"position":1},"title":"Avrupa\u2019da buzul \u00e7a\u011f\u0131","author":"Haberci","date":"11 Mart 2010","format":false,"excerpt":"Avrupa\u2019y\u0131 k\u0131sa s\u00fcreli bir \u0131s\u0131nman\u0131n ard\u0131ndan etkisi alt\u0131na alan so\u011fuk hava dalgas\u0131, \u00f6zellikle do\u011fu ve kuzey kesimlerinde kar ya\u011f\u0131\u015f\u0131na neden oldu.Kar ya\u011f\u0131\u015f\u0131 \u0130svi\u00e7re, \u0130spanya, Fransa, Makedonya ve Bulgaristan\u2019da etkili oldu. \u0130svi\u00e7re de kar f\u0131rt\u0131nas\u0131ndan etkilendi, Cenevre\u2019nin bat\u0131s\u0131ndaki Neuchatel g\u00f6l\u00fcn\u00fcn k\u0131y\u0131lar\u0131 tamamen dondu. G\u00f6l\u00fcn kenar\u0131ndaki bisiklet yolunda y\u00fcr\u00fcy\u00fc\u015fe \u00e7\u0131kanlar ise havaya\u2026","rel":"","context":"&quot;Haberler&quot; i\u00e7inde","block_context":{"text":"Haberler","link":"https:\/\/www.gocmeniz.biz\/?cat=5"},"img":{"alt_text":"","src":"","width":0,"height":0},"classes":[]},{"id":643,"url":"https:\/\/www.gocmeniz.biz\/?p=643","url_meta":{"origin":1991,"position":2},"title":"Kar kap\u0131ya dayand\u0131","author":"Haberci","date":"22 Kas\u0131m 2008","format":false,"excerpt":"Trakya'da y\u00fcksek b\u00f6lgelere kar ya\u011farken, Avrupa'n\u0131n bir \u00e7ok \u00fclkesini kar vurdu. Almanya'dan ba\u015flayan kar ya\u011f\u0131s\u0131 kom\u015fumuz Bulgaristan'a ula\u015ft\u0131. Almanya'da kar 2 can al\u0131rken, u\u00e7ak seferleri iptal edildi.AVRUPA'YI KARAKI\u015e B\u00d6YLE VURDU (Fotogaleri)Bulgaristan'da kar ya\u011f\u0131\u015f\u0131, ba\u015fkent Sofya'daki hayat\u0131 olumsuz etkiledi. Gece ba\u015flayan \u015fiddetli r\u00fczgar ve kar ya\u011f\u0131\u015f\u0131 trafi\u011fi adeta fel\u00e7 etti. R\u00fczgar\u0131n\u2026","rel":"","context":"&quot;Haberler&quot; i\u00e7inde","block_context":{"text":"Haberler","link":"https:\/\/www.gocmeniz.biz\/?cat=5"},"img":{"alt_text":"","src":"","width":0,"height":0},"classes":[]},{"id":2041,"url":"https:\/\/www.gocmeniz.biz\/?p=2041","url_meta":{"origin":1991,"position":3},"title":"Ya\u011fmur ve kar geliyor","author":"Haberci","date":"14 Ocak 2010","format":false,"excerpt":"DHA\u00a0\u00a0\u00a0 BALKANLAR \u00fczerinden gelen so\u011fuk ve ya\u011f\u0131\u015fl\u0131 havayla birlikte ba\u015flayan kar ya\u011f\u0131\u015f\u0131, Edirne\u2019nin Lalapa\u015fa \u0130l\u00e7esi'nde kar ya\u011f\u0131\u015f\u0131 etkili oldu. Kar kal\u0131nl\u0131\u011f\u0131n\u0131n 15 santimi buldu\u011fu Hamzabeyli S\u0131n\u0131r Kap\u0131s\u0131\u2019nda ula\u015f\u0131m olumsuz y\u00f6nde etkilendi.ED\u0130RNE BEYAZA B\u00dcR\u00dcND\u00dc - FOTO GALER\u0130 Edirne'de d\u00fcn ak\u015fam saatlerinde ba\u015flayan ya\u011fmur, havan\u0131n so\u011fumas\u0131yla yerini kar ya\u011f\u0131\u015f\u0131na b\u0131rakt\u0131. Kent merkezine\u2026","rel":"","context":"&quot;Haberler&quot; i\u00e7inde","block_context":{"text":"Haberler","link":"https:\/\/www.gocmeniz.biz\/?cat=5"},"img":{"alt_text":"","src":"","width":0,"height":0},"classes":[]},{"id":734,"url":"https:\/\/www.gocmeniz.biz\/?p=734","url_meta":{"origin":1991,"position":4},"title":"Trakya beyaza b\u00fcr\u00fcnd\u00fc","author":"Haberci","date":"26 Aral\u0131k 2008","format":false,"excerpt":"ED\u0130RNE, (DHA)ED\u0130RNE ve K\u0131rklareli\u2019nde d\u00fcn gece etkili olan kar ya\u011f\u0131\u015f\u0131, kentleri beyaza b\u00fcr\u00fcd\u00fc. Belediye ve karayollar\u0131 ekipleri sabaha kadar kar k\u00fcreme ve tuzlama \u00e7al\u0131\u015fmas\u0131 yapt\u0131.Balkanlar \u00fczerinden gelen so\u011fuk ve ya\u011f\u0131\u015fl\u0131 hava Trakya genelinde etkili oluyor. Hava s\u0131cakl\u0131\u011f\u0131n\u0131n s\u0131f\u0131r\u0131n alt\u0131nda 5 dereceye kadar d\u00fc\u015ft\u00fc\u011f\u00fc Edirne ve K\u0131rklareli\u2019nde mevsimin ilk kar\u0131 gece\u2026","rel":"","context":"&quot;Haberler&quot; i\u00e7inde","block_context":{"text":"Haberler","link":"https:\/\/www.gocmeniz.biz\/?cat=5"},"img":{"alt_text":"","src":"","width":0,"height":0},"classes":[]},{"id":755,"url":"https:\/\/www.gocmeniz.biz\/?p=755","url_meta":{"origin":1991,"position":5},"title":"Kom\u015fu Bulgaristan karlar alt\u0131nda","author":"Haberci","date":"04 Ocak 2009","format":false,"excerpt":"A.A.Bulgaristan'\u0131 etkisi alt\u0131na alan so\u011fuk ve ya\u011f\u0131\u015fl\u0131 hava \u00fclke genelinde \u00f6zellikle ula\u015f\u0131mda aksamalara neden oluyor.Yo\u011fun kar ya\u011f\u0131\u015f\u0131 sebebiyle y\u00fcksek kesimlerdeki baz\u0131 yerle\u015fim merkezleriyle ula\u015f\u0131m kesildi. Yetkililer, y\u00fcksek gerilim hatlar\u0131nda buzlanma ve f\u0131rt\u0131nan\u0131n neden oldu\u011fu ar\u0131zalar y\u00fcz\u00fcnden \u00e7ok say\u0131da yerle\u015fim merkezine de elektrik verilemedi\u011fini a\u00e7\u0131klad\u0131.Bulgaristan Karayollar\u0131 Genel M\u00fcd\u00fcrl\u00fc\u011f\u00fcnden yap\u0131lan a\u00e7\u0131klamada, yo\u011fun\u2026","rel":"","context":"&quot;Haberler&quot; i\u00e7inde","block_context":{"text":"Haberler","link":"https:\/\/www.gocmeniz.biz\/?cat=5"},"img":{"alt_text":"","src":"","width":0,"height":0},"classes":[]}],"jetpack_sharing_enabled":true,"jetpack_likes_enabled":true,"_links":{"self":[{"href":"https:\/\/www.gocmeniz.biz\/index.php?rest_route=\/wp\/v2\/posts\/1991","targetHints":{"allow":["GET"]}}],"collection":[{"href":"https:\/\/www.gocmeniz.biz\/index.php?rest_route=\/wp\/v2\/posts"}],"about":[{"href":"https:\/\/www.gocmeniz.biz\/index.php?rest_route=\/wp\/v2\/types\/post"}],"author":[{"embeddable":true,"href":"https:\/\/www.gocmeniz.biz\/index.php?rest_route=\/wp\/v2\/users\/331"}],"replies":[{"embeddable":true,"href":"https:\/\/www.gocmeniz.biz\/index.php?rest_route=%2Fwp%2Fv2%2Fcomments&post=1991"}],"version-history":[{"count":1,"href":"https:\/\/www.gocmeniz.biz\/index.php?rest_route=\/wp\/v2\/posts\/1991\/revisions"}],"predecessor-version":[{"id":8671,"href":"https:\/\/www.gocmeniz.biz\/index.php?rest_route=\/wp\/v2\/posts\/1991\/revisions\/8671"}],"wp:attachment":[{"href":"https:\/\/www.gocmeniz.biz\/index.php?rest_route=%2Fwp%2Fv2%2Fmedia&parent=1991"}],"wp:term":[{"taxonomy":"category","embeddable":true,"href":"https:\/\/www.gocmeniz.biz\/index.php?rest_route=%2Fwp%2Fv2%2Fcategories&post=1991"},{"taxonomy":"post_tag","embeddable":true,"href":"https:\/\/www.gocmeniz.biz\/index.php?rest_route=%2Fwp%2Fv2%2Ftags&post=1991"}],"curies":[{"name":"wp","href":"https:\/\/api.w.org\/{rel}","templated":true}]}}