{"id":1993,"date":"2009-12-21T10:57:55","date_gmt":"2009-12-21T08:57:55","guid":{"rendered":"http:\/\/www.gocmeniz.biz\/?p=1993"},"modified":"2026-04-03T12:17:06","modified_gmt":"2026-04-03T09:17:06","slug":"sirbistan-ab-uyeligi-icin-resmen-basvuracak","status":"publish","type":"post","link":"https:\/\/www.gocmeniz.biz\/?p=1993","title":{"rendered":"S\u0131rbistan AB \u00fcyeli\u011fi i\u00e7in resmen ba\u015fvuracak"},"content":{"rendered":"<p><b>S\u0131rbistan, Avrupa Birli\u011fi&#8217;ne (AB) \u00fcyelik i\u00e7in bu hafta resmi ba\u015fvuruda bulunacak.<\/b><\/p>\n<p>AB d\u00f6nem ba\u015fkan\u0131 \u0130sve\u00e7&#8217;in D\u0131\u015fi\u015fleri Bakan\u0131 Carl Bildt, internet sitesinde yer alan yaz\u0131s\u0131nda, S\u0131rbistan Devlet Ba\u015fkan\u0131 Boris Tadi\u00e7&#8217;in AB&#8217;ye \u00fcyelik i\u00e7in resmi ba\u015fvuruda bulunmak \u00fczere sal\u0131 g\u00fcn\u00fc Stockholm&#8217;e gelece\u011fini bildirdi. Bildt&#8217;in yaz\u0131s\u0131nda, \u201cA\u00e7\u0131k\u00e7as\u0131, bu S\u0131rbistan i\u00e7in tarihi ve \u00f6nemli bir ad\u0131m\u201d denildi.<\/p>\n<p>S\u0131rbistan Devlet Ba\u015fkan\u0131 Tadi\u00e7 ile Ba\u015fbakan Mirko Cvetkovi\u00e7 de Belgrad&#8217;da d\u00fczenledikleri bas\u0131n toplant\u0131s\u0131nda, AB \u00fcyeli\u011fi resmi ba\u015fvurusunu imzalad\u0131lar.<\/p>\n<p>S\u0131rp bas\u0131n\u0131, \u0130sve\u00e7 Ba\u015fbakan\u0131 Frederick Reinfeldt&#8217;in, \u201cS\u0131rbistan, AB \u00fcyeli\u011fi i\u00e7in adayl\u0131k ba\u015fvurusu karar\u0131yla tarihi bir ad\u0131m atm\u0131\u015f oldu\u201d s\u00f6zleriyle, Tadi\u00e7&#8217;i memnuniyetle kabul edecekleri a\u00e7\u0131klamas\u0131na yer verdi.<\/p>\n<p>Cumhurba\u015fkan\u0131 Tadi\u00e7&#8217;in, resmi AB ba\u015fvurusu s\u0131ras\u0131nda AB Komisyonunun Geni\u015flemeden sorumlu \u00fcyesi Olli Rehn&#8217;in de haz\u0131r bulunaca\u011f\u0131 bildirildi.<\/p>\n<p>AB&#8217;ye yap\u0131lan bu ba\u015fvurular\u0131n daha \u00e7ok sembolik<!--more--> nitelikte oldu\u011fu, S\u0131rbistan&#8217;\u0131n tam \u00fcye olabilmesi i\u00e7in y\u0131llar s\u00fcrebilecek bir zorluklar\u0131 a\u015fma s\u00fcreci olaca\u011f\u0131 belirtiliyor.<\/p>\n<p>S\u0131rbistan&#8217;\u0131n AB \u00fcyeli\u011fine giden yol, BM sava\u015f su\u00e7lar\u0131 mahkemesince aranan sava\u015f su\u00e7lusu eski Bosnal\u0131 S\u0131rp General Ratko Mladi\u00e7&#8217;in yakalanamamas\u0131 nedeniyle engele tak\u0131lm\u0131\u015ft\u0131.<\/p>\n<p><b>V\u0130ZE SORUNU<\/b><\/p>\n<p>Bu arada, AB d\u00fcnden itibaren, eski Yugoslavya&#8217;dan ayr\u0131larak kurulan S\u0131rbistan, Karada\u011f ve Makedonya&#8217;ya vize uygulamas\u0131n\u0131 kald\u0131rd\u0131. s\u00f6z konusu \u00fclkelerde vizesiz seyahat, co\u015fkulu bir \u015fekilde kutland\u0131.<\/p>\n<p>AB&#8217;nin vize uygulamas\u0131n\u0131 kald\u0131rma karar\u0131na, Kosova&#8217;da ise tepkiler s\u00fcr\u00fcyor. \u201cKONU\u015e\u201d Hareketi ve Balkan \u0130lerleme ve Giri\u015fim Politika Enstit\u00fcs\u00fc \u00fcyeleri, ba\u015fkent Pri\u015ftine&#8217;de Kosova&#8217;n\u0131n ba\u011f\u0131ms\u0131zl\u0131k sembol\u00fc haline gelen dev&nbsp; \u201cNewborn\u201d yaz\u0131s\u0131n\u0131 siyah bezle \u00f6rterek, AB&#8217;yi \u201cKosova devletini izole etmek\u201dle su\u00e7layarak, protesto ettiler.<\/p>\n<div class=\"zemanta-pixie\"><img data-recalc-dims=\"1\"  title=\"\" decoding=\"async\" class=\"zemanta-pixie-img\"  alt=\"pixy S\u0131rbistan AB \u00fcyeli\u011fi i\u00e7in resmen ba\u015fvuracak\"  src=\"https:\/\/i0.wp.com\/img.zemanta.com\/pixy.gif?w=640\" \/><\/div>\n","protected":false},"excerpt":{"rendered":"<p>S\u0131rbistan, Avrupa Birli\u011fi&#8217;ne (AB) \u00fcyelik i\u00e7in bu hafta resmi ba\u015fvuruda bulunacak. AB d\u00f6nem ba\u015fkan\u0131 \u0130sve\u00e7&#8217;in D\u0131\u015fi\u015fleri Bakan\u0131 Carl Bildt, internet sitesinde yer alan yaz\u0131s\u0131nda, S\u0131rbistan Devlet Ba\u015fkan\u0131 Boris Tadi\u00e7&#8217;in AB&#8217;ye \u00fcyelik i\u00e7in resmi ba\u015fvuruda bulunmak \u00fczere sal\u0131 g\u00fcn\u00fc Stockholm&#8217;e gelece\u011fini bildirdi. Bildt&#8217;in yaz\u0131s\u0131nda, \u201cA\u00e7\u0131k\u00e7as\u0131, bu S\u0131rbistan i\u00e7in tarihi ve \u00f6nemli bir ad\u0131m\u201d denildi. S\u0131rbistan Devlet [&hellip;]<\/p>\n","protected":false},"author":331,"featured_media":0,"comment_status":"open","ping_status":"open","sticky":false,"template":"","format":"standard","meta":{"advanced_seo_description":"","jetpack_seo_html_title":"","jetpack_seo_noindex":false,"ngg_post_thumbnail":0,"jetpack_post_was_ever_published":false,"_jetpack_newsletter_access":"","_jetpack_dont_email_post_to_subs":false,"_jetpack_newsletter_tier_id":0,"_jetpack_memberships_contains_paywalled_content":false,"_jetpack_memberships_contains_paid_content":false,"footnotes":""},"categories":[5],"tags":[],"class_list":["post-1993","post","type-post","status-publish","format-standard","hentry","category-haberler"],"jetpack_featured_media_url":"","jetpack_shortlink":"https:\/\/wp.me\/paHHlZ-w9","jetpack-related-posts":[{"id":2017,"url":"https:\/\/www.gocmeniz.biz\/?p=2017","url_meta":{"origin":1993,"position":0},"title":"Bulgar Ba\u015fbakan&#8217;dan tazminat\u00e7\u0131 bakana f\u0131r\u00e7a","author":"Haberci","date":"07 Ocak 2010","format":false,"excerpt":"Bulgaristan'da, Devlet Bakan\u0131 Bojidar Dimitrov'un, \u201c1913 y\u0131l\u0131ndan sonra T\u00fcrkiye'den g\u00f6\u00e7 eden Bulgarlar\u0131n T\u00fcrkiye'de b\u0131rakmak zorunda kald\u0131klar\u0131 mal ve m\u00fclkleri i\u00e7in en az 10 milyar dolar tazminat istenece\u011fi\u201d y\u00f6n\u00fcndeki a\u00e7\u0131klamalar\u0131 h\u00fck\u00fcmet i\u00e7inde siyasi krize neden oldu. Ne h\u00fck\u00fcmetin ne de parlamentonun b\u00f6yle bir giri\u015fimi oldu\u011funu s\u00f6yleyen Ba\u015fbakan Boyko Borisov, Dimitrov\u2019u sert\u2026","rel":"","context":"&quot;Haberler&quot; i\u00e7inde","block_context":{"text":"Haberler","link":"https:\/\/www.gocmeniz.biz\/?cat=5"},"img":{"alt_text":"","src":"","width":0,"height":0},"classes":[]},{"id":1275,"url":"https:\/\/www.gocmeniz.biz\/?p=1275","url_meta":{"origin":1993,"position":1},"title":"Makedonya ile Kosova aras\u0131nda so\u011fuk r\u00fczgar","author":"Haberci","date":"28 May\u0131s 2009","format":false,"excerpt":"A.A\u00a0\u00a0\u00a0 Cumhurba\u015fkan\u0131 Corce \u0130vanov'un resmi davetlisi olarak bug\u00fcn Makedonya'ya gelmesi beklenen Kosova Cumhurba\u015fkan\u0131 Fatmir Seydiu, resmi ziyaretin \u00e7al\u0131\u015fma ziyaretine d\u00f6n\u00fc\u015ft\u00fcr\u00fcld\u00fc\u011f\u00fc gerek\u00e7esiyle ziyaretini iptal etti. Seydiu'nun ziyaretinin son anda iptal edilmesi, Makedonya ile Kosova diplomasisi aras\u0131nda so\u011fuk r\u00fczgara neden oldu. Makedonya Cumhurba\u015fkanl\u0131\u011f\u0131, bir a\u00e7\u0131klama yaparak, Seydiu'nun ziyaretini iptal etmesinden \u00fcz\u00fcnt\u00fc duyuldu\u011funu\u2026","rel":"","context":"&quot;Haberler&quot; i\u00e7inde","block_context":{"text":"Haberler","link":"https:\/\/www.gocmeniz.biz\/?cat=5"},"img":{"alt_text":"","src":"","width":0,"height":0},"classes":[]},{"id":2013,"url":"https:\/\/www.gocmeniz.biz\/?p=2013","url_meta":{"origin":1993,"position":2},"title":"Bulgaristan: T\u00fcrkiye ile ciddi sorunumuz yok","author":"Haberci","date":"06 Ocak 2010","format":false,"excerpt":"A.A.Bulgaristan D\u0131\u015fi\u015fleri Bakan\u0131 Marin Raykov, Bulgaristan ile T\u00fcrkiye aras\u0131nda ciddi politik sorun bulunmad\u0131\u011f\u0131n\u0131 belirterek, \"Sadece \u00e7\u00f6z\u00fclememi\u015f baz\u0131 konular var. Bunlar da diyalog yoluyla halledilecek meselelerdir\" dedi.Raykov, 1913 y\u0131l\u0131ndan sonra T\u00fcrkiye'den Bulgaristan'a g\u00f6\u00e7 eden Bulgarlar\u0131n T\u00fcrkiye'de kalan mal varl\u0131\u011f\u0131na ili\u015fkin meselenin iki \u00fclke aras\u0131nda \u00e7\u00f6z\u00fcme kavu\u015fturulmam\u0131\u015f konulardan biri oldu\u011funu s\u00f6yledi. Bulgaristan-T\u00fcrkiye\u2026","rel":"","context":"&quot;Haberler&quot; i\u00e7inde","block_context":{"text":"Haberler","link":"https:\/\/www.gocmeniz.biz\/?cat=5"},"img":{"alt_text":"","src":"","width":0,"height":0},"classes":[]},{"id":2113,"url":"https:\/\/www.gocmeniz.biz\/?p=2113","url_meta":{"origin":1993,"position":3},"title":"\u00dc\u00e7l\u00fc Balkan Zirvesi \u0130stanbul&#8217;da yap\u0131ld\u0131","author":"Haberci","date":"26 Nisan 2010","format":false,"excerpt":"A.A.Cumhurba\u015fkan\u0131 Abdullah G\u00fcl'\u00fcn ev sahipli\u011finde d\u00fczenlenen \"\u00dc\u00e7l\u00fc Balkan Zirvesi\"nde aile foto\u011fraf\u0131 \u00e7ektirdi.\u00c7\u0131ra\u011fan Saray\u0131 Bosphorus Salonu'nda yap\u0131lan ve yakla\u015f\u0131k 1 saat 15 dakika s\u00fcren zirvenin ard\u0131ndan liderler, aile foto\u011fraf\u0131 \u00e7ekimi i\u00e7in saray\u0131n teras\u0131na ge\u00e7ti.Aile foto\u011fraf\u0131nda Cumhurba\u015fkan\u0131 G\u00fcl, aralar\u0131nda yer ald\u0131\u011f\u0131 Bosna Hersek Cumhurba\u015fkanl\u0131\u011f\u0131 Konseyi Ba\u015fkan\u0131 Haris Sladzi\u00e7 ve S\u0131rbistan Cumhurba\u015fkan\u0131 Boris\u2026","rel":"","context":"&quot;Haberler&quot; i\u00e7inde","block_context":{"text":"Haberler","link":"https:\/\/www.gocmeniz.biz\/?cat=5"},"img":{"alt_text":"","src":"https:\/\/i0.wp.com\/imggaleri.hurriyet.com.tr\/LiveImages%5CFoto%20Haber%5C196%5C%C3%9C%C3%A7l%C3%BC%20Balkan%20Zirvesi%5CA24144933.jpg?resize=350%2C200","width":350,"height":200},"classes":[]},{"id":1943,"url":"https:\/\/www.gocmeniz.biz\/?p=1943","url_meta":{"origin":1993,"position":4},"title":"Krizin Balkan \u00dclkelerine Etkisi","author":"Haberci","date":"19 Kas\u0131m 2009","format":false,"excerpt":"K\u00fcresel Mali ve Ekonomik Kriz, Reform S\u00fcrecinin Tam Ortas\u0131nda Gafil Avlad\u0131\u011f\u0131 G\u00fcneydo\u011fu Avrupa \u00dclkelerini Fena Vurdu. Ancak Kriz Baz\u0131 \u00dclkeler \u0130\u00e7in F\u0131rsatlar da Do\u011furdu. Budape\u015fte'deki Alman \u0130\u015fadamlar\u0131 Derne\u011finden Manfred Bey, Durumu En K\u00f6t\u00fc G\u00fcneydo\u011fu Avrupa \u00dclkesinin, Macaristan Oldu\u011fu G\u00f6r\u00fc\u015f\u00fcnde. Bey,\"kriz Yat\u0131r\u0131mc\u0131n\u0131n Belini B\u00fck\u00fcyor. Unutmay\u0131n Ki Bu \u00dclkedeki Yerli ve Yabanc\u0131\u2026","rel":"","context":"&quot;Haberler&quot; i\u00e7inde","block_context":{"text":"Haberler","link":"https:\/\/www.gocmeniz.biz\/?cat=5"},"img":{"alt_text":"","src":"","width":0,"height":0},"classes":[]},{"id":9659,"url":"https:\/\/www.gocmeniz.biz\/?p=9659","url_meta":{"origin":1993,"position":5},"title":"S\u0131rbistan Cumhurba\u015fkan\u0131 Vucic: Macaristan&#8217;a gaz ta\u015f\u0131yan boru hatt\u0131n\u0131n yak\u0131n\u0131nda patlay\u0131c\u0131 bulundu","author":"Admin","date":"05 Nisan 2026","format":false,"excerpt":"S\u0131rbistan Cumhurba\u015fkan\u0131 Vucic, Rusya'dan S\u0131rbistan ve Macaristan'a gaz ta\u015f\u0131yan bir boru hatt\u0131n\u0131n yak\u0131n\u0131nda patlay\u0131c\u0131lar bulundu\u011funu bildirdi. Macaristan Ba\u015fbakan\u0131 Orban k\u0131sa bir s\u00fcre sonra iki liderin konu hakk\u0131nda g\u00f6r\u00fc\u015ft\u00fc\u011f\u00fcn\u00fc do\u011frulad\u0131.S\u0131rbistan Cumhurba\u015fkan\u0131 Aleksandar Vucic pazar sabah\u0131 yapt\u0131\u011f\u0131 a\u00e7\u0131klamada, S\u0131rbistan ve Macaristan'a gaz ta\u015f\u0131yan bir boru hatt\u0131n\u0131n yak\u0131n\u0131na yerle\u015ftirilmi\u015f patlay\u0131c\u0131lar bulundu\u011funu duyurdu. Vucic\u2026","rel":"","context":"&quot;Haberler&quot; i\u00e7inde","block_context":{"text":"Haberler","link":"https:\/\/www.gocmeniz.biz\/?cat=5"},"img":{"alt_text":"","src":"https:\/\/i0.wp.com\/www.gocmeniz.biz\/wp-content\/1366x768_cmsv2_b72b81e4-97a2-5d54-bea6-1fadd6b6a73a-9711067.webp?fit=1200%2C675&ssl=1&resize=350%2C200","width":350,"height":200,"srcset":"https:\/\/i0.wp.com\/www.gocmeniz.biz\/wp-content\/1366x768_cmsv2_b72b81e4-97a2-5d54-bea6-1fadd6b6a73a-9711067.webp?fit=1200%2C675&ssl=1&resize=350%2C200 1x, https:\/\/i0.wp.com\/www.gocmeniz.biz\/wp-content\/1366x768_cmsv2_b72b81e4-97a2-5d54-bea6-1fadd6b6a73a-9711067.webp?fit=1200%2C675&ssl=1&resize=525%2C300 1.5x, https:\/\/i0.wp.com\/www.gocmeniz.biz\/wp-content\/1366x768_cmsv2_b72b81e4-97a2-5d54-bea6-1fadd6b6a73a-9711067.webp?fit=1200%2C675&ssl=1&resize=700%2C400 2x, https:\/\/i0.wp.com\/www.gocmeniz.biz\/wp-content\/1366x768_cmsv2_b72b81e4-97a2-5d54-bea6-1fadd6b6a73a-9711067.webp?fit=1200%2C675&ssl=1&resize=1050%2C600 3x"},"classes":[]}],"jetpack_sharing_enabled":true,"jetpack_likes_enabled":true,"_links":{"self":[{"href":"https:\/\/www.gocmeniz.biz\/index.php?rest_route=\/wp\/v2\/posts\/1993","targetHints":{"allow":["GET"]}}],"collection":[{"href":"https:\/\/www.gocmeniz.biz\/index.php?rest_route=\/wp\/v2\/posts"}],"about":[{"href":"https:\/\/www.gocmeniz.biz\/index.php?rest_route=\/wp\/v2\/types\/post"}],"author":[{"embeddable":true,"href":"https:\/\/www.gocmeniz.biz\/index.php?rest_route=\/wp\/v2\/users\/331"}],"replies":[{"embeddable":true,"href":"https:\/\/www.gocmeniz.biz\/index.php?rest_route=%2Fwp%2Fv2%2Fcomments&post=1993"}],"version-history":[{"count":1,"href":"https:\/\/www.gocmeniz.biz\/index.php?rest_route=\/wp\/v2\/posts\/1993\/revisions"}],"predecessor-version":[{"id":8670,"href":"https:\/\/www.gocmeniz.biz\/index.php?rest_route=\/wp\/v2\/posts\/1993\/revisions\/8670"}],"wp:attachment":[{"href":"https:\/\/www.gocmeniz.biz\/index.php?rest_route=%2Fwp%2Fv2%2Fmedia&parent=1993"}],"wp:term":[{"taxonomy":"category","embeddable":true,"href":"https:\/\/www.gocmeniz.biz\/index.php?rest_route=%2Fwp%2Fv2%2Fcategories&post=1993"},{"taxonomy":"post_tag","embeddable":true,"href":"https:\/\/www.gocmeniz.biz\/index.php?rest_route=%2Fwp%2Fv2%2Ftags&post=1993"}],"curies":[{"name":"wp","href":"https:\/\/api.w.org\/{rel}","templated":true}]}}