{"id":1997,"date":"2009-12-22T13:09:56","date_gmt":"2009-12-22T11:09:56","guid":{"rendered":"http:\/\/www.gocmeniz.biz\/?p=1997"},"modified":"2026-04-03T12:25:37","modified_gmt":"2026-04-03T09:25:37","slug":"kirkpinar-meydani-sular-altinda","status":"publish","type":"post","link":"https:\/\/www.gocmeniz.biz\/?p=1997","title":{"rendered":"K\u0131rkp\u0131nar meydan\u0131 sular alt\u0131nda"},"content":{"rendered":"<p><i>F\u0131rat KESK\u0130NKILI\u00c7\/ED\u0130RNE, (DHA)<\/i><br \/><b>BULGAR\u0130STAN ve Edirne&#8217;de a\u015f\u0131r\u0131 ya\u011f\u0131\u015flar nedeniyle ta\u015fan Tunca Nehri\u2019nin debisinin d\u00fc\u015fmesine ra\u011fmen, Suakaca\u011f\u0131 K\u00f6y\u00fc\u2019nden yeni ula\u015fan su Sarayi\u00e7i alan\u0131nda bulunan Balkan \u015eehitli\u011fi ile K\u0131rkp\u0131nar Er Meydan\u0131&#8217;n\u0131 tamamen sular alt\u0131nda b\u0131rakt\u0131. Polis ekipleri ise ta\u015fk\u0131n\u0131n oldu\u011fu b\u00f6lgelerde 24 saat n\u00f6bet tutarak vatanda\u015flar\u0131n buralara giri\u015f ve \u00e7\u0131k\u0131\u015f\u0131na izin vermiyor.<\/b><\/p>\n<p>Bulgaristan ve Edirne\u2019de etkili olan yo\u011fun ya\u011fmur ya\u011f\u0131\u015f\u0131n\u0131n ard\u0131ndan yata\u011f\u0131ndan \u00e7\u0131kan Tunca Nehri\u2019nin debisi DS\u0130 verilerine g\u00f6re d\u00fc\u015fmeye ba\u015flad\u0131. Ancak \u00f6l\u00e7\u00fcm\u00fcn yap\u0131ld\u0131\u011f\u0131 Suakaca\u011f\u0131 mevkiinden kent merkezine yeni ula\u015fan su Sarayi\u00e7inde b\u00f6lgesini kaplad\u0131. Sarayi\u00e7i alan\u0131da bulunan Balkan \u015fehitli\u011fi ile K\u0131rkp\u0131nar G\u00fcr\u00fc\u015flerinin yap\u0131ld\u0131\u011f\u0131 Er Meydan\u0131 sular alt\u0131nda kald\u0131. Bu alanda bulunan ve g\u00fcvenlik nedeniyle kapat\u0131lan Av K\u00f6\u015fk\u00fc\u2019nde kalan hayvanlara ise, \u00e7al\u0131\u015fanlar taraf\u0131ndan tekneyle yiyecek ta\u015f\u0131nd\u0131.<\/p>\n<p>DS\u0130. 11. B\u00f6lge M\u00fcd\u00fcrl\u00fc\u011f\u00fc ekipleri, g\u00fcvenlik nedeniyle ara\u00e7 ve yaya trafi\u011fine kapat\u0131lan \u00fcst k\u0131sm\u0131 ise k\u0131smen su ile dolan nehir \u00fczerindeki k\u00f6pr\u00fclerin t\u0131kanan g\u00f6zlerini a\u00e7maya \u00e7al\u0131\u015ft\u0131. K\u00f6pr\u00fclerin g\u00f6zlerini takayan a\u011fa\u00e7 dallar\u0131 kep\u00e7e \u00e7\u0131kart\u0131l\u0131p yeniden nehre b\u0131rak\u0131l\u0131nca, bir sonraki k\u00f6pr\u00fcn\u00fcn g\u00f6zlerini t\u0131kad\u0131. G\u00f6renler ise bu \u00e7al\u0131\u015fmay\u0131 \u015fa\u015fk\u0131nl\u0131kla izledi. <\/p>\n<div class=\"zemanta-pixie\"><img data-recalc-dims=\"1\"  title=\"\" decoding=\"async\" class=\"zemanta-pixie-img\"  alt=\"pixy K\u0131rkp\u0131nar meydan\u0131 sular alt\u0131nda\"  src=\"https:\/\/i0.wp.com\/img.zemanta.com\/pixy.gif?w=640\" \/><\/div>\n","protected":false},"excerpt":{"rendered":"<p>F\u0131rat KESK\u0130NKILI\u00c7\/ED\u0130RNE, (DHA)BULGAR\u0130STAN ve Edirne&#8217;de a\u015f\u0131r\u0131 ya\u011f\u0131\u015flar nedeniyle ta\u015fan Tunca Nehri\u2019nin debisinin d\u00fc\u015fmesine ra\u011fmen, Suakaca\u011f\u0131 K\u00f6y\u00fc\u2019nden yeni ula\u015fan su Sarayi\u00e7i alan\u0131nda bulunan Balkan \u015eehitli\u011fi ile K\u0131rkp\u0131nar Er Meydan\u0131&#8217;n\u0131 tamamen sular alt\u0131nda b\u0131rakt\u0131. Polis ekipleri ise ta\u015fk\u0131n\u0131n oldu\u011fu b\u00f6lgelerde 24 saat n\u00f6bet tutarak vatanda\u015flar\u0131n buralara giri\u015f ve \u00e7\u0131k\u0131\u015f\u0131na izin vermiyor. Bulgaristan ve Edirne\u2019de etkili olan yo\u011fun [&hellip;]<\/p>\n","protected":false},"author":331,"featured_media":0,"comment_status":"open","ping_status":"open","sticky":false,"template":"","format":"standard","meta":{"advanced_seo_description":"","jetpack_seo_html_title":"","jetpack_seo_noindex":false,"ngg_post_thumbnail":0,"jetpack_post_was_ever_published":false,"_jetpack_newsletter_access":"","_jetpack_dont_email_post_to_subs":false,"_jetpack_newsletter_tier_id":0,"_jetpack_memberships_contains_paywalled_content":false,"_jetpack_memberships_contains_paid_content":false,"footnotes":""},"categories":[5],"tags":[],"class_list":["post-1997","post","type-post","status-publish","format-standard","hentry","category-haberler"],"jetpack_featured_media_url":"","jetpack_shortlink":"https:\/\/wp.me\/paHHlZ-wd","jetpack-related-posts":[{"id":9653,"url":"https:\/\/www.gocmeniz.biz\/?p=9653","url_meta":{"origin":1997,"position":0},"title":"Edirne&#8217;de su seviyesi y\u00fckselen Tunca ve Meri\u00e7&#8217;te &#8216;sar\u0131 alarm&#8217; uyar\u0131s\u0131 devam ediyor","author":"Admin","date":"05 Nisan 2026","format":false,"excerpt":"Bulgaristan'da etkili olan ya\u011f\u0131\u015flar\u0131n ard\u0131ndan Edirne'de su seviyelerinde art\u0131\u015f ya\u015fanan Tunca ve Meri\u00e7 nehirlerinde 'sar\u0131 alarm' uyar\u0131s\u0131 devam ediyor. Ta\u015fk\u0131n riski nedeniyle cuma g\u00fcn\u00fc kapat\u0131lan K\u0131rkp\u0131nar Ya\u011fl\u0131 G\u00fcre\u015fleri'nin yap\u0131ld\u0131\u011f\u0131 Sarayi\u00e7i'ne, giri\u015f yasa\u011f\u0131 da s\u00fcr\u00fcyor. + Edirne'de Tunca ve Meri\u00e7 nehirlerinde 'sar\u0131 alarm' uyar\u0131s\u0131 devam ediyor.+ Meri\u00e7 Nehri'nin debisi 849 metrek\u00fcp\/saniye,\u2026","rel":"","context":"&quot;Haberler&quot; i\u00e7inde","block_context":{"text":"Haberler","link":"https:\/\/www.gocmeniz.biz\/?cat=5"},"img":{"alt_text":"","src":"https:\/\/i0.wp.com\/www.gocmeniz.biz\/wp-content\/edirne-de-su-seviyesi-yukselen-tunca-ve-meric-19718301_amp.jpg?fit=1200%2C631&ssl=1&resize=350%2C200","width":350,"height":200,"srcset":"https:\/\/i0.wp.com\/www.gocmeniz.biz\/wp-content\/edirne-de-su-seviyesi-yukselen-tunca-ve-meric-19718301_amp.jpg?fit=1200%2C631&ssl=1&resize=350%2C200 1x, https:\/\/i0.wp.com\/www.gocmeniz.biz\/wp-content\/edirne-de-su-seviyesi-yukselen-tunca-ve-meric-19718301_amp.jpg?fit=1200%2C631&ssl=1&resize=525%2C300 1.5x, https:\/\/i0.wp.com\/www.gocmeniz.biz\/wp-content\/edirne-de-su-seviyesi-yukselen-tunca-ve-meric-19718301_amp.jpg?fit=1200%2C631&ssl=1&resize=700%2C400 2x, https:\/\/i0.wp.com\/www.gocmeniz.biz\/wp-content\/edirne-de-su-seviyesi-yukselen-tunca-ve-meric-19718301_amp.jpg?fit=1200%2C631&ssl=1&resize=1050%2C600 3x"},"classes":[]},{"id":2072,"url":"https:\/\/www.gocmeniz.biz\/?p=2072","url_meta":{"origin":1997,"position":1},"title":"Trakya\u2019da ya\u015fam fel\u00e7 oldu","author":"Haberci","date":"16 \u015eubat 2010","format":false,"excerpt":"Edirne\u2019de \u00f6nceki gece ba\u015flayan ve d\u00fcn sabah saatlerinde \u015fiddetini artt\u0131ran sa\u011fanak nedeniyle O\u011fulpa\u015fa Deresi ta\u015ft\u0131.Dere sular\u0131n\u0131n yay\u0131ld\u0131\u011f\u0131 Edirne-K\u0131rklareli D-20 Karayolu ula\u015f\u0131ma kapand\u0131. Tunca Nehri'nin ta\u015fmas\u0131 sonucu ge\u00e7en hafta ula\u015f\u0131ma kapanan Sarayi\u00e7i mevkisindeki Kanuni, Fatih ve Yaln\u0131zg\u00f6z k\u00f6pr\u00fclerinden ara\u00e7 ge\u00e7i\u015fine izin verilmedi.Bulgaristan taraf\u0131nda, Kapitan Andreova S\u0131n\u0131r Kap\u0131s\u0131'na ula\u015f\u0131m\u0131n sa\u011fland\u0131\u011f\u0131 yol kapand\u0131,\u2026","rel":"","context":"&quot;Haberler&quot; i\u00e7inde","block_context":{"text":"Haberler","link":"https:\/\/www.gocmeniz.biz\/?cat=5"},"img":{"alt_text":"","src":"","width":0,"height":0},"classes":[]},{"id":2078,"url":"https:\/\/www.gocmeniz.biz\/?p=2078","url_meta":{"origin":1997,"position":2},"title":"Edirne&#8217;de Sular \u00c7ekilmeye Ba\u015flad\u0131","author":"Haberci","date":"19 \u015eubat 2010","format":false,"excerpt":"Bulgaristan\u2019\u0131n baraj kapaklar\u0131n\u0131 a\u00e7mas\u0131 ve a\u015f\u0131r\u0131 ya\u011f\u0131\u015flar nedeniyle Edirneliler ta\u015fk\u0131nla bo\u011fu\u015fmaya devam ediyor ama sular da yava\u015f yava\u015f \u00e7ekilmeye ba\u015flad\u0131.Yaya ve ta\u015f\u0131t trafi\u011fine kapanan k\u00f6pr\u00fcler, su seviyesinin azalmas\u0131yla tekrar trafi\u011fe a\u00e7\u0131ld\u0131.\u00d6nceki g\u00fcn Meri\u00e7 Nehri\u2019nin ta\u015fmas\u0131n\u0131n ard\u0131ndan nehrin di\u011fer yakas\u0131ndaki Karaa\u011fa\u00e7 Mahallesi\u2019yle ula\u015f\u0131m d\u00fcn ak\u015fama kadar kesildi. Ta\u015fk\u0131n nedeniyle baz\u0131 evler\u2026","rel":"","context":"&quot;Haberler&quot; i\u00e7inde","block_context":{"text":"Haberler","link":"https:\/\/www.gocmeniz.biz\/?cat=5"},"img":{"alt_text":"","src":"","width":0,"height":0},"classes":[]},{"id":9577,"url":"https:\/\/www.gocmeniz.biz\/?p=9577","url_meta":{"origin":1997,"position":3},"title":"Tunca Nehri&#8217;nin debisi ya\u011f\u0131\u015flar nedeniyle 3 g\u00fcnde 3,5 kat artt\u0131","author":"Admin","date":"03 Nisan 2026","format":false,"excerpt":"Edirne'den ge\u00e7en ve kayna\u011f\u0131n\u0131 Bulgaristan'dan alan Tunca Nehri'nin debisi, havzas\u0131ndaki ya\u011f\u0131\u015flar\u0131n etkisiyle son 3 g\u00fcnde 3,5 kat artt\u0131. DS\u0130 verilerine g\u00f6re, 3 g\u00fcn \u00f6nce saniyede 44 metrek\u00fcp olarak \u00f6l\u00e7\u00fclen Tunca'n\u0131n debisi, son \u00f6l\u00e7\u00fcmlerde saniyede 155 metrek\u00fcpe y\u00fckseldi. Tarihi K\u0131rkp\u0131nar Ya\u011fl\u0131 G\u00fcre\u015fleri'nin yap\u0131ld\u0131\u011f\u0131 er meydan\u0131n\u0131n da yer ald\u0131\u011f\u0131 Sarayi\u00e7i Adas\u0131'nda nehir\u2026","rel":"","context":"&quot;Haberler&quot; i\u00e7inde","block_context":{"text":"Haberler","link":"https:\/\/www.gocmeniz.biz\/?cat=5"},"img":{"alt_text":"","src":"https:\/\/i0.wp.com\/www.gocmeniz.biz\/wp-content\/tunca-nehri-nin-debisi-yagislar-nedeniyle-3-g-19712671_amp.jpg?fit=1200%2C675&ssl=1&resize=350%2C200","width":350,"height":200,"srcset":"https:\/\/i0.wp.com\/www.gocmeniz.biz\/wp-content\/tunca-nehri-nin-debisi-yagislar-nedeniyle-3-g-19712671_amp.jpg?fit=1200%2C675&ssl=1&resize=350%2C200 1x, https:\/\/i0.wp.com\/www.gocmeniz.biz\/wp-content\/tunca-nehri-nin-debisi-yagislar-nedeniyle-3-g-19712671_amp.jpg?fit=1200%2C675&ssl=1&resize=525%2C300 1.5x, https:\/\/i0.wp.com\/www.gocmeniz.biz\/wp-content\/tunca-nehri-nin-debisi-yagislar-nedeniyle-3-g-19712671_amp.jpg?fit=1200%2C675&ssl=1&resize=700%2C400 2x, https:\/\/i0.wp.com\/www.gocmeniz.biz\/wp-content\/tunca-nehri-nin-debisi-yagislar-nedeniyle-3-g-19712671_amp.jpg?fit=1200%2C675&ssl=1&resize=1050%2C600 3x"},"classes":[]},{"id":1983,"url":"https:\/\/www.gocmeniz.biz\/?p=1983","url_meta":{"origin":1997,"position":4},"title":"Edirne&#8217;de sel alarm\u0131","author":"Haberci","date":"21 Aral\u0131k 2009","format":false,"excerpt":"Bulgaristan a\u015f\u0131r\u0131 ya\u011f\u0131\u015flar nedeniyle baraj kapaklar\u0131n\u0131 a\u00e7\u0131nca Edirne''de ta\u015fk\u0131n alarm\u0131 verildi. Polis ve belediye ekipleri, debi oran\u0131n\u0131n y\u00fckseldi\u011fi k\u00f6pr\u00fcleri ara\u00e7 trafi\u011fine kapatt\u0131 ve \u00e7evrede ya\u015fayanlar\u0131 uyard\u0131.Edirne''de g\u00fcn boyu ya\u011fan ya\u011fmur ya\u011f\u0131\u015f\u0131n\u0131n ard\u0131ndan Bulgaristan''da saat 23.30 s\u0131ralar\u0131nda baraj kapaklar\u0131n a\u00e7t\u0131\u011f\u0131n\u0131 Edirne''deki yetkililere bildirince ta\u015fk\u0131n alarm\u0131 verildi. Tunca nehrinin her ge\u00e7en dakika\u2026","rel":"","context":"&quot;Haberler&quot; i\u00e7inde","block_context":{"text":"Haberler","link":"https:\/\/www.gocmeniz.biz\/?cat=5"},"img":{"alt_text":"","src":"","width":0,"height":0},"classes":[]},{"id":212,"url":"https:\/\/www.gocmeniz.biz\/?p=212","url_meta":{"origin":1997,"position":5},"title":"Ta\u015fk\u0131n B\u00f6lgesinden Ka\u00e7\u0131\u015f Ba\u015flad\u0131","author":"Admin","date":"20 Kas\u0131m 2007","format":false,"excerpt":"Bulgaristan'\u0131n baraj kapaklar\u0131n\u0131 a\u00e7mas\u0131yla ta\u015fk\u0131n tehlikesi ya\u015fanan Meri\u00e7 Nehri kenar\u0131ndaki vatanda\u015flar, b\u00fcy\u00fckba\u015f hayvanlar\u0131n\u0131 trakt\u00f6rlerle ba\u015fka b\u00f6lgelere tahliye ediyor. Tunca Nehri'nin ta\u015fmas\u0131 nedeniyle Karaa\u011fa\u00e7 semtine giden yol tamamen kapan\u0131rken, ula\u015f\u0131m\u0131n Bosnak\u00f6y civar\u0131nda bulunan askeri k\u00f6pr\u00fcden sa\u011fland\u0131\u011f\u0131 g\u00f6r\u00fcld\u00fc. Yoldan ge\u00e7meye \u00e7al\u0131\u015fan baz\u0131 otomobiller sular alt\u0131nda kal\u0131rken, sadece askeri ve b\u00fcy\u00fck ara\u00e7lar\u0131n ge\u00e7i\u015f\u2026","rel":"","context":"&quot;Haberler&quot; i\u00e7inde","block_context":{"text":"Haberler","link":"https:\/\/www.gocmeniz.biz\/?cat=5"},"img":{"alt_text":"","src":"","width":0,"height":0},"classes":[]}],"jetpack_sharing_enabled":true,"jetpack_likes_enabled":true,"_links":{"self":[{"href":"https:\/\/www.gocmeniz.biz\/index.php?rest_route=\/wp\/v2\/posts\/1997","targetHints":{"allow":["GET"]}}],"collection":[{"href":"https:\/\/www.gocmeniz.biz\/index.php?rest_route=\/wp\/v2\/posts"}],"about":[{"href":"https:\/\/www.gocmeniz.biz\/index.php?rest_route=\/wp\/v2\/types\/post"}],"author":[{"embeddable":true,"href":"https:\/\/www.gocmeniz.biz\/index.php?rest_route=\/wp\/v2\/users\/331"}],"replies":[{"embeddable":true,"href":"https:\/\/www.gocmeniz.biz\/index.php?rest_route=%2Fwp%2Fv2%2Fcomments&post=1997"}],"version-history":[{"count":1,"href":"https:\/\/www.gocmeniz.biz\/index.php?rest_route=\/wp\/v2\/posts\/1997\/revisions"}],"predecessor-version":[{"id":8949,"href":"https:\/\/www.gocmeniz.biz\/index.php?rest_route=\/wp\/v2\/posts\/1997\/revisions\/8949"}],"wp:attachment":[{"href":"https:\/\/www.gocmeniz.biz\/index.php?rest_route=%2Fwp%2Fv2%2Fmedia&parent=1997"}],"wp:term":[{"taxonomy":"category","embeddable":true,"href":"https:\/\/www.gocmeniz.biz\/index.php?rest_route=%2Fwp%2Fv2%2Fcategories&post=1997"},{"taxonomy":"post_tag","embeddable":true,"href":"https:\/\/www.gocmeniz.biz\/index.php?rest_route=%2Fwp%2Fv2%2Ftags&post=1997"}],"curies":[{"name":"wp","href":"https:\/\/api.w.org\/{rel}","templated":true}]}}