{"id":2009,"date":"2010-01-06T13:01:36","date_gmt":"2010-01-06T11:01:36","guid":{"rendered":"http:\/\/www.gocmeniz.biz\/?p=2009"},"modified":"2026-04-03T12:17:06","modified_gmt":"2026-04-03T09:17:06","slug":"dostlugu-zedeleyecek-aciklamalardan-kacinin","status":"publish","type":"post","link":"https:\/\/www.gocmeniz.biz\/?p=2009","title":{"rendered":"Dostlu\u011fu zedeleyecek a\u00e7\u0131klamalardan ka\u00e7\u0131n\u0131n"},"content":{"rendered":"<p><i><img data-recalc-dims=\"1\"  title=\"\"  alt=\"9565524 Dostlu\u011fu zedeleyecek a\u00e7\u0131klamalardan ka\u00e7\u0131n\u0131n\" decoding=\"async\" style=\"max-width: 800px; float: left; margin-top: 10px; margin-bottom: 10px; margin-right: 10px;\" src=\"https:\/\/i0.wp.com\/www.hurriyet.com.tr\/_np\/5524\/9565524.jpg?w=640\" \/>ANKARA &nbsp;&nbsp;&nbsp; <\/i><br \/><b>D\u0131\u015fi\u015fleri Bakan\u0131 Ahmet Davuto\u011flu, Bulgaristan Devlet Bakan\u0131 Bojidar Dimitrov\u2019un, bas\u0131na, \u201cT\u00fcrkiye\u2019den g\u00f6\u00e7 eden Bulgarlara 10 milyar dolar tazminat verilmemesi durumunda T\u00fcrkiye\u2019nin AB \u00fcyeli\u011fini engelleyece\u011fiz\u201d olarak yans\u0131yan a\u00e7\u0131klamas\u0131na tepki g\u00f6sterdi.<\/b><\/p>\n<p>Davuto\u011flu, d\u00fcn Brezilya D\u0131\u015fi\u015fleri Bakan\u0131 Celso Amorim ile ortak bas\u0131n toplant\u0131s\u0131 d\u00fczenledi. \u0130ki \u00fclke aras\u0131nda Stratejik \u0130\u015fbirli\u011fi Eylem Plan\u0131 \u00fczerinde de anla\u015ft\u0131klar\u0131n\u0131 kaydeden Davuto\u011flu, Bulgaristan ile ya\u015fanan geli\u015fmeleri \u015f\u00f6yle de\u011ferlendirdi:<\/p>\n<p>\u201cB\u00fct\u00fcn kom\u015fu \u00fclkelerimizle \u00e7ok yak\u0131n i\u015fbirli\u011fi ve tam entegrasyon i\u00e7erisinde olmak istedi\u011fimizi bir\u00e7ok kereler vurgulad\u0131k. T\u00fcrkiye Bulgaristan ili\u015fkileri de so\u011fuk sava\u015f sonras\u0131nda b\u00f6lgede model te\u015fkil edecek kadar iyidir. Bu i\u015fbirli\u011fi hem T\u00fcrkiye\u2019nin hem Bulgaristan\u2019\u0131n menfaatinedir. Bulgaristan\u2019da se\u00e7imler sonras\u0131 kurulan yeni h\u00fck\u00fcmetin Ba\u015fbakan\u0131n\u0131 da yak\u0131n zamanda T\u00fcrkiye\u2019ye bekliyoruz. Tarihte ya\u015fananlar tek tarafl\u0131 g\u00f6\u00e7 \u015feklinde ger\u00e7ekle\u015fmemi\u015ftir. Bulgaristan\u2019dan T\u00fcrkiye\u2019ye o d\u00f6nemde g\u00f6\u00e7 etmek zorunda kalan 2 milyona yak\u0131n T\u00fcrk olmu\u015ftur. Bu tarihi konular\u0131n tart\u0131\u015fmaya a\u00e7\u0131lmas\u0131, b\u00fct\u00fcn kapsam\u0131yla a\u00e7\u0131lmas\u0131n\u0131 gerektirir ki bu bug\u00fcnk\u00fc ili\u015fkilerin seyretti\u011fi do\u011fal seyir a\u00e7\u0131s\u0131ndan rasyonel bir zeminde yap\u0131lmas\u0131 gerekiyor. T\u00fcrkiye bu konuda her zaman bir i\u015fbirli\u011fi anlay\u0131\u015f\u0131 i\u00e7erisinde olmu\u015ftur. T\u00fcrk- Bulgar dostlu\u011funun devam etmesi her iki \u00fclkenin yarar\u0131nad\u0131r. Dostlu\u011fu zedeleyecek a\u00e7\u0131klamalardan ka\u00e7\u0131nmakta b\u00fcy\u00fck fayda bulunmaktad\u0131r. Resmi bir g\u00f6r\u00fc\u015f bize intikal etmi\u015f de\u011fil, sadece bas\u0131nda \u00e7\u0131kan haberler \u00fczerinden T\u00fcrkiye Bulgaristan ili\u015fkilerini tart\u0131\u015fmay\u0131 do\u011fru bulmam.\u201d<\/p>\n<div class=\"zemanta-pixie\"><img data-recalc-dims=\"1\"  title=\"\" decoding=\"async\" class=\"zemanta-pixie-img\"  alt=\"pixy Dostlu\u011fu zedeleyecek a\u00e7\u0131klamalardan ka\u00e7\u0131n\u0131n\"  src=\"https:\/\/i0.wp.com\/img.zemanta.com\/pixy.gif?w=640\" \/><\/div>\n","protected":false},"excerpt":{"rendered":"<p>ANKARA &nbsp;&nbsp;&nbsp; D\u0131\u015fi\u015fleri Bakan\u0131 Ahmet Davuto\u011flu, Bulgaristan Devlet Bakan\u0131 Bojidar Dimitrov\u2019un, bas\u0131na, \u201cT\u00fcrkiye\u2019den g\u00f6\u00e7 eden Bulgarlara 10 milyar dolar tazminat verilmemesi durumunda T\u00fcrkiye\u2019nin AB \u00fcyeli\u011fini engelleyece\u011fiz\u201d olarak yans\u0131yan a\u00e7\u0131klamas\u0131na tepki g\u00f6sterdi. Davuto\u011flu, d\u00fcn Brezilya D\u0131\u015fi\u015fleri Bakan\u0131 Celso Amorim ile ortak bas\u0131n toplant\u0131s\u0131 d\u00fczenledi. \u0130ki \u00fclke aras\u0131nda Stratejik \u0130\u015fbirli\u011fi Eylem Plan\u0131 \u00fczerinde de anla\u015ft\u0131klar\u0131n\u0131 kaydeden Davuto\u011flu, [&hellip;]<\/p>\n","protected":false},"author":331,"featured_media":0,"comment_status":"open","ping_status":"open","sticky":false,"template":"","format":"standard","meta":{"advanced_seo_description":"","jetpack_seo_html_title":"","jetpack_seo_noindex":false,"ngg_post_thumbnail":0,"jetpack_post_was_ever_published":false,"_jetpack_newsletter_access":"","_jetpack_dont_email_post_to_subs":false,"_jetpack_newsletter_tier_id":0,"_jetpack_memberships_contains_paywalled_content":false,"_jetpack_memberships_contains_paid_content":false,"footnotes":""},"categories":[5],"tags":[],"class_list":["post-2009","post","type-post","status-publish","format-standard","hentry","category-haberler"],"jetpack_featured_media_url":"","jetpack_shortlink":"https:\/\/wp.me\/paHHlZ-wp","jetpack-related-posts":[{"id":2025,"url":"https:\/\/www.gocmeniz.biz\/?p=2025","url_meta":{"origin":2009,"position":0},"title":"\u2018T\u00fcrk &#8211; Bulgar dostlu\u011fu her iki \u00fclkenin yarar\u0131na\u2019","author":"Haberci","date":"11 Ocak 2010","format":false,"excerpt":"Yurtd\u0131\u015f\u0131ndaki Bulgaristan vatanda\u015flar\u0131ndan Sorumlu Devlet Bakan\u0131 Bojidar Dimitrov\u2019un\u00a0 T\u00fcrkiye\u2019den g\u00f6\u00e7 eden Bulgarlar\u0131n T\u00fcrkiye\u2019de b\u0131rakmak zorunda kald\u0131klar\u0131 mal ve m\u00fclkleri i\u00e7in 20 milyar dolarl\u0131k tazminat istemesi k\u0131sa s\u00fcreli siyasi hareketlenmeye neden oldu. T\u00fcrkiye\u2019den istenecek tazminat\u0131n, T\u00fcrkiye\u2019nin Avrupa Birli\u011fi\u2019ne tam \u00fcyelik i\u00e7in \u00f6n ko\u015ful olarak \u00f6denmesi gerekti\u011fini savunan Dimitrov\u2019un a\u00e7\u0131klamalar\u0131na Ba\u015fbakan Boyko\u2026","rel":"","context":"&quot;Haberler&quot; i\u00e7inde","block_context":{"text":"Haberler","link":"https:\/\/www.gocmeniz.biz\/?cat=5"},"img":{"alt_text":"","src":"","width":0,"height":0},"classes":[]},{"id":179,"url":"https:\/\/www.gocmeniz.biz\/?p=179","url_meta":{"origin":2009,"position":1},"title":"Babacan, Bulgaristan&#8217;da Balkan \u00dclkeleri D\u0131\u015fi\u015fleri Bakanlar\u0131 Toplant\u0131s\u0131na Kat\u0131ld\u0131","author":"Admin","date":"15 Eyl\u00fcl 2007","format":false,"excerpt":"D\u00f6nem Ba\u015fkanl\u0131\u011f\u0131 Bulgaristan taraf\u0131ndan y\u00fcr\u00fct\u00fclen G\u00fcneydo\u011fu Avrupa \u00dclkeleri \u0130\u015fbirli\u011fi S\u00fcreci'nin (GDA\u00dc) Gayriresmi D\u0131\u015fi\u015fleri Bakanlar\u0131 Toplant\u0131s\u0131 Bulgaristan'da yap\u0131ld\u0131. Bulgaristan'\u0131n ba\u015fkenti Sofya'dan hareket eden, Bulgar \u00c7ar\u0131 3. Boris'e ait \"Korona Ekspresi\" adl\u0131 trende ba\u015flayan toplant\u0131 Filipe'de (Plovdiv) sona erdi. T\u00fcrkiye, D\u0131\u015fi\u015fleri Bakan\u0131 ve Ba\u015fm\u00fczakereci Ali Babacan'\u0131n ba\u015fkanl\u0131k etti\u011fi bir heyet taraf\u0131ndan temsil\u2026","rel":"","context":"&quot;Haberler&quot; i\u00e7inde","block_context":{"text":"Haberler","link":"https:\/\/www.gocmeniz.biz\/?cat=5"},"img":{"alt_text":"","src":"https:\/\/i0.wp.com\/resimler.haberler.com\/haber\/732\/babacan-bulgaristan-da-balkan-ulkeleri-disisleri_o.jpg?resize=350%2C200","width":350,"height":200},"classes":[]},{"id":392,"url":"https:\/\/www.gocmeniz.biz\/?p=392","url_meta":{"origin":2009,"position":2},"title":"Babacan, Bulgaristan&#8217;daki Gda\u00fc Toplant\u0131lar\u0131na Kat\u0131lacak","author":"Haberci","date":"19 May\u0131s 2008","format":false,"excerpt":"D\u0131\u015fi\u015fleri Bakan\u0131 Ali Babacan, 20-21 May\u0131s tarihlerinde Bulgaristan'da d\u00fczenlenecek, G\u00fcneydo\u011fu Avrupa \u00dclkeleri \u0130\u015fbirli\u011fi S\u00fcreci'nin (GDA\u00dc) D\u0131\u015fi\u015fleri Bakanlar\u0131 ve Devlet\/H\u00fck\u00fcmet Ba\u015fkanlar\u0131 toplant\u0131s\u0131na kat\u0131lacak.D\u0131\u015fi\u015fleri Bakanl\u0131\u011f\u0131'ndan yap\u0131lan a\u00e7\u0131klamaya g\u00f6re, D\u00f6nem Ba\u015fkanl\u0131\u011f\u0131 Bulgaristan taraf\u0131ndan y\u00fcr\u00fct\u00fclen G\u00fcneydo\u011fu Avrupa \u00dclkeleri \u0130\u015fbirli\u011fi S\u00fcreci'nin D\u0131\u015fi\u015fleri Bakanlar\u0131 ve Devlet\/H\u00fck\u00fcmet Ba\u015fkanlar\u0131 toplant\u0131lar\u0131 20-21 May\u0131s tarihlerinde Burgaz yak\u0131n\u0131ndaki Pomorie kasabas\u0131nda d\u00fczenlenecek.T\u00fcrkiye'yi,\u2026","rel":"","context":"Benzer yaz\u0131","block_context":{"text":"Benzer yaz\u0131","link":""},"img":{"alt_text":"","src":"","width":0,"height":0},"classes":[]},{"id":1058,"url":"https:\/\/www.gocmeniz.biz\/?p=1058","url_meta":{"origin":2009,"position":3},"title":"T\u00fczmen, 100 ki\u015filik bir heyet ile Bulgaristan\u2019a gidiyor","author":"Haberci","date":"14 Nisan 2009","format":false,"excerpt":"Devlet Bakan\u0131 K\u00fcr\u015fad T\u00fczmen, beraberinde 80\u2019den fazla i\u015f adam\u0131 olmak \u00fczere toplam 100 ki\u015filik bir heyet ile bu ak\u015fam Bulgaristan\u2019a gidiyor. D\u0131\u015f Ticaret M\u00fcste\u015farl\u0131\u011f\u0131 (DTM) koordinasyonu, Uluda\u011f \u0130hracat\u00e7\u0131 Birlikleri organizasyonunda d\u00fczenlenen ticaret heyet gezisi 3 g\u00fcn s\u00fcrecek ve T\u00fczmen, ziyaret s\u0131ras\u0131nda, Sofya\u2019da 4 bakan ile g\u00f6r\u00fc\u015fecek, iki \u00fclke aras\u0131nda Teknik\u2026","rel":"","context":"&quot;Haberler&quot; i\u00e7inde","block_context":{"text":"Haberler","link":"https:\/\/www.gocmeniz.biz\/?cat=5"},"img":{"alt_text":"","src":"","width":0,"height":0},"classes":[]},{"id":307,"url":"https:\/\/www.gocmeniz.biz\/?p=307","url_meta":{"origin":2009,"position":4},"title":"D\u0131\u015fi\u015fleri Bakan\u0131 Babacan, etnik ho\u015fg\u00f6r\u00fc konusunda Bulgaristan\u2019\u0131 Balkanlara \u00f6rnek g\u00f6sterdi","author":"Admin","date":"28 \u015eubat 2008","format":false,"excerpt":"G\u00fcneydo\u011fu Avrupa \u0130\u015fbirli\u011fi S\u00fcreci Bakanlar Toplant\u0131s\u0131'na kat\u0131lmak i\u00e7in Bulgaristan'\u0131n ba\u015fkenti Sofya'yada bulunan D\u0131\u015fi\u015fleri Bakan\u0131 Ali Babacan, T\u00fcrkiye'nin zor bir a\u015famadan ge\u00e7en Balkanlar\u0131n huzur ve refah\u0131na b\u00fcy\u00fck \u00f6nem verdi\u011fini belirtti.\u00a0 AB ve NATO'da Balkan \u00fclkelerine y\u00f6nelik ana hedefin t\u00fcm Balkan \u00fclkelerini birle\u015ftirmek olmas\u0131 gerekti\u011fini ifade eden Babacan, farkl\u0131l\u0131klar\u0131 zenginlik olarak g\u00f6rme\u2026","rel":"","context":"&quot;Haberler&quot; i\u00e7inde","block_context":{"text":"Haberler","link":"https:\/\/www.gocmeniz.biz\/?cat=5"},"img":{"alt_text":"","src":"","width":0,"height":0},"classes":[]},{"id":754,"url":"https:\/\/www.gocmeniz.biz\/?p=754","url_meta":{"origin":2009,"position":5},"title":"Bulgaristan D\u0131\u015fi\u015fleri Bakan\u0131 Kalfin:T\u00fcrkiye bir Avrupa \u00fclkesidir","author":"Haberci","date":"02 Ocak 2009","format":false,"excerpt":"Bulgaristan D\u0131\u015fi\u015fleri Bakan\u0131 Ivalio Kalfin,\u2019\u2019Bizim i\u00e7in T\u00fcrkiye bir Avrupa \u00fclkesi\u2019\u2019 dedi.Avusturya\u2019da yay\u0131mlanan Kurier gazetesine bir m\u00fclakat veren Kalfin,T\u00fcrkiye\u2019nin M\u00fcsl\u00fcman olmas\u0131 AB \u00fcyeli\u011fi i\u00e7in bir engel olu\u015fturmad\u0131\u011f\u0131n\u0131 da s\u00f6yledi.Gazetenin haberi \u015f\u00f6yle:\"Bat\u0131 Balkan \u00fclkelerinin AB'ye yak\u0131nla\u015fma s\u00fcreci devam ediyor. T\u00fcrkiye'nin kat\u0131l\u0131m\u0131 ise T\u00fcrkiye \u015fu s\u0131ralar m\u00fczakerelerde H\u0131rvatistan'dan daha \u00e7abuk ilerleme kaydediyor olsa\u2026","rel":"","context":"&quot;Haberler&quot; i\u00e7inde","block_context":{"text":"Haberler","link":"https:\/\/www.gocmeniz.biz\/?cat=5"},"img":{"alt_text":"","src":"","width":0,"height":0},"classes":[]}],"jetpack_sharing_enabled":true,"jetpack_likes_enabled":true,"_links":{"self":[{"href":"https:\/\/www.gocmeniz.biz\/index.php?rest_route=\/wp\/v2\/posts\/2009","targetHints":{"allow":["GET"]}}],"collection":[{"href":"https:\/\/www.gocmeniz.biz\/index.php?rest_route=\/wp\/v2\/posts"}],"about":[{"href":"https:\/\/www.gocmeniz.biz\/index.php?rest_route=\/wp\/v2\/types\/post"}],"author":[{"embeddable":true,"href":"https:\/\/www.gocmeniz.biz\/index.php?rest_route=\/wp\/v2\/users\/331"}],"replies":[{"embeddable":true,"href":"https:\/\/www.gocmeniz.biz\/index.php?rest_route=%2Fwp%2Fv2%2Fcomments&post=2009"}],"version-history":[{"count":1,"href":"https:\/\/www.gocmeniz.biz\/index.php?rest_route=\/wp\/v2\/posts\/2009\/revisions"}],"predecessor-version":[{"id":8665,"href":"https:\/\/www.gocmeniz.biz\/index.php?rest_route=\/wp\/v2\/posts\/2009\/revisions\/8665"}],"wp:attachment":[{"href":"https:\/\/www.gocmeniz.biz\/index.php?rest_route=%2Fwp%2Fv2%2Fmedia&parent=2009"}],"wp:term":[{"taxonomy":"category","embeddable":true,"href":"https:\/\/www.gocmeniz.biz\/index.php?rest_route=%2Fwp%2Fv2%2Fcategories&post=2009"},{"taxonomy":"post_tag","embeddable":true,"href":"https:\/\/www.gocmeniz.biz\/index.php?rest_route=%2Fwp%2Fv2%2Ftags&post=2009"}],"curies":[{"name":"wp","href":"https:\/\/api.w.org\/{rel}","templated":true}]}}