{"id":2013,"date":"2010-01-06T16:12:56","date_gmt":"2010-01-06T14:12:56","guid":{"rendered":"http:\/\/www.gocmeniz.biz\/?p=2013"},"modified":"2026-04-03T12:17:06","modified_gmt":"2026-04-03T09:17:06","slug":"bulgaristan-turkiye-ile-ciddi-sorunumuz-yok","status":"publish","type":"post","link":"https:\/\/www.gocmeniz.biz\/?p=2013","title":{"rendered":"Bulgaristan: T\u00fcrkiye ile ciddi sorunumuz yok"},"content":{"rendered":"<p><i>A.A.<\/i><br \/><b>Bulgaristan D\u0131\u015fi\u015fleri Bakan\u0131 Marin Raykov, Bulgaristan ile T\u00fcrkiye aras\u0131nda ciddi politik sorun bulunmad\u0131\u011f\u0131n\u0131 belirterek, &#8220;Sadece \u00e7\u00f6z\u00fclememi\u015f baz\u0131 konular var. Bunlar da diyalog yoluyla halledilecek meselelerdir&#8221; dedi.<\/b><\/p>\n<p>Raykov, 1913 y\u0131l\u0131ndan sonra T\u00fcrkiye&#8217;den Bulgaristan&#8217;a g\u00f6\u00e7 eden Bulgarlar\u0131n T\u00fcrkiye&#8217;de kalan mal varl\u0131\u011f\u0131na ili\u015fkin meselenin iki \u00fclke aras\u0131nda \u00e7\u00f6z\u00fcme kavu\u015fturulmam\u0131\u015f konulardan biri oldu\u011funu s\u00f6yledi. Bulgaristan-T\u00fcrkiye ili\u015fkilerinin mevcut durumunun son y\u0131llar\u0131n en iyi seviyesinde oldu\u011funu belirten Raykov, ili\u015fkilerin her alanda daha da geli\u015ftirilmesi i\u00e7in iki tarafta da gerekli iradenin bulundu\u011funu bildirdi.<\/p>\n<p>Trakya g\u00f6\u00e7menlerinin tazminat konusunun \u00e7\u00f6z\u00fcm\u00fcn\u00fc T\u00fcrkiye&#8217;nin AB \u00fcyeli\u011fi i\u00e7in bir \u00f6n \u015fart olarak g\u00f6rmediklerini ifade eden Raykov \u015f\u00f6yle konu\u015ftu:<\/p>\n<p>&#8220;Bizim resmi tutumumuz, AB&#8217;nin geni\u015fleme s\u00fcreci ile T\u00fcrkiye-Bulgaristan ili\u015fkilerinde \u00e7\u00f6z\u00fclmemi\u015f konular aras\u0131nda do\u011frudan alaka olmad\u0131\u011f\u0131 y\u00f6n\u00fcndedir. Bulgaristan, T\u00fcrkiye&#8217;deki reform \u00e7al\u0131\u015fmalar\u0131n\u0131, AB&#8217;nin Br\u00fcksel\u2013Ankara diyalo\u011funa ili\u015fkin t\u00fcm kararlar\u0131n\u0131 desteklemektedir ve desteklemeye devam edecektir.&#8221;<\/p>\n<p>Bulgaristan&#8217;\u0131n yurt d\u0131\u015f\u0131ndaki Bulgarlardan sorumlu Devlet Bakan\u0131 Bojidar Dimitrov, d\u00fcn ve \u00f6nceki g\u00fcn yapt\u0131\u011f\u0131 a\u00e7\u0131klamalarda, 1913 y\u0131l\u0131ndan sonra Bulgaristan&#8217;a g\u00f6\u00e7 eden Bulgarlar\u0131n T\u00fcrkiye&#8217;deki mal varl\u0131klar\u0131 kar\u015f\u0131l\u0131\u011f\u0131 T\u00fcrkiye&#8217;den 20 milyar dolar tazminat istenece\u011fini s\u00f6ylemi\u015f ve bu sorunun \u00e7\u00f6z\u00fcm\u00fcn\u00fcn T\u00fcrkiye&#8217;nin AB \u00fcyeli\u011fi i\u00e7in \u00f6n \u015fartlardan biri olaca\u011f\u0131n\u0131 ifade etmi\u015fti.<\/p>\n<div class=\"zemanta-pixie\"><img data-recalc-dims=\"1\"  title=\"\" decoding=\"async\" class=\"zemanta-pixie-img\"  alt=\"pixy Bulgaristan: T\u00fcrkiye ile ciddi sorunumuz yok\"  src=\"https:\/\/i0.wp.com\/img.zemanta.com\/pixy.gif?w=640\" \/><\/div>\n","protected":false},"excerpt":{"rendered":"<p>A.A.Bulgaristan D\u0131\u015fi\u015fleri Bakan\u0131 Marin Raykov, Bulgaristan ile T\u00fcrkiye aras\u0131nda ciddi politik sorun bulunmad\u0131\u011f\u0131n\u0131 belirterek, &#8220;Sadece \u00e7\u00f6z\u00fclememi\u015f baz\u0131 konular var. Bunlar da diyalog yoluyla halledilecek meselelerdir&#8221; dedi. Raykov, 1913 y\u0131l\u0131ndan sonra T\u00fcrkiye&#8217;den Bulgaristan&#8217;a g\u00f6\u00e7 eden Bulgarlar\u0131n T\u00fcrkiye&#8217;de kalan mal varl\u0131\u011f\u0131na ili\u015fkin meselenin iki \u00fclke aras\u0131nda \u00e7\u00f6z\u00fcme kavu\u015fturulmam\u0131\u015f konulardan biri oldu\u011funu s\u00f6yledi. Bulgaristan-T\u00fcrkiye ili\u015fkilerinin mevcut durumunun son [&hellip;]<\/p>\n","protected":false},"author":331,"featured_media":0,"comment_status":"open","ping_status":"open","sticky":false,"template":"","format":"standard","meta":{"advanced_seo_description":"","jetpack_seo_html_title":"","jetpack_seo_noindex":false,"ngg_post_thumbnail":0,"jetpack_post_was_ever_published":false,"_jetpack_newsletter_access":"","_jetpack_dont_email_post_to_subs":false,"_jetpack_newsletter_tier_id":0,"_jetpack_memberships_contains_paywalled_content":false,"_jetpack_memberships_contains_paid_content":false,"footnotes":""},"categories":[5],"tags":[],"class_list":["post-2013","post","type-post","status-publish","format-standard","hentry","category-haberler"],"jetpack_featured_media_url":"","jetpack_shortlink":"https:\/\/wp.me\/paHHlZ-wt","jetpack-related-posts":[{"id":2025,"url":"https:\/\/www.gocmeniz.biz\/?p=2025","url_meta":{"origin":2013,"position":0},"title":"\u2018T\u00fcrk &#8211; Bulgar dostlu\u011fu her iki \u00fclkenin yarar\u0131na\u2019","author":"Haberci","date":"11 Ocak 2010","format":false,"excerpt":"Yurtd\u0131\u015f\u0131ndaki Bulgaristan vatanda\u015flar\u0131ndan Sorumlu Devlet Bakan\u0131 Bojidar Dimitrov\u2019un\u00a0 T\u00fcrkiye\u2019den g\u00f6\u00e7 eden Bulgarlar\u0131n T\u00fcrkiye\u2019de b\u0131rakmak zorunda kald\u0131klar\u0131 mal ve m\u00fclkleri i\u00e7in 20 milyar dolarl\u0131k tazminat istemesi k\u0131sa s\u00fcreli siyasi hareketlenmeye neden oldu. T\u00fcrkiye\u2019den istenecek tazminat\u0131n, T\u00fcrkiye\u2019nin Avrupa Birli\u011fi\u2019ne tam \u00fcyelik i\u00e7in \u00f6n ko\u015ful olarak \u00f6denmesi gerekti\u011fini savunan Dimitrov\u2019un a\u00e7\u0131klamalar\u0131na Ba\u015fbakan Boyko\u2026","rel":"","context":"&quot;Haberler&quot; i\u00e7inde","block_context":{"text":"Haberler","link":"https:\/\/www.gocmeniz.biz\/?cat=5"},"img":{"alt_text":"","src":"","width":0,"height":0},"classes":[]},{"id":1272,"url":"https:\/\/www.gocmeniz.biz\/?p=1272","url_meta":{"origin":2013,"position":1},"title":"Emekli generalden SAVA\u015e itiraf\u0131","author":"Haberci","date":"28 May\u0131s 2009","format":false,"excerpt":"BULGAR\u0130STAN Cumhurba\u015fkan\u0131 Yard\u0131mc\u0131s\u0131 emekli General Angel Marin ilgin\u00e7 bir itirafta bulundu. BULGAR\u0130STAN Cumhurba\u015fkan\u0131 Yard\u0131mc\u0131s\u0131 emekli General Angel Marin \u00fclkesinde silahl\u0131 kuvvetlerde g\u00f6rev yapt\u0131\u011f\u0131 s\u0131rada kendilerinin s\u00fcrekli olarak T\u00fcrkiye ile sava\u015f yap\u0131lmas\u0131 konusunda e\u011fitildi\u011fini s\u00f6yledi. Trakya \u00dcniversitesi Yabanc\u0131 Diller Y\u00fcksek Okulu T\u00fcrk- Bulgar Akademisyenler ve \u00d6\u011frenciler Bulu\u015fma Noktas\u0131'n\u0131n a\u00e7\u0131l\u0131\u015f\u0131 Bulgaristan Cumhurba\u015fkan\u0131\u2026","rel":"","context":"&quot;Haberler&quot; i\u00e7inde","block_context":{"text":"Haberler","link":"https:\/\/www.gocmeniz.biz\/?cat=5"},"img":{"alt_text":"","src":"","width":0,"height":0},"classes":[]},{"id":1696,"url":"https:\/\/www.gocmeniz.biz\/?p=1696","url_meta":{"origin":2013,"position":2},"title":"\u0130ki T\u00fcrk ailesi Bulgaristan`da zehirlendi","author":"Haberci","date":"16 A\u011fustos 2009","format":false,"excerpt":"T\u00fcrkiye`de tatilini ge\u00e7iren iki gurbet\u00e7i ailesinden 5`i \u00e7ocuk 5 ki\u015fi, Bulgaristan`dan ge\u00e7erken, besin zehirlenmesi tan\u0131s\u0131yla Sofya`da hastaneye kald\u0131r\u0131ld\u0131.Bulgaristan \u0130\u00e7i\u015fleri Bakanl\u0131\u011f\u0131`ndan edinilen bilgiye g\u00f6re Sofya yak\u0131nlar\u0131ndaki Slivnitza kasabas\u0131 b\u00f6lgesinde yol kenar\u0131nda duran Frans\u0131z plakal\u0131 2 ara\u00e7 polisin dikkatini \u00e7ekti.Polisler, ara\u00e7larda bulunan iki T\u00fcrk ailesinden 3 ile 15 ya\u015flar\u0131 aras\u0131nda 5 \u00e7ocuk\u2026","rel":"","context":"&quot;Haberler&quot; i\u00e7inde","block_context":{"text":"Haberler","link":"https:\/\/www.gocmeniz.biz\/?cat=5"},"img":{"alt_text":"","src":"","width":0,"height":0},"classes":[]},{"id":685,"url":"https:\/\/www.gocmeniz.biz\/?p=685","url_meta":{"origin":2013,"position":3},"title":"G\u00dcL: &#8220;T\u00dcRK\u0130YE \u0130LE BULGAR\u0130STAN ARASINDAK\u0130 PROBLEMLER, \u00c7\u00d6Z\u00dcLEMEYECEK PROBLEMLER DE\u011e\u0130L&#8221;","author":"Haberci","date":"17 Aral\u0131k 2008","format":false,"excerpt":"Cumhurba\u015fkan\u0131 Abdullah G\u00fcl, T\u00fcrkiye ile Bulgaristan aras\u0131nda \u00e7\u00f6z\u00fclemeyecek sorunlar olmad\u0131\u011f\u0131n\u0131, Bulgaristan'daki T\u00fcrklerle ilgili konularda iki \u00fclke D\u0131\u015fi\u015fleri Bakanl\u0131\u011f\u0131 M\u00fcste\u015farlar\u0131 aras\u0131nda bir komite kurulmas\u0131na karar verdiklerini s\u00f6yledi. Cumhurba\u015fkan\u0131 Abdullah G\u00fcl ve Bulgaristan Cumhurba\u015fkan\u0131 Georgi Parvanov, \u00c7ankaya K\u00f6\u015fk\u00fc'nde ba\u015f ba\u015fa ve heyetler aras\u0131 g\u00f6r\u00fc\u015fmelerin ard\u0131ndan ortak bas\u0131n toplant\u0131s\u0131 d\u00fczenledi. Cumhurba\u015fkan\u0131 G\u00fcl, T\u00fcrkiye\u2026","rel":"","context":"&quot;Haberler&quot; i\u00e7inde","block_context":{"text":"Haberler","link":"https:\/\/www.gocmeniz.biz\/?cat=5"},"img":{"alt_text":"","src":"","width":0,"height":0},"classes":[]},{"id":1270,"url":"https:\/\/www.gocmeniz.biz\/?p=1270","url_meta":{"origin":2013,"position":4},"title":"Bulgaristan Cumhurba\u015fkan\u0131 Yard\u0131mc\u0131s\u0131, T\u00fcrkiye-Bulgaristan Bulu\u015fma Noktas\u0131&#8217;n\u0131n A\u00e7\u0131l\u0131\u015f\u0131na Kat\u0131ld\u0131","author":"Haberci","date":"28 May\u0131s 2009","format":false,"excerpt":"Bulgaristan Cumhurba\u015fkan\u0131 Yard\u0131mc\u0131s\u0131 Angel Marin, Trakya \u00dcniversitesi (T.\u00dc)'ndeki T\u00fcrkiye-Bulgaristan Bulu\u015fma Noktas\u0131 merkezinin a\u00e7\u0131l\u0131\u015f\u0131na kat\u0131ld\u0131. Bulu\u015fma noktas\u0131n\u0131n T\u00fcrk-Bulgar ili\u015fkilerinde yeni bir esinti olu\u015fturaca\u011f\u0131n\u0131 belirten Marin, merkezin daha iyiye giden ve de\u011fi\u015fen Balkanlar'daki \u00f6nemli faaliyetlerden biri olaca\u011f\u0131n\u0131 belirtti. Konuk Cumhurba\u015fkan\u0131 Yard\u0131mc\u0131s\u0131 Marin, \"Biz bug\u00fcn aram\u0131zda olan arkada\u015fl\u0131k ve ili\u015fkimizin daha da geli\u015fmesi\u2026","rel":"","context":"&quot;Haberler&quot; i\u00e7inde","block_context":{"text":"Haberler","link":"https:\/\/www.gocmeniz.biz\/?cat=5"},"img":{"alt_text":"","src":"","width":0,"height":0},"classes":[]},{"id":2011,"url":"https:\/\/www.gocmeniz.biz\/?p=2011","url_meta":{"origin":2013,"position":5},"title":"Bulgaristan tazminat s\u00fcrecini h\u0131zland\u0131rma karar\u0131 ald\u0131","author":"Haberci","date":"06 Ocak 2010","format":false,"excerpt":"DHA D\u0131\u015f\u00a0\u00a0\u00a0 Bulgaristan, 1913 y\u0131l\u0131ndan sonra T\u00fcrkiye'den g\u00f6\u00e7 eden Bulgarlar\u0131n b\u0131rakmak zorunda kald\u0131klar\u0131 mal ve m\u00fclklere kar\u015f\u0131l\u0131k, T\u00fcrk h\u00fck\u00fcmetinden 10 milyar dolardan fazla tazminat talebiyle resmi ba\u015fvuru s\u00fcrecini h\u0131zland\u0131rma karar\u0131 ald\u0131. Yurtd\u0131\u015f\u0131ndaki Bulgarlardan sorumlu devlet bakan\u0131 Bojidar Dimitrov, konunun AB'nin T\u00fcrkiye i\u00e7in haz\u0131rlad\u0131\u011f\u0131 2008 ilerleme raporunda yer alan bir sorun\u2026","rel":"","context":"&quot;Haberler&quot; i\u00e7inde","block_context":{"text":"Haberler","link":"https:\/\/www.gocmeniz.biz\/?cat=5"},"img":{"alt_text":"","src":"","width":0,"height":0},"classes":[]}],"jetpack_sharing_enabled":true,"jetpack_likes_enabled":true,"_links":{"self":[{"href":"https:\/\/www.gocmeniz.biz\/index.php?rest_route=\/wp\/v2\/posts\/2013","targetHints":{"allow":["GET"]}}],"collection":[{"href":"https:\/\/www.gocmeniz.biz\/index.php?rest_route=\/wp\/v2\/posts"}],"about":[{"href":"https:\/\/www.gocmeniz.biz\/index.php?rest_route=\/wp\/v2\/types\/post"}],"author":[{"embeddable":true,"href":"https:\/\/www.gocmeniz.biz\/index.php?rest_route=\/wp\/v2\/users\/331"}],"replies":[{"embeddable":true,"href":"https:\/\/www.gocmeniz.biz\/index.php?rest_route=%2Fwp%2Fv2%2Fcomments&post=2013"}],"version-history":[{"count":1,"href":"https:\/\/www.gocmeniz.biz\/index.php?rest_route=\/wp\/v2\/posts\/2013\/revisions"}],"predecessor-version":[{"id":8663,"href":"https:\/\/www.gocmeniz.biz\/index.php?rest_route=\/wp\/v2\/posts\/2013\/revisions\/8663"}],"wp:attachment":[{"href":"https:\/\/www.gocmeniz.biz\/index.php?rest_route=%2Fwp%2Fv2%2Fmedia&parent=2013"}],"wp:term":[{"taxonomy":"category","embeddable":true,"href":"https:\/\/www.gocmeniz.biz\/index.php?rest_route=%2Fwp%2Fv2%2Fcategories&post=2013"},{"taxonomy":"post_tag","embeddable":true,"href":"https:\/\/www.gocmeniz.biz\/index.php?rest_route=%2Fwp%2Fv2%2Ftags&post=2013"}],"curies":[{"name":"wp","href":"https:\/\/api.w.org\/{rel}","templated":true}]}}