{"id":2017,"date":"2010-01-07T12:32:36","date_gmt":"2010-01-07T10:32:36","guid":{"rendered":"http:\/\/www.gocmeniz.biz\/?p=2017"},"modified":"2026-04-03T12:17:06","modified_gmt":"2026-04-03T09:17:06","slug":"bulgar-basbakandan-tazminatci-bakana-firca","status":"publish","type":"post","link":"https:\/\/www.gocmeniz.biz\/?p=2017","title":{"rendered":"Bulgar Ba\u015fbakan&#8217;dan tazminat\u00e7\u0131 bakana f\u0131r\u00e7a"},"content":{"rendered":"<p><b><img data-recalc-dims=\"1\"  title=\"\"  alt=\"9567582 Bulgar Ba\u015fbakan&#039;dan tazminat\u00e7\u0131 bakana f\u0131r\u00e7a\" decoding=\"async\" style=\"float: left; margin-top: 10px; margin-bottom: 10px; margin-right: 10px;\" src=\"https:\/\/i0.wp.com\/www.hurriyet.com.tr\/_np\/7582\/9567582.jpg?w=640\" \/>Bulgaristan&#8217;da, Devlet Bakan\u0131 Bojidar Dimitrov&#8217;un, \u201c1913 y\u0131l\u0131ndan sonra T\u00fcrkiye&#8217;den g\u00f6\u00e7 eden Bulgarlar\u0131n T\u00fcrkiye&#8217;de b\u0131rakmak zorunda kald\u0131klar\u0131 mal ve m\u00fclkleri i\u00e7in en az 10 milyar dolar tazminat istenece\u011fi\u201d y\u00f6n\u00fcndeki a\u00e7\u0131klamalar\u0131 h\u00fck\u00fcmet i\u00e7inde siyasi krize neden oldu. Ne h\u00fck\u00fcmetin ne de parlamentonun b\u00f6yle bir giri\u015fimi oldu\u011funu s\u00f6yleyen Ba\u015fbakan Boyko Borisov, Dimitrov\u2019u sert dille uyard\u0131.<\/b><\/p>\n<p>BTV adl\u0131 \u00f6zel bir televizyon kanal\u0131na konu\u015fan Borisov, yurt d\u0131\u015f\u0131ndaki Bulgarlardan sorumlu Devlet Bakan\u0131 Dimitrov&#8217;un T\u00fcrkiye ile ilgili yapt\u0131\u011f\u0131 a\u00e7\u0131klamalara sert tepki g\u00f6sterdi.&nbsp; &nbsp;<\/p>\n<p>Bulgar Ba\u015fbakan, T\u00fcrkiye\u2019den tazminat talep edilmesi konusunda hi\u00e7bir resmi giri\u015fimin bulunmad\u0131\u011f\u0131n\u0131 belirterek, \u201cNe h\u00fck\u00fcmetin, ne de parlamentonun b\u00f6yle bir karar\u0131 yok. Dimitrov ki\u015fisel yorumlar yap\u0131p bizi g\u00fc\u00e7 duruma d\u00fc\u015f\u00fcrd\u00fc\u201d dedi.&nbsp;&nbsp;&nbsp; &nbsp;<\/p>\n<p>Dimitrov ile g\u00f6r\u00fc\u015ft\u00fc\u011f\u00fcn\u00fc ve kendisini sert \u015fekilde son bir kez uyard\u0131\u011f\u0131n\u0131 kaydeden Borisov, \u201cNe bakan ne de Tarih M\u00fczesi M\u00fcd\u00fcr\u00fc olarak, Ba\u015fbakan\u0131 ve h\u00fck\u00fcmeti ba\u011flayacak, g\u00fc\u00e7 duruma d\u00fc\u015f\u00fcrecek konu\u015fmalarda bulunamazs\u0131n. Bir daha sorun yaratacak a\u00e7\u0131klamalar yaparsan seni g\u00f6revden al\u0131r\u0131m. Bu son uyar\u0131md\u0131r\u201d diye konu\u015ftu. <\/p>\n<p>Borisov, Bakan Dimitrov&#8217;un<!--more--> a\u00e7\u0131klamalar\u0131n\u0131n Avrupa&nbsp; Birli\u011fi-Bulgaristan ili\u015fkilerine de zarar verdi\u011fini s\u00f6yledi.<\/p>\n<p>Yurt d\u0131\u015f\u0131ndaki Bulgarlardan sorumlu Devlet Bakan\u0131 Dimitrov, d\u00fcn ve \u00f6nceki g\u00fcn yapt\u0131\u011f\u0131 a\u00e7\u0131klamalarda, Bulgaristan&#8217;\u0131n, \u201c1913 y\u0131l\u0131ndan sonra T\u00fcrkiye&#8217;den g\u00f6\u00e7 eden Bulgarlar\u0131n T\u00fcrkiye&#8217;de b\u0131rakmak zorunda kald\u0131klar\u0131 mal ve m\u00fclkleri i\u00e7in 20 milyar dolara yak\u0131n tazminat talebinde bulunmaya haz\u0131rlad\u0131\u011f\u0131n\u0131 belirtmi\u015f ve bu sorunun \u00e7\u00f6z\u00fcm\u00fcn\u00fc T\u00fcrkiye&#8217;nin AB \u00fcyeli\u011fi i\u00e7in \u00f6n ko\u015ful olarak g\u00f6rd\u00fcklerini\u201d dile getirmi\u015fti.<\/p>\n<p>Bu a\u00e7\u0131klamalar\u0131n ard\u0131ndan Bulgaristan D\u0131\u015fi\u015fleri Bakan\u0131 Marin Raykov ise Trakya g\u00f6\u00e7menlerinin tazminat konusunun \u00e7\u00f6z\u00fcm\u00fcn\u00fc T\u00fcrkiye&#8217;nin AB \u00fcyeli\u011fi i\u00e7in bir \u00f6n \u015fart olarak g\u00f6rmediklerini ifade etmi\u015fti.<\/p>\n<div class=\"zemanta-pixie\"><img data-recalc-dims=\"1\"  title=\"\" decoding=\"async\" class=\"zemanta-pixie-img\"  alt=\"pixy Bulgar Ba\u015fbakan&#039;dan tazminat\u00e7\u0131 bakana f\u0131r\u00e7a\"  src=\"https:\/\/i0.wp.com\/img.zemanta.com\/pixy.gif?w=640\" \/><\/div>\n","protected":false},"excerpt":{"rendered":"<p>Bulgaristan&#8217;da, Devlet Bakan\u0131 Bojidar Dimitrov&#8217;un, \u201c1913 y\u0131l\u0131ndan sonra T\u00fcrkiye&#8217;den g\u00f6\u00e7 eden Bulgarlar\u0131n T\u00fcrkiye&#8217;de b\u0131rakmak zorunda kald\u0131klar\u0131 mal ve m\u00fclkleri i\u00e7in en az 10 milyar dolar tazminat istenece\u011fi\u201d y\u00f6n\u00fcndeki a\u00e7\u0131klamalar\u0131 h\u00fck\u00fcmet i\u00e7inde siyasi krize neden oldu. Ne h\u00fck\u00fcmetin ne de parlamentonun b\u00f6yle bir giri\u015fimi oldu\u011funu s\u00f6yleyen Ba\u015fbakan Boyko Borisov, Dimitrov\u2019u sert dille uyard\u0131. BTV adl\u0131 \u00f6zel [&hellip;]<\/p>\n","protected":false},"author":331,"featured_media":0,"comment_status":"open","ping_status":"open","sticky":false,"template":"","format":"standard","meta":{"advanced_seo_description":"","jetpack_seo_html_title":"","jetpack_seo_noindex":false,"ngg_post_thumbnail":0,"jetpack_post_was_ever_published":false,"_jetpack_newsletter_access":"","_jetpack_dont_email_post_to_subs":false,"_jetpack_newsletter_tier_id":0,"_jetpack_memberships_contains_paywalled_content":false,"_jetpack_memberships_contains_paid_content":false,"footnotes":""},"categories":[5],"tags":[],"class_list":["post-2017","post","type-post","status-publish","format-standard","hentry","category-haberler"],"jetpack_featured_media_url":"","jetpack_shortlink":"https:\/\/wp.me\/paHHlZ-wx","jetpack-related-posts":[{"id":2025,"url":"https:\/\/www.gocmeniz.biz\/?p=2025","url_meta":{"origin":2017,"position":0},"title":"\u2018T\u00fcrk &#8211; Bulgar dostlu\u011fu her iki \u00fclkenin yarar\u0131na\u2019","author":"Haberci","date":"11 Ocak 2010","format":false,"excerpt":"Yurtd\u0131\u015f\u0131ndaki Bulgaristan vatanda\u015flar\u0131ndan Sorumlu Devlet Bakan\u0131 Bojidar Dimitrov\u2019un\u00a0 T\u00fcrkiye\u2019den g\u00f6\u00e7 eden Bulgarlar\u0131n T\u00fcrkiye\u2019de b\u0131rakmak zorunda kald\u0131klar\u0131 mal ve m\u00fclkleri i\u00e7in 20 milyar dolarl\u0131k tazminat istemesi k\u0131sa s\u00fcreli siyasi hareketlenmeye neden oldu. T\u00fcrkiye\u2019den istenecek tazminat\u0131n, T\u00fcrkiye\u2019nin Avrupa Birli\u011fi\u2019ne tam \u00fcyelik i\u00e7in \u00f6n ko\u015ful olarak \u00f6denmesi gerekti\u011fini savunan Dimitrov\u2019un a\u00e7\u0131klamalar\u0131na Ba\u015fbakan Boyko\u2026","rel":"","context":"&quot;Haberler&quot; i\u00e7inde","block_context":{"text":"Haberler","link":"https:\/\/www.gocmeniz.biz\/?cat=5"},"img":{"alt_text":"","src":"","width":0,"height":0},"classes":[]},{"id":2019,"url":"https:\/\/www.gocmeniz.biz\/?p=2019","url_meta":{"origin":2017,"position":1},"title":"Bulgar Bakan T\u00fcrkiye&#8217;den \u00d6z\u00fcr Diledi","author":"Haberci","date":"08 Ocak 2010","format":false,"excerpt":"Bulgaristan Devlet Bakan\u0131 Bojidar Dimitrov, A\u00e7\u0131klamalar\u0131ndan Dolay\u0131 \u00d6z\u00fcr Diledi.T\u00fcrkiye\u2019den, 1913 y\u0131l\u0131ndan sonra g\u00f6\u00e7 eden Bulgarlar\u0131n b\u0131rakmak zorunda kald\u0131klar\u0131 mal ve m\u00fclkleri i\u00e7in 20 milyar dolara yak\u0131n tazminat istenece\u011fini ve bu konunun \u00e7\u00f6z\u00fcm\u00fcn\u00fcn T\u00fcrkiye\u2019nin Avrupa Birli\u011fi \u00fcyeli\u011fi i\u00e7in bir \u201c\u00f6n ko\u015ful\u201d oldu\u011funu ileri s\u00fcren Bulgaristan Devlet Bakan\u0131 Bojidar Dimitrov, a\u00e7\u0131klamalar\u0131ndan dolay\u0131\u2026","rel":"","context":"&quot;Haberler&quot; i\u00e7inde","block_context":{"text":"Haberler","link":"https:\/\/www.gocmeniz.biz\/?cat=5"},"img":{"alt_text":"","src":"","width":0,"height":0},"classes":[]},{"id":2011,"url":"https:\/\/www.gocmeniz.biz\/?p=2011","url_meta":{"origin":2017,"position":2},"title":"Bulgaristan tazminat s\u00fcrecini h\u0131zland\u0131rma karar\u0131 ald\u0131","author":"Haberci","date":"06 Ocak 2010","format":false,"excerpt":"DHA D\u0131\u015f\u00a0\u00a0\u00a0 Bulgaristan, 1913 y\u0131l\u0131ndan sonra T\u00fcrkiye'den g\u00f6\u00e7 eden Bulgarlar\u0131n b\u0131rakmak zorunda kald\u0131klar\u0131 mal ve m\u00fclklere kar\u015f\u0131l\u0131k, T\u00fcrk h\u00fck\u00fcmetinden 10 milyar dolardan fazla tazminat talebiyle resmi ba\u015fvuru s\u00fcrecini h\u0131zland\u0131rma karar\u0131 ald\u0131. Yurtd\u0131\u015f\u0131ndaki Bulgarlardan sorumlu devlet bakan\u0131 Bojidar Dimitrov, konunun AB'nin T\u00fcrkiye i\u00e7in haz\u0131rlad\u0131\u011f\u0131 2008 ilerleme raporunda yer alan bir sorun\u2026","rel":"","context":"&quot;Haberler&quot; i\u00e7inde","block_context":{"text":"Haberler","link":"https:\/\/www.gocmeniz.biz\/?cat=5"},"img":{"alt_text":"","src":"","width":0,"height":0},"classes":[]},{"id":2009,"url":"https:\/\/www.gocmeniz.biz\/?p=2009","url_meta":{"origin":2017,"position":3},"title":"Dostlu\u011fu zedeleyecek a\u00e7\u0131klamalardan ka\u00e7\u0131n\u0131n","author":"Haberci","date":"06 Ocak 2010","format":false,"excerpt":"ANKARA \u00a0\u00a0\u00a0 D\u0131\u015fi\u015fleri Bakan\u0131 Ahmet Davuto\u011flu, Bulgaristan Devlet Bakan\u0131 Bojidar Dimitrov\u2019un, bas\u0131na, \u201cT\u00fcrkiye\u2019den g\u00f6\u00e7 eden Bulgarlara 10 milyar dolar tazminat verilmemesi durumunda T\u00fcrkiye\u2019nin AB \u00fcyeli\u011fini engelleyece\u011fiz\u201d olarak yans\u0131yan a\u00e7\u0131klamas\u0131na tepki g\u00f6sterdi.Davuto\u011flu, d\u00fcn Brezilya D\u0131\u015fi\u015fleri Bakan\u0131 Celso Amorim ile ortak bas\u0131n toplant\u0131s\u0131 d\u00fczenledi. \u0130ki \u00fclke aras\u0131nda Stratejik \u0130\u015fbirli\u011fi Eylem Plan\u0131 \u00fczerinde\u2026","rel":"","context":"&quot;Haberler&quot; i\u00e7inde","block_context":{"text":"Haberler","link":"https:\/\/www.gocmeniz.biz\/?cat=5"},"img":{"alt_text":"","src":"","width":0,"height":0},"classes":[]},{"id":1704,"url":"https:\/\/www.gocmeniz.biz\/?p=1704","url_meta":{"origin":2017,"position":4},"title":"Bulgaristan&#8217;da T\u00fcrk\u00e7e haber tart\u0131\u015fmas\u0131","author":"Haberci","date":"18 A\u011fustos 2009","format":false,"excerpt":"Devlet televizyonunda T\u00fcrk\u00e7e haber b\u00fcltenlerinin yay\u0131n\u0131na devam edilip edilmeyece\u011fi, Bulgaristan'da siyasi g\u00fcndemi me\u015fgul ediyor. Karar\u0131 h\u00fck\u00fcmet verecek. Bulgaristan k\u0131sa bir s\u00fcre \u00f6ncesine kadar daha \u00e7ok, yolsuzluk olaylar\u0131yla gazete man\u015fetlerine ta\u015f\u0131n\u0131yordu. Yeni se\u00e7ilen merkez sa\u011f h\u00fck\u00fcmet de geni\u015f kapsaml\u0131 bir temizlik operasyonu vaadiyle i\u015f ba\u015f\u0131na gelmi\u015fti. Bu y\u00fczden Sofya\u2019daki yeni h\u00fck\u00fcmetin\u2026","rel":"","context":"&quot;Haberler&quot; i\u00e7inde","block_context":{"text":"Haberler","link":"https:\/\/www.gocmeniz.biz\/?cat=5"},"img":{"alt_text":"","src":"","width":0,"height":0},"classes":[]},{"id":756,"url":"https:\/\/www.gocmeniz.biz\/?p=756","url_meta":{"origin":2017,"position":5},"title":"Bulgaristan&#8217;da do\u011falgaz krizi b\u00fcy\u00fcyor","author":"Haberci","date":"08 Ocak 2009","format":false,"excerpt":"A.A. Ukrayna ile Rusya aras\u0131ndaki anla\u015fmazl\u0131k y\u00fcz\u00fcnden Rus do\u011fal gaz\u0131n\u0131n kesilmesinden en fazla zarar g\u00f6ren \u00fclkeler aras\u0131nda ilk s\u0131ralarda yer alan Bulgaristan'da kriz giderek b\u00fcy\u00fcyor. Ba\u015fbakan Sergey Stani\u015fev'in, Avrupa Birli\u011fi (AB) d\u00f6nem ba\u015fkanl\u0131\u011f\u0131n\u0131 yapan \u00c7ek Cumhuriyeti;nin Ba\u015fbakan\u0131 Mirek Topolanek'i arayarak Bulgaristan'\u0131n u\u011frad\u0131\u011f\u0131 zararlar\u0131n en az\u0131ndan bir b\u00f6l\u00fcm\u00fcn\u00fcn kar\u015f\u0131lanmas\u0131 i\u00e7in AB'den\u2026","rel":"","context":"&quot;Haberler&quot; i\u00e7inde","block_context":{"text":"Haberler","link":"https:\/\/www.gocmeniz.biz\/?cat=5"},"img":{"alt_text":"","src":"","width":0,"height":0},"classes":[]}],"jetpack_sharing_enabled":true,"jetpack_likes_enabled":true,"_links":{"self":[{"href":"https:\/\/www.gocmeniz.biz\/index.php?rest_route=\/wp\/v2\/posts\/2017","targetHints":{"allow":["GET"]}}],"collection":[{"href":"https:\/\/www.gocmeniz.biz\/index.php?rest_route=\/wp\/v2\/posts"}],"about":[{"href":"https:\/\/www.gocmeniz.biz\/index.php?rest_route=\/wp\/v2\/types\/post"}],"author":[{"embeddable":true,"href":"https:\/\/www.gocmeniz.biz\/index.php?rest_route=\/wp\/v2\/users\/331"}],"replies":[{"embeddable":true,"href":"https:\/\/www.gocmeniz.biz\/index.php?rest_route=%2Fwp%2Fv2%2Fcomments&post=2017"}],"version-history":[{"count":1,"href":"https:\/\/www.gocmeniz.biz\/index.php?rest_route=\/wp\/v2\/posts\/2017\/revisions"}],"predecessor-version":[{"id":8662,"href":"https:\/\/www.gocmeniz.biz\/index.php?rest_route=\/wp\/v2\/posts\/2017\/revisions\/8662"}],"wp:attachment":[{"href":"https:\/\/www.gocmeniz.biz\/index.php?rest_route=%2Fwp%2Fv2%2Fmedia&parent=2017"}],"wp:term":[{"taxonomy":"category","embeddable":true,"href":"https:\/\/www.gocmeniz.biz\/index.php?rest_route=%2Fwp%2Fv2%2Fcategories&post=2017"},{"taxonomy":"post_tag","embeddable":true,"href":"https:\/\/www.gocmeniz.biz\/index.php?rest_route=%2Fwp%2Fv2%2Ftags&post=2017"}],"curies":[{"name":"wp","href":"https:\/\/api.w.org\/{rel}","templated":true}]}}